{"id":975,"date":"2016-05-12T12:19:59","date_gmt":"2016-05-12T12:19:59","guid":{"rendered":"https:\/\/comunicacaoeleitoral.ufpr.br\/?p=975"},"modified":"2016-05-12T12:19:59","modified_gmt":"2016-05-12T12:19:59","slug":"senado-abre-processo-de-impeachment-contra-dilma-rousseff","status":"publish","type":"post","link":"https:\/\/comunicacaoeleitoral.ufpr.br\/index.php\/2016\/05\/12\/senado-abre-processo-de-impeachment-contra-dilma-rousseff\/","title":{"rendered":"Senado abre processo de impeachment contra Dilma Rousseff"},"content":{"rendered":"<p style=\"text-align: justify;\">Por 55 votos a 22, o Senado decidiu, \u00e0s 6h34 desta quinta-feira (12) abrir processo de impeachment contra a presidente Dilma Rousseff, por entender que h\u00e1 ind\u00edcios suficientes de que ela cometeu crime de responsabilidade, infringindo a Constitui\u00e7\u00e3o Federal e a L<a class=\"external-link\" href=\"http:\/\/www.planalto.gov.br\/ccivil_03\/leis\/L1079.htm\">ei 1079\/1950<\/a>.<\/p>\n<p style=\"text-align: justify;\">Na manh\u00e3 desta quinta-feira (12), o primeiro secret\u00e1rio do Senado, senador Vicentinho Alves (PR-TO), levar\u00e1 ao Pal\u00e1cio do Planalto a notifica\u00e7\u00e3o da decis\u00e3o do Senado. A pr\u00f3pria Dilma Rousseff dever\u00e1 receber o documento. Levar\u00e1 tamb\u00e9m uma notifica\u00e7\u00e3o comunicando ao vice-presidente Michel Temer que ele \u00e9 o governante em exerc\u00edcio.<\/p>\n<div id=\"attachment_977\" style=\"width: 310px\" class=\"wp-caption alignleft\"><a href=\"https:\/\/comunicacaoeleitoral.ufpr.br\/wp-content\/uploads\/2016\/05\/impeach-senado.jpg\"><img loading=\"lazy\" decoding=\"async\" aria-describedby=\"caption-attachment-977\" class=\"size-medium wp-image-977\" src=\"https:\/\/comunicacaoeleitoral.ufpr.br\/wp-content\/uploads\/2016\/05\/impeach-senado-300x200.jpg\" alt=\"Sess\u00e3o que decidiu pela abertura do processo de impeachment contra presidente Dilma. Marcos Oliveira\/Ag\u00eancia Senado\" width=\"300\" height=\"200\" srcset=\"https:\/\/comunicacaoeleitoral.ufpr.br\/wp-content\/uploads\/2016\/05\/impeach-senado-300x200.jpg 300w, https:\/\/comunicacaoeleitoral.ufpr.br\/wp-content\/uploads\/2016\/05\/impeach-senado.jpg 857w\" sizes=\"(max-width: 300px) 100vw, 300px\" \/><\/a><p id=\"caption-attachment-977\" class=\"wp-caption-text\">Sess\u00e3o que decidiu pela abertura do processo de impeachment contra presidente Dilma. Marcos Oliveira\/Ag\u00eancia Senado<\/p><\/div>\n<p style=\"text-align: justify;\">Assim, Dilma se afasta do cargo por um prazo m\u00e1ximo de 180 dias, per\u00edodo em que os senadores concluir\u00e3o esse processo e decidir\u00e3o se efetivamente ela cometeu crime de responsabilidade. Michel Temer deve assumir ainda nesta quinta-feira a Presid\u00eancia da Rep\u00fablica. Dilma Rousseff manter\u00e1 direitos, como resid\u00eancia no Pal\u00e1cio da Alvorada, sal\u00e1rio integral e uma equipe de funcion\u00e1rios para auxili\u00e1-la.<\/p>\n<p style=\"text-align: justify;\">Durou 20 horas e 34 minutos a sess\u00e3o deliberativa extraordin\u00e1ria que resultou na admissibilidade do processo de impeachment. Ao abrir os trabalhos \u00e0s 10h, a primeira provid\u00eancia do presidente do Senado, Renan Calheiros, foi pedir \u201cserenidade e esp\u00edrito p\u00fablico\u201d do Plen\u00e1rio, lembrando que aquele era um momento hist\u00f3rico, que deveria estar acima de paix\u00f5es partid\u00e1rias.<\/p>\n<p style=\"text-align: justify;\">\u2014 Tentem deixar de lado disputas regionais ou partid\u00e1rias. Evitem votar movidos por passionalidades oriundas dos momentos pret\u00e9ritos ou presentes ou por mera motiva\u00e7\u00e3o partid\u00e1ria. A quest\u00e3o que se coloca \u00e9 uma s\u00f3: existem ind\u00edcios de cometimento de crime de responsabilidade pela senhora presidente da Rep\u00fablica no ano de 2015 que justifiquem abertura de processo com seu consequente afastamento? \u2014 ponderou Renan.<\/p>\n<p style=\"text-align: justify;\">Durante a sess\u00e3o, cada senador teve at\u00e9 15 minutos para usar a tribuna, a maioria justificando seu voto com argumentos concernentes \u00e0 situa\u00e7\u00e3o econ\u00f4mica enfrentada pelo pa\u00eds.<\/p>\n<p style=\"text-align: justify;\">Relator do parecer oriundo da Comiss\u00e3o Especial do Impeachment, o senador Antonio<\/p>\n<div id=\"attachment_976\" style=\"width: 310px\" class=\"wp-caption alignright\"><a href=\"https:\/\/comunicacaoeleitoral.ufpr.br\/wp-content\/uploads\/2016\/05\/placar_0.jpg\"><img loading=\"lazy\" decoding=\"async\" aria-describedby=\"caption-attachment-976\" class=\"size-medium wp-image-976\" src=\"https:\/\/comunicacaoeleitoral.ufpr.br\/wp-content\/uploads\/2016\/05\/placar_0-300x201.jpg\" alt=\"Placar eletr\u00f4nico do Senado mostra resultado da vota\u00e7\u00e3o da admissibilidade do processo de impeachment no plen\u00e1rio do Senado. TV Senado\" width=\"300\" height=\"201\" srcset=\"https:\/\/comunicacaoeleitoral.ufpr.br\/wp-content\/uploads\/2016\/05\/placar_0-300x201.jpg 300w, https:\/\/comunicacaoeleitoral.ufpr.br\/wp-content\/uploads\/2016\/05\/placar_0.jpg 580w\" sizes=\"(max-width: 300px) 100vw, 300px\" \/><\/a><p id=\"caption-attachment-976\" class=\"wp-caption-text\">Placar eletr\u00f4nico do Senado mostra resultado da vota\u00e7\u00e3o da admissibilidade do processo de impeachment no plen\u00e1rio do Senado. TV Senado<\/p><\/div>\n<p style=\"text-align: justify;\">Anastasia (PSDB-MG) explicou, \u00e0s 5h45, que este processo de impedimento do governante n\u00e3o decorre de crime de natureza penal.<\/p>\n<p style=\"text-align: justify;\">\u2014 Os crimes comuns est\u00e3o na \u00f3rbita do direito penal, os crimes de responsabilidade est\u00e3o na ordem jur\u00eddico-administrativa \u2014 afirmou ele.<\/p>\n<p style=\"text-align: justify;\">Anastasia citou ministros do Supremo Tribunal Federal (STF) para embasar o entendimento de que o impeachment n\u00e3o \u00e9 da compet\u00eancia do Judici\u00e1rio, mas do poder Legislativo, sendo o juiz constitucional dessa mat\u00e9ria o Senado Federal, que age amparado na Lei 1079\/1950, a qual regulamentou dispositivos da Constitui\u00e7\u00e3o de 1946.<\/p>\n<p style=\"text-align: justify;\">O advogado-geral da Uni\u00e3o, Jos\u00e9 Eduardo Cardozo, tamb\u00e9m teve 15 minutos para defender a presidente, alegando que a acusa\u00e7\u00e3o lan\u00e7ada contra a chefe do Executivo n\u00e3o se ampara em fatos reais consistentes com crime de responsabilidade praticado pela presidente da Rep\u00fablica.<\/p>\n<p style=\"text-align: justify;\">\u2014 N\u00e3o existe crime de responsabilidade caracterizado nesse processo.\u00a0Eu desafio qualquer um dos senhores e das senhoras a ler o relat\u00f3rio do senador Antonio Anastasia e ver onde est\u00e1 demonstrada a rela\u00e7\u00e3o de causa e efeito entre decreto e rompimento de meta fiscal. N\u00e3o h\u00e1 \u2014 disse ainda o ministro.<\/p>\n<p style=\"text-align: justify;\">Ele sustentou que foi a queda de receita que sinalizou que a meta fiscal n\u00e3o poderia ser atendida pelo governo. E terminou sublinhando que, se for consumado o processo de impeachment, \u201chaver\u00e1 um golpe que manchar\u00e1 a nossa historia\u201d.<\/p>\n<p style=\"text-align: justify;\">Antes de abrir a vota\u00e7\u00e3o pelo painel eletr\u00f4nico, Renan Calheiros disse que, nesse processo, o Senado se pautou estritamente pela responsabilidade que as circunst\u00e2ncias imp\u00f5em, observou que a hist\u00f3ria far\u00e1 suas interpreta\u00e7\u00f5es sobre este momento e afirmou que caber\u00e1 ao povo brasileiro a palavra final.<\/p>\n<p style=\"text-align: justify;\">Encerrada a vota\u00e7\u00e3o, Renan tamb\u00e9m convocou reuni\u00e3o da Mesa Diretora da Casa para as 16h desta quinta-feira, \u00e0 qual comparecer\u00e1 o presidente do Supremo Tribunal Federal (STF), Ricardo Lewandowski, para conduzir o processo que se inicia.<\/p>\n<p style=\"text-align: justify;\">Fonte: <a href=\"http:\/\/www12.senado.leg.br\/\" target=\"_blank\">Ag\u00eancia Senado<\/a><\/p>\n<p style=\"text-align: justify;\">\n<p style=\"text-align: justify;\">Confira como foi a vota\u00e7\u00e3o clicando <a href=\"http:\/\/agenciabrasil.ebc.com.br\/politica\/noticia\/2016-05\/confira-como-foi-votacao-no-senado-por-parlamentar-por-partido-e-por-estado\" target=\"_blank\">aqui<\/a>.<\/p>\n<p style=\"text-align: justify;\">\n","protected":false},"excerpt":{"rendered":"<p>Por 55 votos a 22, o Senado decidiu, \u00e0s 6h34 desta quinta-feira (12) abrir processo de impeachment contra a presidente Dilma Rousseff, por entender que h\u00e1 ind\u00edcios suficientes de que ela cometeu crime de responsabilidade, infringindo a Constitui\u00e7\u00e3o Federal e a Lei 1079\/1950. Na manh\u00e3 desta quinta-feira (12), o primeiro secret\u00e1rio do Senado, senador Vicentinho [&hellip;]<\/p>\n","protected":false},"author":28,"featured_media":0,"comment_status":"closed","ping_status":"closed","sticky":false,"template":"","format":"standard","meta":{"_monsterinsights_skip_tracking":false,"_monsterinsights_sitenote_active":false,"_monsterinsights_sitenote_note":"","_monsterinsights_sitenote_category":0,"footnotes":""},"categories":[12],"tags":[137,14,138,139,84,122],"yoast_head":"<!-- This site is optimized with the Yoast SEO plugin v22.2 - https:\/\/yoast.com\/wordpress\/plugins\/seo\/ -->\n<title>Senado abre processo de impeachment contra Dilma<\/title>\n<meta name=\"description\" content=\"Por 55 votos a 22, o Senado decidiu, \u00e0s 6h34 desta quinta-feira (12) abrir processo de impeachment contra a presidente Dilma Rousseff\" \/>\n<meta name=\"robots\" content=\"index, follow, max-snippet:-1, max-image-preview:large, max-video-preview:-1\" \/>\n<link rel=\"canonical\" href=\"https:\/\/comunicacaoeleitoral.ufpr.br\/index.php\/2016\/05\/12\/senado-abre-processo-de-impeachment-contra-dilma-rousseff\/\" \/>\n<meta property=\"og:locale\" content=\"pt_BR\" \/>\n<meta property=\"og:type\" content=\"article\" \/>\n<meta property=\"og:title\" content=\"Senado abre processo de impeachment contra Dilma\" \/>\n<meta property=\"og:description\" content=\"Por 55 votos a 22, o Senado decidiu, \u00e0s 6h34 desta quinta-feira (12) abrir processo de impeachment contra a presidente Dilma Rousseff\" \/>\n<meta property=\"og:url\" content=\"https:\/\/comunicacaoeleitoral.ufpr.br\/index.php\/2016\/05\/12\/senado-abre-processo-de-impeachment-contra-dilma-rousseff\/\" \/>\n<meta property=\"og:site_name\" content=\"Comunica\u00e7\u00e3o Eleitoral\" \/>\n<meta property=\"article:publisher\" content=\"https:\/\/www.facebook.com\/Comunica%c3%a7%c3%a3o-Eleitoral-564214587069724\/\" \/>\n<meta property=\"article:published_time\" content=\"2016-05-12T12:19:59+00:00\" \/>\n<meta property=\"og:image\" content=\"https:\/\/comunicacaoeleitoral.ufpr.br\/wp-content\/uploads\/2016\/05\/impeach-senado-300x200.jpg\" \/>\n<meta name=\"author\" content=\"Vivian Lemos\" \/>\n<meta name=\"twitter:card\" content=\"summary_large_image\" \/>\n<meta name=\"twitter:label1\" content=\"Escrito por\" \/>\n\t<meta name=\"twitter:data1\" content=\"Vivian Lemos\" \/>\n\t<meta name=\"twitter:label2\" content=\"Est. tempo de leitura\" \/>\n\t<meta name=\"twitter:data2\" content=\"4 minutos\" \/>\n<script type=\"application\/ld+json\" class=\"yoast-schema-graph\">{\"@context\":\"https:\/\/schema.org\",\"@graph\":[{\"@type\":\"Article\",\"@id\":\"https:\/\/comunicacaoeleitoral.ufpr.br\/index.php\/2016\/05\/12\/senado-abre-processo-de-impeachment-contra-dilma-rousseff\/#article\",\"isPartOf\":{\"@id\":\"https:\/\/comunicacaoeleitoral.ufpr.br\/index.php\/2016\/05\/12\/senado-abre-processo-de-impeachment-contra-dilma-rousseff\/\"},\"author\":{\"name\":\"Vivian Lemos\",\"@id\":\"https:\/\/comunicacaoeleitoral.ufpr.br\/#\/schema\/person\/877ba45697f2179310c85ad2f43514af\"},\"headline\":\"Senado abre processo de impeachment contra Dilma Rousseff\",\"datePublished\":\"2016-05-12T12:19:59+00:00\",\"dateModified\":\"2016-05-12T12:19:59+00:00\",\"mainEntityOfPage\":{\"@id\":\"https:\/\/comunicacaoeleitoral.ufpr.br\/index.php\/2016\/05\/12\/senado-abre-processo-de-impeachment-contra-dilma-rousseff\/\"},\"wordCount\":731,\"publisher\":{\"@id\":\"https:\/\/comunicacaoeleitoral.ufpr.br\/#organization\"},\"image\":{\"@id\":\"https:\/\/comunicacaoeleitoral.ufpr.br\/index.php\/2016\/05\/12\/senado-abre-processo-de-impeachment-contra-dilma-rousseff\/#primaryimage\"},\"thumbnailUrl\":\"https:\/\/comunicacaoeleitoral.ufpr.br\/wp-content\/uploads\/2016\/05\/impeach-senado-300x200.jpg\",\"keywords\":[\"dilma rousseff\",\"Impeachment\",\"michel temer\",\"pedaladas\",\"renan calheiros\",\"senado\"],\"articleSection\":[\"Pol\u00edtica em foco\"],\"inLanguage\":\"pt-BR\"},{\"@type\":\"WebPage\",\"@id\":\"https:\/\/comunicacaoeleitoral.ufpr.br\/index.php\/2016\/05\/12\/senado-abre-processo-de-impeachment-contra-dilma-rousseff\/\",\"url\":\"https:\/\/comunicacaoeleitoral.ufpr.br\/index.php\/2016\/05\/12\/senado-abre-processo-de-impeachment-contra-dilma-rousseff\/\",\"name\":\"Senado abre processo de impeachment contra Dilma\",\"isPartOf\":{\"@id\":\"https:\/\/comunicacaoeleitoral.ufpr.br\/#website\"},\"primaryImageOfPage\":{\"@id\":\"https:\/\/comunicacaoeleitoral.ufpr.br\/index.php\/2016\/05\/12\/senado-abre-processo-de-impeachment-contra-dilma-rousseff\/#primaryimage\"},\"image\":{\"@id\":\"https:\/\/comunicacaoeleitoral.ufpr.br\/index.php\/2016\/05\/12\/senado-abre-processo-de-impeachment-contra-dilma-rousseff\/#primaryimage\"},\"thumbnailUrl\":\"https:\/\/comunicacaoeleitoral.ufpr.br\/wp-content\/uploads\/2016\/05\/impeach-senado-300x200.jpg\",\"datePublished\":\"2016-05-12T12:19:59+00:00\",\"dateModified\":\"2016-05-12T12:19:59+00:00\",\"description\":\"Por 55 votos a 22, o Senado decidiu, \u00e0s 6h34 desta quinta-feira (12) abrir processo de impeachment contra a presidente Dilma Rousseff\",\"breadcrumb\":{\"@id\":\"https:\/\/comunicacaoeleitoral.ufpr.br\/index.php\/2016\/05\/12\/senado-abre-processo-de-impeachment-contra-dilma-rousseff\/#breadcrumb\"},\"inLanguage\":\"pt-BR\",\"potentialAction\":[{\"@type\":\"ReadAction\",\"target\":[\"https:\/\/comunicacaoeleitoral.ufpr.br\/index.php\/2016\/05\/12\/senado-abre-processo-de-impeachment-contra-dilma-rousseff\/\"]}]},{\"@type\":\"ImageObject\",\"inLanguage\":\"pt-BR\",\"@id\":\"https:\/\/comunicacaoeleitoral.ufpr.br\/index.php\/2016\/05\/12\/senado-abre-processo-de-impeachment-contra-dilma-rousseff\/#primaryimage\",\"url\":\"https:\/\/comunicacaoeleitoral.ufpr.br\/wp-content\/uploads\/2016\/05\/impeach-senado.jpg\",\"contentUrl\":\"https:\/\/comunicacaoeleitoral.ufpr.br\/wp-content\/uploads\/2016\/05\/impeach-senado.jpg\",\"width\":857,\"height\":570,\"caption\":\"Sess\u00e3o que decidiu pela abertura do processo de impeachment contra presidente Dilma. Marcos Oliveira\/Ag\u00eancia Senado\"},{\"@type\":\"BreadcrumbList\",\"@id\":\"https:\/\/comunicacaoeleitoral.ufpr.br\/index.php\/2016\/05\/12\/senado-abre-processo-de-impeachment-contra-dilma-rousseff\/#breadcrumb\",\"itemListElement\":[{\"@type\":\"ListItem\",\"position\":1,\"name\":\"In\u00edcio\",\"item\":\"https:\/\/comunicacaoeleitoral.ufpr.br\/\"},{\"@type\":\"ListItem\",\"position\":2,\"name\":\"Senado abre processo de impeachment contra Dilma Rousseff\"}]},{\"@type\":\"WebSite\",\"@id\":\"https:\/\/comunicacaoeleitoral.ufpr.br\/#website\",\"url\":\"https:\/\/comunicacaoeleitoral.ufpr.br\/\",\"name\":\"Comunica\u00e7\u00e3o Eleitoral\",\"description\":\"Grupo de pesquisa ligado \u00e0 linha de Comunica\u00e7\u00e3o e Pol\u00edtica do Programa de P\u00f3s-gradua\u00e7\u00e3o em Comunica\u00e7\u00e3o da Universidade Federal do Paran\u00e1.\",\"publisher\":{\"@id\":\"https:\/\/comunicacaoeleitoral.ufpr.br\/#organization\"},\"potentialAction\":[{\"@type\":\"SearchAction\",\"target\":{\"@type\":\"EntryPoint\",\"urlTemplate\":\"https:\/\/comunicacaoeleitoral.ufpr.br\/?s={search_term_string}\"},\"query-input\":\"required name=search_term_string\"}],\"inLanguage\":\"pt-BR\"},{\"@type\":\"Organization\",\"@id\":\"https:\/\/comunicacaoeleitoral.ufpr.br\/#organization\",\"name\":\"Comunica\u00e7\u00e3o Eleitoral\",\"url\":\"https:\/\/comunicacaoeleitoral.ufpr.br\/\",\"logo\":{\"@type\":\"ImageObject\",\"inLanguage\":\"pt-BR\",\"@id\":\"https:\/\/comunicacaoeleitoral.ufpr.br\/#\/schema\/logo\/image\/\",\"url\":\"https:\/\/comunicacaoeleitoral.ufpr.br\/wp-content\/uploads\/2015\/05\/header2c_celtalks.png\",\"contentUrl\":\"https:\/\/comunicacaoeleitoral.ufpr.br\/wp-content\/uploads\/2015\/05\/header2c_celtalks.png\",\"width\":1800,\"height\":674,\"caption\":\"Comunica\u00e7\u00e3o Eleitoral\"},\"image\":{\"@id\":\"https:\/\/comunicacaoeleitoral.ufpr.br\/#\/schema\/logo\/image\/\"},\"sameAs\":[\"https:\/\/www.facebook.com\/Comunica\u00e7\u00e3o-Eleitoral-564214587069724\/\",\"https:\/\/www.instagram.com\/comunicacaoeleitoral\/\",\"https:\/\/www.youtube.com\/ocanalpanke\"]},{\"@type\":\"Person\",\"@id\":\"https:\/\/comunicacaoeleitoral.ufpr.br\/#\/schema\/person\/877ba45697f2179310c85ad2f43514af\",\"name\":\"Vivian Lemos\",\"image\":{\"@type\":\"ImageObject\",\"inLanguage\":\"pt-BR\",\"@id\":\"https:\/\/comunicacaoeleitoral.ufpr.br\/#\/schema\/person\/image\/\",\"url\":\"https:\/\/secure.gravatar.com\/avatar\/b2a4a041bee382da046e85d3060b128c?s=96&d=mm&r=g\",\"contentUrl\":\"https:\/\/secure.gravatar.com\/avatar\/b2a4a041bee382da046e85d3060b128c?s=96&d=mm&r=g\",\"caption\":\"Vivian Lemos\"},\"url\":\"https:\/\/comunicacaoeleitoral.ufpr.br\/index.php\/author\/vivian-lemos\/\"}]}<\/script>\n<!-- \/ Yoast SEO plugin. -->","yoast_head_json":{"title":"Senado abre processo de impeachment contra Dilma","description":"Por 55 votos a 22, o Senado decidiu, \u00e0s 6h34 desta quinta-feira (12) abrir processo de impeachment contra a presidente Dilma Rousseff","robots":{"index":"index","follow":"follow","max-snippet":"max-snippet:-1","max-image-preview":"max-image-preview:large","max-video-preview":"max-video-preview:-1"},"canonical":"https:\/\/comunicacaoeleitoral.ufpr.br\/index.php\/2016\/05\/12\/senado-abre-processo-de-impeachment-contra-dilma-rousseff\/","og_locale":"pt_BR","og_type":"article","og_title":"Senado abre processo de impeachment contra Dilma","og_description":"Por 55 votos a 22, o Senado decidiu, \u00e0s 6h34 desta quinta-feira (12) abrir processo de impeachment contra a presidente Dilma Rousseff","og_url":"https:\/\/comunicacaoeleitoral.ufpr.br\/index.php\/2016\/05\/12\/senado-abre-processo-de-impeachment-contra-dilma-rousseff\/","og_site_name":"Comunica\u00e7\u00e3o Eleitoral","article_publisher":"https:\/\/www.facebook.com\/Comunica%c3%a7%c3%a3o-Eleitoral-564214587069724\/","article_published_time":"2016-05-12T12:19:59+00:00","og_image":[{"url":"https:\/\/comunicacaoeleitoral.ufpr.br\/wp-content\/uploads\/2016\/05\/impeach-senado-300x200.jpg"}],"author":"Vivian Lemos","twitter_card":"summary_large_image","twitter_misc":{"Escrito por":"Vivian Lemos","Est. tempo de leitura":"4 minutos"},"schema":{"@context":"https:\/\/schema.org","@graph":[{"@type":"Article","@id":"https:\/\/comunicacaoeleitoral.ufpr.br\/index.php\/2016\/05\/12\/senado-abre-processo-de-impeachment-contra-dilma-rousseff\/#article","isPartOf":{"@id":"https:\/\/comunicacaoeleitoral.ufpr.br\/index.php\/2016\/05\/12\/senado-abre-processo-de-impeachment-contra-dilma-rousseff\/"},"author":{"name":"Vivian Lemos","@id":"https:\/\/comunicacaoeleitoral.ufpr.br\/#\/schema\/person\/877ba45697f2179310c85ad2f43514af"},"headline":"Senado abre processo de impeachment contra Dilma Rousseff","datePublished":"2016-05-12T12:19:59+00:00","dateModified":"2016-05-12T12:19:59+00:00","mainEntityOfPage":{"@id":"https:\/\/comunicacaoeleitoral.ufpr.br\/index.php\/2016\/05\/12\/senado-abre-processo-de-impeachment-contra-dilma-rousseff\/"},"wordCount":731,"publisher":{"@id":"https:\/\/comunicacaoeleitoral.ufpr.br\/#organization"},"image":{"@id":"https:\/\/comunicacaoeleitoral.ufpr.br\/index.php\/2016\/05\/12\/senado-abre-processo-de-impeachment-contra-dilma-rousseff\/#primaryimage"},"thumbnailUrl":"https:\/\/comunicacaoeleitoral.ufpr.br\/wp-content\/uploads\/2016\/05\/impeach-senado-300x200.jpg","keywords":["dilma rousseff","Impeachment","michel temer","pedaladas","renan calheiros","senado"],"articleSection":["Pol\u00edtica em foco"],"inLanguage":"pt-BR"},{"@type":"WebPage","@id":"https:\/\/comunicacaoeleitoral.ufpr.br\/index.php\/2016\/05\/12\/senado-abre-processo-de-impeachment-contra-dilma-rousseff\/","url":"https:\/\/comunicacaoeleitoral.ufpr.br\/index.php\/2016\/05\/12\/senado-abre-processo-de-impeachment-contra-dilma-rousseff\/","name":"Senado abre processo de impeachment contra Dilma","isPartOf":{"@id":"https:\/\/comunicacaoeleitoral.ufpr.br\/#website"},"primaryImageOfPage":{"@id":"https:\/\/comunicacaoeleitoral.ufpr.br\/index.php\/2016\/05\/12\/senado-abre-processo-de-impeachment-contra-dilma-rousseff\/#primaryimage"},"image":{"@id":"https:\/\/comunicacaoeleitoral.ufpr.br\/index.php\/2016\/05\/12\/senado-abre-processo-de-impeachment-contra-dilma-rousseff\/#primaryimage"},"thumbnailUrl":"https:\/\/comunicacaoeleitoral.ufpr.br\/wp-content\/uploads\/2016\/05\/impeach-senado-300x200.jpg","datePublished":"2016-05-12T12:19:59+00:00","dateModified":"2016-05-12T12:19:59+00:00","description":"Por 55 votos a 22, o Senado decidiu, \u00e0s 6h34 desta quinta-feira (12) abrir processo de impeachment contra a presidente Dilma Rousseff","breadcrumb":{"@id":"https:\/\/comunicacaoeleitoral.ufpr.br\/index.php\/2016\/05\/12\/senado-abre-processo-de-impeachment-contra-dilma-rousseff\/#breadcrumb"},"inLanguage":"pt-BR","potentialAction":[{"@type":"ReadAction","target":["https:\/\/comunicacaoeleitoral.ufpr.br\/index.php\/2016\/05\/12\/senado-abre-processo-de-impeachment-contra-dilma-rousseff\/"]}]},{"@type":"ImageObject","inLanguage":"pt-BR","@id":"https:\/\/comunicacaoeleitoral.ufpr.br\/index.php\/2016\/05\/12\/senado-abre-processo-de-impeachment-contra-dilma-rousseff\/#primaryimage","url":"https:\/\/comunicacaoeleitoral.ufpr.br\/wp-content\/uploads\/2016\/05\/impeach-senado.jpg","contentUrl":"https:\/\/comunicacaoeleitoral.ufpr.br\/wp-content\/uploads\/2016\/05\/impeach-senado.jpg","width":857,"height":570,"caption":"Sess\u00e3o que decidiu pela abertura do processo de impeachment contra presidente Dilma. Marcos Oliveira\/Ag\u00eancia Senado"},{"@type":"BreadcrumbList","@id":"https:\/\/comunicacaoeleitoral.ufpr.br\/index.php\/2016\/05\/12\/senado-abre-processo-de-impeachment-contra-dilma-rousseff\/#breadcrumb","itemListElement":[{"@type":"ListItem","position":1,"name":"In\u00edcio","item":"https:\/\/comunicacaoeleitoral.ufpr.br\/"},{"@type":"ListItem","position":2,"name":"Senado abre processo de impeachment contra Dilma Rousseff"}]},{"@type":"WebSite","@id":"https:\/\/comunicacaoeleitoral.ufpr.br\/#website","url":"https:\/\/comunicacaoeleitoral.ufpr.br\/","name":"Comunica\u00e7\u00e3o Eleitoral","description":"Grupo de pesquisa ligado \u00e0 linha de Comunica\u00e7\u00e3o e Pol\u00edtica do Programa de P\u00f3s-gradua\u00e7\u00e3o em Comunica\u00e7\u00e3o da Universidade Federal do Paran\u00e1.","publisher":{"@id":"https:\/\/comunicacaoeleitoral.ufpr.br\/#organization"},"potentialAction":[{"@type":"SearchAction","target":{"@type":"EntryPoint","urlTemplate":"https:\/\/comunicacaoeleitoral.ufpr.br\/?s={search_term_string}"},"query-input":"required name=search_term_string"}],"inLanguage":"pt-BR"},{"@type":"Organization","@id":"https:\/\/comunicacaoeleitoral.ufpr.br\/#organization","name":"Comunica\u00e7\u00e3o Eleitoral","url":"https:\/\/comunicacaoeleitoral.ufpr.br\/","logo":{"@type":"ImageObject","inLanguage":"pt-BR","@id":"https:\/\/comunicacaoeleitoral.ufpr.br\/#\/schema\/logo\/image\/","url":"https:\/\/comunicacaoeleitoral.ufpr.br\/wp-content\/uploads\/2015\/05\/header2c_celtalks.png","contentUrl":"https:\/\/comunicacaoeleitoral.ufpr.br\/wp-content\/uploads\/2015\/05\/header2c_celtalks.png","width":1800,"height":674,"caption":"Comunica\u00e7\u00e3o Eleitoral"},"image":{"@id":"https:\/\/comunicacaoeleitoral.ufpr.br\/#\/schema\/logo\/image\/"},"sameAs":["https:\/\/www.facebook.com\/Comunica\u00e7\u00e3o-Eleitoral-564214587069724\/","https:\/\/www.instagram.com\/comunicacaoeleitoral\/","https:\/\/www.youtube.com\/ocanalpanke"]},{"@type":"Person","@id":"https:\/\/comunicacaoeleitoral.ufpr.br\/#\/schema\/person\/877ba45697f2179310c85ad2f43514af","name":"Vivian Lemos","image":{"@type":"ImageObject","inLanguage":"pt-BR","@id":"https:\/\/comunicacaoeleitoral.ufpr.br\/#\/schema\/person\/image\/","url":"https:\/\/secure.gravatar.com\/avatar\/b2a4a041bee382da046e85d3060b128c?s=96&d=mm&r=g","contentUrl":"https:\/\/secure.gravatar.com\/avatar\/b2a4a041bee382da046e85d3060b128c?s=96&d=mm&r=g","caption":"Vivian Lemos"},"url":"https:\/\/comunicacaoeleitoral.ufpr.br\/index.php\/author\/vivian-lemos\/"}]}},"_links":{"self":[{"href":"https:\/\/comunicacaoeleitoral.ufpr.br\/index.php\/wp-json\/wp\/v2\/posts\/975"}],"collection":[{"href":"https:\/\/comunicacaoeleitoral.ufpr.br\/index.php\/wp-json\/wp\/v2\/posts"}],"about":[{"href":"https:\/\/comunicacaoeleitoral.ufpr.br\/index.php\/wp-json\/wp\/v2\/types\/post"}],"author":[{"embeddable":true,"href":"https:\/\/comunicacaoeleitoral.ufpr.br\/index.php\/wp-json\/wp\/v2\/users\/28"}],"replies":[{"embeddable":true,"href":"https:\/\/comunicacaoeleitoral.ufpr.br\/index.php\/wp-json\/wp\/v2\/comments?post=975"}],"version-history":[{"count":2,"href":"https:\/\/comunicacaoeleitoral.ufpr.br\/index.php\/wp-json\/wp\/v2\/posts\/975\/revisions"}],"predecessor-version":[{"id":979,"href":"https:\/\/comunicacaoeleitoral.ufpr.br\/index.php\/wp-json\/wp\/v2\/posts\/975\/revisions\/979"}],"wp:attachment":[{"href":"https:\/\/comunicacaoeleitoral.ufpr.br\/index.php\/wp-json\/wp\/v2\/media?parent=975"}],"wp:term":[{"taxonomy":"category","embeddable":true,"href":"https:\/\/comunicacaoeleitoral.ufpr.br\/index.php\/wp-json\/wp\/v2\/categories?post=975"},{"taxonomy":"post_tag","embeddable":true,"href":"https:\/\/comunicacaoeleitoral.ufpr.br\/index.php\/wp-json\/wp\/v2\/tags?post=975"}],"curies":[{"name":"wp","href":"https:\/\/api.w.org\/{rel}","templated":true}]}}