{"id":939,"date":"2016-05-07T22:27:09","date_gmt":"2016-05-07T22:27:09","guid":{"rendered":"https:\/\/comunicacaoeleitoral.ufpr.br\/?p=939"},"modified":"2016-05-10T12:09:53","modified_gmt":"2016-05-10T12:09:53","slug":"aplicativos-mobile-sao-lancados-para-as-eleicoes-2016","status":"publish","type":"post","link":"https:\/\/comunicacaoeleitoral.ufpr.br\/index.php\/2016\/05\/07\/aplicativos-mobile-sao-lancados-para-as-eleicoes-2016\/","title":{"rendered":"Aplicativos mobile s\u00e3o lan\u00e7ados para as Elei\u00e7\u00f5es 2016"},"content":{"rendered":"<p style=\"text-align: justify;\">Servidores das secretarias de Tecnologia da Informa\u00e7\u00e3o e de Tecnologia das Elei\u00e7\u00f5es se reuniram quinta-feira (5) para a apresenta\u00e7\u00e3o dos primeiros aplicativos (apps) para smartphones e dispositivos m\u00f3veis a serem lan\u00e7ados pela Justi\u00e7a Eleitoral para as Elei\u00e7\u00f5es Municipais 2016.<\/p>\n<p style=\"text-align: justify;\">\nAo todo, est\u00e3o previstos 11 novos aplicativos mobile para as elei\u00e7\u00f5es deste ano. Tr\u00eas deles foram apresentados: um aplicativo que traz notifica\u00e7\u00f5es de prazos do Calend\u00e1rio Eleitoral; outro, chamado \u201cCandidaturas\u201d, que apresenta informa\u00e7\u00f5es sobre os candidatos a vereador e prefeito em cada munic\u00edpio brasileiro; e um terceiro aplicativo, ainda sem nome, que servir\u00e1 como um \u201cagregador\u201d de informa\u00e7\u00f5es sobre as elei\u00e7\u00f5es.<\/p>\n<p style=\"text-align: justify;\">\nO aplicativo Calend\u00e1rio Eleitoral apresentar\u00e1 ao usu\u00e1rio notifica\u00e7\u00f5es sobre todas as datas importantes durante o per\u00edodo eleitoral. Esse app tem previs\u00e3o de lan\u00e7amento para este m\u00eas, juntamente com outro que permitir\u00e1 a consulta a processos judiciais relativos \u00e0s elei\u00e7\u00f5es.<\/p>\n<p style=\"text-align: justify;\"><a href=\"https:\/\/comunicacaoeleitoral.ufpr.br\/wp-content\/uploads\/2016\/05\/tse.jpeg\"><img loading=\"lazy\" decoding=\"async\" class=\" size-medium wp-image-940 alignleft\" src=\"https:\/\/comunicacaoeleitoral.ufpr.br\/wp-content\/uploads\/2016\/05\/tse-300x145.jpeg\" alt=\"tse\" width=\"300\" height=\"145\" srcset=\"https:\/\/comunicacaoeleitoral.ufpr.br\/wp-content\/uploads\/2016\/05\/tse-300x145.jpeg 300w, https:\/\/comunicacaoeleitoral.ufpr.br\/wp-content\/uploads\/2016\/05\/tse.jpeg 543w\" sizes=\"(max-width: 300px) 100vw, 300px\" \/><\/a><br \/>\nJ\u00e1 o aplicativo \u201cCandidaturas\u201d, que foi um sucesso nas Elei\u00e7\u00f5es 2014 (foram quase 180 mil instala\u00e7\u00f5es em smartphones das plataformas Android, iOS e Windows Phone), traz algumas novidades para a vers\u00e3o 2016. Uma delas \u00e9 o sistema de geolocaliza\u00e7\u00e3o, por meio do qual o aplicativo pode identificar em que munic\u00edpio o aparelho se encontra e, a partir dessa informa\u00e7\u00e3o, listar automaticamente todos os candidatos ao pleito naquela cidade. Tamb\u00e9m ser\u00e3o exibidas informa\u00e7\u00f5es referentes a presta\u00e7\u00e3o de contas dos candidatos.<\/p>\n<p style=\"text-align: justify;\">\n<strong>Agregador<\/strong><br \/>\nOutro app que vai ser lan\u00e7ado nestas elei\u00e7\u00f5es, ainda sem nome definido, deve aglutinar informa\u00e7\u00f5es para o eleitor em uma \u00fanica tela, como situa\u00e7\u00e3o do t\u00edtulo, orienta\u00e7\u00f5es sobre justificativa, local de vota\u00e7\u00e3o, informa\u00e7\u00f5es sobre propaganda eleitoral e contatos do Disque-Eleitor. Al\u00e9m disso, esse aplicativo \u201cagregador\u201d vai trazer links para not\u00edcias divulgadas pela Secretaria de Comunica\u00e7\u00e3o Institucional do TSE, v\u00eddeos produzidos para o YouTube e perfis oficiais da Justi\u00e7a Eleitoral em m\u00eddias sociais, al\u00e9m de acesso direto a outros apps desenvolvidos para o pleito de 2016.<\/p>\n<p style=\"text-align: justify;\">\n<strong>Mais aplicativos<\/strong><br \/>\nAl\u00e9m dos tr\u00eas apps apresentados, tamb\u00e9m est\u00e1 previsto o lan\u00e7amento de aplicativos para consulta processual, informa\u00e7\u00f5es a mes\u00e1rios, den\u00fancias de irregularidades nas elei\u00e7\u00f5es, consulta ao espelho do boletim de urna (por meio de tecnologia QR Code), locais de vota\u00e7\u00e3o e justificativa eleitoral. Outros dois apps a serem lan\u00e7ados, que tamb\u00e9m utilizar\u00e3o a tecnologia QR Code, ser\u00e3o de uso exclusivo dos profissionais da Justi\u00e7a Eleitoral, sendo um para prepara\u00e7\u00e3o e outro para checagem das urnas eletr\u00f4nicas.<\/p>\n","protected":false},"excerpt":{"rendered":"<p>Servidores das secretarias de Tecnologia da Informa\u00e7\u00e3o e de Tecnologia das Elei\u00e7\u00f5es se reuniram quinta-feira (5) para a apresenta\u00e7\u00e3o dos primeiros aplicativos (apps) para smartphones e dispositivos m\u00f3veis a serem lan\u00e7ados pela Justi\u00e7a Eleitoral para as Elei\u00e7\u00f5es Municipais 2016. Ao todo, est\u00e3o previstos 11 novos aplicativos mobile para as elei\u00e7\u00f5es deste ano. Tr\u00eas deles foram [&hellip;]<\/p>\n","protected":false},"author":29,"featured_media":0,"comment_status":"closed","ping_status":"closed","sticky":false,"template":"","format":"standard","meta":{"_monsterinsights_skip_tracking":false,"_monsterinsights_sitenote_active":false,"_monsterinsights_sitenote_note":"","_monsterinsights_sitenote_category":0,"footnotes":""},"categories":[68],"tags":[],"yoast_head":"<!-- This site is optimized with the Yoast SEO plugin v22.2 - https:\/\/yoast.com\/wordpress\/plugins\/seo\/ -->\n<title>Aplicativos mobile s\u00e3o lan\u00e7ados para as Elei\u00e7\u00f5es 2016 - Comunica\u00e7\u00e3o Eleitoral<\/title>\n<meta name=\"description\" content=\"Grupo de pesquisa ligado \u00e0 linha de Comunica\u00e7\u00e3o, Pol\u00edtica e Atores Coletivos do Programa de P\u00f3s-gradua\u00e7\u00e3o em Comunica\u00e7\u00e3o da Universidade Federal do Paran\u00e1 (UFPR)\" \/>\n<meta name=\"robots\" content=\"index, follow, max-snippet:-1, max-image-preview:large, max-video-preview:-1\" \/>\n<link rel=\"canonical\" href=\"https:\/\/comunicacaoeleitoral.ufpr.br\/index.php\/2016\/05\/07\/aplicativos-mobile-sao-lancados-para-as-eleicoes-2016\/\" \/>\n<meta property=\"og:locale\" content=\"pt_BR\" \/>\n<meta property=\"og:type\" content=\"article\" \/>\n<meta property=\"og:title\" content=\"Aplicativos mobile s\u00e3o lan\u00e7ados para as Elei\u00e7\u00f5es 2016 - Comunica\u00e7\u00e3o Eleitoral\" \/>\n<meta property=\"og:description\" content=\"Grupo de pesquisa ligado \u00e0 linha de Comunica\u00e7\u00e3o, Pol\u00edtica e Atores Coletivos do Programa de P\u00f3s-gradua\u00e7\u00e3o em Comunica\u00e7\u00e3o da Universidade Federal do Paran\u00e1 (UFPR)\" \/>\n<meta property=\"og:url\" content=\"https:\/\/comunicacaoeleitoral.ufpr.br\/index.php\/2016\/05\/07\/aplicativos-mobile-sao-lancados-para-as-eleicoes-2016\/\" \/>\n<meta property=\"og:site_name\" content=\"Comunica\u00e7\u00e3o Eleitoral\" \/>\n<meta property=\"article:publisher\" content=\"https:\/\/www.facebook.com\/Comunica%c3%a7%c3%a3o-Eleitoral-564214587069724\/\" \/>\n<meta property=\"article:published_time\" content=\"2016-05-07T22:27:09+00:00\" \/>\n<meta property=\"article:modified_time\" content=\"2016-05-10T12:09:53+00:00\" \/>\n<meta property=\"og:image\" content=\"https:\/\/comunicacaoeleitoral.ufpr.br\/wp-content\/uploads\/2016\/05\/tse-300x145.jpeg\" \/>\n<meta name=\"author\" content=\"CEL UFPR\" \/>\n<meta name=\"twitter:card\" content=\"summary_large_image\" \/>\n<meta name=\"twitter:label1\" content=\"Escrito por\" \/>\n\t<meta name=\"twitter:data1\" content=\"CEL UFPR\" \/>\n\t<meta name=\"twitter:label2\" content=\"Est. tempo de leitura\" \/>\n\t<meta name=\"twitter:data2\" content=\"2 minutos\" \/>\n<script type=\"application\/ld+json\" class=\"yoast-schema-graph\">{\"@context\":\"https:\/\/schema.org\",\"@graph\":[{\"@type\":\"Article\",\"@id\":\"https:\/\/comunicacaoeleitoral.ufpr.br\/index.php\/2016\/05\/07\/aplicativos-mobile-sao-lancados-para-as-eleicoes-2016\/#article\",\"isPartOf\":{\"@id\":\"https:\/\/comunicacaoeleitoral.ufpr.br\/index.php\/2016\/05\/07\/aplicativos-mobile-sao-lancados-para-as-eleicoes-2016\/\"},\"author\":{\"name\":\"CEL UFPR\",\"@id\":\"https:\/\/comunicacaoeleitoral.ufpr.br\/#\/schema\/person\/1f1b0fa714b592dcfee89e9824953d93\"},\"headline\":\"Aplicativos mobile s\u00e3o lan\u00e7ados para as Elei\u00e7\u00f5es 2016\",\"datePublished\":\"2016-05-07T22:27:09+00:00\",\"dateModified\":\"2016-05-10T12:09:53+00:00\",\"mainEntityOfPage\":{\"@id\":\"https:\/\/comunicacaoeleitoral.ufpr.br\/index.php\/2016\/05\/07\/aplicativos-mobile-sao-lancados-para-as-eleicoes-2016\/\"},\"wordCount\":448,\"publisher\":{\"@id\":\"https:\/\/comunicacaoeleitoral.ufpr.br\/#organization\"},\"image\":{\"@id\":\"https:\/\/comunicacaoeleitoral.ufpr.br\/index.php\/2016\/05\/07\/aplicativos-mobile-sao-lancados-para-as-eleicoes-2016\/#primaryimage\"},\"thumbnailUrl\":\"https:\/\/comunicacaoeleitoral.ufpr.br\/wp-content\/uploads\/2016\/05\/tse-300x145.jpeg\",\"articleSection\":[\"Not\u00edcias\"],\"inLanguage\":\"pt-BR\"},{\"@type\":\"WebPage\",\"@id\":\"https:\/\/comunicacaoeleitoral.ufpr.br\/index.php\/2016\/05\/07\/aplicativos-mobile-sao-lancados-para-as-eleicoes-2016\/\",\"url\":\"https:\/\/comunicacaoeleitoral.ufpr.br\/index.php\/2016\/05\/07\/aplicativos-mobile-sao-lancados-para-as-eleicoes-2016\/\",\"name\":\"Aplicativos mobile s\u00e3o lan\u00e7ados para as Elei\u00e7\u00f5es 2016 - Comunica\u00e7\u00e3o Eleitoral\",\"isPartOf\":{\"@id\":\"https:\/\/comunicacaoeleitoral.ufpr.br\/#website\"},\"primaryImageOfPage\":{\"@id\":\"https:\/\/comunicacaoeleitoral.ufpr.br\/index.php\/2016\/05\/07\/aplicativos-mobile-sao-lancados-para-as-eleicoes-2016\/#primaryimage\"},\"image\":{\"@id\":\"https:\/\/comunicacaoeleitoral.ufpr.br\/index.php\/2016\/05\/07\/aplicativos-mobile-sao-lancados-para-as-eleicoes-2016\/#primaryimage\"},\"thumbnailUrl\":\"https:\/\/comunicacaoeleitoral.ufpr.br\/wp-content\/uploads\/2016\/05\/tse-300x145.jpeg\",\"datePublished\":\"2016-05-07T22:27:09+00:00\",\"dateModified\":\"2016-05-10T12:09:53+00:00\",\"description\":\"Grupo de pesquisa ligado \u00e0 linha de Comunica\u00e7\u00e3o, Pol\u00edtica e Atores Coletivos do Programa de P\u00f3s-gradua\u00e7\u00e3o em Comunica\u00e7\u00e3o da Universidade Federal do Paran\u00e1 (UFPR)\",\"breadcrumb\":{\"@id\":\"https:\/\/comunicacaoeleitoral.ufpr.br\/index.php\/2016\/05\/07\/aplicativos-mobile-sao-lancados-para-as-eleicoes-2016\/#breadcrumb\"},\"inLanguage\":\"pt-BR\",\"potentialAction\":[{\"@type\":\"ReadAction\",\"target\":[\"https:\/\/comunicacaoeleitoral.ufpr.br\/index.php\/2016\/05\/07\/aplicativos-mobile-sao-lancados-para-as-eleicoes-2016\/\"]}]},{\"@type\":\"ImageObject\",\"inLanguage\":\"pt-BR\",\"@id\":\"https:\/\/comunicacaoeleitoral.ufpr.br\/index.php\/2016\/05\/07\/aplicativos-mobile-sao-lancados-para-as-eleicoes-2016\/#primaryimage\",\"url\":\"https:\/\/comunicacaoeleitoral.ufpr.br\/wp-content\/uploads\/2016\/05\/tse.jpeg\",\"contentUrl\":\"https:\/\/comunicacaoeleitoral.ufpr.br\/wp-content\/uploads\/2016\/05\/tse.jpeg\",\"width\":543,\"height\":263},{\"@type\":\"BreadcrumbList\",\"@id\":\"https:\/\/comunicacaoeleitoral.ufpr.br\/index.php\/2016\/05\/07\/aplicativos-mobile-sao-lancados-para-as-eleicoes-2016\/#breadcrumb\",\"itemListElement\":[{\"@type\":\"ListItem\",\"position\":1,\"name\":\"In\u00edcio\",\"item\":\"https:\/\/comunicacaoeleitoral.ufpr.br\/\"},{\"@type\":\"ListItem\",\"position\":2,\"name\":\"Aplicativos mobile s\u00e3o lan\u00e7ados para as Elei\u00e7\u00f5es 2016\"}]},{\"@type\":\"WebSite\",\"@id\":\"https:\/\/comunicacaoeleitoral.ufpr.br\/#website\",\"url\":\"https:\/\/comunicacaoeleitoral.ufpr.br\/\",\"name\":\"Comunica\u00e7\u00e3o Eleitoral\",\"description\":\"Grupo de pesquisa ligado \u00e0 linha de Comunica\u00e7\u00e3o e Pol\u00edtica do Programa de P\u00f3s-gradua\u00e7\u00e3o em Comunica\u00e7\u00e3o da Universidade Federal do Paran\u00e1.\",\"publisher\":{\"@id\":\"https:\/\/comunicacaoeleitoral.ufpr.br\/#organization\"},\"potentialAction\":[{\"@type\":\"SearchAction\",\"target\":{\"@type\":\"EntryPoint\",\"urlTemplate\":\"https:\/\/comunicacaoeleitoral.ufpr.br\/?s={search_term_string}\"},\"query-input\":\"required name=search_term_string\"}],\"inLanguage\":\"pt-BR\"},{\"@type\":\"Organization\",\"@id\":\"https:\/\/comunicacaoeleitoral.ufpr.br\/#organization\",\"name\":\"Comunica\u00e7\u00e3o Eleitoral\",\"url\":\"https:\/\/comunicacaoeleitoral.ufpr.br\/\",\"logo\":{\"@type\":\"ImageObject\",\"inLanguage\":\"pt-BR\",\"@id\":\"https:\/\/comunicacaoeleitoral.ufpr.br\/#\/schema\/logo\/image\/\",\"url\":\"https:\/\/comunicacaoeleitoral.ufpr.br\/wp-content\/uploads\/2015\/05\/header2c_celtalks.png\",\"contentUrl\":\"https:\/\/comunicacaoeleitoral.ufpr.br\/wp-content\/uploads\/2015\/05\/header2c_celtalks.png\",\"width\":1800,\"height\":674,\"caption\":\"Comunica\u00e7\u00e3o Eleitoral\"},\"image\":{\"@id\":\"https:\/\/comunicacaoeleitoral.ufpr.br\/#\/schema\/logo\/image\/\"},\"sameAs\":[\"https:\/\/www.facebook.com\/Comunica\u00e7\u00e3o-Eleitoral-564214587069724\/\",\"https:\/\/www.instagram.com\/comunicacaoeleitoral\/\",\"https:\/\/www.youtube.com\/ocanalpanke\"]},{\"@type\":\"Person\",\"@id\":\"https:\/\/comunicacaoeleitoral.ufpr.br\/#\/schema\/person\/1f1b0fa714b592dcfee89e9824953d93\",\"name\":\"CEL UFPR\",\"image\":{\"@type\":\"ImageObject\",\"inLanguage\":\"pt-BR\",\"@id\":\"https:\/\/comunicacaoeleitoral.ufpr.br\/#\/schema\/person\/image\/\",\"url\":\"https:\/\/secure.gravatar.com\/avatar\/e73476db3cc561f956c8814cbc15a40e?s=96&d=mm&r=g\",\"contentUrl\":\"https:\/\/secure.gravatar.com\/avatar\/e73476db3cc561f956c8814cbc15a40e?s=96&d=mm&r=g\",\"caption\":\"CEL UFPR\"},\"url\":\"https:\/\/comunicacaoeleitoral.ufpr.br\/index.php\/author\/cel-ufpr\/\"}]}<\/script>\n<!-- \/ Yoast SEO plugin. -->","yoast_head_json":{"title":"Aplicativos mobile s\u00e3o lan\u00e7ados para as Elei\u00e7\u00f5es 2016 - Comunica\u00e7\u00e3o Eleitoral","description":"Grupo de pesquisa ligado \u00e0 linha de Comunica\u00e7\u00e3o, Pol\u00edtica e Atores Coletivos do Programa de P\u00f3s-gradua\u00e7\u00e3o em Comunica\u00e7\u00e3o da Universidade Federal do Paran\u00e1 (UFPR)","robots":{"index":"index","follow":"follow","max-snippet":"max-snippet:-1","max-image-preview":"max-image-preview:large","max-video-preview":"max-video-preview:-1"},"canonical":"https:\/\/comunicacaoeleitoral.ufpr.br\/index.php\/2016\/05\/07\/aplicativos-mobile-sao-lancados-para-as-eleicoes-2016\/","og_locale":"pt_BR","og_type":"article","og_title":"Aplicativos mobile s\u00e3o lan\u00e7ados para as Elei\u00e7\u00f5es 2016 - Comunica\u00e7\u00e3o Eleitoral","og_description":"Grupo de pesquisa ligado \u00e0 linha de Comunica\u00e7\u00e3o, Pol\u00edtica e Atores Coletivos do Programa de P\u00f3s-gradua\u00e7\u00e3o em Comunica\u00e7\u00e3o da Universidade Federal do Paran\u00e1 (UFPR)","og_url":"https:\/\/comunicacaoeleitoral.ufpr.br\/index.php\/2016\/05\/07\/aplicativos-mobile-sao-lancados-para-as-eleicoes-2016\/","og_site_name":"Comunica\u00e7\u00e3o Eleitoral","article_publisher":"https:\/\/www.facebook.com\/Comunica%c3%a7%c3%a3o-Eleitoral-564214587069724\/","article_published_time":"2016-05-07T22:27:09+00:00","article_modified_time":"2016-05-10T12:09:53+00:00","og_image":[{"url":"https:\/\/comunicacaoeleitoral.ufpr.br\/wp-content\/uploads\/2016\/05\/tse-300x145.jpeg"}],"author":"CEL UFPR","twitter_card":"summary_large_image","twitter_misc":{"Escrito por":"CEL UFPR","Est. tempo de leitura":"2 minutos"},"schema":{"@context":"https:\/\/schema.org","@graph":[{"@type":"Article","@id":"https:\/\/comunicacaoeleitoral.ufpr.br\/index.php\/2016\/05\/07\/aplicativos-mobile-sao-lancados-para-as-eleicoes-2016\/#article","isPartOf":{"@id":"https:\/\/comunicacaoeleitoral.ufpr.br\/index.php\/2016\/05\/07\/aplicativos-mobile-sao-lancados-para-as-eleicoes-2016\/"},"author":{"name":"CEL UFPR","@id":"https:\/\/comunicacaoeleitoral.ufpr.br\/#\/schema\/person\/1f1b0fa714b592dcfee89e9824953d93"},"headline":"Aplicativos mobile s\u00e3o lan\u00e7ados para as Elei\u00e7\u00f5es 2016","datePublished":"2016-05-07T22:27:09+00:00","dateModified":"2016-05-10T12:09:53+00:00","mainEntityOfPage":{"@id":"https:\/\/comunicacaoeleitoral.ufpr.br\/index.php\/2016\/05\/07\/aplicativos-mobile-sao-lancados-para-as-eleicoes-2016\/"},"wordCount":448,"publisher":{"@id":"https:\/\/comunicacaoeleitoral.ufpr.br\/#organization"},"image":{"@id":"https:\/\/comunicacaoeleitoral.ufpr.br\/index.php\/2016\/05\/07\/aplicativos-mobile-sao-lancados-para-as-eleicoes-2016\/#primaryimage"},"thumbnailUrl":"https:\/\/comunicacaoeleitoral.ufpr.br\/wp-content\/uploads\/2016\/05\/tse-300x145.jpeg","articleSection":["Not\u00edcias"],"inLanguage":"pt-BR"},{"@type":"WebPage","@id":"https:\/\/comunicacaoeleitoral.ufpr.br\/index.php\/2016\/05\/07\/aplicativos-mobile-sao-lancados-para-as-eleicoes-2016\/","url":"https:\/\/comunicacaoeleitoral.ufpr.br\/index.php\/2016\/05\/07\/aplicativos-mobile-sao-lancados-para-as-eleicoes-2016\/","name":"Aplicativos mobile s\u00e3o lan\u00e7ados para as Elei\u00e7\u00f5es 2016 - Comunica\u00e7\u00e3o Eleitoral","isPartOf":{"@id":"https:\/\/comunicacaoeleitoral.ufpr.br\/#website"},"primaryImageOfPage":{"@id":"https:\/\/comunicacaoeleitoral.ufpr.br\/index.php\/2016\/05\/07\/aplicativos-mobile-sao-lancados-para-as-eleicoes-2016\/#primaryimage"},"image":{"@id":"https:\/\/comunicacaoeleitoral.ufpr.br\/index.php\/2016\/05\/07\/aplicativos-mobile-sao-lancados-para-as-eleicoes-2016\/#primaryimage"},"thumbnailUrl":"https:\/\/comunicacaoeleitoral.ufpr.br\/wp-content\/uploads\/2016\/05\/tse-300x145.jpeg","datePublished":"2016-05-07T22:27:09+00:00","dateModified":"2016-05-10T12:09:53+00:00","description":"Grupo de pesquisa ligado \u00e0 linha de Comunica\u00e7\u00e3o, Pol\u00edtica e Atores Coletivos do Programa de P\u00f3s-gradua\u00e7\u00e3o em Comunica\u00e7\u00e3o da Universidade Federal do Paran\u00e1 (UFPR)","breadcrumb":{"@id":"https:\/\/comunicacaoeleitoral.ufpr.br\/index.php\/2016\/05\/07\/aplicativos-mobile-sao-lancados-para-as-eleicoes-2016\/#breadcrumb"},"inLanguage":"pt-BR","potentialAction":[{"@type":"ReadAction","target":["https:\/\/comunicacaoeleitoral.ufpr.br\/index.php\/2016\/05\/07\/aplicativos-mobile-sao-lancados-para-as-eleicoes-2016\/"]}]},{"@type":"ImageObject","inLanguage":"pt-BR","@id":"https:\/\/comunicacaoeleitoral.ufpr.br\/index.php\/2016\/05\/07\/aplicativos-mobile-sao-lancados-para-as-eleicoes-2016\/#primaryimage","url":"https:\/\/comunicacaoeleitoral.ufpr.br\/wp-content\/uploads\/2016\/05\/tse.jpeg","contentUrl":"https:\/\/comunicacaoeleitoral.ufpr.br\/wp-content\/uploads\/2016\/05\/tse.jpeg","width":543,"height":263},{"@type":"BreadcrumbList","@id":"https:\/\/comunicacaoeleitoral.ufpr.br\/index.php\/2016\/05\/07\/aplicativos-mobile-sao-lancados-para-as-eleicoes-2016\/#breadcrumb","itemListElement":[{"@type":"ListItem","position":1,"name":"In\u00edcio","item":"https:\/\/comunicacaoeleitoral.ufpr.br\/"},{"@type":"ListItem","position":2,"name":"Aplicativos mobile s\u00e3o lan\u00e7ados para as Elei\u00e7\u00f5es 2016"}]},{"@type":"WebSite","@id":"https:\/\/comunicacaoeleitoral.ufpr.br\/#website","url":"https:\/\/comunicacaoeleitoral.ufpr.br\/","name":"Comunica\u00e7\u00e3o Eleitoral","description":"Grupo de pesquisa ligado \u00e0 linha de Comunica\u00e7\u00e3o e Pol\u00edtica do Programa de P\u00f3s-gradua\u00e7\u00e3o em Comunica\u00e7\u00e3o da Universidade Federal do Paran\u00e1.","publisher":{"@id":"https:\/\/comunicacaoeleitoral.ufpr.br\/#organization"},"potentialAction":[{"@type":"SearchAction","target":{"@type":"EntryPoint","urlTemplate":"https:\/\/comunicacaoeleitoral.ufpr.br\/?s={search_term_string}"},"query-input":"required name=search_term_string"}],"inLanguage":"pt-BR"},{"@type":"Organization","@id":"https:\/\/comunicacaoeleitoral.ufpr.br\/#organization","name":"Comunica\u00e7\u00e3o Eleitoral","url":"https:\/\/comunicacaoeleitoral.ufpr.br\/","logo":{"@type":"ImageObject","inLanguage":"pt-BR","@id":"https:\/\/comunicacaoeleitoral.ufpr.br\/#\/schema\/logo\/image\/","url":"https:\/\/comunicacaoeleitoral.ufpr.br\/wp-content\/uploads\/2015\/05\/header2c_celtalks.png","contentUrl":"https:\/\/comunicacaoeleitoral.ufpr.br\/wp-content\/uploads\/2015\/05\/header2c_celtalks.png","width":1800,"height":674,"caption":"Comunica\u00e7\u00e3o Eleitoral"},"image":{"@id":"https:\/\/comunicacaoeleitoral.ufpr.br\/#\/schema\/logo\/image\/"},"sameAs":["https:\/\/www.facebook.com\/Comunica\u00e7\u00e3o-Eleitoral-564214587069724\/","https:\/\/www.instagram.com\/comunicacaoeleitoral\/","https:\/\/www.youtube.com\/ocanalpanke"]},{"@type":"Person","@id":"https:\/\/comunicacaoeleitoral.ufpr.br\/#\/schema\/person\/1f1b0fa714b592dcfee89e9824953d93","name":"CEL UFPR","image":{"@type":"ImageObject","inLanguage":"pt-BR","@id":"https:\/\/comunicacaoeleitoral.ufpr.br\/#\/schema\/person\/image\/","url":"https:\/\/secure.gravatar.com\/avatar\/e73476db3cc561f956c8814cbc15a40e?s=96&d=mm&r=g","contentUrl":"https:\/\/secure.gravatar.com\/avatar\/e73476db3cc561f956c8814cbc15a40e?s=96&d=mm&r=g","caption":"CEL UFPR"},"url":"https:\/\/comunicacaoeleitoral.ufpr.br\/index.php\/author\/cel-ufpr\/"}]}},"_links":{"self":[{"href":"https:\/\/comunicacaoeleitoral.ufpr.br\/index.php\/wp-json\/wp\/v2\/posts\/939"}],"collection":[{"href":"https:\/\/comunicacaoeleitoral.ufpr.br\/index.php\/wp-json\/wp\/v2\/posts"}],"about":[{"href":"https:\/\/comunicacaoeleitoral.ufpr.br\/index.php\/wp-json\/wp\/v2\/types\/post"}],"author":[{"embeddable":true,"href":"https:\/\/comunicacaoeleitoral.ufpr.br\/index.php\/wp-json\/wp\/v2\/users\/29"}],"replies":[{"embeddable":true,"href":"https:\/\/comunicacaoeleitoral.ufpr.br\/index.php\/wp-json\/wp\/v2\/comments?post=939"}],"version-history":[{"count":1,"href":"https:\/\/comunicacaoeleitoral.ufpr.br\/index.php\/wp-json\/wp\/v2\/posts\/939\/revisions"}],"predecessor-version":[{"id":941,"href":"https:\/\/comunicacaoeleitoral.ufpr.br\/index.php\/wp-json\/wp\/v2\/posts\/939\/revisions\/941"}],"wp:attachment":[{"href":"https:\/\/comunicacaoeleitoral.ufpr.br\/index.php\/wp-json\/wp\/v2\/media?parent=939"}],"wp:term":[{"taxonomy":"category","embeddable":true,"href":"https:\/\/comunicacaoeleitoral.ufpr.br\/index.php\/wp-json\/wp\/v2\/categories?post=939"},{"taxonomy":"post_tag","embeddable":true,"href":"https:\/\/comunicacaoeleitoral.ufpr.br\/index.php\/wp-json\/wp\/v2\/tags?post=939"}],"curies":[{"name":"wp","href":"https:\/\/api.w.org\/{rel}","templated":true}]}}