{"id":911,"date":"2016-05-03T12:14:28","date_gmt":"2016-05-03T12:14:28","guid":{"rendered":"https:\/\/comunicacaoeleitoral.ufpr.br\/?p=911"},"modified":"2016-05-03T12:16:19","modified_gmt":"2016-05-03T12:16:19","slug":"estudo-identifica-35-casos-de-violencia-contra-comunicadores-no-brasil-em-2015","status":"publish","type":"post","link":"https:\/\/comunicacaoeleitoral.ufpr.br\/index.php\/2016\/05\/03\/estudo-identifica-35-casos-de-violencia-contra-comunicadores-no-brasil-em-2015\/","title":{"rendered":"Estudo identifica 35 casos de viol\u00eancia contra comunicadores no Brasil em 2015"},"content":{"rendered":"<p style=\"text-align: justify;\">Levantamento divulgado hoje (3) pela organiza\u00e7\u00e3o n\u00e3o governamental (ONG) Artigo 19 indicou 35 viola\u00e7\u00f5es contra a liberdade de express\u00e3o de comunicadores brasileiros em 2015. Foram identificados assassinatos, tentativas de homic\u00eddio e amea\u00e7as contra jornalistas, radialistas e blogueiros devido ao exerc\u00edcio de suas fun\u00e7\u00f5es. Com isso, a organiza\u00e7\u00e3o contabiliza 121 comunicadores v\u00edtimas de algum tipo de viol\u00eancia entre 2012 e 2015.<\/p>\n<div id=\"attachment_912\" style=\"width: 372px\" class=\"wp-caption alignleft\"><a href=\"https:\/\/comunicacaoeleitoral.ufpr.br\/wp-content\/uploads\/2016\/05\/6fev2014-cinegrafista-da-band-e-ferido-por-explosivo-na-cabeca-durante-ato-na-central-do-brasil-no-centro-do-rio-de-janeiro-o-objeto-explodiu-muito-perto-da-cabeca-do-reporter-cinem.jpg\"><img loading=\"lazy\" decoding=\"async\" aria-describedby=\"caption-attachment-912\" class=\" wp-image-912\" src=\"https:\/\/comunicacaoeleitoral.ufpr.br\/wp-content\/uploads\/2016\/05\/6fev2014-cinegrafista-da-band-e-ferido-por-explosivo-na-cabeca-durante-ato-na-central-do-brasil-no-centro-do-rio-de-janeiro-o-objeto-explodiu-muito-perto-da-cabeca-do-reporter-cinem-300x146.jpg\" alt=\"Cinegrafista da Band \u00e9 ferido por explosivo na cabe\u00e7a, durante ato na Central do Brasil, no centro do Rio em 2014\" width=\"362\" height=\"176\" srcset=\"https:\/\/comunicacaoeleitoral.ufpr.br\/wp-content\/uploads\/2016\/05\/6fev2014-cinegrafista-da-band-e-ferido-por-explosivo-na-cabeca-durante-ato-na-central-do-brasil-no-centro-do-rio-de-janeiro-o-objeto-explodiu-muito-perto-da-cabeca-do-reporter-cinem-300x146.jpg 300w, https:\/\/comunicacaoeleitoral.ufpr.br\/wp-content\/uploads\/2016\/05\/6fev2014-cinegrafista-da-band-e-ferido-por-explosivo-na-cabeca-durante-ato-na-central-do-brasil-no-centro-do-rio-de-janeiro-o-objeto-explodiu-muito-perto-da-cabeca-do-reporter-cinem.jpg 615w\" sizes=\"(max-width: 362px) 100vw, 362px\" \/><\/a><p id=\"caption-attachment-912\" class=\"wp-caption-text\">Cinegrafista da Band \u00e9 ferido por explosivo na cabe\u00e7a, durante ato na Central do Brasil, no centro do Rio em 2014<\/p><\/div>\n<p style=\"text-align: justify;\">Ao longo do ano, a Artigo 19 identificou seis mortes de comunicadores relacionados \u00e0 atividade profissional. Em tr\u00eas casos, segundo o relat\u00f3rio, os assassinatos t\u00eam liga\u00e7\u00e3o com den\u00fancias feitas pelas v\u00edtimas contra pol\u00edticos, governo local ou crime organizado. Em dois casos, as mortes ocorreram devido a investiga\u00e7\u00f5es conduzidas por comunicadores. H\u00e1 ainda uma ocorr\u00eancia em que o homic\u00eddio foi motivado pela opini\u00e3o expressa pela v\u00edtima sobre pol\u00edticos da regi\u00e3o onde trabalhava.<\/p>\n<p style=\"text-align: justify;\">Desses, cinco casos ocorreram no Nordeste \u2013 dois no Maranh\u00e3o, um no Cear\u00e1 e outro em Pernambuco. Minas Gerais registrou uma morte. A Regi\u00e3o Nordeste tamb\u00e9m teve o maior n\u00famero de casos na an\u00e1lise do total de viola\u00e7\u00f5es, 57% das ocorr\u00eancias. O Maranh\u00e3o respondeu sozinho por 20% dos atentados contra a liberdade de express\u00e3o, o mesmo percentual contabilizado em toda a Regi\u00e3o Sudeste (20%). Na Regi\u00e3o Norte, aconteceram 11% dos fatos narrados no relat\u00f3rio, no Sul, 9%, e no Centro-Oeste, 3%.<\/p>\n<p style=\"text-align: justify;\">Para determinar a motiva\u00e7\u00e3o dos crimes, a ONG fez investiga\u00e7\u00f5es independentes ouvindo as v\u00edtimas, quando poss\u00edvel, ou colegas de trabalho dos alvos dos ataques. Algumas das pessoas que trabalhavam com o radialista Gladyson Carvalho, no Cear\u00e1, por exemplo, contaram que antes de ser baleado dentro do est\u00fadio da r\u00e1dio FM Liberdade, ele havia recebido amea\u00e7as pelas den\u00fancias e cr\u00edticas que fazia a pol\u00edticos de Camocim (CE). A informa\u00e7\u00e3o foi confirmada pela pol\u00edcia, que descobriu tentativas de intimida\u00e7\u00e3o feitas por redes sociais.<\/p>\n<p style=\"text-align: justify;\"><strong>Amea\u00e7as<\/strong><\/p>\n<p style=\"text-align: justify;\">A falta de resposta do Estado \u00e0s amea\u00e7as \u00e9 um dos pontos em comum encontrado pelo relat\u00f3rio nas situa\u00e7\u00f5es que resultam em assassinato dos jornalistas, radialistas e blogueiros. Ao todo, foram identificados 22 casos de amea\u00e7as de morte, n\u00e3o consumadas, contra comunicadores em 2015. Dessas, 15 est\u00e3o relacionadas a den\u00fancias feitas pelas v\u00edtimas.<\/p>\n<p style=\"text-align: justify;\">O editor do <em>blog<\/em> M\u00eddia Perif\u00e9rica, Enderson Ara\u00fajo, deixou Salvador (BA) ap\u00f3s ser intimidado e at\u00e9 ser abordado por um policial militar. As a\u00e7\u00f5es foram uma rea\u00e7\u00e3o ao artigo publicado pela revista Carta Capital em que critica a viol\u00eancia da pol\u00edcia em<a href=\"http:\/\/agenciabrasil.ebc.com.br\/direitos-humanos\/noticia\/2016-02\/um-ano-apos-chacina-do-cabula-justica-global-pede-federalizacao-do\" target=\"_blank\"> opera\u00e7\u00f5es como a feita no bairro do Cabula<\/a>, que culminou com 15 mortes em fevereiro.<\/p>\n<p style=\"text-align: justify;\">Foram contabilizados ainda sete casos de tentativa de assassinato. Tr\u00eas atentados contra jornalistas, dois contra blogueiros, um contra um fot\u00f3grafo e um contra um propriet\u00e1rio de jornal. Den\u00fancias e cr\u00edticas contra pol\u00edticos ou a administra\u00e7\u00e3o local foram os motivos de cinco dessas ocorr\u00eancias.<\/p>\n<p style=\"text-align: justify;\">Em Nova Odessa, no interior de S\u00e3o Paulo, a casa do jornalista Renato Silva, que tamb\u00e9m funciona como sede da publica\u00e7\u00e3o <em>Varal de Not\u00edcias<\/em> foi alvo de uma bomba. Equipamentos, portas e janelas foram danificados. Renato acredita que a\u00e7\u00e3o foi motivada pela cobertura que tem feito das pol\u00edticas p\u00fablicas da regi\u00e3o.<\/p>\n<p style=\"text-align: justify;\">A Artigo 19 chama a aten\u00e7\u00e3o para a repeti\u00e7\u00e3o dos padr\u00f5es da viol\u00eancia contra comunicadores ao longo dos \u00faltimos anos. \u201cOs crimes seguem ocorrendo no mesmo modus operandi, com as mesmas motiva\u00e7\u00f5es dos anos anteriores e levados a cabo pelos mesmos perfis de mandantes. Os agentes do Estado mais uma vez figuram entre os principais violadores, reprimindo comunicadores que atuam em temas de interesse p\u00fablico, denunciam irregularidades na gest\u00e3o p\u00fablica e buscam transpar\u00eancia na atua\u00e7\u00e3o pol\u00edtica de seus representantes\u201d, destaca o relat\u00f3rio.<\/p>\n<p style=\"text-align: justify;\">Daniel Mello, Rep\u00f3rter da Ag\u00eancia Brasil<\/p>\n<p style=\"text-align: justify;\">Fonte: <a href=\"http:\/\/agenciabrasil.ebc.com.br\/\" target=\"_blank\">EBC &#8211; Ag\u00eancia Brasil<\/a><\/p>\n","protected":false},"excerpt":{"rendered":"<p>Levantamento divulgado hoje (3) pela organiza\u00e7\u00e3o n\u00e3o governamental (ONG) Artigo 19 indicou 35 viola\u00e7\u00f5es contra a liberdade de express\u00e3o de comunicadores brasileiros em 2015. Foram identificados assassinatos, tentativas de homic\u00eddio e amea\u00e7as contra jornalistas, radialistas e blogueiros devido ao exerc\u00edcio de suas fun\u00e7\u00f5es. Com isso, a organiza\u00e7\u00e3o contabiliza 121 comunicadores v\u00edtimas de algum tipo de [&hellip;]<\/p>\n","protected":false},"author":28,"featured_media":0,"comment_status":"closed","ping_status":"closed","sticky":false,"template":"","format":"standard","meta":{"_monsterinsights_skip_tracking":false,"_monsterinsights_sitenote_active":false,"_monsterinsights_sitenote_note":"","_monsterinsights_sitenote_category":0,"footnotes":""},"categories":[12],"tags":[108,76,106,107,110,109],"yoast_head":"<!-- This site is optimized with the Yoast SEO plugin v22.2 - https:\/\/yoast.com\/wordpress\/plugins\/seo\/ -->\n<title>Estudo identifica 35 casos de viol\u00eancia contra comunicadores no Brasil em 2015 - Comunica\u00e7\u00e3o Eleitoral<\/title>\n<meta name=\"description\" content=\"Levantamento divulgado pela ONG Artigo 19 indicou 35 viola\u00e7\u00f5es contra a liberdade de express\u00e3o de comunicadores brasileiros em 2015.\" \/>\n<meta name=\"robots\" content=\"index, follow, max-snippet:-1, max-image-preview:large, max-video-preview:-1\" \/>\n<link rel=\"canonical\" href=\"https:\/\/comunicacaoeleitoral.ufpr.br\/index.php\/2016\/05\/03\/estudo-identifica-35-casos-de-violencia-contra-comunicadores-no-brasil-em-2015\/\" \/>\n<meta property=\"og:locale\" content=\"pt_BR\" \/>\n<meta property=\"og:type\" content=\"article\" \/>\n<meta property=\"og:title\" content=\"Estudo identifica 35 casos de viol\u00eancia contra comunicadores no Brasil em 2015 - Comunica\u00e7\u00e3o Eleitoral\" \/>\n<meta property=\"og:description\" content=\"Levantamento divulgado pela ONG Artigo 19 indicou 35 viola\u00e7\u00f5es contra a liberdade de express\u00e3o de comunicadores brasileiros em 2015.\" \/>\n<meta property=\"og:url\" content=\"https:\/\/comunicacaoeleitoral.ufpr.br\/index.php\/2016\/05\/03\/estudo-identifica-35-casos-de-violencia-contra-comunicadores-no-brasil-em-2015\/\" \/>\n<meta property=\"og:site_name\" content=\"Comunica\u00e7\u00e3o Eleitoral\" \/>\n<meta property=\"article:publisher\" content=\"https:\/\/www.facebook.com\/Comunica%c3%a7%c3%a3o-Eleitoral-564214587069724\/\" \/>\n<meta property=\"article:published_time\" content=\"2016-05-03T12:14:28+00:00\" \/>\n<meta property=\"article:modified_time\" content=\"2016-05-03T12:16:19+00:00\" \/>\n<meta property=\"og:image\" content=\"https:\/\/comunicacaoeleitoral.ufpr.br\/wp-content\/uploads\/2016\/05\/6fev2014-cinegrafista-da-band-e-ferido-por-explosivo-na-cabeca-durante-ato-na-central-do-brasil-no-centro-do-rio-de-janeiro-o-objeto-explodiu-muito-perto-da-cabeca-do-reporter-cinem-300x146.jpg\" \/>\n<meta name=\"author\" content=\"Vivian Lemos\" \/>\n<meta name=\"twitter:card\" content=\"summary_large_image\" \/>\n<meta name=\"twitter:label1\" content=\"Escrito por\" \/>\n\t<meta name=\"twitter:data1\" content=\"Vivian Lemos\" \/>\n\t<meta name=\"twitter:label2\" content=\"Est. tempo de leitura\" \/>\n\t<meta name=\"twitter:data2\" content=\"3 minutos\" \/>\n<script type=\"application\/ld+json\" class=\"yoast-schema-graph\">{\"@context\":\"https:\/\/schema.org\",\"@graph\":[{\"@type\":\"Article\",\"@id\":\"https:\/\/comunicacaoeleitoral.ufpr.br\/index.php\/2016\/05\/03\/estudo-identifica-35-casos-de-violencia-contra-comunicadores-no-brasil-em-2015\/#article\",\"isPartOf\":{\"@id\":\"https:\/\/comunicacaoeleitoral.ufpr.br\/index.php\/2016\/05\/03\/estudo-identifica-35-casos-de-violencia-contra-comunicadores-no-brasil-em-2015\/\"},\"author\":{\"name\":\"Vivian Lemos\",\"@id\":\"https:\/\/comunicacaoeleitoral.ufpr.br\/#\/schema\/person\/877ba45697f2179310c85ad2f43514af\"},\"headline\":\"Estudo identifica 35 casos de viol\u00eancia contra comunicadores no Brasil em 2015\",\"datePublished\":\"2016-05-03T12:14:28+00:00\",\"dateModified\":\"2016-05-03T12:16:19+00:00\",\"mainEntityOfPage\":{\"@id\":\"https:\/\/comunicacaoeleitoral.ufpr.br\/index.php\/2016\/05\/03\/estudo-identifica-35-casos-de-violencia-contra-comunicadores-no-brasil-em-2015\/\"},\"wordCount\":706,\"publisher\":{\"@id\":\"https:\/\/comunicacaoeleitoral.ufpr.br\/#organization\"},\"image\":{\"@id\":\"https:\/\/comunicacaoeleitoral.ufpr.br\/index.php\/2016\/05\/03\/estudo-identifica-35-casos-de-violencia-contra-comunicadores-no-brasil-em-2015\/#primaryimage\"},\"thumbnailUrl\":\"https:\/\/comunicacaoeleitoral.ufpr.br\/wp-content\/uploads\/2016\/05\/6fev2014-cinegrafista-da-band-e-ferido-por-explosivo-na-cabeca-durante-ato-na-central-do-brasil-no-centro-do-rio-de-janeiro-o-objeto-explodiu-muito-perto-da-cabeca-do-reporter-cinem-300x146.jpg\",\"keywords\":[\"assessores\",\"comunicadores\",\"direitos humanos\",\"jornalistas\",\"liberdade de express\u00e3o\",\"ong\"],\"articleSection\":[\"Pol\u00edtica em foco\"],\"inLanguage\":\"pt-BR\"},{\"@type\":\"WebPage\",\"@id\":\"https:\/\/comunicacaoeleitoral.ufpr.br\/index.php\/2016\/05\/03\/estudo-identifica-35-casos-de-violencia-contra-comunicadores-no-brasil-em-2015\/\",\"url\":\"https:\/\/comunicacaoeleitoral.ufpr.br\/index.php\/2016\/05\/03\/estudo-identifica-35-casos-de-violencia-contra-comunicadores-no-brasil-em-2015\/\",\"name\":\"Estudo identifica 35 casos de viol\u00eancia contra comunicadores no Brasil em 2015 - Comunica\u00e7\u00e3o Eleitoral\",\"isPartOf\":{\"@id\":\"https:\/\/comunicacaoeleitoral.ufpr.br\/#website\"},\"primaryImageOfPage\":{\"@id\":\"https:\/\/comunicacaoeleitoral.ufpr.br\/index.php\/2016\/05\/03\/estudo-identifica-35-casos-de-violencia-contra-comunicadores-no-brasil-em-2015\/#primaryimage\"},\"image\":{\"@id\":\"https:\/\/comunicacaoeleitoral.ufpr.br\/index.php\/2016\/05\/03\/estudo-identifica-35-casos-de-violencia-contra-comunicadores-no-brasil-em-2015\/#primaryimage\"},\"thumbnailUrl\":\"https:\/\/comunicacaoeleitoral.ufpr.br\/wp-content\/uploads\/2016\/05\/6fev2014-cinegrafista-da-band-e-ferido-por-explosivo-na-cabeca-durante-ato-na-central-do-brasil-no-centro-do-rio-de-janeiro-o-objeto-explodiu-muito-perto-da-cabeca-do-reporter-cinem-300x146.jpg\",\"datePublished\":\"2016-05-03T12:14:28+00:00\",\"dateModified\":\"2016-05-03T12:16:19+00:00\",\"description\":\"Levantamento divulgado pela ONG Artigo 19 indicou 35 viola\u00e7\u00f5es contra a liberdade de express\u00e3o de comunicadores brasileiros em 2015.\",\"breadcrumb\":{\"@id\":\"https:\/\/comunicacaoeleitoral.ufpr.br\/index.php\/2016\/05\/03\/estudo-identifica-35-casos-de-violencia-contra-comunicadores-no-brasil-em-2015\/#breadcrumb\"},\"inLanguage\":\"pt-BR\",\"potentialAction\":[{\"@type\":\"ReadAction\",\"target\":[\"https:\/\/comunicacaoeleitoral.ufpr.br\/index.php\/2016\/05\/03\/estudo-identifica-35-casos-de-violencia-contra-comunicadores-no-brasil-em-2015\/\"]}]},{\"@type\":\"ImageObject\",\"inLanguage\":\"pt-BR\",\"@id\":\"https:\/\/comunicacaoeleitoral.ufpr.br\/index.php\/2016\/05\/03\/estudo-identifica-35-casos-de-violencia-contra-comunicadores-no-brasil-em-2015\/#primaryimage\",\"url\":\"https:\/\/comunicacaoeleitoral.ufpr.br\/wp-content\/uploads\/2016\/05\/6fev2014-cinegrafista-da-band-e-ferido-por-explosivo-na-cabeca-durante-ato-na-central-do-brasil-no-centro-do-rio-de-janeiro-o-objeto-explodiu-muito-perto-da-cabeca-do-reporter-cinem.jpg\",\"contentUrl\":\"https:\/\/comunicacaoeleitoral.ufpr.br\/wp-content\/uploads\/2016\/05\/6fev2014-cinegrafista-da-band-e-ferido-por-explosivo-na-cabeca-durante-ato-na-central-do-brasil-no-centro-do-rio-de-janeiro-o-objeto-explodiu-muito-perto-da-cabeca-do-reporter-cinem.jpg\",\"width\":615,\"height\":300,\"caption\":\"Cinegrafista da Band \u00e9 ferido por explosivo na cabe\u00e7a, durante ato na Central do Brasil, no centro do Rio em 2014\"},{\"@type\":\"BreadcrumbList\",\"@id\":\"https:\/\/comunicacaoeleitoral.ufpr.br\/index.php\/2016\/05\/03\/estudo-identifica-35-casos-de-violencia-contra-comunicadores-no-brasil-em-2015\/#breadcrumb\",\"itemListElement\":[{\"@type\":\"ListItem\",\"position\":1,\"name\":\"In\u00edcio\",\"item\":\"https:\/\/comunicacaoeleitoral.ufpr.br\/\"},{\"@type\":\"ListItem\",\"position\":2,\"name\":\"Estudo identifica 35 casos de viol\u00eancia contra comunicadores no Brasil em 2015\"}]},{\"@type\":\"WebSite\",\"@id\":\"https:\/\/comunicacaoeleitoral.ufpr.br\/#website\",\"url\":\"https:\/\/comunicacaoeleitoral.ufpr.br\/\",\"name\":\"Comunica\u00e7\u00e3o Eleitoral\",\"description\":\"Grupo de pesquisa ligado \u00e0 linha de Comunica\u00e7\u00e3o e Pol\u00edtica do Programa de P\u00f3s-gradua\u00e7\u00e3o em Comunica\u00e7\u00e3o da Universidade Federal do Paran\u00e1.\",\"publisher\":{\"@id\":\"https:\/\/comunicacaoeleitoral.ufpr.br\/#organization\"},\"potentialAction\":[{\"@type\":\"SearchAction\",\"target\":{\"@type\":\"EntryPoint\",\"urlTemplate\":\"https:\/\/comunicacaoeleitoral.ufpr.br\/?s={search_term_string}\"},\"query-input\":\"required name=search_term_string\"}],\"inLanguage\":\"pt-BR\"},{\"@type\":\"Organization\",\"@id\":\"https:\/\/comunicacaoeleitoral.ufpr.br\/#organization\",\"name\":\"Comunica\u00e7\u00e3o Eleitoral\",\"url\":\"https:\/\/comunicacaoeleitoral.ufpr.br\/\",\"logo\":{\"@type\":\"ImageObject\",\"inLanguage\":\"pt-BR\",\"@id\":\"https:\/\/comunicacaoeleitoral.ufpr.br\/#\/schema\/logo\/image\/\",\"url\":\"https:\/\/comunicacaoeleitoral.ufpr.br\/wp-content\/uploads\/2015\/05\/header2c_celtalks.png\",\"contentUrl\":\"https:\/\/comunicacaoeleitoral.ufpr.br\/wp-content\/uploads\/2015\/05\/header2c_celtalks.png\",\"width\":1800,\"height\":674,\"caption\":\"Comunica\u00e7\u00e3o Eleitoral\"},\"image\":{\"@id\":\"https:\/\/comunicacaoeleitoral.ufpr.br\/#\/schema\/logo\/image\/\"},\"sameAs\":[\"https:\/\/www.facebook.com\/Comunica\u00e7\u00e3o-Eleitoral-564214587069724\/\",\"https:\/\/www.instagram.com\/comunicacaoeleitoral\/\",\"https:\/\/www.youtube.com\/ocanalpanke\"]},{\"@type\":\"Person\",\"@id\":\"https:\/\/comunicacaoeleitoral.ufpr.br\/#\/schema\/person\/877ba45697f2179310c85ad2f43514af\",\"name\":\"Vivian Lemos\",\"image\":{\"@type\":\"ImageObject\",\"inLanguage\":\"pt-BR\",\"@id\":\"https:\/\/comunicacaoeleitoral.ufpr.br\/#\/schema\/person\/image\/\",\"url\":\"https:\/\/secure.gravatar.com\/avatar\/b2a4a041bee382da046e85d3060b128c?s=96&d=mm&r=g\",\"contentUrl\":\"https:\/\/secure.gravatar.com\/avatar\/b2a4a041bee382da046e85d3060b128c?s=96&d=mm&r=g\",\"caption\":\"Vivian Lemos\"},\"url\":\"https:\/\/comunicacaoeleitoral.ufpr.br\/index.php\/author\/vivian-lemos\/\"}]}<\/script>\n<!-- \/ Yoast SEO plugin. -->","yoast_head_json":{"title":"Estudo identifica 35 casos de viol\u00eancia contra comunicadores no Brasil em 2015 - Comunica\u00e7\u00e3o Eleitoral","description":"Levantamento divulgado pela ONG Artigo 19 indicou 35 viola\u00e7\u00f5es contra a liberdade de express\u00e3o de comunicadores brasileiros em 2015.","robots":{"index":"index","follow":"follow","max-snippet":"max-snippet:-1","max-image-preview":"max-image-preview:large","max-video-preview":"max-video-preview:-1"},"canonical":"https:\/\/comunicacaoeleitoral.ufpr.br\/index.php\/2016\/05\/03\/estudo-identifica-35-casos-de-violencia-contra-comunicadores-no-brasil-em-2015\/","og_locale":"pt_BR","og_type":"article","og_title":"Estudo identifica 35 casos de viol\u00eancia contra comunicadores no Brasil em 2015 - Comunica\u00e7\u00e3o Eleitoral","og_description":"Levantamento divulgado pela ONG Artigo 19 indicou 35 viola\u00e7\u00f5es contra a liberdade de express\u00e3o de comunicadores brasileiros em 2015.","og_url":"https:\/\/comunicacaoeleitoral.ufpr.br\/index.php\/2016\/05\/03\/estudo-identifica-35-casos-de-violencia-contra-comunicadores-no-brasil-em-2015\/","og_site_name":"Comunica\u00e7\u00e3o Eleitoral","article_publisher":"https:\/\/www.facebook.com\/Comunica%c3%a7%c3%a3o-Eleitoral-564214587069724\/","article_published_time":"2016-05-03T12:14:28+00:00","article_modified_time":"2016-05-03T12:16:19+00:00","og_image":[{"url":"https:\/\/comunicacaoeleitoral.ufpr.br\/wp-content\/uploads\/2016\/05\/6fev2014-cinegrafista-da-band-e-ferido-por-explosivo-na-cabeca-durante-ato-na-central-do-brasil-no-centro-do-rio-de-janeiro-o-objeto-explodiu-muito-perto-da-cabeca-do-reporter-cinem-300x146.jpg"}],"author":"Vivian Lemos","twitter_card":"summary_large_image","twitter_misc":{"Escrito por":"Vivian Lemos","Est. tempo de leitura":"3 minutos"},"schema":{"@context":"https:\/\/schema.org","@graph":[{"@type":"Article","@id":"https:\/\/comunicacaoeleitoral.ufpr.br\/index.php\/2016\/05\/03\/estudo-identifica-35-casos-de-violencia-contra-comunicadores-no-brasil-em-2015\/#article","isPartOf":{"@id":"https:\/\/comunicacaoeleitoral.ufpr.br\/index.php\/2016\/05\/03\/estudo-identifica-35-casos-de-violencia-contra-comunicadores-no-brasil-em-2015\/"},"author":{"name":"Vivian Lemos","@id":"https:\/\/comunicacaoeleitoral.ufpr.br\/#\/schema\/person\/877ba45697f2179310c85ad2f43514af"},"headline":"Estudo identifica 35 casos de viol\u00eancia contra comunicadores no Brasil em 2015","datePublished":"2016-05-03T12:14:28+00:00","dateModified":"2016-05-03T12:16:19+00:00","mainEntityOfPage":{"@id":"https:\/\/comunicacaoeleitoral.ufpr.br\/index.php\/2016\/05\/03\/estudo-identifica-35-casos-de-violencia-contra-comunicadores-no-brasil-em-2015\/"},"wordCount":706,"publisher":{"@id":"https:\/\/comunicacaoeleitoral.ufpr.br\/#organization"},"image":{"@id":"https:\/\/comunicacaoeleitoral.ufpr.br\/index.php\/2016\/05\/03\/estudo-identifica-35-casos-de-violencia-contra-comunicadores-no-brasil-em-2015\/#primaryimage"},"thumbnailUrl":"https:\/\/comunicacaoeleitoral.ufpr.br\/wp-content\/uploads\/2016\/05\/6fev2014-cinegrafista-da-band-e-ferido-por-explosivo-na-cabeca-durante-ato-na-central-do-brasil-no-centro-do-rio-de-janeiro-o-objeto-explodiu-muito-perto-da-cabeca-do-reporter-cinem-300x146.jpg","keywords":["assessores","comunicadores","direitos humanos","jornalistas","liberdade de express\u00e3o","ong"],"articleSection":["Pol\u00edtica em foco"],"inLanguage":"pt-BR"},{"@type":"WebPage","@id":"https:\/\/comunicacaoeleitoral.ufpr.br\/index.php\/2016\/05\/03\/estudo-identifica-35-casos-de-violencia-contra-comunicadores-no-brasil-em-2015\/","url":"https:\/\/comunicacaoeleitoral.ufpr.br\/index.php\/2016\/05\/03\/estudo-identifica-35-casos-de-violencia-contra-comunicadores-no-brasil-em-2015\/","name":"Estudo identifica 35 casos de viol\u00eancia contra comunicadores no Brasil em 2015 - Comunica\u00e7\u00e3o Eleitoral","isPartOf":{"@id":"https:\/\/comunicacaoeleitoral.ufpr.br\/#website"},"primaryImageOfPage":{"@id":"https:\/\/comunicacaoeleitoral.ufpr.br\/index.php\/2016\/05\/03\/estudo-identifica-35-casos-de-violencia-contra-comunicadores-no-brasil-em-2015\/#primaryimage"},"image":{"@id":"https:\/\/comunicacaoeleitoral.ufpr.br\/index.php\/2016\/05\/03\/estudo-identifica-35-casos-de-violencia-contra-comunicadores-no-brasil-em-2015\/#primaryimage"},"thumbnailUrl":"https:\/\/comunicacaoeleitoral.ufpr.br\/wp-content\/uploads\/2016\/05\/6fev2014-cinegrafista-da-band-e-ferido-por-explosivo-na-cabeca-durante-ato-na-central-do-brasil-no-centro-do-rio-de-janeiro-o-objeto-explodiu-muito-perto-da-cabeca-do-reporter-cinem-300x146.jpg","datePublished":"2016-05-03T12:14:28+00:00","dateModified":"2016-05-03T12:16:19+00:00","description":"Levantamento divulgado pela ONG Artigo 19 indicou 35 viola\u00e7\u00f5es contra a liberdade de express\u00e3o de comunicadores brasileiros em 2015.","breadcrumb":{"@id":"https:\/\/comunicacaoeleitoral.ufpr.br\/index.php\/2016\/05\/03\/estudo-identifica-35-casos-de-violencia-contra-comunicadores-no-brasil-em-2015\/#breadcrumb"},"inLanguage":"pt-BR","potentialAction":[{"@type":"ReadAction","target":["https:\/\/comunicacaoeleitoral.ufpr.br\/index.php\/2016\/05\/03\/estudo-identifica-35-casos-de-violencia-contra-comunicadores-no-brasil-em-2015\/"]}]},{"@type":"ImageObject","inLanguage":"pt-BR","@id":"https:\/\/comunicacaoeleitoral.ufpr.br\/index.php\/2016\/05\/03\/estudo-identifica-35-casos-de-violencia-contra-comunicadores-no-brasil-em-2015\/#primaryimage","url":"https:\/\/comunicacaoeleitoral.ufpr.br\/wp-content\/uploads\/2016\/05\/6fev2014-cinegrafista-da-band-e-ferido-por-explosivo-na-cabeca-durante-ato-na-central-do-brasil-no-centro-do-rio-de-janeiro-o-objeto-explodiu-muito-perto-da-cabeca-do-reporter-cinem.jpg","contentUrl":"https:\/\/comunicacaoeleitoral.ufpr.br\/wp-content\/uploads\/2016\/05\/6fev2014-cinegrafista-da-band-e-ferido-por-explosivo-na-cabeca-durante-ato-na-central-do-brasil-no-centro-do-rio-de-janeiro-o-objeto-explodiu-muito-perto-da-cabeca-do-reporter-cinem.jpg","width":615,"height":300,"caption":"Cinegrafista da Band \u00e9 ferido por explosivo na cabe\u00e7a, durante ato na Central do Brasil, no centro do Rio em 2014"},{"@type":"BreadcrumbList","@id":"https:\/\/comunicacaoeleitoral.ufpr.br\/index.php\/2016\/05\/03\/estudo-identifica-35-casos-de-violencia-contra-comunicadores-no-brasil-em-2015\/#breadcrumb","itemListElement":[{"@type":"ListItem","position":1,"name":"In\u00edcio","item":"https:\/\/comunicacaoeleitoral.ufpr.br\/"},{"@type":"ListItem","position":2,"name":"Estudo identifica 35 casos de viol\u00eancia contra comunicadores no Brasil em 2015"}]},{"@type":"WebSite","@id":"https:\/\/comunicacaoeleitoral.ufpr.br\/#website","url":"https:\/\/comunicacaoeleitoral.ufpr.br\/","name":"Comunica\u00e7\u00e3o Eleitoral","description":"Grupo de pesquisa ligado \u00e0 linha de Comunica\u00e7\u00e3o e Pol\u00edtica do Programa de P\u00f3s-gradua\u00e7\u00e3o em Comunica\u00e7\u00e3o da Universidade Federal do Paran\u00e1.","publisher":{"@id":"https:\/\/comunicacaoeleitoral.ufpr.br\/#organization"},"potentialAction":[{"@type":"SearchAction","target":{"@type":"EntryPoint","urlTemplate":"https:\/\/comunicacaoeleitoral.ufpr.br\/?s={search_term_string}"},"query-input":"required name=search_term_string"}],"inLanguage":"pt-BR"},{"@type":"Organization","@id":"https:\/\/comunicacaoeleitoral.ufpr.br\/#organization","name":"Comunica\u00e7\u00e3o Eleitoral","url":"https:\/\/comunicacaoeleitoral.ufpr.br\/","logo":{"@type":"ImageObject","inLanguage":"pt-BR","@id":"https:\/\/comunicacaoeleitoral.ufpr.br\/#\/schema\/logo\/image\/","url":"https:\/\/comunicacaoeleitoral.ufpr.br\/wp-content\/uploads\/2015\/05\/header2c_celtalks.png","contentUrl":"https:\/\/comunicacaoeleitoral.ufpr.br\/wp-content\/uploads\/2015\/05\/header2c_celtalks.png","width":1800,"height":674,"caption":"Comunica\u00e7\u00e3o Eleitoral"},"image":{"@id":"https:\/\/comunicacaoeleitoral.ufpr.br\/#\/schema\/logo\/image\/"},"sameAs":["https:\/\/www.facebook.com\/Comunica\u00e7\u00e3o-Eleitoral-564214587069724\/","https:\/\/www.instagram.com\/comunicacaoeleitoral\/","https:\/\/www.youtube.com\/ocanalpanke"]},{"@type":"Person","@id":"https:\/\/comunicacaoeleitoral.ufpr.br\/#\/schema\/person\/877ba45697f2179310c85ad2f43514af","name":"Vivian Lemos","image":{"@type":"ImageObject","inLanguage":"pt-BR","@id":"https:\/\/comunicacaoeleitoral.ufpr.br\/#\/schema\/person\/image\/","url":"https:\/\/secure.gravatar.com\/avatar\/b2a4a041bee382da046e85d3060b128c?s=96&d=mm&r=g","contentUrl":"https:\/\/secure.gravatar.com\/avatar\/b2a4a041bee382da046e85d3060b128c?s=96&d=mm&r=g","caption":"Vivian Lemos"},"url":"https:\/\/comunicacaoeleitoral.ufpr.br\/index.php\/author\/vivian-lemos\/"}]}},"_links":{"self":[{"href":"https:\/\/comunicacaoeleitoral.ufpr.br\/index.php\/wp-json\/wp\/v2\/posts\/911"}],"collection":[{"href":"https:\/\/comunicacaoeleitoral.ufpr.br\/index.php\/wp-json\/wp\/v2\/posts"}],"about":[{"href":"https:\/\/comunicacaoeleitoral.ufpr.br\/index.php\/wp-json\/wp\/v2\/types\/post"}],"author":[{"embeddable":true,"href":"https:\/\/comunicacaoeleitoral.ufpr.br\/index.php\/wp-json\/wp\/v2\/users\/28"}],"replies":[{"embeddable":true,"href":"https:\/\/comunicacaoeleitoral.ufpr.br\/index.php\/wp-json\/wp\/v2\/comments?post=911"}],"version-history":[{"count":4,"href":"https:\/\/comunicacaoeleitoral.ufpr.br\/index.php\/wp-json\/wp\/v2\/posts\/911\/revisions"}],"predecessor-version":[{"id":916,"href":"https:\/\/comunicacaoeleitoral.ufpr.br\/index.php\/wp-json\/wp\/v2\/posts\/911\/revisions\/916"}],"wp:attachment":[{"href":"https:\/\/comunicacaoeleitoral.ufpr.br\/index.php\/wp-json\/wp\/v2\/media?parent=911"}],"wp:term":[{"taxonomy":"category","embeddable":true,"href":"https:\/\/comunicacaoeleitoral.ufpr.br\/index.php\/wp-json\/wp\/v2\/categories?post=911"},{"taxonomy":"post_tag","embeddable":true,"href":"https:\/\/comunicacaoeleitoral.ufpr.br\/index.php\/wp-json\/wp\/v2\/tags?post=911"}],"curies":[{"name":"wp","href":"https:\/\/api.w.org\/{rel}","templated":true}]}}