{"id":846,"date":"2016-04-25T19:48:19","date_gmt":"2016-04-25T19:48:19","guid":{"rendered":"https:\/\/comunicacaoeleitoral.ufpr.br\/?p=846"},"modified":"2016-05-02T14:36:20","modified_gmt":"2016-05-02T14:36:20","slug":"pesquisa-ibope-mostra-que-62-preferem-novas-eleicoes-presidenciais","status":"publish","type":"post","link":"https:\/\/comunicacaoeleitoral.ufpr.br\/index.php\/2016\/04\/25\/pesquisa-ibope-mostra-que-62-preferem-novas-eleicoes-presidenciais\/","title":{"rendered":"Pesquisa Ibope mostra que 62% preferem novas elei\u00e7\u00f5es presidenciais"},"content":{"rendered":"<p>Pesquisa Ibope realizada de 14 a 18 de abril mostra que 62% dos entrevistados preferem novas elei\u00e7\u00f5es presidenciais. Foram ouvidas 2.022 pessoas em 142 munic\u00edpios. A margem de erro \u00e9 de dois pontos percentuais para mais ou para menos.<\/p>\n<div id=\"attachment_847\" style=\"width: 310px\" class=\"wp-caption alignnone\"><a href=\"https:\/\/comunicacaoeleitoral.ufpr.br\/wp-content\/uploads\/2016\/04\/eleicoes2016.jpg\"><img loading=\"lazy\" decoding=\"async\" aria-describedby=\"caption-attachment-847\" class=\"size-medium wp-image-847\" src=\"https:\/\/comunicacaoeleitoral.ufpr.br\/wp-content\/uploads\/2016\/04\/eleicoes2016-300x182.jpg\" alt=\"Foto: Jos\u00e9 Cruz\/Ag\u00eancia Brasil\" width=\"300\" height=\"182\" srcset=\"https:\/\/comunicacaoeleitoral.ufpr.br\/wp-content\/uploads\/2016\/04\/eleicoes2016-300x182.jpg 300w, https:\/\/comunicacaoeleitoral.ufpr.br\/wp-content\/uploads\/2016\/04\/eleicoes2016-1024x622.jpg 1024w\" sizes=\"(max-width: 300px) 100vw, 300px\" \/><\/a><p id=\"caption-attachment-847\" class=\"wp-caption-text\">Foto: Jos\u00e9 Cruz\/Ag\u00eancia Brasil<\/p><\/div>\n<p>Segundo os entrevistados, a melhor forma de superar o momento de crise pol\u00edtica seria:<br \/>\n62% &#8211; Dilma e Michel Temer sa\u00edrem do governo e ocorrerem novas elei\u00e7\u00f5es para presidente<br \/>\n25% &#8211; Dilma continuar seu mandato com um novo pacto entre governo e oposi\u00e7\u00e3o<br \/>\n8% &#8211; Dilma sofrer impeachment e o vice-presidente Michel Temer assumir a presid\u00eancia<br \/>\n3% &#8211; N\u00e3o sabe\/n\u00e3o respondeu<br \/>\n2% &#8211; Nenhuma dessas\/outra<\/p>\n<p>&nbsp;<br \/>\nO Ibope tamb\u00e9m perguntou com qual das frases o entrevistado est\u00e1 mais de acordo:<br \/>\n40% &#8211; A democracia \u00e9 prefer\u00edvel a qualquer outra forma de governo<br \/>\n34% &#8211; Para as pessoas em geral, d\u00e1 na mesma se um regime \u00e9 democr\u00e1tico ou n\u00e3o<br \/>\n15% &#8211; Em algumas circunst\u00e2ncias, um governo autorit\u00e1rio pode ser prefer\u00edvel a um governo democr\u00e1tico<br \/>\n11% &#8211; N\u00e3o sabe\/n\u00e3o respondeu<\/p>\n<p>&nbsp;<br \/>\nQuestionados sobre o grau de satisfa\u00e7\u00e3o em rela\u00e7\u00e3o ao funcionamento da democracia no Brasil, os resultados foram os seguintes:<br \/>\n49% &#8211; Nada satisfeito<br \/>\n34% &#8211; Pouco satisfeito<br \/>\n12% &#8211; Satisfeito<br \/>\n3% &#8211; N\u00e3o sabe\/n\u00e3o respondeu<br \/>\n2% &#8211; Muito satisfeito<\/p>\n<p>&nbsp;<br \/>\nSegundo o Ibope, as perguntas cujas somas das porcentagens n\u00e3o totalizam 100% s\u00e3o decorrentes de arredondamentos ou de m\u00faltiplas respostas. O n\u00edvel de confian\u00e7a da pesquisa \u00e9 de 95%.<\/p>\n<p>Fonte: G1<\/p>\n","protected":false},"excerpt":{"rendered":"<p>Pesquisa Ibope realizada de 14 a 18 de abril mostra que 62% dos entrevistados preferem novas elei\u00e7\u00f5es presidenciais. Foram ouvidas 2.022 pessoas em 142 munic\u00edpios. A margem de erro \u00e9 de dois pontos percentuais para mais ou para menos. Segundo os entrevistados, a melhor forma de superar o momento de crise pol\u00edtica seria: 62% &#8211; [&hellip;]<\/p>\n","protected":false},"author":29,"featured_media":0,"comment_status":"closed","ping_status":"closed","sticky":false,"template":"","format":"standard","meta":{"_monsterinsights_skip_tracking":false,"_monsterinsights_sitenote_active":false,"_monsterinsights_sitenote_note":"","_monsterinsights_sitenote_category":0,"footnotes":""},"categories":[12],"tags":[],"yoast_head":"<!-- This site is optimized with the Yoast SEO plugin v22.2 - https:\/\/yoast.com\/wordpress\/plugins\/seo\/ -->\n<title>Pesquisa Ibope mostra que 62% preferem novas elei\u00e7\u00f5es presidenciais - Comunica\u00e7\u00e3o Eleitoral<\/title>\n<meta name=\"description\" content=\"Grupo de pesquisa ligado \u00e0 linha de Comunica\u00e7\u00e3o, Pol\u00edtica e Atores Coletivos do Programa de P\u00f3s-gradua\u00e7\u00e3o em Comunica\u00e7\u00e3o da Universidade Federal do Paran\u00e1 (UFPR)\" \/>\n<meta name=\"robots\" content=\"index, follow, max-snippet:-1, max-image-preview:large, max-video-preview:-1\" \/>\n<link rel=\"canonical\" href=\"https:\/\/comunicacaoeleitoral.ufpr.br\/index.php\/2016\/04\/25\/pesquisa-ibope-mostra-que-62-preferem-novas-eleicoes-presidenciais\/\" \/>\n<meta property=\"og:locale\" content=\"pt_BR\" \/>\n<meta property=\"og:type\" content=\"article\" \/>\n<meta property=\"og:title\" content=\"Pesquisa Ibope mostra que 62% preferem novas elei\u00e7\u00f5es presidenciais - Comunica\u00e7\u00e3o Eleitoral\" \/>\n<meta property=\"og:description\" content=\"Grupo de pesquisa ligado \u00e0 linha de Comunica\u00e7\u00e3o, Pol\u00edtica e Atores Coletivos do Programa de P\u00f3s-gradua\u00e7\u00e3o em Comunica\u00e7\u00e3o da Universidade Federal do Paran\u00e1 (UFPR)\" \/>\n<meta property=\"og:url\" content=\"https:\/\/comunicacaoeleitoral.ufpr.br\/index.php\/2016\/04\/25\/pesquisa-ibope-mostra-que-62-preferem-novas-eleicoes-presidenciais\/\" \/>\n<meta property=\"og:site_name\" content=\"Comunica\u00e7\u00e3o Eleitoral\" \/>\n<meta property=\"article:publisher\" content=\"https:\/\/www.facebook.com\/Comunica%c3%a7%c3%a3o-Eleitoral-564214587069724\/\" \/>\n<meta property=\"article:published_time\" content=\"2016-04-25T19:48:19+00:00\" \/>\n<meta property=\"article:modified_time\" content=\"2016-05-02T14:36:20+00:00\" \/>\n<meta property=\"og:image\" content=\"https:\/\/comunicacaoeleitoral.ufpr.br\/wp-content\/uploads\/2016\/04\/eleicoes2016-300x182.jpg\" \/>\n<meta name=\"author\" content=\"CEL UFPR\" \/>\n<meta name=\"twitter:card\" content=\"summary_large_image\" \/>\n<meta name=\"twitter:label1\" content=\"Escrito por\" \/>\n\t<meta name=\"twitter:data1\" content=\"CEL UFPR\" \/>\n\t<meta name=\"twitter:label2\" content=\"Est. tempo de leitura\" \/>\n\t<meta name=\"twitter:data2\" content=\"1 minuto\" \/>\n<script type=\"application\/ld+json\" class=\"yoast-schema-graph\">{\"@context\":\"https:\/\/schema.org\",\"@graph\":[{\"@type\":\"Article\",\"@id\":\"https:\/\/comunicacaoeleitoral.ufpr.br\/index.php\/2016\/04\/25\/pesquisa-ibope-mostra-que-62-preferem-novas-eleicoes-presidenciais\/#article\",\"isPartOf\":{\"@id\":\"https:\/\/comunicacaoeleitoral.ufpr.br\/index.php\/2016\/04\/25\/pesquisa-ibope-mostra-que-62-preferem-novas-eleicoes-presidenciais\/\"},\"author\":{\"name\":\"CEL UFPR\",\"@id\":\"https:\/\/comunicacaoeleitoral.ufpr.br\/#\/schema\/person\/1f1b0fa714b592dcfee89e9824953d93\"},\"headline\":\"Pesquisa Ibope mostra que 62% preferem novas elei\u00e7\u00f5es presidenciais\",\"datePublished\":\"2016-04-25T19:48:19+00:00\",\"dateModified\":\"2016-05-02T14:36:20+00:00\",\"mainEntityOfPage\":{\"@id\":\"https:\/\/comunicacaoeleitoral.ufpr.br\/index.php\/2016\/04\/25\/pesquisa-ibope-mostra-que-62-preferem-novas-eleicoes-presidenciais\/\"},\"wordCount\":269,\"publisher\":{\"@id\":\"https:\/\/comunicacaoeleitoral.ufpr.br\/#organization\"},\"image\":{\"@id\":\"https:\/\/comunicacaoeleitoral.ufpr.br\/index.php\/2016\/04\/25\/pesquisa-ibope-mostra-que-62-preferem-novas-eleicoes-presidenciais\/#primaryimage\"},\"thumbnailUrl\":\"https:\/\/comunicacaoeleitoral.ufpr.br\/wp-content\/uploads\/2016\/04\/eleicoes2016-300x182.jpg\",\"articleSection\":[\"Pol\u00edtica em foco\"],\"inLanguage\":\"pt-BR\"},{\"@type\":\"WebPage\",\"@id\":\"https:\/\/comunicacaoeleitoral.ufpr.br\/index.php\/2016\/04\/25\/pesquisa-ibope-mostra-que-62-preferem-novas-eleicoes-presidenciais\/\",\"url\":\"https:\/\/comunicacaoeleitoral.ufpr.br\/index.php\/2016\/04\/25\/pesquisa-ibope-mostra-que-62-preferem-novas-eleicoes-presidenciais\/\",\"name\":\"Pesquisa Ibope mostra que 62% preferem novas elei\u00e7\u00f5es presidenciais - Comunica\u00e7\u00e3o Eleitoral\",\"isPartOf\":{\"@id\":\"https:\/\/comunicacaoeleitoral.ufpr.br\/#website\"},\"primaryImageOfPage\":{\"@id\":\"https:\/\/comunicacaoeleitoral.ufpr.br\/index.php\/2016\/04\/25\/pesquisa-ibope-mostra-que-62-preferem-novas-eleicoes-presidenciais\/#primaryimage\"},\"image\":{\"@id\":\"https:\/\/comunicacaoeleitoral.ufpr.br\/index.php\/2016\/04\/25\/pesquisa-ibope-mostra-que-62-preferem-novas-eleicoes-presidenciais\/#primaryimage\"},\"thumbnailUrl\":\"https:\/\/comunicacaoeleitoral.ufpr.br\/wp-content\/uploads\/2016\/04\/eleicoes2016-300x182.jpg\",\"datePublished\":\"2016-04-25T19:48:19+00:00\",\"dateModified\":\"2016-05-02T14:36:20+00:00\",\"description\":\"Grupo de pesquisa ligado \u00e0 linha de Comunica\u00e7\u00e3o, Pol\u00edtica e Atores Coletivos do Programa de P\u00f3s-gradua\u00e7\u00e3o em Comunica\u00e7\u00e3o da Universidade Federal do Paran\u00e1 (UFPR)\",\"breadcrumb\":{\"@id\":\"https:\/\/comunicacaoeleitoral.ufpr.br\/index.php\/2016\/04\/25\/pesquisa-ibope-mostra-que-62-preferem-novas-eleicoes-presidenciais\/#breadcrumb\"},\"inLanguage\":\"pt-BR\",\"potentialAction\":[{\"@type\":\"ReadAction\",\"target\":[\"https:\/\/comunicacaoeleitoral.ufpr.br\/index.php\/2016\/04\/25\/pesquisa-ibope-mostra-que-62-preferem-novas-eleicoes-presidenciais\/\"]}]},{\"@type\":\"ImageObject\",\"inLanguage\":\"pt-BR\",\"@id\":\"https:\/\/comunicacaoeleitoral.ufpr.br\/index.php\/2016\/04\/25\/pesquisa-ibope-mostra-que-62-preferem-novas-eleicoes-presidenciais\/#primaryimage\",\"url\":\"https:\/\/comunicacaoeleitoral.ufpr.br\/wp-content\/uploads\/2016\/04\/eleicoes2016.jpg\",\"contentUrl\":\"https:\/\/comunicacaoeleitoral.ufpr.br\/wp-content\/uploads\/2016\/04\/eleicoes2016.jpg\",\"width\":4928,\"height\":2993,\"caption\":\"Foto: Jos\u00e9 Cruz\/Ag\u00eancia Brasil\"},{\"@type\":\"BreadcrumbList\",\"@id\":\"https:\/\/comunicacaoeleitoral.ufpr.br\/index.php\/2016\/04\/25\/pesquisa-ibope-mostra-que-62-preferem-novas-eleicoes-presidenciais\/#breadcrumb\",\"itemListElement\":[{\"@type\":\"ListItem\",\"position\":1,\"name\":\"In\u00edcio\",\"item\":\"https:\/\/comunicacaoeleitoral.ufpr.br\/\"},{\"@type\":\"ListItem\",\"position\":2,\"name\":\"Pesquisa Ibope mostra que 62% preferem novas elei\u00e7\u00f5es presidenciais\"}]},{\"@type\":\"WebSite\",\"@id\":\"https:\/\/comunicacaoeleitoral.ufpr.br\/#website\",\"url\":\"https:\/\/comunicacaoeleitoral.ufpr.br\/\",\"name\":\"Comunica\u00e7\u00e3o Eleitoral\",\"description\":\"Grupo de pesquisa ligado \u00e0 linha de Comunica\u00e7\u00e3o e Pol\u00edtica do Programa de P\u00f3s-gradua\u00e7\u00e3o em Comunica\u00e7\u00e3o da Universidade Federal do Paran\u00e1.\",\"publisher\":{\"@id\":\"https:\/\/comunicacaoeleitoral.ufpr.br\/#organization\"},\"potentialAction\":[{\"@type\":\"SearchAction\",\"target\":{\"@type\":\"EntryPoint\",\"urlTemplate\":\"https:\/\/comunicacaoeleitoral.ufpr.br\/?s={search_term_string}\"},\"query-input\":\"required name=search_term_string\"}],\"inLanguage\":\"pt-BR\"},{\"@type\":\"Organization\",\"@id\":\"https:\/\/comunicacaoeleitoral.ufpr.br\/#organization\",\"name\":\"Comunica\u00e7\u00e3o Eleitoral\",\"url\":\"https:\/\/comunicacaoeleitoral.ufpr.br\/\",\"logo\":{\"@type\":\"ImageObject\",\"inLanguage\":\"pt-BR\",\"@id\":\"https:\/\/comunicacaoeleitoral.ufpr.br\/#\/schema\/logo\/image\/\",\"url\":\"https:\/\/comunicacaoeleitoral.ufpr.br\/wp-content\/uploads\/2015\/05\/header2c_celtalks.png\",\"contentUrl\":\"https:\/\/comunicacaoeleitoral.ufpr.br\/wp-content\/uploads\/2015\/05\/header2c_celtalks.png\",\"width\":1800,\"height\":674,\"caption\":\"Comunica\u00e7\u00e3o Eleitoral\"},\"image\":{\"@id\":\"https:\/\/comunicacaoeleitoral.ufpr.br\/#\/schema\/logo\/image\/\"},\"sameAs\":[\"https:\/\/www.facebook.com\/Comunica\u00e7\u00e3o-Eleitoral-564214587069724\/\",\"https:\/\/www.instagram.com\/comunicacaoeleitoral\/\",\"https:\/\/www.youtube.com\/ocanalpanke\"]},{\"@type\":\"Person\",\"@id\":\"https:\/\/comunicacaoeleitoral.ufpr.br\/#\/schema\/person\/1f1b0fa714b592dcfee89e9824953d93\",\"name\":\"CEL UFPR\",\"image\":{\"@type\":\"ImageObject\",\"inLanguage\":\"pt-BR\",\"@id\":\"https:\/\/comunicacaoeleitoral.ufpr.br\/#\/schema\/person\/image\/\",\"url\":\"https:\/\/secure.gravatar.com\/avatar\/e73476db3cc561f956c8814cbc15a40e?s=96&d=mm&r=g\",\"contentUrl\":\"https:\/\/secure.gravatar.com\/avatar\/e73476db3cc561f956c8814cbc15a40e?s=96&d=mm&r=g\",\"caption\":\"CEL UFPR\"},\"url\":\"https:\/\/comunicacaoeleitoral.ufpr.br\/index.php\/author\/cel-ufpr\/\"}]}<\/script>\n<!-- \/ Yoast SEO plugin. -->","yoast_head_json":{"title":"Pesquisa Ibope mostra que 62% preferem novas elei\u00e7\u00f5es presidenciais - Comunica\u00e7\u00e3o Eleitoral","description":"Grupo de pesquisa ligado \u00e0 linha de Comunica\u00e7\u00e3o, Pol\u00edtica e Atores Coletivos do Programa de P\u00f3s-gradua\u00e7\u00e3o em Comunica\u00e7\u00e3o da Universidade Federal do Paran\u00e1 (UFPR)","robots":{"index":"index","follow":"follow","max-snippet":"max-snippet:-1","max-image-preview":"max-image-preview:large","max-video-preview":"max-video-preview:-1"},"canonical":"https:\/\/comunicacaoeleitoral.ufpr.br\/index.php\/2016\/04\/25\/pesquisa-ibope-mostra-que-62-preferem-novas-eleicoes-presidenciais\/","og_locale":"pt_BR","og_type":"article","og_title":"Pesquisa Ibope mostra que 62% preferem novas elei\u00e7\u00f5es presidenciais - Comunica\u00e7\u00e3o Eleitoral","og_description":"Grupo de pesquisa ligado \u00e0 linha de Comunica\u00e7\u00e3o, Pol\u00edtica e Atores Coletivos do Programa de P\u00f3s-gradua\u00e7\u00e3o em Comunica\u00e7\u00e3o da Universidade Federal do Paran\u00e1 (UFPR)","og_url":"https:\/\/comunicacaoeleitoral.ufpr.br\/index.php\/2016\/04\/25\/pesquisa-ibope-mostra-que-62-preferem-novas-eleicoes-presidenciais\/","og_site_name":"Comunica\u00e7\u00e3o Eleitoral","article_publisher":"https:\/\/www.facebook.com\/Comunica%c3%a7%c3%a3o-Eleitoral-564214587069724\/","article_published_time":"2016-04-25T19:48:19+00:00","article_modified_time":"2016-05-02T14:36:20+00:00","og_image":[{"url":"https:\/\/comunicacaoeleitoral.ufpr.br\/wp-content\/uploads\/2016\/04\/eleicoes2016-300x182.jpg"}],"author":"CEL UFPR","twitter_card":"summary_large_image","twitter_misc":{"Escrito por":"CEL UFPR","Est. tempo de leitura":"1 minuto"},"schema":{"@context":"https:\/\/schema.org","@graph":[{"@type":"Article","@id":"https:\/\/comunicacaoeleitoral.ufpr.br\/index.php\/2016\/04\/25\/pesquisa-ibope-mostra-que-62-preferem-novas-eleicoes-presidenciais\/#article","isPartOf":{"@id":"https:\/\/comunicacaoeleitoral.ufpr.br\/index.php\/2016\/04\/25\/pesquisa-ibope-mostra-que-62-preferem-novas-eleicoes-presidenciais\/"},"author":{"name":"CEL UFPR","@id":"https:\/\/comunicacaoeleitoral.ufpr.br\/#\/schema\/person\/1f1b0fa714b592dcfee89e9824953d93"},"headline":"Pesquisa Ibope mostra que 62% preferem novas elei\u00e7\u00f5es presidenciais","datePublished":"2016-04-25T19:48:19+00:00","dateModified":"2016-05-02T14:36:20+00:00","mainEntityOfPage":{"@id":"https:\/\/comunicacaoeleitoral.ufpr.br\/index.php\/2016\/04\/25\/pesquisa-ibope-mostra-que-62-preferem-novas-eleicoes-presidenciais\/"},"wordCount":269,"publisher":{"@id":"https:\/\/comunicacaoeleitoral.ufpr.br\/#organization"},"image":{"@id":"https:\/\/comunicacaoeleitoral.ufpr.br\/index.php\/2016\/04\/25\/pesquisa-ibope-mostra-que-62-preferem-novas-eleicoes-presidenciais\/#primaryimage"},"thumbnailUrl":"https:\/\/comunicacaoeleitoral.ufpr.br\/wp-content\/uploads\/2016\/04\/eleicoes2016-300x182.jpg","articleSection":["Pol\u00edtica em foco"],"inLanguage":"pt-BR"},{"@type":"WebPage","@id":"https:\/\/comunicacaoeleitoral.ufpr.br\/index.php\/2016\/04\/25\/pesquisa-ibope-mostra-que-62-preferem-novas-eleicoes-presidenciais\/","url":"https:\/\/comunicacaoeleitoral.ufpr.br\/index.php\/2016\/04\/25\/pesquisa-ibope-mostra-que-62-preferem-novas-eleicoes-presidenciais\/","name":"Pesquisa Ibope mostra que 62% preferem novas elei\u00e7\u00f5es presidenciais - Comunica\u00e7\u00e3o Eleitoral","isPartOf":{"@id":"https:\/\/comunicacaoeleitoral.ufpr.br\/#website"},"primaryImageOfPage":{"@id":"https:\/\/comunicacaoeleitoral.ufpr.br\/index.php\/2016\/04\/25\/pesquisa-ibope-mostra-que-62-preferem-novas-eleicoes-presidenciais\/#primaryimage"},"image":{"@id":"https:\/\/comunicacaoeleitoral.ufpr.br\/index.php\/2016\/04\/25\/pesquisa-ibope-mostra-que-62-preferem-novas-eleicoes-presidenciais\/#primaryimage"},"thumbnailUrl":"https:\/\/comunicacaoeleitoral.ufpr.br\/wp-content\/uploads\/2016\/04\/eleicoes2016-300x182.jpg","datePublished":"2016-04-25T19:48:19+00:00","dateModified":"2016-05-02T14:36:20+00:00","description":"Grupo de pesquisa ligado \u00e0 linha de Comunica\u00e7\u00e3o, Pol\u00edtica e Atores Coletivos do Programa de P\u00f3s-gradua\u00e7\u00e3o em Comunica\u00e7\u00e3o da Universidade Federal do Paran\u00e1 (UFPR)","breadcrumb":{"@id":"https:\/\/comunicacaoeleitoral.ufpr.br\/index.php\/2016\/04\/25\/pesquisa-ibope-mostra-que-62-preferem-novas-eleicoes-presidenciais\/#breadcrumb"},"inLanguage":"pt-BR","potentialAction":[{"@type":"ReadAction","target":["https:\/\/comunicacaoeleitoral.ufpr.br\/index.php\/2016\/04\/25\/pesquisa-ibope-mostra-que-62-preferem-novas-eleicoes-presidenciais\/"]}]},{"@type":"ImageObject","inLanguage":"pt-BR","@id":"https:\/\/comunicacaoeleitoral.ufpr.br\/index.php\/2016\/04\/25\/pesquisa-ibope-mostra-que-62-preferem-novas-eleicoes-presidenciais\/#primaryimage","url":"https:\/\/comunicacaoeleitoral.ufpr.br\/wp-content\/uploads\/2016\/04\/eleicoes2016.jpg","contentUrl":"https:\/\/comunicacaoeleitoral.ufpr.br\/wp-content\/uploads\/2016\/04\/eleicoes2016.jpg","width":4928,"height":2993,"caption":"Foto: Jos\u00e9 Cruz\/Ag\u00eancia Brasil"},{"@type":"BreadcrumbList","@id":"https:\/\/comunicacaoeleitoral.ufpr.br\/index.php\/2016\/04\/25\/pesquisa-ibope-mostra-que-62-preferem-novas-eleicoes-presidenciais\/#breadcrumb","itemListElement":[{"@type":"ListItem","position":1,"name":"In\u00edcio","item":"https:\/\/comunicacaoeleitoral.ufpr.br\/"},{"@type":"ListItem","position":2,"name":"Pesquisa Ibope mostra que 62% preferem novas elei\u00e7\u00f5es presidenciais"}]},{"@type":"WebSite","@id":"https:\/\/comunicacaoeleitoral.ufpr.br\/#website","url":"https:\/\/comunicacaoeleitoral.ufpr.br\/","name":"Comunica\u00e7\u00e3o Eleitoral","description":"Grupo de pesquisa ligado \u00e0 linha de Comunica\u00e7\u00e3o e Pol\u00edtica do Programa de P\u00f3s-gradua\u00e7\u00e3o em Comunica\u00e7\u00e3o da Universidade Federal do Paran\u00e1.","publisher":{"@id":"https:\/\/comunicacaoeleitoral.ufpr.br\/#organization"},"potentialAction":[{"@type":"SearchAction","target":{"@type":"EntryPoint","urlTemplate":"https:\/\/comunicacaoeleitoral.ufpr.br\/?s={search_term_string}"},"query-input":"required name=search_term_string"}],"inLanguage":"pt-BR"},{"@type":"Organization","@id":"https:\/\/comunicacaoeleitoral.ufpr.br\/#organization","name":"Comunica\u00e7\u00e3o Eleitoral","url":"https:\/\/comunicacaoeleitoral.ufpr.br\/","logo":{"@type":"ImageObject","inLanguage":"pt-BR","@id":"https:\/\/comunicacaoeleitoral.ufpr.br\/#\/schema\/logo\/image\/","url":"https:\/\/comunicacaoeleitoral.ufpr.br\/wp-content\/uploads\/2015\/05\/header2c_celtalks.png","contentUrl":"https:\/\/comunicacaoeleitoral.ufpr.br\/wp-content\/uploads\/2015\/05\/header2c_celtalks.png","width":1800,"height":674,"caption":"Comunica\u00e7\u00e3o Eleitoral"},"image":{"@id":"https:\/\/comunicacaoeleitoral.ufpr.br\/#\/schema\/logo\/image\/"},"sameAs":["https:\/\/www.facebook.com\/Comunica\u00e7\u00e3o-Eleitoral-564214587069724\/","https:\/\/www.instagram.com\/comunicacaoeleitoral\/","https:\/\/www.youtube.com\/ocanalpanke"]},{"@type":"Person","@id":"https:\/\/comunicacaoeleitoral.ufpr.br\/#\/schema\/person\/1f1b0fa714b592dcfee89e9824953d93","name":"CEL UFPR","image":{"@type":"ImageObject","inLanguage":"pt-BR","@id":"https:\/\/comunicacaoeleitoral.ufpr.br\/#\/schema\/person\/image\/","url":"https:\/\/secure.gravatar.com\/avatar\/e73476db3cc561f956c8814cbc15a40e?s=96&d=mm&r=g","contentUrl":"https:\/\/secure.gravatar.com\/avatar\/e73476db3cc561f956c8814cbc15a40e?s=96&d=mm&r=g","caption":"CEL UFPR"},"url":"https:\/\/comunicacaoeleitoral.ufpr.br\/index.php\/author\/cel-ufpr\/"}]}},"_links":{"self":[{"href":"https:\/\/comunicacaoeleitoral.ufpr.br\/index.php\/wp-json\/wp\/v2\/posts\/846"}],"collection":[{"href":"https:\/\/comunicacaoeleitoral.ufpr.br\/index.php\/wp-json\/wp\/v2\/posts"}],"about":[{"href":"https:\/\/comunicacaoeleitoral.ufpr.br\/index.php\/wp-json\/wp\/v2\/types\/post"}],"author":[{"embeddable":true,"href":"https:\/\/comunicacaoeleitoral.ufpr.br\/index.php\/wp-json\/wp\/v2\/users\/29"}],"replies":[{"embeddable":true,"href":"https:\/\/comunicacaoeleitoral.ufpr.br\/index.php\/wp-json\/wp\/v2\/comments?post=846"}],"version-history":[{"count":2,"href":"https:\/\/comunicacaoeleitoral.ufpr.br\/index.php\/wp-json\/wp\/v2\/posts\/846\/revisions"}],"predecessor-version":[{"id":849,"href":"https:\/\/comunicacaoeleitoral.ufpr.br\/index.php\/wp-json\/wp\/v2\/posts\/846\/revisions\/849"}],"wp:attachment":[{"href":"https:\/\/comunicacaoeleitoral.ufpr.br\/index.php\/wp-json\/wp\/v2\/media?parent=846"}],"wp:term":[{"taxonomy":"category","embeddable":true,"href":"https:\/\/comunicacaoeleitoral.ufpr.br\/index.php\/wp-json\/wp\/v2\/categories?post=846"},{"taxonomy":"post_tag","embeddable":true,"href":"https:\/\/comunicacaoeleitoral.ufpr.br\/index.php\/wp-json\/wp\/v2\/tags?post=846"}],"curies":[{"name":"wp","href":"https:\/\/api.w.org\/{rel}","templated":true}]}}