{"id":769,"date":"2016-04-19T12:01:02","date_gmt":"2016-04-19T12:01:02","guid":{"rendered":"https:\/\/comunicacaoeleitoral.ufpr.br\/?p=769"},"modified":"2016-04-19T12:01:02","modified_gmt":"2016-04-19T12:01:02","slug":"conheca-o-canal-oficial-da-camara-dos-deputados-no-youtube","status":"publish","type":"post","link":"https:\/\/comunicacaoeleitoral.ufpr.br\/index.php\/2016\/04\/19\/conheca-o-canal-oficial-da-camara-dos-deputados-no-youtube\/","title":{"rendered":"Conhe\u00e7a o canal oficial da C\u00e2mara dos Deputados no YouTube"},"content":{"rendered":"<p style=\"text-align: justify;\">A C\u00e2mara dos Deputados lan\u00e7ou o\u00a0seu <a class=\"external-link\" title=\"\" href=\"https:\/\/www.youtube.com\/channel\/UC-ZkSRh-7UEuwXJQ9UMCFJA\" target=\"_self\">canal oficial<\/a> no YouTube. A partir de agora, os cidad\u00e3os poder\u00e3o acompanhar, em um \u00fanico endere\u00e7o na internet, todas as transmiss\u00f5es ao vivo das comiss\u00f5es e do Plen\u00e1rio. O canal tem capacidade para transmitir simultaneamente 20 reuni\u00f5es ou sess\u00f5es de vota\u00e7\u00f5es. O lan\u00e7amento foi feito no audit\u00f3rio da TV C\u00e2mara, durante grava\u00e7\u00e3o do programa Palavra Aberta, que teve como convidado o secret\u00e1rio de Comunica\u00e7\u00e3o Social da C\u00e2mara, deputado Cleber Verde.<\/p>\n<p style=\"text-align: justify;\">Atualmente, essas atividades j\u00e1 s\u00e3o disponibilizadas, em tempo real, por meio do sistema WebC\u00e2mara, mas o acesso \u00e9 limitado a 500 pessoas por vez. Com o YouTube, cada transmiss\u00e3o poder\u00e1 ser acessada facilmente por milhares de internautas ao mesmo tempo. O canal poder\u00e1 exibir tamb\u00e9m eventos institucionais da C\u00e2mara e programas e document\u00e1rios produzidos pela TV C\u00e2mara.<\/p>\n<div id=\"attachment_770\" style=\"width: 310px\" class=\"wp-caption alignnone\"><a href=\"https:\/\/comunicacaoeleitoral.ufpr.br\/wp-content\/uploads\/2016\/04\/canal-camara.png\"><img loading=\"lazy\" decoding=\"async\" aria-describedby=\"caption-attachment-770\" class=\"size-medium wp-image-770\" src=\"https:\/\/comunicacaoeleitoral.ufpr.br\/wp-content\/uploads\/2016\/04\/canal-camara-300x162.png\" alt=\"Canal C\u00e2mara do Senado no Youtube\" width=\"300\" height=\"162\" srcset=\"https:\/\/comunicacaoeleitoral.ufpr.br\/wp-content\/uploads\/2016\/04\/canal-camara-300x162.png 300w, https:\/\/comunicacaoeleitoral.ufpr.br\/wp-content\/uploads\/2016\/04\/canal-camara-1024x554.png 1024w, https:\/\/comunicacaoeleitoral.ufpr.br\/wp-content\/uploads\/2016\/04\/canal-camara.png 1054w\" sizes=\"(max-width: 300px) 100vw, 300px\" \/><\/a><p id=\"caption-attachment-770\" class=\"wp-caption-text\">Canal C\u00e2mara do Senado no YouTube<\/p><\/div>\n<p style=\"text-align: justify;\"><strong>Intera\u00e7\u00e3o<\/strong><\/p>\n<p style=\"text-align: justify;\">O canal no YouTube vem se somar a outras iniciativas da C\u00e2mara em redes sociais, como Facebook e Twitter, que permitem ao cidad\u00e3o acompanhar de perto o trabalho dos deputados, compartilhar conte\u00fados e interagir por meio de coment\u00e1rios e sugest\u00f5es. Outra vantagem \u00e9 a facilidade de acesso ao canal por interm\u00e9dio de plataformas m\u00f3veis, como tablets e celulares, que, em poucos cliques, exibir\u00e3o ao vivo todos os debates e vota\u00e7\u00f5es.<\/p>\n<p style=\"text-align: justify;\">Fonte:\u00a0<a title=\"Ag\u00eancia C\u00e2mara de Not\u00edticas\" href=\"http:\/\/www2.camara.leg.br\/camaranoticias\">Ag\u00eancia C\u00e2mara Not\u00edcias<\/a><\/p>\n","protected":false},"excerpt":{"rendered":"<p>A C\u00e2mara dos Deputados lan\u00e7ou o\u00a0seu canal oficial no YouTube. A partir de agora, os cidad\u00e3os poder\u00e3o acompanhar, em um \u00fanico endere\u00e7o na internet, todas as transmiss\u00f5es ao vivo das comiss\u00f5es e do Plen\u00e1rio. O canal tem capacidade para transmitir simultaneamente 20 reuni\u00f5es ou sess\u00f5es de vota\u00e7\u00f5es. O lan\u00e7amento foi feito no audit\u00f3rio da TV [&hellip;]<\/p>\n","protected":false},"author":28,"featured_media":0,"comment_status":"closed","ping_status":"closed","sticky":false,"template":"","format":"standard","meta":{"_monsterinsights_skip_tracking":false,"_monsterinsights_sitenote_active":false,"_monsterinsights_sitenote_note":"","_monsterinsights_sitenote_category":0,"footnotes":""},"categories":[68],"tags":[],"yoast_head":"<!-- This site is optimized with the Yoast SEO plugin v22.2 - https:\/\/yoast.com\/wordpress\/plugins\/seo\/ -->\n<title>Conhe\u00e7a o canal oficial da C\u00e2mara dos Deputados no YouTube - Comunica\u00e7\u00e3o Eleitoral<\/title>\n<meta name=\"description\" content=\"Grupo de pesquisa ligado \u00e0 linha de Comunica\u00e7\u00e3o, Pol\u00edtica e Atores Coletivos do Programa de P\u00f3s-gradua\u00e7\u00e3o em Comunica\u00e7\u00e3o da Universidade Federal do Paran\u00e1 (UFPR)\" \/>\n<meta name=\"robots\" content=\"index, follow, max-snippet:-1, max-image-preview:large, max-video-preview:-1\" \/>\n<link rel=\"canonical\" href=\"https:\/\/comunicacaoeleitoral.ufpr.br\/index.php\/2016\/04\/19\/conheca-o-canal-oficial-da-camara-dos-deputados-no-youtube\/\" \/>\n<meta property=\"og:locale\" content=\"pt_BR\" \/>\n<meta property=\"og:type\" content=\"article\" \/>\n<meta property=\"og:title\" content=\"Conhe\u00e7a o canal oficial da C\u00e2mara dos Deputados no YouTube - Comunica\u00e7\u00e3o Eleitoral\" \/>\n<meta property=\"og:description\" content=\"Grupo de pesquisa ligado \u00e0 linha de Comunica\u00e7\u00e3o, Pol\u00edtica e Atores Coletivos do Programa de P\u00f3s-gradua\u00e7\u00e3o em Comunica\u00e7\u00e3o da Universidade Federal do Paran\u00e1 (UFPR)\" \/>\n<meta property=\"og:url\" content=\"https:\/\/comunicacaoeleitoral.ufpr.br\/index.php\/2016\/04\/19\/conheca-o-canal-oficial-da-camara-dos-deputados-no-youtube\/\" \/>\n<meta property=\"og:site_name\" content=\"Comunica\u00e7\u00e3o Eleitoral\" \/>\n<meta property=\"article:publisher\" content=\"https:\/\/www.facebook.com\/Comunica%c3%a7%c3%a3o-Eleitoral-564214587069724\/\" \/>\n<meta property=\"article:published_time\" content=\"2016-04-19T12:01:02+00:00\" \/>\n<meta property=\"og:image\" content=\"https:\/\/comunicacaoeleitoral.ufpr.br\/wp-content\/uploads\/2016\/04\/canal-camara-300x162.png\" \/>\n<meta name=\"author\" content=\"Vivian Lemos\" \/>\n<meta name=\"twitter:card\" content=\"summary_large_image\" \/>\n<meta name=\"twitter:label1\" content=\"Escrito por\" \/>\n\t<meta name=\"twitter:data1\" content=\"Vivian Lemos\" \/>\n\t<meta name=\"twitter:label2\" content=\"Est. tempo de leitura\" \/>\n\t<meta name=\"twitter:data2\" content=\"1 minuto\" \/>\n<script type=\"application\/ld+json\" class=\"yoast-schema-graph\">{\"@context\":\"https:\/\/schema.org\",\"@graph\":[{\"@type\":\"Article\",\"@id\":\"https:\/\/comunicacaoeleitoral.ufpr.br\/index.php\/2016\/04\/19\/conheca-o-canal-oficial-da-camara-dos-deputados-no-youtube\/#article\",\"isPartOf\":{\"@id\":\"https:\/\/comunicacaoeleitoral.ufpr.br\/index.php\/2016\/04\/19\/conheca-o-canal-oficial-da-camara-dos-deputados-no-youtube\/\"},\"author\":{\"name\":\"Vivian Lemos\",\"@id\":\"https:\/\/comunicacaoeleitoral.ufpr.br\/#\/schema\/person\/877ba45697f2179310c85ad2f43514af\"},\"headline\":\"Conhe\u00e7a o canal oficial da C\u00e2mara dos Deputados no YouTube\",\"datePublished\":\"2016-04-19T12:01:02+00:00\",\"dateModified\":\"2016-04-19T12:01:02+00:00\",\"mainEntityOfPage\":{\"@id\":\"https:\/\/comunicacaoeleitoral.ufpr.br\/index.php\/2016\/04\/19\/conheca-o-canal-oficial-da-camara-dos-deputados-no-youtube\/\"},\"wordCount\":269,\"publisher\":{\"@id\":\"https:\/\/comunicacaoeleitoral.ufpr.br\/#organization\"},\"image\":{\"@id\":\"https:\/\/comunicacaoeleitoral.ufpr.br\/index.php\/2016\/04\/19\/conheca-o-canal-oficial-da-camara-dos-deputados-no-youtube\/#primaryimage\"},\"thumbnailUrl\":\"https:\/\/comunicacaoeleitoral.ufpr.br\/wp-content\/uploads\/2016\/04\/canal-camara-300x162.png\",\"articleSection\":[\"Not\u00edcias\"],\"inLanguage\":\"pt-BR\"},{\"@type\":\"WebPage\",\"@id\":\"https:\/\/comunicacaoeleitoral.ufpr.br\/index.php\/2016\/04\/19\/conheca-o-canal-oficial-da-camara-dos-deputados-no-youtube\/\",\"url\":\"https:\/\/comunicacaoeleitoral.ufpr.br\/index.php\/2016\/04\/19\/conheca-o-canal-oficial-da-camara-dos-deputados-no-youtube\/\",\"name\":\"Conhe\u00e7a o canal oficial da C\u00e2mara dos Deputados no YouTube - Comunica\u00e7\u00e3o Eleitoral\",\"isPartOf\":{\"@id\":\"https:\/\/comunicacaoeleitoral.ufpr.br\/#website\"},\"primaryImageOfPage\":{\"@id\":\"https:\/\/comunicacaoeleitoral.ufpr.br\/index.php\/2016\/04\/19\/conheca-o-canal-oficial-da-camara-dos-deputados-no-youtube\/#primaryimage\"},\"image\":{\"@id\":\"https:\/\/comunicacaoeleitoral.ufpr.br\/index.php\/2016\/04\/19\/conheca-o-canal-oficial-da-camara-dos-deputados-no-youtube\/#primaryimage\"},\"thumbnailUrl\":\"https:\/\/comunicacaoeleitoral.ufpr.br\/wp-content\/uploads\/2016\/04\/canal-camara-300x162.png\",\"datePublished\":\"2016-04-19T12:01:02+00:00\",\"dateModified\":\"2016-04-19T12:01:02+00:00\",\"description\":\"Grupo de pesquisa ligado \u00e0 linha de Comunica\u00e7\u00e3o, Pol\u00edtica e Atores Coletivos do Programa de P\u00f3s-gradua\u00e7\u00e3o em Comunica\u00e7\u00e3o da Universidade Federal do Paran\u00e1 (UFPR)\",\"breadcrumb\":{\"@id\":\"https:\/\/comunicacaoeleitoral.ufpr.br\/index.php\/2016\/04\/19\/conheca-o-canal-oficial-da-camara-dos-deputados-no-youtube\/#breadcrumb\"},\"inLanguage\":\"pt-BR\",\"potentialAction\":[{\"@type\":\"ReadAction\",\"target\":[\"https:\/\/comunicacaoeleitoral.ufpr.br\/index.php\/2016\/04\/19\/conheca-o-canal-oficial-da-camara-dos-deputados-no-youtube\/\"]}]},{\"@type\":\"ImageObject\",\"inLanguage\":\"pt-BR\",\"@id\":\"https:\/\/comunicacaoeleitoral.ufpr.br\/index.php\/2016\/04\/19\/conheca-o-canal-oficial-da-camara-dos-deputados-no-youtube\/#primaryimage\",\"url\":\"https:\/\/comunicacaoeleitoral.ufpr.br\/wp-content\/uploads\/2016\/04\/canal-camara.png\",\"contentUrl\":\"https:\/\/comunicacaoeleitoral.ufpr.br\/wp-content\/uploads\/2016\/04\/canal-camara.png\",\"width\":1054,\"height\":570,\"caption\":\"Canal C\u00e2mara do Senado no Youtube\"},{\"@type\":\"BreadcrumbList\",\"@id\":\"https:\/\/comunicacaoeleitoral.ufpr.br\/index.php\/2016\/04\/19\/conheca-o-canal-oficial-da-camara-dos-deputados-no-youtube\/#breadcrumb\",\"itemListElement\":[{\"@type\":\"ListItem\",\"position\":1,\"name\":\"In\u00edcio\",\"item\":\"https:\/\/comunicacaoeleitoral.ufpr.br\/\"},{\"@type\":\"ListItem\",\"position\":2,\"name\":\"Conhe\u00e7a o canal oficial da C\u00e2mara dos Deputados no YouTube\"}]},{\"@type\":\"WebSite\",\"@id\":\"https:\/\/comunicacaoeleitoral.ufpr.br\/#website\",\"url\":\"https:\/\/comunicacaoeleitoral.ufpr.br\/\",\"name\":\"Comunica\u00e7\u00e3o Eleitoral\",\"description\":\"Grupo de pesquisa ligado \u00e0 linha de Comunica\u00e7\u00e3o e Pol\u00edtica do Programa de P\u00f3s-gradua\u00e7\u00e3o em Comunica\u00e7\u00e3o da Universidade Federal do Paran\u00e1.\",\"publisher\":{\"@id\":\"https:\/\/comunicacaoeleitoral.ufpr.br\/#organization\"},\"potentialAction\":[{\"@type\":\"SearchAction\",\"target\":{\"@type\":\"EntryPoint\",\"urlTemplate\":\"https:\/\/comunicacaoeleitoral.ufpr.br\/?s={search_term_string}\"},\"query-input\":\"required name=search_term_string\"}],\"inLanguage\":\"pt-BR\"},{\"@type\":\"Organization\",\"@id\":\"https:\/\/comunicacaoeleitoral.ufpr.br\/#organization\",\"name\":\"Comunica\u00e7\u00e3o Eleitoral\",\"url\":\"https:\/\/comunicacaoeleitoral.ufpr.br\/\",\"logo\":{\"@type\":\"ImageObject\",\"inLanguage\":\"pt-BR\",\"@id\":\"https:\/\/comunicacaoeleitoral.ufpr.br\/#\/schema\/logo\/image\/\",\"url\":\"https:\/\/comunicacaoeleitoral.ufpr.br\/wp-content\/uploads\/2015\/05\/header2c_celtalks.png\",\"contentUrl\":\"https:\/\/comunicacaoeleitoral.ufpr.br\/wp-content\/uploads\/2015\/05\/header2c_celtalks.png\",\"width\":1800,\"height\":674,\"caption\":\"Comunica\u00e7\u00e3o Eleitoral\"},\"image\":{\"@id\":\"https:\/\/comunicacaoeleitoral.ufpr.br\/#\/schema\/logo\/image\/\"},\"sameAs\":[\"https:\/\/www.facebook.com\/Comunica\u00e7\u00e3o-Eleitoral-564214587069724\/\",\"https:\/\/www.instagram.com\/comunicacaoeleitoral\/\",\"https:\/\/www.youtube.com\/ocanalpanke\"]},{\"@type\":\"Person\",\"@id\":\"https:\/\/comunicacaoeleitoral.ufpr.br\/#\/schema\/person\/877ba45697f2179310c85ad2f43514af\",\"name\":\"Vivian Lemos\",\"image\":{\"@type\":\"ImageObject\",\"inLanguage\":\"pt-BR\",\"@id\":\"https:\/\/comunicacaoeleitoral.ufpr.br\/#\/schema\/person\/image\/\",\"url\":\"https:\/\/secure.gravatar.com\/avatar\/b2a4a041bee382da046e85d3060b128c?s=96&d=mm&r=g\",\"contentUrl\":\"https:\/\/secure.gravatar.com\/avatar\/b2a4a041bee382da046e85d3060b128c?s=96&d=mm&r=g\",\"caption\":\"Vivian Lemos\"},\"url\":\"https:\/\/comunicacaoeleitoral.ufpr.br\/index.php\/author\/vivian-lemos\/\"}]}<\/script>\n<!-- \/ Yoast SEO plugin. -->","yoast_head_json":{"title":"Conhe\u00e7a o canal oficial da C\u00e2mara dos Deputados no YouTube - Comunica\u00e7\u00e3o Eleitoral","description":"Grupo de pesquisa ligado \u00e0 linha de Comunica\u00e7\u00e3o, Pol\u00edtica e Atores Coletivos do Programa de P\u00f3s-gradua\u00e7\u00e3o em Comunica\u00e7\u00e3o da Universidade Federal do Paran\u00e1 (UFPR)","robots":{"index":"index","follow":"follow","max-snippet":"max-snippet:-1","max-image-preview":"max-image-preview:large","max-video-preview":"max-video-preview:-1"},"canonical":"https:\/\/comunicacaoeleitoral.ufpr.br\/index.php\/2016\/04\/19\/conheca-o-canal-oficial-da-camara-dos-deputados-no-youtube\/","og_locale":"pt_BR","og_type":"article","og_title":"Conhe\u00e7a o canal oficial da C\u00e2mara dos Deputados no YouTube - Comunica\u00e7\u00e3o Eleitoral","og_description":"Grupo de pesquisa ligado \u00e0 linha de Comunica\u00e7\u00e3o, Pol\u00edtica e Atores Coletivos do Programa de P\u00f3s-gradua\u00e7\u00e3o em Comunica\u00e7\u00e3o da Universidade Federal do Paran\u00e1 (UFPR)","og_url":"https:\/\/comunicacaoeleitoral.ufpr.br\/index.php\/2016\/04\/19\/conheca-o-canal-oficial-da-camara-dos-deputados-no-youtube\/","og_site_name":"Comunica\u00e7\u00e3o Eleitoral","article_publisher":"https:\/\/www.facebook.com\/Comunica%c3%a7%c3%a3o-Eleitoral-564214587069724\/","article_published_time":"2016-04-19T12:01:02+00:00","og_image":[{"url":"https:\/\/comunicacaoeleitoral.ufpr.br\/wp-content\/uploads\/2016\/04\/canal-camara-300x162.png"}],"author":"Vivian Lemos","twitter_card":"summary_large_image","twitter_misc":{"Escrito por":"Vivian Lemos","Est. tempo de leitura":"1 minuto"},"schema":{"@context":"https:\/\/schema.org","@graph":[{"@type":"Article","@id":"https:\/\/comunicacaoeleitoral.ufpr.br\/index.php\/2016\/04\/19\/conheca-o-canal-oficial-da-camara-dos-deputados-no-youtube\/#article","isPartOf":{"@id":"https:\/\/comunicacaoeleitoral.ufpr.br\/index.php\/2016\/04\/19\/conheca-o-canal-oficial-da-camara-dos-deputados-no-youtube\/"},"author":{"name":"Vivian Lemos","@id":"https:\/\/comunicacaoeleitoral.ufpr.br\/#\/schema\/person\/877ba45697f2179310c85ad2f43514af"},"headline":"Conhe\u00e7a o canal oficial da C\u00e2mara dos Deputados no YouTube","datePublished":"2016-04-19T12:01:02+00:00","dateModified":"2016-04-19T12:01:02+00:00","mainEntityOfPage":{"@id":"https:\/\/comunicacaoeleitoral.ufpr.br\/index.php\/2016\/04\/19\/conheca-o-canal-oficial-da-camara-dos-deputados-no-youtube\/"},"wordCount":269,"publisher":{"@id":"https:\/\/comunicacaoeleitoral.ufpr.br\/#organization"},"image":{"@id":"https:\/\/comunicacaoeleitoral.ufpr.br\/index.php\/2016\/04\/19\/conheca-o-canal-oficial-da-camara-dos-deputados-no-youtube\/#primaryimage"},"thumbnailUrl":"https:\/\/comunicacaoeleitoral.ufpr.br\/wp-content\/uploads\/2016\/04\/canal-camara-300x162.png","articleSection":["Not\u00edcias"],"inLanguage":"pt-BR"},{"@type":"WebPage","@id":"https:\/\/comunicacaoeleitoral.ufpr.br\/index.php\/2016\/04\/19\/conheca-o-canal-oficial-da-camara-dos-deputados-no-youtube\/","url":"https:\/\/comunicacaoeleitoral.ufpr.br\/index.php\/2016\/04\/19\/conheca-o-canal-oficial-da-camara-dos-deputados-no-youtube\/","name":"Conhe\u00e7a o canal oficial da C\u00e2mara dos Deputados no YouTube - Comunica\u00e7\u00e3o Eleitoral","isPartOf":{"@id":"https:\/\/comunicacaoeleitoral.ufpr.br\/#website"},"primaryImageOfPage":{"@id":"https:\/\/comunicacaoeleitoral.ufpr.br\/index.php\/2016\/04\/19\/conheca-o-canal-oficial-da-camara-dos-deputados-no-youtube\/#primaryimage"},"image":{"@id":"https:\/\/comunicacaoeleitoral.ufpr.br\/index.php\/2016\/04\/19\/conheca-o-canal-oficial-da-camara-dos-deputados-no-youtube\/#primaryimage"},"thumbnailUrl":"https:\/\/comunicacaoeleitoral.ufpr.br\/wp-content\/uploads\/2016\/04\/canal-camara-300x162.png","datePublished":"2016-04-19T12:01:02+00:00","dateModified":"2016-04-19T12:01:02+00:00","description":"Grupo de pesquisa ligado \u00e0 linha de Comunica\u00e7\u00e3o, Pol\u00edtica e Atores Coletivos do Programa de P\u00f3s-gradua\u00e7\u00e3o em Comunica\u00e7\u00e3o da Universidade Federal do Paran\u00e1 (UFPR)","breadcrumb":{"@id":"https:\/\/comunicacaoeleitoral.ufpr.br\/index.php\/2016\/04\/19\/conheca-o-canal-oficial-da-camara-dos-deputados-no-youtube\/#breadcrumb"},"inLanguage":"pt-BR","potentialAction":[{"@type":"ReadAction","target":["https:\/\/comunicacaoeleitoral.ufpr.br\/index.php\/2016\/04\/19\/conheca-o-canal-oficial-da-camara-dos-deputados-no-youtube\/"]}]},{"@type":"ImageObject","inLanguage":"pt-BR","@id":"https:\/\/comunicacaoeleitoral.ufpr.br\/index.php\/2016\/04\/19\/conheca-o-canal-oficial-da-camara-dos-deputados-no-youtube\/#primaryimage","url":"https:\/\/comunicacaoeleitoral.ufpr.br\/wp-content\/uploads\/2016\/04\/canal-camara.png","contentUrl":"https:\/\/comunicacaoeleitoral.ufpr.br\/wp-content\/uploads\/2016\/04\/canal-camara.png","width":1054,"height":570,"caption":"Canal C\u00e2mara do Senado no Youtube"},{"@type":"BreadcrumbList","@id":"https:\/\/comunicacaoeleitoral.ufpr.br\/index.php\/2016\/04\/19\/conheca-o-canal-oficial-da-camara-dos-deputados-no-youtube\/#breadcrumb","itemListElement":[{"@type":"ListItem","position":1,"name":"In\u00edcio","item":"https:\/\/comunicacaoeleitoral.ufpr.br\/"},{"@type":"ListItem","position":2,"name":"Conhe\u00e7a o canal oficial da C\u00e2mara dos Deputados no YouTube"}]},{"@type":"WebSite","@id":"https:\/\/comunicacaoeleitoral.ufpr.br\/#website","url":"https:\/\/comunicacaoeleitoral.ufpr.br\/","name":"Comunica\u00e7\u00e3o Eleitoral","description":"Grupo de pesquisa ligado \u00e0 linha de Comunica\u00e7\u00e3o e Pol\u00edtica do Programa de P\u00f3s-gradua\u00e7\u00e3o em Comunica\u00e7\u00e3o da Universidade Federal do Paran\u00e1.","publisher":{"@id":"https:\/\/comunicacaoeleitoral.ufpr.br\/#organization"},"potentialAction":[{"@type":"SearchAction","target":{"@type":"EntryPoint","urlTemplate":"https:\/\/comunicacaoeleitoral.ufpr.br\/?s={search_term_string}"},"query-input":"required name=search_term_string"}],"inLanguage":"pt-BR"},{"@type":"Organization","@id":"https:\/\/comunicacaoeleitoral.ufpr.br\/#organization","name":"Comunica\u00e7\u00e3o Eleitoral","url":"https:\/\/comunicacaoeleitoral.ufpr.br\/","logo":{"@type":"ImageObject","inLanguage":"pt-BR","@id":"https:\/\/comunicacaoeleitoral.ufpr.br\/#\/schema\/logo\/image\/","url":"https:\/\/comunicacaoeleitoral.ufpr.br\/wp-content\/uploads\/2015\/05\/header2c_celtalks.png","contentUrl":"https:\/\/comunicacaoeleitoral.ufpr.br\/wp-content\/uploads\/2015\/05\/header2c_celtalks.png","width":1800,"height":674,"caption":"Comunica\u00e7\u00e3o Eleitoral"},"image":{"@id":"https:\/\/comunicacaoeleitoral.ufpr.br\/#\/schema\/logo\/image\/"},"sameAs":["https:\/\/www.facebook.com\/Comunica\u00e7\u00e3o-Eleitoral-564214587069724\/","https:\/\/www.instagram.com\/comunicacaoeleitoral\/","https:\/\/www.youtube.com\/ocanalpanke"]},{"@type":"Person","@id":"https:\/\/comunicacaoeleitoral.ufpr.br\/#\/schema\/person\/877ba45697f2179310c85ad2f43514af","name":"Vivian Lemos","image":{"@type":"ImageObject","inLanguage":"pt-BR","@id":"https:\/\/comunicacaoeleitoral.ufpr.br\/#\/schema\/person\/image\/","url":"https:\/\/secure.gravatar.com\/avatar\/b2a4a041bee382da046e85d3060b128c?s=96&d=mm&r=g","contentUrl":"https:\/\/secure.gravatar.com\/avatar\/b2a4a041bee382da046e85d3060b128c?s=96&d=mm&r=g","caption":"Vivian Lemos"},"url":"https:\/\/comunicacaoeleitoral.ufpr.br\/index.php\/author\/vivian-lemos\/"}]}},"_links":{"self":[{"href":"https:\/\/comunicacaoeleitoral.ufpr.br\/index.php\/wp-json\/wp\/v2\/posts\/769"}],"collection":[{"href":"https:\/\/comunicacaoeleitoral.ufpr.br\/index.php\/wp-json\/wp\/v2\/posts"}],"about":[{"href":"https:\/\/comunicacaoeleitoral.ufpr.br\/index.php\/wp-json\/wp\/v2\/types\/post"}],"author":[{"embeddable":true,"href":"https:\/\/comunicacaoeleitoral.ufpr.br\/index.php\/wp-json\/wp\/v2\/users\/28"}],"replies":[{"embeddable":true,"href":"https:\/\/comunicacaoeleitoral.ufpr.br\/index.php\/wp-json\/wp\/v2\/comments?post=769"}],"version-history":[{"count":2,"href":"https:\/\/comunicacaoeleitoral.ufpr.br\/index.php\/wp-json\/wp\/v2\/posts\/769\/revisions"}],"predecessor-version":[{"id":772,"href":"https:\/\/comunicacaoeleitoral.ufpr.br\/index.php\/wp-json\/wp\/v2\/posts\/769\/revisions\/772"}],"wp:attachment":[{"href":"https:\/\/comunicacaoeleitoral.ufpr.br\/index.php\/wp-json\/wp\/v2\/media?parent=769"}],"wp:term":[{"taxonomy":"category","embeddable":true,"href":"https:\/\/comunicacaoeleitoral.ufpr.br\/index.php\/wp-json\/wp\/v2\/categories?post=769"},{"taxonomy":"post_tag","embeddable":true,"href":"https:\/\/comunicacaoeleitoral.ufpr.br\/index.php\/wp-json\/wp\/v2\/tags?post=769"}],"curies":[{"name":"wp","href":"https:\/\/api.w.org\/{rel}","templated":true}]}}