{"id":618,"date":"2016-04-11T15:04:42","date_gmt":"2016-04-11T15:04:42","guid":{"rendered":"https:\/\/comunicacaoeleitoral.ufpr.br\/?p=618"},"modified":"2016-04-11T15:05:51","modified_gmt":"2016-04-11T15:05:51","slug":"observatorio-da-justica-brasileira-lanca-site-sobre-supremo-tribunal-federal","status":"publish","type":"post","link":"https:\/\/comunicacaoeleitoral.ufpr.br\/index.php\/2016\/04\/11\/observatorio-da-justica-brasileira-lanca-site-sobre-supremo-tribunal-federal\/","title":{"rendered":"Observat\u00f3rio da Justi\u00e7a Brasileira lan\u00e7a site sobre Supremo Tribunal Federal"},"content":{"rendered":"<p>O Observat\u00f3rio da Justi\u00e7a Brasileira (OJB) acaba de lan\u00e7ar um novo espa\u00e7o online com importantes informa\u00e7\u00f5es e discuss\u00f5es sobre o Supremo Tribunal Federal (STF). O Observat\u00f3rio criou o site Democratiza STF, que tem como principal objetivo divulgar not\u00edcias e conte\u00fados especializados sobre o Supremo Tribunal, estimulando o debate sobre\u00a0o papel da corte nas decis\u00f5es pol\u00edticas no pa\u00eds.<\/p>\n<div id=\"attachment_619\" style=\"width: 310px\" class=\"wp-caption alignnone\"><a href=\"https:\/\/comunicacaoeleitoral.ufpr.br\/wp-content\/uploads\/2016\/04\/STF.jpg\"><img loading=\"lazy\" decoding=\"async\" aria-describedby=\"caption-attachment-619\" class=\"size-medium wp-image-619\" src=\"https:\/\/comunicacaoeleitoral.ufpr.br\/wp-content\/uploads\/2016\/04\/STF-300x200.jpg\" alt=\"Foto Ilustrativa\" width=\"300\" height=\"200\" srcset=\"https:\/\/comunicacaoeleitoral.ufpr.br\/wp-content\/uploads\/2016\/04\/STF-300x200.jpg 300w, https:\/\/comunicacaoeleitoral.ufpr.br\/wp-content\/uploads\/2016\/04\/STF-1024x683.jpg 1024w, https:\/\/comunicacaoeleitoral.ufpr.br\/wp-content\/uploads\/2016\/04\/STF.jpg 1600w\" sizes=\"(max-width: 300px) 100vw, 300px\" \/><\/a><p id=\"caption-attachment-619\" class=\"wp-caption-text\">Foto Ilustrativa<\/p><\/div>\n<p>O poder judici\u00e1rio brasileiro, principalmente o STF, vem exercendo, desde 1988, um papel central na vida pol\u00edtica nacional. Nos \u00faltimos anos, o STF j\u00e1 atuou em importantes debates da sociedade brasileira, como por exemplo, as cotas raciais nas universidades, interrup\u00e7\u00e3o em casos de anencefalia, demarca\u00e7\u00e3o de terras ind\u00edgenas, financiamento de campanha dentre outros assuntos de relev\u00e2ncia pol\u00edtica e social.<\/p>\n<p>O site \u00e9 uma excelente ferramenta para estudantes, pesquisadores e demais interessados em saber um pouco mais sobre a corte constitucional brasileira. No Democratiza STF ser\u00e1 poss\u00edvel encontrar informa\u00e7\u00f5es e not\u00edcias atualizadas sobre o STF e o Poder Judici\u00e1rio Brasileiro e conhecer um pouco mais sobre o perfil e a trajet\u00f3ria dos ministros da corte. Tamb\u00e9m, periodicamente, ser\u00e3o publicadas entrevistas de especialistas no assunto e textos de opini\u00e3o de colunistas convidados.<\/p>\n<p>O Democratiza STF pretende, ainda, ser um espa\u00e7o de di\u00e1logo entre a sociedade civil e o Observat\u00f3rio da Justi\u00e7a Brasileira, se tornando um canal de divulga\u00e7\u00e3o e apoio de campanhas de grupos que trabalham com a defesa dos Direitos Humanos. Para conhecer um pouco mais sobre o Supremo Tribunal Federal, acesse o site pelo endere\u00e7o http:\/\/democratizastf.org.br\/<\/p>\n<p>O Observat\u00f3rio da Justi\u00e7a Brasileira<\/p>\n<p>O Observat\u00f3rio da Justi\u00e7a Brasileira \u00e9 um centro de pesquisa vinculado ao Departamento de Ci\u00eancia Pol\u00edtica da UFMG que busca desenvolver pesquisas sobre o sistema de justi\u00e7a brasileiro. O projeto atualmente \u00e9 coordenado pelos professores Leonardo Avritzer e Marjorie Marona (DCP-UFMG) e pela pesquisadora L\u00edlian Gomes (UFMG).<\/p>\n<p>Fonte: www.democraciaejusti\u00e7a.org<\/p>\n","protected":false},"excerpt":{"rendered":"<p>O Observat\u00f3rio da Justi\u00e7a Brasileira (OJB) acaba de lan\u00e7ar um novo espa\u00e7o online com importantes informa\u00e7\u00f5es e discuss\u00f5es sobre o Supremo Tribunal Federal (STF). O Observat\u00f3rio criou o site Democratiza STF, que tem como principal objetivo divulgar not\u00edcias e conte\u00fados especializados sobre o Supremo Tribunal, estimulando o debate sobre\u00a0o papel da corte nas decis\u00f5es pol\u00edticas [&hellip;]<\/p>\n","protected":false},"author":29,"featured_media":0,"comment_status":"closed","ping_status":"closed","sticky":false,"template":"","format":"standard","meta":{"_monsterinsights_skip_tracking":false,"_monsterinsights_sitenote_active":false,"_monsterinsights_sitenote_note":"","_monsterinsights_sitenote_category":0,"footnotes":""},"categories":[1],"tags":[],"yoast_head":"<!-- This site is optimized with the Yoast SEO plugin v22.2 - https:\/\/yoast.com\/wordpress\/plugins\/seo\/ -->\n<title>Observat\u00f3rio da Justi\u00e7a Brasileira lan\u00e7a site sobre Supremo Tribunal Federal - Comunica\u00e7\u00e3o Eleitoral<\/title>\n<meta name=\"description\" content=\"Grupo de pesquisa ligado \u00e0 linha de Comunica\u00e7\u00e3o, Pol\u00edtica e Atores Coletivos do Programa de P\u00f3s-gradua\u00e7\u00e3o em Comunica\u00e7\u00e3o da Universidade Federal do Paran\u00e1 (UFPR)\" \/>\n<meta name=\"robots\" content=\"index, follow, max-snippet:-1, max-image-preview:large, max-video-preview:-1\" \/>\n<link rel=\"canonical\" href=\"https:\/\/comunicacaoeleitoral.ufpr.br\/index.php\/2016\/04\/11\/observatorio-da-justica-brasileira-lanca-site-sobre-supremo-tribunal-federal\/\" \/>\n<meta property=\"og:locale\" content=\"pt_BR\" \/>\n<meta property=\"og:type\" content=\"article\" \/>\n<meta property=\"og:title\" content=\"Observat\u00f3rio da Justi\u00e7a Brasileira lan\u00e7a site sobre Supremo Tribunal Federal - Comunica\u00e7\u00e3o Eleitoral\" \/>\n<meta property=\"og:description\" content=\"Grupo de pesquisa ligado \u00e0 linha de Comunica\u00e7\u00e3o, Pol\u00edtica e Atores Coletivos do Programa de P\u00f3s-gradua\u00e7\u00e3o em Comunica\u00e7\u00e3o da Universidade Federal do Paran\u00e1 (UFPR)\" \/>\n<meta property=\"og:url\" content=\"https:\/\/comunicacaoeleitoral.ufpr.br\/index.php\/2016\/04\/11\/observatorio-da-justica-brasileira-lanca-site-sobre-supremo-tribunal-federal\/\" \/>\n<meta property=\"og:site_name\" content=\"Comunica\u00e7\u00e3o Eleitoral\" \/>\n<meta property=\"article:publisher\" content=\"https:\/\/www.facebook.com\/Comunica%c3%a7%c3%a3o-Eleitoral-564214587069724\/\" \/>\n<meta property=\"article:published_time\" content=\"2016-04-11T15:04:42+00:00\" \/>\n<meta property=\"article:modified_time\" content=\"2016-04-11T15:05:51+00:00\" \/>\n<meta property=\"og:image\" content=\"https:\/\/comunicacaoeleitoral.ufpr.br\/wp-content\/uploads\/2016\/04\/STF-300x200.jpg\" \/>\n<meta name=\"author\" content=\"CEL UFPR\" \/>\n<meta name=\"twitter:card\" content=\"summary_large_image\" \/>\n<meta name=\"twitter:label1\" content=\"Escrito por\" \/>\n\t<meta name=\"twitter:data1\" content=\"CEL UFPR\" \/>\n\t<meta name=\"twitter:label2\" content=\"Est. tempo de leitura\" \/>\n\t<meta name=\"twitter:data2\" content=\"2 minutos\" \/>\n<script type=\"application\/ld+json\" class=\"yoast-schema-graph\">{\"@context\":\"https:\/\/schema.org\",\"@graph\":[{\"@type\":\"Article\",\"@id\":\"https:\/\/comunicacaoeleitoral.ufpr.br\/index.php\/2016\/04\/11\/observatorio-da-justica-brasileira-lanca-site-sobre-supremo-tribunal-federal\/#article\",\"isPartOf\":{\"@id\":\"https:\/\/comunicacaoeleitoral.ufpr.br\/index.php\/2016\/04\/11\/observatorio-da-justica-brasileira-lanca-site-sobre-supremo-tribunal-federal\/\"},\"author\":{\"name\":\"CEL UFPR\",\"@id\":\"https:\/\/comunicacaoeleitoral.ufpr.br\/#\/schema\/person\/1f1b0fa714b592dcfee89e9824953d93\"},\"headline\":\"Observat\u00f3rio da Justi\u00e7a Brasileira lan\u00e7a site sobre Supremo Tribunal Federal\",\"datePublished\":\"2016-04-11T15:04:42+00:00\",\"dateModified\":\"2016-04-11T15:05:51+00:00\",\"mainEntityOfPage\":{\"@id\":\"https:\/\/comunicacaoeleitoral.ufpr.br\/index.php\/2016\/04\/11\/observatorio-da-justica-brasileira-lanca-site-sobre-supremo-tribunal-federal\/\"},\"wordCount\":363,\"publisher\":{\"@id\":\"https:\/\/comunicacaoeleitoral.ufpr.br\/#organization\"},\"image\":{\"@id\":\"https:\/\/comunicacaoeleitoral.ufpr.br\/index.php\/2016\/04\/11\/observatorio-da-justica-brasileira-lanca-site-sobre-supremo-tribunal-federal\/#primaryimage\"},\"thumbnailUrl\":\"https:\/\/comunicacaoeleitoral.ufpr.br\/wp-content\/uploads\/2016\/04\/STF-300x200.jpg\",\"inLanguage\":\"pt-BR\"},{\"@type\":\"WebPage\",\"@id\":\"https:\/\/comunicacaoeleitoral.ufpr.br\/index.php\/2016\/04\/11\/observatorio-da-justica-brasileira-lanca-site-sobre-supremo-tribunal-federal\/\",\"url\":\"https:\/\/comunicacaoeleitoral.ufpr.br\/index.php\/2016\/04\/11\/observatorio-da-justica-brasileira-lanca-site-sobre-supremo-tribunal-federal\/\",\"name\":\"Observat\u00f3rio da Justi\u00e7a Brasileira lan\u00e7a site sobre Supremo Tribunal Federal - Comunica\u00e7\u00e3o Eleitoral\",\"isPartOf\":{\"@id\":\"https:\/\/comunicacaoeleitoral.ufpr.br\/#website\"},\"primaryImageOfPage\":{\"@id\":\"https:\/\/comunicacaoeleitoral.ufpr.br\/index.php\/2016\/04\/11\/observatorio-da-justica-brasileira-lanca-site-sobre-supremo-tribunal-federal\/#primaryimage\"},\"image\":{\"@id\":\"https:\/\/comunicacaoeleitoral.ufpr.br\/index.php\/2016\/04\/11\/observatorio-da-justica-brasileira-lanca-site-sobre-supremo-tribunal-federal\/#primaryimage\"},\"thumbnailUrl\":\"https:\/\/comunicacaoeleitoral.ufpr.br\/wp-content\/uploads\/2016\/04\/STF-300x200.jpg\",\"datePublished\":\"2016-04-11T15:04:42+00:00\",\"dateModified\":\"2016-04-11T15:05:51+00:00\",\"description\":\"Grupo de pesquisa ligado \u00e0 linha de Comunica\u00e7\u00e3o, Pol\u00edtica e Atores Coletivos do Programa de P\u00f3s-gradua\u00e7\u00e3o em Comunica\u00e7\u00e3o da Universidade Federal do Paran\u00e1 (UFPR)\",\"breadcrumb\":{\"@id\":\"https:\/\/comunicacaoeleitoral.ufpr.br\/index.php\/2016\/04\/11\/observatorio-da-justica-brasileira-lanca-site-sobre-supremo-tribunal-federal\/#breadcrumb\"},\"inLanguage\":\"pt-BR\",\"potentialAction\":[{\"@type\":\"ReadAction\",\"target\":[\"https:\/\/comunicacaoeleitoral.ufpr.br\/index.php\/2016\/04\/11\/observatorio-da-justica-brasileira-lanca-site-sobre-supremo-tribunal-federal\/\"]}]},{\"@type\":\"ImageObject\",\"inLanguage\":\"pt-BR\",\"@id\":\"https:\/\/comunicacaoeleitoral.ufpr.br\/index.php\/2016\/04\/11\/observatorio-da-justica-brasileira-lanca-site-sobre-supremo-tribunal-federal\/#primaryimage\",\"url\":\"https:\/\/comunicacaoeleitoral.ufpr.br\/wp-content\/uploads\/2016\/04\/STF.jpg\",\"contentUrl\":\"https:\/\/comunicacaoeleitoral.ufpr.br\/wp-content\/uploads\/2016\/04\/STF.jpg\",\"width\":1600,\"height\":1067,\"caption\":\"Foto Ilustrativa\"},{\"@type\":\"BreadcrumbList\",\"@id\":\"https:\/\/comunicacaoeleitoral.ufpr.br\/index.php\/2016\/04\/11\/observatorio-da-justica-brasileira-lanca-site-sobre-supremo-tribunal-federal\/#breadcrumb\",\"itemListElement\":[{\"@type\":\"ListItem\",\"position\":1,\"name\":\"In\u00edcio\",\"item\":\"https:\/\/comunicacaoeleitoral.ufpr.br\/\"},{\"@type\":\"ListItem\",\"position\":2,\"name\":\"Observat\u00f3rio da Justi\u00e7a Brasileira lan\u00e7a site sobre Supremo Tribunal Federal\"}]},{\"@type\":\"WebSite\",\"@id\":\"https:\/\/comunicacaoeleitoral.ufpr.br\/#website\",\"url\":\"https:\/\/comunicacaoeleitoral.ufpr.br\/\",\"name\":\"Comunica\u00e7\u00e3o Eleitoral\",\"description\":\"Grupo de pesquisa ligado \u00e0 linha de Comunica\u00e7\u00e3o e Pol\u00edtica do Programa de P\u00f3s-gradua\u00e7\u00e3o em Comunica\u00e7\u00e3o da Universidade Federal do Paran\u00e1.\",\"publisher\":{\"@id\":\"https:\/\/comunicacaoeleitoral.ufpr.br\/#organization\"},\"potentialAction\":[{\"@type\":\"SearchAction\",\"target\":{\"@type\":\"EntryPoint\",\"urlTemplate\":\"https:\/\/comunicacaoeleitoral.ufpr.br\/?s={search_term_string}\"},\"query-input\":\"required name=search_term_string\"}],\"inLanguage\":\"pt-BR\"},{\"@type\":\"Organization\",\"@id\":\"https:\/\/comunicacaoeleitoral.ufpr.br\/#organization\",\"name\":\"Comunica\u00e7\u00e3o Eleitoral\",\"url\":\"https:\/\/comunicacaoeleitoral.ufpr.br\/\",\"logo\":{\"@type\":\"ImageObject\",\"inLanguage\":\"pt-BR\",\"@id\":\"https:\/\/comunicacaoeleitoral.ufpr.br\/#\/schema\/logo\/image\/\",\"url\":\"https:\/\/comunicacaoeleitoral.ufpr.br\/wp-content\/uploads\/2015\/05\/header2c_celtalks.png\",\"contentUrl\":\"https:\/\/comunicacaoeleitoral.ufpr.br\/wp-content\/uploads\/2015\/05\/header2c_celtalks.png\",\"width\":1800,\"height\":674,\"caption\":\"Comunica\u00e7\u00e3o Eleitoral\"},\"image\":{\"@id\":\"https:\/\/comunicacaoeleitoral.ufpr.br\/#\/schema\/logo\/image\/\"},\"sameAs\":[\"https:\/\/www.facebook.com\/Comunica\u00e7\u00e3o-Eleitoral-564214587069724\/\",\"https:\/\/www.instagram.com\/comunicacaoeleitoral\/\",\"https:\/\/www.youtube.com\/ocanalpanke\"]},{\"@type\":\"Person\",\"@id\":\"https:\/\/comunicacaoeleitoral.ufpr.br\/#\/schema\/person\/1f1b0fa714b592dcfee89e9824953d93\",\"name\":\"CEL UFPR\",\"image\":{\"@type\":\"ImageObject\",\"inLanguage\":\"pt-BR\",\"@id\":\"https:\/\/comunicacaoeleitoral.ufpr.br\/#\/schema\/person\/image\/\",\"url\":\"https:\/\/secure.gravatar.com\/avatar\/e73476db3cc561f956c8814cbc15a40e?s=96&d=mm&r=g\",\"contentUrl\":\"https:\/\/secure.gravatar.com\/avatar\/e73476db3cc561f956c8814cbc15a40e?s=96&d=mm&r=g\",\"caption\":\"CEL UFPR\"},\"url\":\"https:\/\/comunicacaoeleitoral.ufpr.br\/index.php\/author\/cel-ufpr\/\"}]}<\/script>\n<!-- \/ Yoast SEO plugin. -->","yoast_head_json":{"title":"Observat\u00f3rio da Justi\u00e7a Brasileira lan\u00e7a site sobre Supremo Tribunal Federal - Comunica\u00e7\u00e3o Eleitoral","description":"Grupo de pesquisa ligado \u00e0 linha de Comunica\u00e7\u00e3o, Pol\u00edtica e Atores Coletivos do Programa de P\u00f3s-gradua\u00e7\u00e3o em Comunica\u00e7\u00e3o da Universidade Federal do Paran\u00e1 (UFPR)","robots":{"index":"index","follow":"follow","max-snippet":"max-snippet:-1","max-image-preview":"max-image-preview:large","max-video-preview":"max-video-preview:-1"},"canonical":"https:\/\/comunicacaoeleitoral.ufpr.br\/index.php\/2016\/04\/11\/observatorio-da-justica-brasileira-lanca-site-sobre-supremo-tribunal-federal\/","og_locale":"pt_BR","og_type":"article","og_title":"Observat\u00f3rio da Justi\u00e7a Brasileira lan\u00e7a site sobre Supremo Tribunal Federal - Comunica\u00e7\u00e3o Eleitoral","og_description":"Grupo de pesquisa ligado \u00e0 linha de Comunica\u00e7\u00e3o, Pol\u00edtica e Atores Coletivos do Programa de P\u00f3s-gradua\u00e7\u00e3o em Comunica\u00e7\u00e3o da Universidade Federal do Paran\u00e1 (UFPR)","og_url":"https:\/\/comunicacaoeleitoral.ufpr.br\/index.php\/2016\/04\/11\/observatorio-da-justica-brasileira-lanca-site-sobre-supremo-tribunal-federal\/","og_site_name":"Comunica\u00e7\u00e3o Eleitoral","article_publisher":"https:\/\/www.facebook.com\/Comunica%c3%a7%c3%a3o-Eleitoral-564214587069724\/","article_published_time":"2016-04-11T15:04:42+00:00","article_modified_time":"2016-04-11T15:05:51+00:00","og_image":[{"url":"https:\/\/comunicacaoeleitoral.ufpr.br\/wp-content\/uploads\/2016\/04\/STF-300x200.jpg"}],"author":"CEL UFPR","twitter_card":"summary_large_image","twitter_misc":{"Escrito por":"CEL UFPR","Est. tempo de leitura":"2 minutos"},"schema":{"@context":"https:\/\/schema.org","@graph":[{"@type":"Article","@id":"https:\/\/comunicacaoeleitoral.ufpr.br\/index.php\/2016\/04\/11\/observatorio-da-justica-brasileira-lanca-site-sobre-supremo-tribunal-federal\/#article","isPartOf":{"@id":"https:\/\/comunicacaoeleitoral.ufpr.br\/index.php\/2016\/04\/11\/observatorio-da-justica-brasileira-lanca-site-sobre-supremo-tribunal-federal\/"},"author":{"name":"CEL UFPR","@id":"https:\/\/comunicacaoeleitoral.ufpr.br\/#\/schema\/person\/1f1b0fa714b592dcfee89e9824953d93"},"headline":"Observat\u00f3rio da Justi\u00e7a Brasileira lan\u00e7a site sobre Supremo Tribunal Federal","datePublished":"2016-04-11T15:04:42+00:00","dateModified":"2016-04-11T15:05:51+00:00","mainEntityOfPage":{"@id":"https:\/\/comunicacaoeleitoral.ufpr.br\/index.php\/2016\/04\/11\/observatorio-da-justica-brasileira-lanca-site-sobre-supremo-tribunal-federal\/"},"wordCount":363,"publisher":{"@id":"https:\/\/comunicacaoeleitoral.ufpr.br\/#organization"},"image":{"@id":"https:\/\/comunicacaoeleitoral.ufpr.br\/index.php\/2016\/04\/11\/observatorio-da-justica-brasileira-lanca-site-sobre-supremo-tribunal-federal\/#primaryimage"},"thumbnailUrl":"https:\/\/comunicacaoeleitoral.ufpr.br\/wp-content\/uploads\/2016\/04\/STF-300x200.jpg","inLanguage":"pt-BR"},{"@type":"WebPage","@id":"https:\/\/comunicacaoeleitoral.ufpr.br\/index.php\/2016\/04\/11\/observatorio-da-justica-brasileira-lanca-site-sobre-supremo-tribunal-federal\/","url":"https:\/\/comunicacaoeleitoral.ufpr.br\/index.php\/2016\/04\/11\/observatorio-da-justica-brasileira-lanca-site-sobre-supremo-tribunal-federal\/","name":"Observat\u00f3rio da Justi\u00e7a Brasileira lan\u00e7a site sobre Supremo Tribunal Federal - Comunica\u00e7\u00e3o Eleitoral","isPartOf":{"@id":"https:\/\/comunicacaoeleitoral.ufpr.br\/#website"},"primaryImageOfPage":{"@id":"https:\/\/comunicacaoeleitoral.ufpr.br\/index.php\/2016\/04\/11\/observatorio-da-justica-brasileira-lanca-site-sobre-supremo-tribunal-federal\/#primaryimage"},"image":{"@id":"https:\/\/comunicacaoeleitoral.ufpr.br\/index.php\/2016\/04\/11\/observatorio-da-justica-brasileira-lanca-site-sobre-supremo-tribunal-federal\/#primaryimage"},"thumbnailUrl":"https:\/\/comunicacaoeleitoral.ufpr.br\/wp-content\/uploads\/2016\/04\/STF-300x200.jpg","datePublished":"2016-04-11T15:04:42+00:00","dateModified":"2016-04-11T15:05:51+00:00","description":"Grupo de pesquisa ligado \u00e0 linha de Comunica\u00e7\u00e3o, Pol\u00edtica e Atores Coletivos do Programa de P\u00f3s-gradua\u00e7\u00e3o em Comunica\u00e7\u00e3o da Universidade Federal do Paran\u00e1 (UFPR)","breadcrumb":{"@id":"https:\/\/comunicacaoeleitoral.ufpr.br\/index.php\/2016\/04\/11\/observatorio-da-justica-brasileira-lanca-site-sobre-supremo-tribunal-federal\/#breadcrumb"},"inLanguage":"pt-BR","potentialAction":[{"@type":"ReadAction","target":["https:\/\/comunicacaoeleitoral.ufpr.br\/index.php\/2016\/04\/11\/observatorio-da-justica-brasileira-lanca-site-sobre-supremo-tribunal-federal\/"]}]},{"@type":"ImageObject","inLanguage":"pt-BR","@id":"https:\/\/comunicacaoeleitoral.ufpr.br\/index.php\/2016\/04\/11\/observatorio-da-justica-brasileira-lanca-site-sobre-supremo-tribunal-federal\/#primaryimage","url":"https:\/\/comunicacaoeleitoral.ufpr.br\/wp-content\/uploads\/2016\/04\/STF.jpg","contentUrl":"https:\/\/comunicacaoeleitoral.ufpr.br\/wp-content\/uploads\/2016\/04\/STF.jpg","width":1600,"height":1067,"caption":"Foto Ilustrativa"},{"@type":"BreadcrumbList","@id":"https:\/\/comunicacaoeleitoral.ufpr.br\/index.php\/2016\/04\/11\/observatorio-da-justica-brasileira-lanca-site-sobre-supremo-tribunal-federal\/#breadcrumb","itemListElement":[{"@type":"ListItem","position":1,"name":"In\u00edcio","item":"https:\/\/comunicacaoeleitoral.ufpr.br\/"},{"@type":"ListItem","position":2,"name":"Observat\u00f3rio da Justi\u00e7a Brasileira lan\u00e7a site sobre Supremo Tribunal Federal"}]},{"@type":"WebSite","@id":"https:\/\/comunicacaoeleitoral.ufpr.br\/#website","url":"https:\/\/comunicacaoeleitoral.ufpr.br\/","name":"Comunica\u00e7\u00e3o Eleitoral","description":"Grupo de pesquisa ligado \u00e0 linha de Comunica\u00e7\u00e3o e Pol\u00edtica do Programa de P\u00f3s-gradua\u00e7\u00e3o em Comunica\u00e7\u00e3o da Universidade Federal do Paran\u00e1.","publisher":{"@id":"https:\/\/comunicacaoeleitoral.ufpr.br\/#organization"},"potentialAction":[{"@type":"SearchAction","target":{"@type":"EntryPoint","urlTemplate":"https:\/\/comunicacaoeleitoral.ufpr.br\/?s={search_term_string}"},"query-input":"required name=search_term_string"}],"inLanguage":"pt-BR"},{"@type":"Organization","@id":"https:\/\/comunicacaoeleitoral.ufpr.br\/#organization","name":"Comunica\u00e7\u00e3o Eleitoral","url":"https:\/\/comunicacaoeleitoral.ufpr.br\/","logo":{"@type":"ImageObject","inLanguage":"pt-BR","@id":"https:\/\/comunicacaoeleitoral.ufpr.br\/#\/schema\/logo\/image\/","url":"https:\/\/comunicacaoeleitoral.ufpr.br\/wp-content\/uploads\/2015\/05\/header2c_celtalks.png","contentUrl":"https:\/\/comunicacaoeleitoral.ufpr.br\/wp-content\/uploads\/2015\/05\/header2c_celtalks.png","width":1800,"height":674,"caption":"Comunica\u00e7\u00e3o Eleitoral"},"image":{"@id":"https:\/\/comunicacaoeleitoral.ufpr.br\/#\/schema\/logo\/image\/"},"sameAs":["https:\/\/www.facebook.com\/Comunica\u00e7\u00e3o-Eleitoral-564214587069724\/","https:\/\/www.instagram.com\/comunicacaoeleitoral\/","https:\/\/www.youtube.com\/ocanalpanke"]},{"@type":"Person","@id":"https:\/\/comunicacaoeleitoral.ufpr.br\/#\/schema\/person\/1f1b0fa714b592dcfee89e9824953d93","name":"CEL UFPR","image":{"@type":"ImageObject","inLanguage":"pt-BR","@id":"https:\/\/comunicacaoeleitoral.ufpr.br\/#\/schema\/person\/image\/","url":"https:\/\/secure.gravatar.com\/avatar\/e73476db3cc561f956c8814cbc15a40e?s=96&d=mm&r=g","contentUrl":"https:\/\/secure.gravatar.com\/avatar\/e73476db3cc561f956c8814cbc15a40e?s=96&d=mm&r=g","caption":"CEL UFPR"},"url":"https:\/\/comunicacaoeleitoral.ufpr.br\/index.php\/author\/cel-ufpr\/"}]}},"_links":{"self":[{"href":"https:\/\/comunicacaoeleitoral.ufpr.br\/index.php\/wp-json\/wp\/v2\/posts\/618"}],"collection":[{"href":"https:\/\/comunicacaoeleitoral.ufpr.br\/index.php\/wp-json\/wp\/v2\/posts"}],"about":[{"href":"https:\/\/comunicacaoeleitoral.ufpr.br\/index.php\/wp-json\/wp\/v2\/types\/post"}],"author":[{"embeddable":true,"href":"https:\/\/comunicacaoeleitoral.ufpr.br\/index.php\/wp-json\/wp\/v2\/users\/29"}],"replies":[{"embeddable":true,"href":"https:\/\/comunicacaoeleitoral.ufpr.br\/index.php\/wp-json\/wp\/v2\/comments?post=618"}],"version-history":[{"count":3,"href":"https:\/\/comunicacaoeleitoral.ufpr.br\/index.php\/wp-json\/wp\/v2\/posts\/618\/revisions"}],"predecessor-version":[{"id":622,"href":"https:\/\/comunicacaoeleitoral.ufpr.br\/index.php\/wp-json\/wp\/v2\/posts\/618\/revisions\/622"}],"wp:attachment":[{"href":"https:\/\/comunicacaoeleitoral.ufpr.br\/index.php\/wp-json\/wp\/v2\/media?parent=618"}],"wp:term":[{"taxonomy":"category","embeddable":true,"href":"https:\/\/comunicacaoeleitoral.ufpr.br\/index.php\/wp-json\/wp\/v2\/categories?post=618"},{"taxonomy":"post_tag","embeddable":true,"href":"https:\/\/comunicacaoeleitoral.ufpr.br\/index.php\/wp-json\/wp\/v2\/tags?post=618"}],"curies":[{"name":"wp","href":"https:\/\/api.w.org\/{rel}","templated":true}]}}