{"id":591,"date":"2016-04-05T18:20:12","date_gmt":"2016-04-05T18:20:12","guid":{"rendered":"https:\/\/comunicacaoeleitoral.ufpr.br\/?p=591"},"modified":"2016-04-05T18:20:12","modified_gmt":"2016-04-05T18:20:12","slug":"lei-eleitoral-impoe-restricao-a-reajuste-de-servidores-publicos-a-partir-desta-terca-feira-5","status":"publish","type":"post","link":"https:\/\/comunicacaoeleitoral.ufpr.br\/index.php\/2016\/04\/05\/lei-eleitoral-impoe-restricao-a-reajuste-de-servidores-publicos-a-partir-desta-terca-feira-5\/","title":{"rendered":"Lei eleitoral imp\u00f5e restri\u00e7\u00e3o a reajuste de servidores p\u00fablicos a partir desta ter\u00e7a-feira (5)"},"content":{"rendered":"<p><a href=\"https:\/\/comunicacaoeleitoral.ufpr.br\/wp-content\/uploads\/2016\/04\/12968529_1002303556518030_1844098484_n.jpg\"><img loading=\"lazy\" decoding=\"async\" class=\" size-medium wp-image-592 aligncenter\" src=\"https:\/\/comunicacaoeleitoral.ufpr.br\/wp-content\/uploads\/2016\/04\/12968529_1002303556518030_1844098484_n-300x225.jpg\" alt=\"12968529_1002303556518030_1844098484_n\" width=\"300\" height=\"225\" srcset=\"https:\/\/comunicacaoeleitoral.ufpr.br\/wp-content\/uploads\/2016\/04\/12968529_1002303556518030_1844098484_n-300x225.jpg 300w, https:\/\/comunicacaoeleitoral.ufpr.br\/wp-content\/uploads\/2016\/04\/12968529_1002303556518030_1844098484_n.jpg 696w\" sizes=\"(max-width: 300px) 100vw, 300px\" \/><\/a><\/p>\n<p>&nbsp;<\/p>\n<p>A partir desta ter\u00e7a-feira (5), os agentes p\u00fablicos ficam proibidos, na regi\u00e3o onde acontecer\u00e1 a elei\u00e7\u00e3o, de autorizar reajuste salarial geral a servidores p\u00fablicos que supere a infla\u00e7\u00e3o apurada no ano do pleito. Essa restri\u00e7\u00e3o tem in\u00edcio seis meses antes das Elei\u00e7\u00f5es Municipais deste ano e se estende at\u00e9 a data da posse dos prefeitos e vereadores eleitos, em 1\u00ba de janeiro de 2017.<\/p>\n<p>A proibi\u00e7\u00e3o de reajuste acima da infla\u00e7\u00e3o est\u00e1 fixada no inciso VIII do artigo 73 da Lei n\u00ba 9.504\/1997 (Lei das Elei\u00e7\u00f5es) e na Resolu\u00e7\u00e3o TSE n\u00ba 22.252\/2006.<\/p>\n<p>Ainda nesta ter\u00e7a-feira (5) termina o prazo para que os diret\u00f3rios nacionais dos partidos pol\u00edticos publiquem, no Di\u00e1rio Oficial da Uni\u00e3o (DOU), as normas para a escolha e substitui\u00e7\u00e3o de candidatos e para a forma\u00e7\u00e3o de coliga\u00e7\u00f5es, caso essas normas n\u00e3o estejam no estatuto do partido.<br \/>\nnbsp;<br \/>\nFONTE: TSE<\/p>\n","protected":false},"excerpt":{"rendered":"<p>&nbsp; A partir desta ter\u00e7a-feira (5), os agentes p\u00fablicos ficam proibidos, na regi\u00e3o onde acontecer\u00e1 a elei\u00e7\u00e3o, de autorizar reajuste salarial geral a servidores p\u00fablicos que supere a infla\u00e7\u00e3o apurada no ano do pleito. Essa restri\u00e7\u00e3o tem in\u00edcio seis meses antes das Elei\u00e7\u00f5es Municipais deste ano e se estende at\u00e9 a data da posse dos [&hellip;]<\/p>\n","protected":false},"author":5,"featured_media":0,"comment_status":"closed","ping_status":"closed","sticky":false,"template":"","format":"standard","meta":{"_monsterinsights_skip_tracking":false,"_monsterinsights_sitenote_active":false,"_monsterinsights_sitenote_note":"","_monsterinsights_sitenote_category":0,"footnotes":""},"categories":[12],"tags":[],"yoast_head":"<!-- This site is optimized with the Yoast SEO plugin v22.2 - https:\/\/yoast.com\/wordpress\/plugins\/seo\/ -->\n<title>Lei eleitoral imp\u00f5e restri\u00e7\u00e3o a reajuste de servidores p\u00fablicos a partir desta ter\u00e7a-feira (5) - Comunica\u00e7\u00e3o Eleitoral<\/title>\n<meta name=\"description\" content=\"Grupo de pesquisa ligado \u00e0 linha de Comunica\u00e7\u00e3o, Pol\u00edtica e Atores Coletivos do Programa de P\u00f3s-gradua\u00e7\u00e3o em Comunica\u00e7\u00e3o da Universidade Federal do Paran\u00e1 (UFPR)\" \/>\n<meta name=\"robots\" content=\"index, follow, max-snippet:-1, max-image-preview:large, max-video-preview:-1\" \/>\n<link rel=\"canonical\" href=\"https:\/\/comunicacaoeleitoral.ufpr.br\/index.php\/2016\/04\/05\/lei-eleitoral-impoe-restricao-a-reajuste-de-servidores-publicos-a-partir-desta-terca-feira-5\/\" \/>\n<meta property=\"og:locale\" content=\"pt_BR\" \/>\n<meta property=\"og:type\" content=\"article\" \/>\n<meta property=\"og:title\" content=\"Lei eleitoral imp\u00f5e restri\u00e7\u00e3o a reajuste de servidores p\u00fablicos a partir desta ter\u00e7a-feira (5) - Comunica\u00e7\u00e3o Eleitoral\" \/>\n<meta property=\"og:description\" content=\"Grupo de pesquisa ligado \u00e0 linha de Comunica\u00e7\u00e3o, Pol\u00edtica e Atores Coletivos do Programa de P\u00f3s-gradua\u00e7\u00e3o em Comunica\u00e7\u00e3o da Universidade Federal do Paran\u00e1 (UFPR)\" \/>\n<meta property=\"og:url\" content=\"https:\/\/comunicacaoeleitoral.ufpr.br\/index.php\/2016\/04\/05\/lei-eleitoral-impoe-restricao-a-reajuste-de-servidores-publicos-a-partir-desta-terca-feira-5\/\" \/>\n<meta property=\"og:site_name\" content=\"Comunica\u00e7\u00e3o Eleitoral\" \/>\n<meta property=\"article:publisher\" content=\"https:\/\/www.facebook.com\/Comunica%c3%a7%c3%a3o-Eleitoral-564214587069724\/\" \/>\n<meta property=\"article:published_time\" content=\"2016-04-05T18:20:12+00:00\" \/>\n<meta property=\"og:image\" content=\"https:\/\/comunicacaoeleitoral.ufpr.br\/wp-content\/uploads\/2016\/04\/12968529_1002303556518030_1844098484_n-300x225.jpg\" \/>\n<meta name=\"author\" content=\"Aryovaldo de Castro Azevedo Junior\" \/>\n<meta name=\"twitter:card\" content=\"summary_large_image\" \/>\n<meta name=\"twitter:label1\" content=\"Escrito por\" \/>\n\t<meta name=\"twitter:data1\" content=\"Aryovaldo de Castro Azevedo Junior\" \/>\n\t<meta name=\"twitter:label2\" content=\"Est. tempo de leitura\" \/>\n\t<meta name=\"twitter:data2\" content=\"1 minuto\" \/>\n<script type=\"application\/ld+json\" class=\"yoast-schema-graph\">{\"@context\":\"https:\/\/schema.org\",\"@graph\":[{\"@type\":\"Article\",\"@id\":\"https:\/\/comunicacaoeleitoral.ufpr.br\/index.php\/2016\/04\/05\/lei-eleitoral-impoe-restricao-a-reajuste-de-servidores-publicos-a-partir-desta-terca-feira-5\/#article\",\"isPartOf\":{\"@id\":\"https:\/\/comunicacaoeleitoral.ufpr.br\/index.php\/2016\/04\/05\/lei-eleitoral-impoe-restricao-a-reajuste-de-servidores-publicos-a-partir-desta-terca-feira-5\/\"},\"author\":{\"name\":\"Aryovaldo de Castro Azevedo Junior\",\"@id\":\"https:\/\/comunicacaoeleitoral.ufpr.br\/#\/schema\/person\/9fdaa08362a53ac8d1d2d1f2bfb2a422\"},\"headline\":\"Lei eleitoral imp\u00f5e restri\u00e7\u00e3o a reajuste de servidores p\u00fablicos a partir desta ter\u00e7a-feira (5)\",\"datePublished\":\"2016-04-05T18:20:12+00:00\",\"dateModified\":\"2016-04-05T18:20:12+00:00\",\"mainEntityOfPage\":{\"@id\":\"https:\/\/comunicacaoeleitoral.ufpr.br\/index.php\/2016\/04\/05\/lei-eleitoral-impoe-restricao-a-reajuste-de-servidores-publicos-a-partir-desta-terca-feira-5\/\"},\"wordCount\":174,\"publisher\":{\"@id\":\"https:\/\/comunicacaoeleitoral.ufpr.br\/#organization\"},\"image\":{\"@id\":\"https:\/\/comunicacaoeleitoral.ufpr.br\/index.php\/2016\/04\/05\/lei-eleitoral-impoe-restricao-a-reajuste-de-servidores-publicos-a-partir-desta-terca-feira-5\/#primaryimage\"},\"thumbnailUrl\":\"https:\/\/comunicacaoeleitoral.ufpr.br\/wp-content\/uploads\/2016\/04\/12968529_1002303556518030_1844098484_n-300x225.jpg\",\"articleSection\":[\"Pol\u00edtica em foco\"],\"inLanguage\":\"pt-BR\"},{\"@type\":\"WebPage\",\"@id\":\"https:\/\/comunicacaoeleitoral.ufpr.br\/index.php\/2016\/04\/05\/lei-eleitoral-impoe-restricao-a-reajuste-de-servidores-publicos-a-partir-desta-terca-feira-5\/\",\"url\":\"https:\/\/comunicacaoeleitoral.ufpr.br\/index.php\/2016\/04\/05\/lei-eleitoral-impoe-restricao-a-reajuste-de-servidores-publicos-a-partir-desta-terca-feira-5\/\",\"name\":\"Lei eleitoral imp\u00f5e restri\u00e7\u00e3o a reajuste de servidores p\u00fablicos a partir desta ter\u00e7a-feira (5) - Comunica\u00e7\u00e3o Eleitoral\",\"isPartOf\":{\"@id\":\"https:\/\/comunicacaoeleitoral.ufpr.br\/#website\"},\"primaryImageOfPage\":{\"@id\":\"https:\/\/comunicacaoeleitoral.ufpr.br\/index.php\/2016\/04\/05\/lei-eleitoral-impoe-restricao-a-reajuste-de-servidores-publicos-a-partir-desta-terca-feira-5\/#primaryimage\"},\"image\":{\"@id\":\"https:\/\/comunicacaoeleitoral.ufpr.br\/index.php\/2016\/04\/05\/lei-eleitoral-impoe-restricao-a-reajuste-de-servidores-publicos-a-partir-desta-terca-feira-5\/#primaryimage\"},\"thumbnailUrl\":\"https:\/\/comunicacaoeleitoral.ufpr.br\/wp-content\/uploads\/2016\/04\/12968529_1002303556518030_1844098484_n-300x225.jpg\",\"datePublished\":\"2016-04-05T18:20:12+00:00\",\"dateModified\":\"2016-04-05T18:20:12+00:00\",\"description\":\"Grupo de pesquisa ligado \u00e0 linha de Comunica\u00e7\u00e3o, Pol\u00edtica e Atores Coletivos do Programa de P\u00f3s-gradua\u00e7\u00e3o em Comunica\u00e7\u00e3o da Universidade Federal do Paran\u00e1 (UFPR)\",\"breadcrumb\":{\"@id\":\"https:\/\/comunicacaoeleitoral.ufpr.br\/index.php\/2016\/04\/05\/lei-eleitoral-impoe-restricao-a-reajuste-de-servidores-publicos-a-partir-desta-terca-feira-5\/#breadcrumb\"},\"inLanguage\":\"pt-BR\",\"potentialAction\":[{\"@type\":\"ReadAction\",\"target\":[\"https:\/\/comunicacaoeleitoral.ufpr.br\/index.php\/2016\/04\/05\/lei-eleitoral-impoe-restricao-a-reajuste-de-servidores-publicos-a-partir-desta-terca-feira-5\/\"]}]},{\"@type\":\"ImageObject\",\"inLanguage\":\"pt-BR\",\"@id\":\"https:\/\/comunicacaoeleitoral.ufpr.br\/index.php\/2016\/04\/05\/lei-eleitoral-impoe-restricao-a-reajuste-de-servidores-publicos-a-partir-desta-terca-feira-5\/#primaryimage\",\"url\":\"https:\/\/comunicacaoeleitoral.ufpr.br\/wp-content\/uploads\/2016\/04\/12968529_1002303556518030_1844098484_n.jpg\",\"contentUrl\":\"https:\/\/comunicacaoeleitoral.ufpr.br\/wp-content\/uploads\/2016\/04\/12968529_1002303556518030_1844098484_n.jpg\",\"width\":696,\"height\":522},{\"@type\":\"BreadcrumbList\",\"@id\":\"https:\/\/comunicacaoeleitoral.ufpr.br\/index.php\/2016\/04\/05\/lei-eleitoral-impoe-restricao-a-reajuste-de-servidores-publicos-a-partir-desta-terca-feira-5\/#breadcrumb\",\"itemListElement\":[{\"@type\":\"ListItem\",\"position\":1,\"name\":\"In\u00edcio\",\"item\":\"https:\/\/comunicacaoeleitoral.ufpr.br\/\"},{\"@type\":\"ListItem\",\"position\":2,\"name\":\"Lei eleitoral imp\u00f5e restri\u00e7\u00e3o a reajuste de servidores p\u00fablicos a partir desta ter\u00e7a-feira (5)\"}]},{\"@type\":\"WebSite\",\"@id\":\"https:\/\/comunicacaoeleitoral.ufpr.br\/#website\",\"url\":\"https:\/\/comunicacaoeleitoral.ufpr.br\/\",\"name\":\"Comunica\u00e7\u00e3o Eleitoral\",\"description\":\"Grupo de pesquisa ligado \u00e0 linha de Comunica\u00e7\u00e3o e Pol\u00edtica do Programa de P\u00f3s-gradua\u00e7\u00e3o em Comunica\u00e7\u00e3o da Universidade Federal do Paran\u00e1.\",\"publisher\":{\"@id\":\"https:\/\/comunicacaoeleitoral.ufpr.br\/#organization\"},\"potentialAction\":[{\"@type\":\"SearchAction\",\"target\":{\"@type\":\"EntryPoint\",\"urlTemplate\":\"https:\/\/comunicacaoeleitoral.ufpr.br\/?s={search_term_string}\"},\"query-input\":\"required name=search_term_string\"}],\"inLanguage\":\"pt-BR\"},{\"@type\":\"Organization\",\"@id\":\"https:\/\/comunicacaoeleitoral.ufpr.br\/#organization\",\"name\":\"Comunica\u00e7\u00e3o Eleitoral\",\"url\":\"https:\/\/comunicacaoeleitoral.ufpr.br\/\",\"logo\":{\"@type\":\"ImageObject\",\"inLanguage\":\"pt-BR\",\"@id\":\"https:\/\/comunicacaoeleitoral.ufpr.br\/#\/schema\/logo\/image\/\",\"url\":\"https:\/\/comunicacaoeleitoral.ufpr.br\/wp-content\/uploads\/2015\/05\/header2c_celtalks.png\",\"contentUrl\":\"https:\/\/comunicacaoeleitoral.ufpr.br\/wp-content\/uploads\/2015\/05\/header2c_celtalks.png\",\"width\":1800,\"height\":674,\"caption\":\"Comunica\u00e7\u00e3o Eleitoral\"},\"image\":{\"@id\":\"https:\/\/comunicacaoeleitoral.ufpr.br\/#\/schema\/logo\/image\/\"},\"sameAs\":[\"https:\/\/www.facebook.com\/Comunica\u00e7\u00e3o-Eleitoral-564214587069724\/\",\"https:\/\/www.instagram.com\/comunicacaoeleitoral\/\",\"https:\/\/www.youtube.com\/ocanalpanke\"]},{\"@type\":\"Person\",\"@id\":\"https:\/\/comunicacaoeleitoral.ufpr.br\/#\/schema\/person\/9fdaa08362a53ac8d1d2d1f2bfb2a422\",\"name\":\"Aryovaldo de Castro Azevedo Junior\",\"image\":{\"@type\":\"ImageObject\",\"inLanguage\":\"pt-BR\",\"@id\":\"https:\/\/comunicacaoeleitoral.ufpr.br\/#\/schema\/person\/image\/\",\"url\":\"https:\/\/secure.gravatar.com\/avatar\/b3bde3f9e35da7bdd70616b5fb5a1372?s=96&d=mm&r=g\",\"contentUrl\":\"https:\/\/secure.gravatar.com\/avatar\/b3bde3f9e35da7bdd70616b5fb5a1372?s=96&d=mm&r=g\",\"caption\":\"Aryovaldo de Castro Azevedo Junior\"},\"url\":\"https:\/\/comunicacaoeleitoral.ufpr.br\/index.php\/author\/ary-azevedo-jr\/\"}]}<\/script>\n<!-- \/ Yoast SEO plugin. -->","yoast_head_json":{"title":"Lei eleitoral imp\u00f5e restri\u00e7\u00e3o a reajuste de servidores p\u00fablicos a partir desta ter\u00e7a-feira (5) - Comunica\u00e7\u00e3o Eleitoral","description":"Grupo de pesquisa ligado \u00e0 linha de Comunica\u00e7\u00e3o, Pol\u00edtica e Atores Coletivos do Programa de P\u00f3s-gradua\u00e7\u00e3o em Comunica\u00e7\u00e3o da Universidade Federal do Paran\u00e1 (UFPR)","robots":{"index":"index","follow":"follow","max-snippet":"max-snippet:-1","max-image-preview":"max-image-preview:large","max-video-preview":"max-video-preview:-1"},"canonical":"https:\/\/comunicacaoeleitoral.ufpr.br\/index.php\/2016\/04\/05\/lei-eleitoral-impoe-restricao-a-reajuste-de-servidores-publicos-a-partir-desta-terca-feira-5\/","og_locale":"pt_BR","og_type":"article","og_title":"Lei eleitoral imp\u00f5e restri\u00e7\u00e3o a reajuste de servidores p\u00fablicos a partir desta ter\u00e7a-feira (5) - Comunica\u00e7\u00e3o Eleitoral","og_description":"Grupo de pesquisa ligado \u00e0 linha de Comunica\u00e7\u00e3o, Pol\u00edtica e Atores Coletivos do Programa de P\u00f3s-gradua\u00e7\u00e3o em Comunica\u00e7\u00e3o da Universidade Federal do Paran\u00e1 (UFPR)","og_url":"https:\/\/comunicacaoeleitoral.ufpr.br\/index.php\/2016\/04\/05\/lei-eleitoral-impoe-restricao-a-reajuste-de-servidores-publicos-a-partir-desta-terca-feira-5\/","og_site_name":"Comunica\u00e7\u00e3o Eleitoral","article_publisher":"https:\/\/www.facebook.com\/Comunica%c3%a7%c3%a3o-Eleitoral-564214587069724\/","article_published_time":"2016-04-05T18:20:12+00:00","og_image":[{"url":"https:\/\/comunicacaoeleitoral.ufpr.br\/wp-content\/uploads\/2016\/04\/12968529_1002303556518030_1844098484_n-300x225.jpg"}],"author":"Aryovaldo de Castro Azevedo Junior","twitter_card":"summary_large_image","twitter_misc":{"Escrito por":"Aryovaldo de Castro Azevedo Junior","Est. tempo de leitura":"1 minuto"},"schema":{"@context":"https:\/\/schema.org","@graph":[{"@type":"Article","@id":"https:\/\/comunicacaoeleitoral.ufpr.br\/index.php\/2016\/04\/05\/lei-eleitoral-impoe-restricao-a-reajuste-de-servidores-publicos-a-partir-desta-terca-feira-5\/#article","isPartOf":{"@id":"https:\/\/comunicacaoeleitoral.ufpr.br\/index.php\/2016\/04\/05\/lei-eleitoral-impoe-restricao-a-reajuste-de-servidores-publicos-a-partir-desta-terca-feira-5\/"},"author":{"name":"Aryovaldo de Castro Azevedo Junior","@id":"https:\/\/comunicacaoeleitoral.ufpr.br\/#\/schema\/person\/9fdaa08362a53ac8d1d2d1f2bfb2a422"},"headline":"Lei eleitoral imp\u00f5e restri\u00e7\u00e3o a reajuste de servidores p\u00fablicos a partir desta ter\u00e7a-feira (5)","datePublished":"2016-04-05T18:20:12+00:00","dateModified":"2016-04-05T18:20:12+00:00","mainEntityOfPage":{"@id":"https:\/\/comunicacaoeleitoral.ufpr.br\/index.php\/2016\/04\/05\/lei-eleitoral-impoe-restricao-a-reajuste-de-servidores-publicos-a-partir-desta-terca-feira-5\/"},"wordCount":174,"publisher":{"@id":"https:\/\/comunicacaoeleitoral.ufpr.br\/#organization"},"image":{"@id":"https:\/\/comunicacaoeleitoral.ufpr.br\/index.php\/2016\/04\/05\/lei-eleitoral-impoe-restricao-a-reajuste-de-servidores-publicos-a-partir-desta-terca-feira-5\/#primaryimage"},"thumbnailUrl":"https:\/\/comunicacaoeleitoral.ufpr.br\/wp-content\/uploads\/2016\/04\/12968529_1002303556518030_1844098484_n-300x225.jpg","articleSection":["Pol\u00edtica em foco"],"inLanguage":"pt-BR"},{"@type":"WebPage","@id":"https:\/\/comunicacaoeleitoral.ufpr.br\/index.php\/2016\/04\/05\/lei-eleitoral-impoe-restricao-a-reajuste-de-servidores-publicos-a-partir-desta-terca-feira-5\/","url":"https:\/\/comunicacaoeleitoral.ufpr.br\/index.php\/2016\/04\/05\/lei-eleitoral-impoe-restricao-a-reajuste-de-servidores-publicos-a-partir-desta-terca-feira-5\/","name":"Lei eleitoral imp\u00f5e restri\u00e7\u00e3o a reajuste de servidores p\u00fablicos a partir desta ter\u00e7a-feira (5) - Comunica\u00e7\u00e3o Eleitoral","isPartOf":{"@id":"https:\/\/comunicacaoeleitoral.ufpr.br\/#website"},"primaryImageOfPage":{"@id":"https:\/\/comunicacaoeleitoral.ufpr.br\/index.php\/2016\/04\/05\/lei-eleitoral-impoe-restricao-a-reajuste-de-servidores-publicos-a-partir-desta-terca-feira-5\/#primaryimage"},"image":{"@id":"https:\/\/comunicacaoeleitoral.ufpr.br\/index.php\/2016\/04\/05\/lei-eleitoral-impoe-restricao-a-reajuste-de-servidores-publicos-a-partir-desta-terca-feira-5\/#primaryimage"},"thumbnailUrl":"https:\/\/comunicacaoeleitoral.ufpr.br\/wp-content\/uploads\/2016\/04\/12968529_1002303556518030_1844098484_n-300x225.jpg","datePublished":"2016-04-05T18:20:12+00:00","dateModified":"2016-04-05T18:20:12+00:00","description":"Grupo de pesquisa ligado \u00e0 linha de Comunica\u00e7\u00e3o, Pol\u00edtica e Atores Coletivos do Programa de P\u00f3s-gradua\u00e7\u00e3o em Comunica\u00e7\u00e3o da Universidade Federal do Paran\u00e1 (UFPR)","breadcrumb":{"@id":"https:\/\/comunicacaoeleitoral.ufpr.br\/index.php\/2016\/04\/05\/lei-eleitoral-impoe-restricao-a-reajuste-de-servidores-publicos-a-partir-desta-terca-feira-5\/#breadcrumb"},"inLanguage":"pt-BR","potentialAction":[{"@type":"ReadAction","target":["https:\/\/comunicacaoeleitoral.ufpr.br\/index.php\/2016\/04\/05\/lei-eleitoral-impoe-restricao-a-reajuste-de-servidores-publicos-a-partir-desta-terca-feira-5\/"]}]},{"@type":"ImageObject","inLanguage":"pt-BR","@id":"https:\/\/comunicacaoeleitoral.ufpr.br\/index.php\/2016\/04\/05\/lei-eleitoral-impoe-restricao-a-reajuste-de-servidores-publicos-a-partir-desta-terca-feira-5\/#primaryimage","url":"https:\/\/comunicacaoeleitoral.ufpr.br\/wp-content\/uploads\/2016\/04\/12968529_1002303556518030_1844098484_n.jpg","contentUrl":"https:\/\/comunicacaoeleitoral.ufpr.br\/wp-content\/uploads\/2016\/04\/12968529_1002303556518030_1844098484_n.jpg","width":696,"height":522},{"@type":"BreadcrumbList","@id":"https:\/\/comunicacaoeleitoral.ufpr.br\/index.php\/2016\/04\/05\/lei-eleitoral-impoe-restricao-a-reajuste-de-servidores-publicos-a-partir-desta-terca-feira-5\/#breadcrumb","itemListElement":[{"@type":"ListItem","position":1,"name":"In\u00edcio","item":"https:\/\/comunicacaoeleitoral.ufpr.br\/"},{"@type":"ListItem","position":2,"name":"Lei eleitoral imp\u00f5e restri\u00e7\u00e3o a reajuste de servidores p\u00fablicos a partir desta ter\u00e7a-feira (5)"}]},{"@type":"WebSite","@id":"https:\/\/comunicacaoeleitoral.ufpr.br\/#website","url":"https:\/\/comunicacaoeleitoral.ufpr.br\/","name":"Comunica\u00e7\u00e3o Eleitoral","description":"Grupo de pesquisa ligado \u00e0 linha de Comunica\u00e7\u00e3o e Pol\u00edtica do Programa de P\u00f3s-gradua\u00e7\u00e3o em Comunica\u00e7\u00e3o da Universidade Federal do Paran\u00e1.","publisher":{"@id":"https:\/\/comunicacaoeleitoral.ufpr.br\/#organization"},"potentialAction":[{"@type":"SearchAction","target":{"@type":"EntryPoint","urlTemplate":"https:\/\/comunicacaoeleitoral.ufpr.br\/?s={search_term_string}"},"query-input":"required name=search_term_string"}],"inLanguage":"pt-BR"},{"@type":"Organization","@id":"https:\/\/comunicacaoeleitoral.ufpr.br\/#organization","name":"Comunica\u00e7\u00e3o Eleitoral","url":"https:\/\/comunicacaoeleitoral.ufpr.br\/","logo":{"@type":"ImageObject","inLanguage":"pt-BR","@id":"https:\/\/comunicacaoeleitoral.ufpr.br\/#\/schema\/logo\/image\/","url":"https:\/\/comunicacaoeleitoral.ufpr.br\/wp-content\/uploads\/2015\/05\/header2c_celtalks.png","contentUrl":"https:\/\/comunicacaoeleitoral.ufpr.br\/wp-content\/uploads\/2015\/05\/header2c_celtalks.png","width":1800,"height":674,"caption":"Comunica\u00e7\u00e3o Eleitoral"},"image":{"@id":"https:\/\/comunicacaoeleitoral.ufpr.br\/#\/schema\/logo\/image\/"},"sameAs":["https:\/\/www.facebook.com\/Comunica\u00e7\u00e3o-Eleitoral-564214587069724\/","https:\/\/www.instagram.com\/comunicacaoeleitoral\/","https:\/\/www.youtube.com\/ocanalpanke"]},{"@type":"Person","@id":"https:\/\/comunicacaoeleitoral.ufpr.br\/#\/schema\/person\/9fdaa08362a53ac8d1d2d1f2bfb2a422","name":"Aryovaldo de Castro Azevedo Junior","image":{"@type":"ImageObject","inLanguage":"pt-BR","@id":"https:\/\/comunicacaoeleitoral.ufpr.br\/#\/schema\/person\/image\/","url":"https:\/\/secure.gravatar.com\/avatar\/b3bde3f9e35da7bdd70616b5fb5a1372?s=96&d=mm&r=g","contentUrl":"https:\/\/secure.gravatar.com\/avatar\/b3bde3f9e35da7bdd70616b5fb5a1372?s=96&d=mm&r=g","caption":"Aryovaldo de Castro Azevedo Junior"},"url":"https:\/\/comunicacaoeleitoral.ufpr.br\/index.php\/author\/ary-azevedo-jr\/"}]}},"_links":{"self":[{"href":"https:\/\/comunicacaoeleitoral.ufpr.br\/index.php\/wp-json\/wp\/v2\/posts\/591"}],"collection":[{"href":"https:\/\/comunicacaoeleitoral.ufpr.br\/index.php\/wp-json\/wp\/v2\/posts"}],"about":[{"href":"https:\/\/comunicacaoeleitoral.ufpr.br\/index.php\/wp-json\/wp\/v2\/types\/post"}],"author":[{"embeddable":true,"href":"https:\/\/comunicacaoeleitoral.ufpr.br\/index.php\/wp-json\/wp\/v2\/users\/5"}],"replies":[{"embeddable":true,"href":"https:\/\/comunicacaoeleitoral.ufpr.br\/index.php\/wp-json\/wp\/v2\/comments?post=591"}],"version-history":[{"count":1,"href":"https:\/\/comunicacaoeleitoral.ufpr.br\/index.php\/wp-json\/wp\/v2\/posts\/591\/revisions"}],"predecessor-version":[{"id":593,"href":"https:\/\/comunicacaoeleitoral.ufpr.br\/index.php\/wp-json\/wp\/v2\/posts\/591\/revisions\/593"}],"wp:attachment":[{"href":"https:\/\/comunicacaoeleitoral.ufpr.br\/index.php\/wp-json\/wp\/v2\/media?parent=591"}],"wp:term":[{"taxonomy":"category","embeddable":true,"href":"https:\/\/comunicacaoeleitoral.ufpr.br\/index.php\/wp-json\/wp\/v2\/categories?post=591"},{"taxonomy":"post_tag","embeddable":true,"href":"https:\/\/comunicacaoeleitoral.ufpr.br\/index.php\/wp-json\/wp\/v2\/tags?post=591"}],"curies":[{"name":"wp","href":"https:\/\/api.w.org\/{rel}","templated":true}]}}