{"id":4084,"date":"2021-09-28T11:36:46","date_gmt":"2021-09-28T11:36:46","guid":{"rendered":"https:\/\/comunicacaoeleitoral.ufpr.br\/?p=4084"},"modified":"2021-10-07T14:56:25","modified_gmt":"2021-10-07T14:56:25","slug":"lancamento-do-ebook-eleicoes-2020-analise-da-propaganda-eleitoral-nas-capitais-brasileiras","status":"publish","type":"post","link":"https:\/\/comunicacaoeleitoral.ufpr.br\/index.php\/2021\/09\/28\/lancamento-do-ebook-eleicoes-2020-analise-da-propaganda-eleitoral-nas-capitais-brasileiras\/","title":{"rendered":"Lan\u00e7amento do segundo eBook sobre as elei\u00e7\u00f5es 2020"},"content":{"rendered":"<p>Na pr\u00f3xima sexta-feira (01), \u00e0s 18h30, o CEL promover\u00e1 mais um evento da programa\u00e7\u00e3o especial dos 10 anos do grupo, completados em 2021. Desta vez, teremos um motivo a mais para celebrar: o t\u00e3o aguardado lan\u00e7amento do eBook &#8220;<strong>Elei\u00e7\u00f5es 2020: an\u00e1lise da propaganda eleitoral nas capitais brasileiras<\/strong>&#8220;, que inaugura a cole\u00e7\u00e3o &#8220;Comunica\u00e7\u00e3o Pol\u00edtica e Eleitoral&#8221; &#8211; parceria in\u00e9dita do CEL com a\u00a0<strong><a href=\"http:\/\/eduepb.uepb.edu.br\/\" target=\"_blank\">Editora da Universidade Estadual da Para\u00edba (EDUEPB)<\/a><\/strong>.<\/p>\n<p style=\"text-align: center;\"><strong><a href=\"https:\/\/drive.google.com\/file\/d\/1T3lfXOfLma7GvgI20DrptNv4C_PIH_y6\/view?usp=sharing\" target=\"_blank\">Baixe o livro aqui<\/a><\/strong><\/p>\n<p>Fruto do esfor\u00e7o coletivo que envolveu mais de 50 pesquisadoras e pesquisadores, a obra apresenta as an\u00e1lises das propagandas televisivas exibidas no Hor\u00e1rio Gratuito de Propaganda Eleitoral (HGPE) de todas as capitais brasileiras &#8211; menos Bras\u00edlia &#8211; nas elei\u00e7\u00f5es do ano passado.<\/p>\n<p>Mediado pelos celestes respons\u00e1veis pela organiza\u00e7\u00e3o do eBook, Profa. Dra.\u00a0<strong><a href=\"https:\/\/www.instagram.com\/profalucianapanke\/\" target=\"_blank\">Luciana Panke<\/a><\/strong>, Prof. Dr.\u00a0<strong><a href=\"https:\/\/www.instagram.com\/castrortsac\/\" target=\"_blank\">Ary Azevedo Jr<\/a><\/strong>\u00a0e Dr.\u00a0<strong><a href=\"https:\/\/www.instagram.com\/lucaswlk\/\" target=\"_blank\">Lucas Gandin<\/a><\/strong>, o evento tamb\u00e9m contar\u00e1 com a participa\u00e7\u00e3o de coautoras e coautores com transmiss\u00e3o ao vivo pelo\u00a0<strong><a href=\"https:\/\/www.youtube.com\/c\/CanalPanke\" target=\"_blank\">Canal Panke<\/a><\/strong>\u00a0no Youtube. Fica aqui o nosso convite!<\/p>\n<p><a href=\"https:\/\/comunicacaoeleitoral.ufpr.br\/wp-content\/uploads\/2021\/09\/WhatsApp-Image-2021-09-27-at-18.31.08.jpeg\"><img loading=\"lazy\" decoding=\"async\" class=\"alignnone size-full wp-image-4085\" src=\"https:\/\/comunicacaoeleitoral.ufpr.br\/wp-content\/uploads\/2021\/09\/WhatsApp-Image-2021-09-27-at-18.31.08.jpeg\" alt=\"WhatsApp Image 2021-09-27 at 18.31.08\" width=\"1024\" height=\"1024\" srcset=\"https:\/\/comunicacaoeleitoral.ufpr.br\/wp-content\/uploads\/2021\/09\/WhatsApp-Image-2021-09-27-at-18.31.08.jpeg 1024w, https:\/\/comunicacaoeleitoral.ufpr.br\/wp-content\/uploads\/2021\/09\/WhatsApp-Image-2021-09-27-at-18.31.08-150x150.jpeg 150w, https:\/\/comunicacaoeleitoral.ufpr.br\/wp-content\/uploads\/2021\/09\/WhatsApp-Image-2021-09-27-at-18.31.08-300x300.jpeg 300w, https:\/\/comunicacaoeleitoral.ufpr.br\/wp-content\/uploads\/2021\/09\/WhatsApp-Image-2021-09-27-at-18.31.08-50x50.jpeg 50w, https:\/\/comunicacaoeleitoral.ufpr.br\/wp-content\/uploads\/2021\/09\/WhatsApp-Image-2021-09-27-at-18.31.08-57x57.jpeg 57w\" sizes=\"(max-width: 1024px) 100vw, 1024px\" \/><\/a><\/p>\n<p>&nbsp;<\/p>\n","protected":false},"excerpt":{"rendered":"<p>Na pr\u00f3xima sexta-feira (01), \u00e0s 18h30, o CEL promover\u00e1 mais um evento da programa\u00e7\u00e3o especial dos 10 anos do grupo, completados em 2021. Desta vez, teremos um motivo a mais para celebrar: o t\u00e3o aguardado lan\u00e7amento do eBook &#8220;Elei\u00e7\u00f5es 2020: an\u00e1lise da propaganda eleitoral nas capitais brasileiras&#8220;, que inaugura a cole\u00e7\u00e3o &#8220;Comunica\u00e7\u00e3o Pol\u00edtica e Eleitoral&#8221; [&hellip;]<\/p>\n","protected":false},"author":28,"featured_media":0,"comment_status":"closed","ping_status":"closed","sticky":false,"template":"","format":"standard","meta":{"_monsterinsights_skip_tracking":false,"_monsterinsights_sitenote_active":false,"_monsterinsights_sitenote_note":"","_monsterinsights_sitenote_category":0,"footnotes":""},"categories":[1],"tags":[],"yoast_head":"<!-- This site is optimized with the Yoast SEO plugin v22.2 - https:\/\/yoast.com\/wordpress\/plugins\/seo\/ -->\n<title>Lan\u00e7amento do segundo eBook sobre as elei\u00e7\u00f5es 2020 - Comunica\u00e7\u00e3o Eleitoral<\/title>\n<meta name=\"description\" content=\"Grupo de pesquisa ligado \u00e0 linha de Comunica\u00e7\u00e3o, Pol\u00edtica e Atores Coletivos do Programa de P\u00f3s-gradua\u00e7\u00e3o em Comunica\u00e7\u00e3o da Universidade Federal do Paran\u00e1 (UFPR)\" \/>\n<meta name=\"robots\" content=\"index, follow, max-snippet:-1, max-image-preview:large, max-video-preview:-1\" \/>\n<link rel=\"canonical\" href=\"https:\/\/comunicacaoeleitoral.ufpr.br\/index.php\/2021\/09\/28\/lancamento-do-ebook-eleicoes-2020-analise-da-propaganda-eleitoral-nas-capitais-brasileiras\/\" \/>\n<meta property=\"og:locale\" content=\"pt_BR\" \/>\n<meta property=\"og:type\" content=\"article\" \/>\n<meta property=\"og:title\" content=\"Lan\u00e7amento do segundo eBook sobre as elei\u00e7\u00f5es 2020 - Comunica\u00e7\u00e3o Eleitoral\" \/>\n<meta property=\"og:description\" content=\"Grupo de pesquisa ligado \u00e0 linha de Comunica\u00e7\u00e3o, Pol\u00edtica e Atores Coletivos do Programa de P\u00f3s-gradua\u00e7\u00e3o em Comunica\u00e7\u00e3o da Universidade Federal do Paran\u00e1 (UFPR)\" \/>\n<meta property=\"og:url\" content=\"https:\/\/comunicacaoeleitoral.ufpr.br\/index.php\/2021\/09\/28\/lancamento-do-ebook-eleicoes-2020-analise-da-propaganda-eleitoral-nas-capitais-brasileiras\/\" \/>\n<meta property=\"og:site_name\" content=\"Comunica\u00e7\u00e3o Eleitoral\" \/>\n<meta property=\"article:publisher\" content=\"https:\/\/www.facebook.com\/Comunica%c3%a7%c3%a3o-Eleitoral-564214587069724\/\" \/>\n<meta property=\"article:published_time\" content=\"2021-09-28T11:36:46+00:00\" \/>\n<meta property=\"article:modified_time\" content=\"2021-10-07T14:56:25+00:00\" \/>\n<meta property=\"og:image\" content=\"https:\/\/comunicacaoeleitoral.ufpr.br\/wp-content\/uploads\/2021\/09\/WhatsApp-Image-2021-09-27-at-18.31.08.jpeg\" \/>\n<meta name=\"author\" content=\"Vivian Lemos\" \/>\n<meta name=\"twitter:card\" content=\"summary_large_image\" \/>\n<meta name=\"twitter:label1\" content=\"Escrito por\" \/>\n\t<meta name=\"twitter:data1\" content=\"Vivian Lemos\" \/>\n\t<meta name=\"twitter:label2\" content=\"Est. tempo de leitura\" \/>\n\t<meta name=\"twitter:data2\" content=\"1 minuto\" \/>\n<script type=\"application\/ld+json\" class=\"yoast-schema-graph\">{\"@context\":\"https:\/\/schema.org\",\"@graph\":[{\"@type\":\"Article\",\"@id\":\"https:\/\/comunicacaoeleitoral.ufpr.br\/index.php\/2021\/09\/28\/lancamento-do-ebook-eleicoes-2020-analise-da-propaganda-eleitoral-nas-capitais-brasileiras\/#article\",\"isPartOf\":{\"@id\":\"https:\/\/comunicacaoeleitoral.ufpr.br\/index.php\/2021\/09\/28\/lancamento-do-ebook-eleicoes-2020-analise-da-propaganda-eleitoral-nas-capitais-brasileiras\/\"},\"author\":{\"name\":\"Vivian Lemos\",\"@id\":\"https:\/\/comunicacaoeleitoral.ufpr.br\/#\/schema\/person\/877ba45697f2179310c85ad2f43514af\"},\"headline\":\"Lan\u00e7amento do segundo eBook sobre as elei\u00e7\u00f5es 2020\",\"datePublished\":\"2021-09-28T11:36:46+00:00\",\"dateModified\":\"2021-10-07T14:56:25+00:00\",\"mainEntityOfPage\":{\"@id\":\"https:\/\/comunicacaoeleitoral.ufpr.br\/index.php\/2021\/09\/28\/lancamento-do-ebook-eleicoes-2020-analise-da-propaganda-eleitoral-nas-capitais-brasileiras\/\"},\"wordCount\":187,\"publisher\":{\"@id\":\"https:\/\/comunicacaoeleitoral.ufpr.br\/#organization\"},\"image\":{\"@id\":\"https:\/\/comunicacaoeleitoral.ufpr.br\/index.php\/2021\/09\/28\/lancamento-do-ebook-eleicoes-2020-analise-da-propaganda-eleitoral-nas-capitais-brasileiras\/#primaryimage\"},\"thumbnailUrl\":\"https:\/\/comunicacaoeleitoral.ufpr.br\/wp-content\/uploads\/2021\/09\/WhatsApp-Image-2021-09-27-at-18.31.08.jpeg\",\"inLanguage\":\"pt-BR\"},{\"@type\":\"WebPage\",\"@id\":\"https:\/\/comunicacaoeleitoral.ufpr.br\/index.php\/2021\/09\/28\/lancamento-do-ebook-eleicoes-2020-analise-da-propaganda-eleitoral-nas-capitais-brasileiras\/\",\"url\":\"https:\/\/comunicacaoeleitoral.ufpr.br\/index.php\/2021\/09\/28\/lancamento-do-ebook-eleicoes-2020-analise-da-propaganda-eleitoral-nas-capitais-brasileiras\/\",\"name\":\"Lan\u00e7amento do segundo eBook sobre as elei\u00e7\u00f5es 2020 - Comunica\u00e7\u00e3o Eleitoral\",\"isPartOf\":{\"@id\":\"https:\/\/comunicacaoeleitoral.ufpr.br\/#website\"},\"primaryImageOfPage\":{\"@id\":\"https:\/\/comunicacaoeleitoral.ufpr.br\/index.php\/2021\/09\/28\/lancamento-do-ebook-eleicoes-2020-analise-da-propaganda-eleitoral-nas-capitais-brasileiras\/#primaryimage\"},\"image\":{\"@id\":\"https:\/\/comunicacaoeleitoral.ufpr.br\/index.php\/2021\/09\/28\/lancamento-do-ebook-eleicoes-2020-analise-da-propaganda-eleitoral-nas-capitais-brasileiras\/#primaryimage\"},\"thumbnailUrl\":\"https:\/\/comunicacaoeleitoral.ufpr.br\/wp-content\/uploads\/2021\/09\/WhatsApp-Image-2021-09-27-at-18.31.08.jpeg\",\"datePublished\":\"2021-09-28T11:36:46+00:00\",\"dateModified\":\"2021-10-07T14:56:25+00:00\",\"description\":\"Grupo de pesquisa ligado \u00e0 linha de Comunica\u00e7\u00e3o, Pol\u00edtica e Atores Coletivos do Programa de P\u00f3s-gradua\u00e7\u00e3o em Comunica\u00e7\u00e3o da Universidade Federal do Paran\u00e1 (UFPR)\",\"breadcrumb\":{\"@id\":\"https:\/\/comunicacaoeleitoral.ufpr.br\/index.php\/2021\/09\/28\/lancamento-do-ebook-eleicoes-2020-analise-da-propaganda-eleitoral-nas-capitais-brasileiras\/#breadcrumb\"},\"inLanguage\":\"pt-BR\",\"potentialAction\":[{\"@type\":\"ReadAction\",\"target\":[\"https:\/\/comunicacaoeleitoral.ufpr.br\/index.php\/2021\/09\/28\/lancamento-do-ebook-eleicoes-2020-analise-da-propaganda-eleitoral-nas-capitais-brasileiras\/\"]}]},{\"@type\":\"ImageObject\",\"inLanguage\":\"pt-BR\",\"@id\":\"https:\/\/comunicacaoeleitoral.ufpr.br\/index.php\/2021\/09\/28\/lancamento-do-ebook-eleicoes-2020-analise-da-propaganda-eleitoral-nas-capitais-brasileiras\/#primaryimage\",\"url\":\"https:\/\/comunicacaoeleitoral.ufpr.br\/wp-content\/uploads\/2021\/09\/WhatsApp-Image-2021-09-27-at-18.31.08.jpeg\",\"contentUrl\":\"https:\/\/comunicacaoeleitoral.ufpr.br\/wp-content\/uploads\/2021\/09\/WhatsApp-Image-2021-09-27-at-18.31.08.jpeg\",\"width\":1024,\"height\":1024},{\"@type\":\"BreadcrumbList\",\"@id\":\"https:\/\/comunicacaoeleitoral.ufpr.br\/index.php\/2021\/09\/28\/lancamento-do-ebook-eleicoes-2020-analise-da-propaganda-eleitoral-nas-capitais-brasileiras\/#breadcrumb\",\"itemListElement\":[{\"@type\":\"ListItem\",\"position\":1,\"name\":\"In\u00edcio\",\"item\":\"https:\/\/comunicacaoeleitoral.ufpr.br\/\"},{\"@type\":\"ListItem\",\"position\":2,\"name\":\"Lan\u00e7amento do segundo eBook sobre as elei\u00e7\u00f5es 2020\"}]},{\"@type\":\"WebSite\",\"@id\":\"https:\/\/comunicacaoeleitoral.ufpr.br\/#website\",\"url\":\"https:\/\/comunicacaoeleitoral.ufpr.br\/\",\"name\":\"Comunica\u00e7\u00e3o Eleitoral\",\"description\":\"Grupo de pesquisa ligado \u00e0 linha de Comunica\u00e7\u00e3o e Pol\u00edtica do Programa de P\u00f3s-gradua\u00e7\u00e3o em Comunica\u00e7\u00e3o da Universidade Federal do Paran\u00e1.\",\"publisher\":{\"@id\":\"https:\/\/comunicacaoeleitoral.ufpr.br\/#organization\"},\"potentialAction\":[{\"@type\":\"SearchAction\",\"target\":{\"@type\":\"EntryPoint\",\"urlTemplate\":\"https:\/\/comunicacaoeleitoral.ufpr.br\/?s={search_term_string}\"},\"query-input\":\"required name=search_term_string\"}],\"inLanguage\":\"pt-BR\"},{\"@type\":\"Organization\",\"@id\":\"https:\/\/comunicacaoeleitoral.ufpr.br\/#organization\",\"name\":\"Comunica\u00e7\u00e3o Eleitoral\",\"url\":\"https:\/\/comunicacaoeleitoral.ufpr.br\/\",\"logo\":{\"@type\":\"ImageObject\",\"inLanguage\":\"pt-BR\",\"@id\":\"https:\/\/comunicacaoeleitoral.ufpr.br\/#\/schema\/logo\/image\/\",\"url\":\"https:\/\/comunicacaoeleitoral.ufpr.br\/wp-content\/uploads\/2015\/05\/header2c_celtalks.png\",\"contentUrl\":\"https:\/\/comunicacaoeleitoral.ufpr.br\/wp-content\/uploads\/2015\/05\/header2c_celtalks.png\",\"width\":1800,\"height\":674,\"caption\":\"Comunica\u00e7\u00e3o Eleitoral\"},\"image\":{\"@id\":\"https:\/\/comunicacaoeleitoral.ufpr.br\/#\/schema\/logo\/image\/\"},\"sameAs\":[\"https:\/\/www.facebook.com\/Comunica\u00e7\u00e3o-Eleitoral-564214587069724\/\",\"https:\/\/www.instagram.com\/comunicacaoeleitoral\/\",\"https:\/\/www.youtube.com\/ocanalpanke\"]},{\"@type\":\"Person\",\"@id\":\"https:\/\/comunicacaoeleitoral.ufpr.br\/#\/schema\/person\/877ba45697f2179310c85ad2f43514af\",\"name\":\"Vivian Lemos\",\"image\":{\"@type\":\"ImageObject\",\"inLanguage\":\"pt-BR\",\"@id\":\"https:\/\/comunicacaoeleitoral.ufpr.br\/#\/schema\/person\/image\/\",\"url\":\"https:\/\/secure.gravatar.com\/avatar\/b2a4a041bee382da046e85d3060b128c?s=96&d=mm&r=g\",\"contentUrl\":\"https:\/\/secure.gravatar.com\/avatar\/b2a4a041bee382da046e85d3060b128c?s=96&d=mm&r=g\",\"caption\":\"Vivian Lemos\"},\"url\":\"https:\/\/comunicacaoeleitoral.ufpr.br\/index.php\/author\/vivian-lemos\/\"}]}<\/script>\n<!-- \/ Yoast SEO plugin. -->","yoast_head_json":{"title":"Lan\u00e7amento do segundo eBook sobre as elei\u00e7\u00f5es 2020 - Comunica\u00e7\u00e3o Eleitoral","description":"Grupo de pesquisa ligado \u00e0 linha de Comunica\u00e7\u00e3o, Pol\u00edtica e Atores Coletivos do Programa de P\u00f3s-gradua\u00e7\u00e3o em Comunica\u00e7\u00e3o da Universidade Federal do Paran\u00e1 (UFPR)","robots":{"index":"index","follow":"follow","max-snippet":"max-snippet:-1","max-image-preview":"max-image-preview:large","max-video-preview":"max-video-preview:-1"},"canonical":"https:\/\/comunicacaoeleitoral.ufpr.br\/index.php\/2021\/09\/28\/lancamento-do-ebook-eleicoes-2020-analise-da-propaganda-eleitoral-nas-capitais-brasileiras\/","og_locale":"pt_BR","og_type":"article","og_title":"Lan\u00e7amento do segundo eBook sobre as elei\u00e7\u00f5es 2020 - Comunica\u00e7\u00e3o Eleitoral","og_description":"Grupo de pesquisa ligado \u00e0 linha de Comunica\u00e7\u00e3o, Pol\u00edtica e Atores Coletivos do Programa de P\u00f3s-gradua\u00e7\u00e3o em Comunica\u00e7\u00e3o da Universidade Federal do Paran\u00e1 (UFPR)","og_url":"https:\/\/comunicacaoeleitoral.ufpr.br\/index.php\/2021\/09\/28\/lancamento-do-ebook-eleicoes-2020-analise-da-propaganda-eleitoral-nas-capitais-brasileiras\/","og_site_name":"Comunica\u00e7\u00e3o Eleitoral","article_publisher":"https:\/\/www.facebook.com\/Comunica%c3%a7%c3%a3o-Eleitoral-564214587069724\/","article_published_time":"2021-09-28T11:36:46+00:00","article_modified_time":"2021-10-07T14:56:25+00:00","og_image":[{"url":"https:\/\/comunicacaoeleitoral.ufpr.br\/wp-content\/uploads\/2021\/09\/WhatsApp-Image-2021-09-27-at-18.31.08.jpeg"}],"author":"Vivian Lemos","twitter_card":"summary_large_image","twitter_misc":{"Escrito por":"Vivian Lemos","Est. tempo de leitura":"1 minuto"},"schema":{"@context":"https:\/\/schema.org","@graph":[{"@type":"Article","@id":"https:\/\/comunicacaoeleitoral.ufpr.br\/index.php\/2021\/09\/28\/lancamento-do-ebook-eleicoes-2020-analise-da-propaganda-eleitoral-nas-capitais-brasileiras\/#article","isPartOf":{"@id":"https:\/\/comunicacaoeleitoral.ufpr.br\/index.php\/2021\/09\/28\/lancamento-do-ebook-eleicoes-2020-analise-da-propaganda-eleitoral-nas-capitais-brasileiras\/"},"author":{"name":"Vivian Lemos","@id":"https:\/\/comunicacaoeleitoral.ufpr.br\/#\/schema\/person\/877ba45697f2179310c85ad2f43514af"},"headline":"Lan\u00e7amento do segundo eBook sobre as elei\u00e7\u00f5es 2020","datePublished":"2021-09-28T11:36:46+00:00","dateModified":"2021-10-07T14:56:25+00:00","mainEntityOfPage":{"@id":"https:\/\/comunicacaoeleitoral.ufpr.br\/index.php\/2021\/09\/28\/lancamento-do-ebook-eleicoes-2020-analise-da-propaganda-eleitoral-nas-capitais-brasileiras\/"},"wordCount":187,"publisher":{"@id":"https:\/\/comunicacaoeleitoral.ufpr.br\/#organization"},"image":{"@id":"https:\/\/comunicacaoeleitoral.ufpr.br\/index.php\/2021\/09\/28\/lancamento-do-ebook-eleicoes-2020-analise-da-propaganda-eleitoral-nas-capitais-brasileiras\/#primaryimage"},"thumbnailUrl":"https:\/\/comunicacaoeleitoral.ufpr.br\/wp-content\/uploads\/2021\/09\/WhatsApp-Image-2021-09-27-at-18.31.08.jpeg","inLanguage":"pt-BR"},{"@type":"WebPage","@id":"https:\/\/comunicacaoeleitoral.ufpr.br\/index.php\/2021\/09\/28\/lancamento-do-ebook-eleicoes-2020-analise-da-propaganda-eleitoral-nas-capitais-brasileiras\/","url":"https:\/\/comunicacaoeleitoral.ufpr.br\/index.php\/2021\/09\/28\/lancamento-do-ebook-eleicoes-2020-analise-da-propaganda-eleitoral-nas-capitais-brasileiras\/","name":"Lan\u00e7amento do segundo eBook sobre as elei\u00e7\u00f5es 2020 - Comunica\u00e7\u00e3o Eleitoral","isPartOf":{"@id":"https:\/\/comunicacaoeleitoral.ufpr.br\/#website"},"primaryImageOfPage":{"@id":"https:\/\/comunicacaoeleitoral.ufpr.br\/index.php\/2021\/09\/28\/lancamento-do-ebook-eleicoes-2020-analise-da-propaganda-eleitoral-nas-capitais-brasileiras\/#primaryimage"},"image":{"@id":"https:\/\/comunicacaoeleitoral.ufpr.br\/index.php\/2021\/09\/28\/lancamento-do-ebook-eleicoes-2020-analise-da-propaganda-eleitoral-nas-capitais-brasileiras\/#primaryimage"},"thumbnailUrl":"https:\/\/comunicacaoeleitoral.ufpr.br\/wp-content\/uploads\/2021\/09\/WhatsApp-Image-2021-09-27-at-18.31.08.jpeg","datePublished":"2021-09-28T11:36:46+00:00","dateModified":"2021-10-07T14:56:25+00:00","description":"Grupo de pesquisa ligado \u00e0 linha de Comunica\u00e7\u00e3o, Pol\u00edtica e Atores Coletivos do Programa de P\u00f3s-gradua\u00e7\u00e3o em Comunica\u00e7\u00e3o da Universidade Federal do Paran\u00e1 (UFPR)","breadcrumb":{"@id":"https:\/\/comunicacaoeleitoral.ufpr.br\/index.php\/2021\/09\/28\/lancamento-do-ebook-eleicoes-2020-analise-da-propaganda-eleitoral-nas-capitais-brasileiras\/#breadcrumb"},"inLanguage":"pt-BR","potentialAction":[{"@type":"ReadAction","target":["https:\/\/comunicacaoeleitoral.ufpr.br\/index.php\/2021\/09\/28\/lancamento-do-ebook-eleicoes-2020-analise-da-propaganda-eleitoral-nas-capitais-brasileiras\/"]}]},{"@type":"ImageObject","inLanguage":"pt-BR","@id":"https:\/\/comunicacaoeleitoral.ufpr.br\/index.php\/2021\/09\/28\/lancamento-do-ebook-eleicoes-2020-analise-da-propaganda-eleitoral-nas-capitais-brasileiras\/#primaryimage","url":"https:\/\/comunicacaoeleitoral.ufpr.br\/wp-content\/uploads\/2021\/09\/WhatsApp-Image-2021-09-27-at-18.31.08.jpeg","contentUrl":"https:\/\/comunicacaoeleitoral.ufpr.br\/wp-content\/uploads\/2021\/09\/WhatsApp-Image-2021-09-27-at-18.31.08.jpeg","width":1024,"height":1024},{"@type":"BreadcrumbList","@id":"https:\/\/comunicacaoeleitoral.ufpr.br\/index.php\/2021\/09\/28\/lancamento-do-ebook-eleicoes-2020-analise-da-propaganda-eleitoral-nas-capitais-brasileiras\/#breadcrumb","itemListElement":[{"@type":"ListItem","position":1,"name":"In\u00edcio","item":"https:\/\/comunicacaoeleitoral.ufpr.br\/"},{"@type":"ListItem","position":2,"name":"Lan\u00e7amento do segundo eBook sobre as elei\u00e7\u00f5es 2020"}]},{"@type":"WebSite","@id":"https:\/\/comunicacaoeleitoral.ufpr.br\/#website","url":"https:\/\/comunicacaoeleitoral.ufpr.br\/","name":"Comunica\u00e7\u00e3o Eleitoral","description":"Grupo de pesquisa ligado \u00e0 linha de Comunica\u00e7\u00e3o e Pol\u00edtica do Programa de P\u00f3s-gradua\u00e7\u00e3o em Comunica\u00e7\u00e3o da Universidade Federal do Paran\u00e1.","publisher":{"@id":"https:\/\/comunicacaoeleitoral.ufpr.br\/#organization"},"potentialAction":[{"@type":"SearchAction","target":{"@type":"EntryPoint","urlTemplate":"https:\/\/comunicacaoeleitoral.ufpr.br\/?s={search_term_string}"},"query-input":"required name=search_term_string"}],"inLanguage":"pt-BR"},{"@type":"Organization","@id":"https:\/\/comunicacaoeleitoral.ufpr.br\/#organization","name":"Comunica\u00e7\u00e3o Eleitoral","url":"https:\/\/comunicacaoeleitoral.ufpr.br\/","logo":{"@type":"ImageObject","inLanguage":"pt-BR","@id":"https:\/\/comunicacaoeleitoral.ufpr.br\/#\/schema\/logo\/image\/","url":"https:\/\/comunicacaoeleitoral.ufpr.br\/wp-content\/uploads\/2015\/05\/header2c_celtalks.png","contentUrl":"https:\/\/comunicacaoeleitoral.ufpr.br\/wp-content\/uploads\/2015\/05\/header2c_celtalks.png","width":1800,"height":674,"caption":"Comunica\u00e7\u00e3o Eleitoral"},"image":{"@id":"https:\/\/comunicacaoeleitoral.ufpr.br\/#\/schema\/logo\/image\/"},"sameAs":["https:\/\/www.facebook.com\/Comunica\u00e7\u00e3o-Eleitoral-564214587069724\/","https:\/\/www.instagram.com\/comunicacaoeleitoral\/","https:\/\/www.youtube.com\/ocanalpanke"]},{"@type":"Person","@id":"https:\/\/comunicacaoeleitoral.ufpr.br\/#\/schema\/person\/877ba45697f2179310c85ad2f43514af","name":"Vivian Lemos","image":{"@type":"ImageObject","inLanguage":"pt-BR","@id":"https:\/\/comunicacaoeleitoral.ufpr.br\/#\/schema\/person\/image\/","url":"https:\/\/secure.gravatar.com\/avatar\/b2a4a041bee382da046e85d3060b128c?s=96&d=mm&r=g","contentUrl":"https:\/\/secure.gravatar.com\/avatar\/b2a4a041bee382da046e85d3060b128c?s=96&d=mm&r=g","caption":"Vivian Lemos"},"url":"https:\/\/comunicacaoeleitoral.ufpr.br\/index.php\/author\/vivian-lemos\/"}]}},"_links":{"self":[{"href":"https:\/\/comunicacaoeleitoral.ufpr.br\/index.php\/wp-json\/wp\/v2\/posts\/4084"}],"collection":[{"href":"https:\/\/comunicacaoeleitoral.ufpr.br\/index.php\/wp-json\/wp\/v2\/posts"}],"about":[{"href":"https:\/\/comunicacaoeleitoral.ufpr.br\/index.php\/wp-json\/wp\/v2\/types\/post"}],"author":[{"embeddable":true,"href":"https:\/\/comunicacaoeleitoral.ufpr.br\/index.php\/wp-json\/wp\/v2\/users\/28"}],"replies":[{"embeddable":true,"href":"https:\/\/comunicacaoeleitoral.ufpr.br\/index.php\/wp-json\/wp\/v2\/comments?post=4084"}],"version-history":[{"count":14,"href":"https:\/\/comunicacaoeleitoral.ufpr.br\/index.php\/wp-json\/wp\/v2\/posts\/4084\/revisions"}],"predecessor-version":[{"id":4102,"href":"https:\/\/comunicacaoeleitoral.ufpr.br\/index.php\/wp-json\/wp\/v2\/posts\/4084\/revisions\/4102"}],"wp:attachment":[{"href":"https:\/\/comunicacaoeleitoral.ufpr.br\/index.php\/wp-json\/wp\/v2\/media?parent=4084"}],"wp:term":[{"taxonomy":"category","embeddable":true,"href":"https:\/\/comunicacaoeleitoral.ufpr.br\/index.php\/wp-json\/wp\/v2\/categories?post=4084"},{"taxonomy":"post_tag","embeddable":true,"href":"https:\/\/comunicacaoeleitoral.ufpr.br\/index.php\/wp-json\/wp\/v2\/tags?post=4084"}],"curies":[{"name":"wp","href":"https:\/\/api.w.org\/{rel}","templated":true}]}}