{"id":339,"date":"2016-03-29T19:22:03","date_gmt":"2016-03-29T19:22:03","guid":{"rendered":"https:\/\/comunicacaoeleitoral.ufpr.br\/?p=339"},"modified":"2016-03-31T22:53:00","modified_gmt":"2016-03-31T22:53:00","slug":"inclusao-obrigatoria-de-mulher-em-chapa-de-candidatos-ao-senado-e-barrada-na-ccj","status":"publish","type":"post","link":"https:\/\/comunicacaoeleitoral.ufpr.br\/index.php\/2016\/03\/29\/inclusao-obrigatoria-de-mulher-em-chapa-de-candidatos-ao-senado-e-barrada-na-ccj\/","title":{"rendered":"Inclus\u00e3o obrigat\u00f3ria de mulher em chapa de candidatos ao Senado \u00e9 barrada na CCJ"},"content":{"rendered":"<p style=\"text-align: justify;\">A Comiss\u00e3o de Constitui\u00e7\u00e3o, Justi\u00e7a e Cidadania (CCJ) rejeitou nesta quarta-feira (16) parecer pela aprova\u00e7\u00e3o do projeto de lei que determina inclus\u00e3o obrigat\u00f3ria de ao menos uma mulher na chapa dos candidatos \u00e0s elei\u00e7\u00f5es no Senado. De autoria do senador Marcelo Crivella (PRB-RJ), o PLS 263\/2010 recebeu parecer favor\u00e1vel da relatora, senadora Ana Am\u00e9lia (PP-RS), que foi vencido por 8 votos a 5.<\/p>\n<p style=\"text-align: justify;\">O projeto prop\u00f5e uma altera\u00e7\u00e3o na Lei Eleitoral (Lei 9.504\/1997) para que, na chapa de candidatos de determinado partido ou coliga\u00e7\u00e3o \u00e0s elei\u00e7\u00f5es para o Senado, conste o nome de uma pessoa do sexo feminino. O objetivo da proposta \u00e9 diminuir as diferen\u00e7as entre os g\u00eaneros.<\/p>\n<p style=\"text-align: justify;\">O senador Aloysio Nunes (PSDB-SP) foi um dos que discordaram da iniciativa. Na opini\u00e3o dele, \u00e9 uma restri\u00e7\u00e3o muito s\u00e9ria ao trabalho dos partidos pol\u00edticos.\u00a0&#8220;A representa\u00e7\u00e3o pol\u00edtica se faz por partidos. S\u00e3o eles que organizam a manifesta\u00e7\u00e3o do sufr\u00e1gio universal. N\u00e3o s\u00e3o os g\u00eaneros. Uma proposta como essa tira das legendas a liberdade que devem ter para escolher seus candidatos a cargos majorit\u00e1rios. \u00c9 uma restri\u00e7\u00e3o muito s\u00e9ria, por isso voto contra&#8221;, argumentou.<\/p>\n<p style=\"text-align: justify;\">A relatora, por sua vez, alegou que as mulheres representam mais de metade do eleitorado, mas n\u00e3o disp\u00f5em de representa\u00e7\u00e3o pol\u00edtica \u00e0 altura dessa realidade demogr\u00e1fica.\u00a0&#8220;Ainda que a proposta seja modesta, trata-se de um avan\u00e7o digno de nota. Especialmente se percebermos que tal iniciativa, ainda que limitada, faz parte de uma longa caminhada na correta dire\u00e7\u00e3o que aponta a luta pela igualdade de g\u00eanero&#8221;, ressaltou.<\/p>\n<p style=\"text-align: justify;\">Se tivesse sido aprovado na CCJ, o projeto seguiria para a C\u00e2mara dos Deputados.<\/p>\n<p style=\"text-align: justify;\">Ag\u00eancia Senado<\/p>\n","protected":false},"excerpt":{"rendered":"<p>A Comiss\u00e3o de Constitui\u00e7\u00e3o, Justi\u00e7a e Cidadania (CCJ) rejeitou nesta quarta-feira (16) parecer pela aprova\u00e7\u00e3o do projeto de lei que determina inclus\u00e3o obrigat\u00f3ria de ao menos uma mulher na chapa dos candidatos \u00e0s elei\u00e7\u00f5es no Senado. De autoria do senador Marcelo Crivella (PRB-RJ), o PLS 263\/2010 recebeu parecer favor\u00e1vel da relatora, senadora Ana Am\u00e9lia (PP-RS), [&hellip;]<\/p>\n","protected":false},"author":29,"featured_media":340,"comment_status":"closed","ping_status":"closed","sticky":false,"template":"","format":"standard","meta":{"_monsterinsights_skip_tracking":false,"_monsterinsights_sitenote_active":false,"_monsterinsights_sitenote_note":"","_monsterinsights_sitenote_category":0,"footnotes":""},"categories":[12],"tags":[],"yoast_head":"<!-- This site is optimized with the Yoast SEO plugin v22.2 - https:\/\/yoast.com\/wordpress\/plugins\/seo\/ -->\n<title>Inclus\u00e3o obrigat\u00f3ria de mulher em chapa de candidatos ao Senado \u00e9 barrada na CCJ - Comunica\u00e7\u00e3o Eleitoral<\/title>\n<meta name=\"description\" content=\"Grupo de pesquisa ligado \u00e0 linha de Comunica\u00e7\u00e3o, Pol\u00edtica e Atores Coletivos do Programa de P\u00f3s-gradua\u00e7\u00e3o em Comunica\u00e7\u00e3o da Universidade Federal do Paran\u00e1 (UFPR)\" \/>\n<meta name=\"robots\" content=\"index, follow, max-snippet:-1, max-image-preview:large, max-video-preview:-1\" \/>\n<link rel=\"canonical\" href=\"https:\/\/comunicacaoeleitoral.ufpr.br\/index.php\/2016\/03\/29\/inclusao-obrigatoria-de-mulher-em-chapa-de-candidatos-ao-senado-e-barrada-na-ccj\/\" \/>\n<meta property=\"og:locale\" content=\"pt_BR\" \/>\n<meta property=\"og:type\" content=\"article\" \/>\n<meta property=\"og:title\" content=\"Inclus\u00e3o obrigat\u00f3ria de mulher em chapa de candidatos ao Senado \u00e9 barrada na CCJ - Comunica\u00e7\u00e3o Eleitoral\" \/>\n<meta property=\"og:description\" content=\"Grupo de pesquisa ligado \u00e0 linha de Comunica\u00e7\u00e3o, Pol\u00edtica e Atores Coletivos do Programa de P\u00f3s-gradua\u00e7\u00e3o em Comunica\u00e7\u00e3o da Universidade Federal do Paran\u00e1 (UFPR)\" \/>\n<meta property=\"og:url\" content=\"https:\/\/comunicacaoeleitoral.ufpr.br\/index.php\/2016\/03\/29\/inclusao-obrigatoria-de-mulher-em-chapa-de-candidatos-ao-senado-e-barrada-na-ccj\/\" \/>\n<meta property=\"og:site_name\" content=\"Comunica\u00e7\u00e3o Eleitoral\" \/>\n<meta property=\"article:publisher\" content=\"https:\/\/www.facebook.com\/Comunica%c3%a7%c3%a3o-Eleitoral-564214587069724\/\" \/>\n<meta property=\"article:published_time\" content=\"2016-03-29T19:22:03+00:00\" \/>\n<meta property=\"article:modified_time\" content=\"2016-03-31T22:53:00+00:00\" \/>\n<meta property=\"og:image\" content=\"https:\/\/comunicacaoeleitoral.ufpr.br\/wp-content\/uploads\/2016\/03\/Ag\u00eancia-Senado.jpg\" \/>\n\t<meta property=\"og:image:width\" content=\"860\" \/>\n\t<meta property=\"og:image:height\" content=\"570\" \/>\n\t<meta property=\"og:image:type\" content=\"image\/jpeg\" \/>\n<meta name=\"author\" content=\"CEL UFPR\" \/>\n<meta name=\"twitter:card\" content=\"summary_large_image\" \/>\n<meta name=\"twitter:label1\" content=\"Escrito por\" \/>\n\t<meta name=\"twitter:data1\" content=\"CEL UFPR\" \/>\n\t<meta name=\"twitter:label2\" content=\"Est. tempo de leitura\" \/>\n\t<meta name=\"twitter:data2\" content=\"1 minuto\" \/>\n<script type=\"application\/ld+json\" class=\"yoast-schema-graph\">{\"@context\":\"https:\/\/schema.org\",\"@graph\":[{\"@type\":\"Article\",\"@id\":\"https:\/\/comunicacaoeleitoral.ufpr.br\/index.php\/2016\/03\/29\/inclusao-obrigatoria-de-mulher-em-chapa-de-candidatos-ao-senado-e-barrada-na-ccj\/#article\",\"isPartOf\":{\"@id\":\"https:\/\/comunicacaoeleitoral.ufpr.br\/index.php\/2016\/03\/29\/inclusao-obrigatoria-de-mulher-em-chapa-de-candidatos-ao-senado-e-barrada-na-ccj\/\"},\"author\":{\"name\":\"CEL UFPR\",\"@id\":\"https:\/\/comunicacaoeleitoral.ufpr.br\/#\/schema\/person\/1f1b0fa714b592dcfee89e9824953d93\"},\"headline\":\"Inclus\u00e3o obrigat\u00f3ria de mulher em chapa de candidatos ao Senado \u00e9 barrada na CCJ\",\"datePublished\":\"2016-03-29T19:22:03+00:00\",\"dateModified\":\"2016-03-31T22:53:00+00:00\",\"mainEntityOfPage\":{\"@id\":\"https:\/\/comunicacaoeleitoral.ufpr.br\/index.php\/2016\/03\/29\/inclusao-obrigatoria-de-mulher-em-chapa-de-candidatos-ao-senado-e-barrada-na-ccj\/\"},\"wordCount\":311,\"publisher\":{\"@id\":\"https:\/\/comunicacaoeleitoral.ufpr.br\/#organization\"},\"image\":{\"@id\":\"https:\/\/comunicacaoeleitoral.ufpr.br\/index.php\/2016\/03\/29\/inclusao-obrigatoria-de-mulher-em-chapa-de-candidatos-ao-senado-e-barrada-na-ccj\/#primaryimage\"},\"thumbnailUrl\":\"https:\/\/comunicacaoeleitoral.ufpr.br\/wp-content\/uploads\/2016\/03\/Ag\u00eancia-Senado.jpg\",\"articleSection\":[\"Pol\u00edtica em foco\"],\"inLanguage\":\"pt-BR\"},{\"@type\":\"WebPage\",\"@id\":\"https:\/\/comunicacaoeleitoral.ufpr.br\/index.php\/2016\/03\/29\/inclusao-obrigatoria-de-mulher-em-chapa-de-candidatos-ao-senado-e-barrada-na-ccj\/\",\"url\":\"https:\/\/comunicacaoeleitoral.ufpr.br\/index.php\/2016\/03\/29\/inclusao-obrigatoria-de-mulher-em-chapa-de-candidatos-ao-senado-e-barrada-na-ccj\/\",\"name\":\"Inclus\u00e3o obrigat\u00f3ria de mulher em chapa de candidatos ao Senado \u00e9 barrada na CCJ - Comunica\u00e7\u00e3o Eleitoral\",\"isPartOf\":{\"@id\":\"https:\/\/comunicacaoeleitoral.ufpr.br\/#website\"},\"primaryImageOfPage\":{\"@id\":\"https:\/\/comunicacaoeleitoral.ufpr.br\/index.php\/2016\/03\/29\/inclusao-obrigatoria-de-mulher-em-chapa-de-candidatos-ao-senado-e-barrada-na-ccj\/#primaryimage\"},\"image\":{\"@id\":\"https:\/\/comunicacaoeleitoral.ufpr.br\/index.php\/2016\/03\/29\/inclusao-obrigatoria-de-mulher-em-chapa-de-candidatos-ao-senado-e-barrada-na-ccj\/#primaryimage\"},\"thumbnailUrl\":\"https:\/\/comunicacaoeleitoral.ufpr.br\/wp-content\/uploads\/2016\/03\/Ag\u00eancia-Senado.jpg\",\"datePublished\":\"2016-03-29T19:22:03+00:00\",\"dateModified\":\"2016-03-31T22:53:00+00:00\",\"description\":\"Grupo de pesquisa ligado \u00e0 linha de Comunica\u00e7\u00e3o, Pol\u00edtica e Atores Coletivos do Programa de P\u00f3s-gradua\u00e7\u00e3o em Comunica\u00e7\u00e3o da Universidade Federal do Paran\u00e1 (UFPR)\",\"breadcrumb\":{\"@id\":\"https:\/\/comunicacaoeleitoral.ufpr.br\/index.php\/2016\/03\/29\/inclusao-obrigatoria-de-mulher-em-chapa-de-candidatos-ao-senado-e-barrada-na-ccj\/#breadcrumb\"},\"inLanguage\":\"pt-BR\",\"potentialAction\":[{\"@type\":\"ReadAction\",\"target\":[\"https:\/\/comunicacaoeleitoral.ufpr.br\/index.php\/2016\/03\/29\/inclusao-obrigatoria-de-mulher-em-chapa-de-candidatos-ao-senado-e-barrada-na-ccj\/\"]}]},{\"@type\":\"ImageObject\",\"inLanguage\":\"pt-BR\",\"@id\":\"https:\/\/comunicacaoeleitoral.ufpr.br\/index.php\/2016\/03\/29\/inclusao-obrigatoria-de-mulher-em-chapa-de-candidatos-ao-senado-e-barrada-na-ccj\/#primaryimage\",\"url\":\"https:\/\/comunicacaoeleitoral.ufpr.br\/wp-content\/uploads\/2016\/03\/Ag\u00eancia-Senado.jpg\",\"contentUrl\":\"https:\/\/comunicacaoeleitoral.ufpr.br\/wp-content\/uploads\/2016\/03\/Ag\u00eancia-Senado.jpg\",\"width\":860,\"height\":570,\"caption\":\"Edilson Rodrigues\/Ag\u00eancia Senad\"},{\"@type\":\"BreadcrumbList\",\"@id\":\"https:\/\/comunicacaoeleitoral.ufpr.br\/index.php\/2016\/03\/29\/inclusao-obrigatoria-de-mulher-em-chapa-de-candidatos-ao-senado-e-barrada-na-ccj\/#breadcrumb\",\"itemListElement\":[{\"@type\":\"ListItem\",\"position\":1,\"name\":\"In\u00edcio\",\"item\":\"https:\/\/comunicacaoeleitoral.ufpr.br\/\"},{\"@type\":\"ListItem\",\"position\":2,\"name\":\"Inclus\u00e3o obrigat\u00f3ria de mulher em chapa de candidatos ao Senado \u00e9 barrada na CCJ\"}]},{\"@type\":\"WebSite\",\"@id\":\"https:\/\/comunicacaoeleitoral.ufpr.br\/#website\",\"url\":\"https:\/\/comunicacaoeleitoral.ufpr.br\/\",\"name\":\"Comunica\u00e7\u00e3o Eleitoral\",\"description\":\"Grupo de pesquisa ligado \u00e0 linha de Comunica\u00e7\u00e3o e Pol\u00edtica do Programa de P\u00f3s-gradua\u00e7\u00e3o em Comunica\u00e7\u00e3o da Universidade Federal do Paran\u00e1.\",\"publisher\":{\"@id\":\"https:\/\/comunicacaoeleitoral.ufpr.br\/#organization\"},\"potentialAction\":[{\"@type\":\"SearchAction\",\"target\":{\"@type\":\"EntryPoint\",\"urlTemplate\":\"https:\/\/comunicacaoeleitoral.ufpr.br\/?s={search_term_string}\"},\"query-input\":\"required name=search_term_string\"}],\"inLanguage\":\"pt-BR\"},{\"@type\":\"Organization\",\"@id\":\"https:\/\/comunicacaoeleitoral.ufpr.br\/#organization\",\"name\":\"Comunica\u00e7\u00e3o Eleitoral\",\"url\":\"https:\/\/comunicacaoeleitoral.ufpr.br\/\",\"logo\":{\"@type\":\"ImageObject\",\"inLanguage\":\"pt-BR\",\"@id\":\"https:\/\/comunicacaoeleitoral.ufpr.br\/#\/schema\/logo\/image\/\",\"url\":\"https:\/\/comunicacaoeleitoral.ufpr.br\/wp-content\/uploads\/2015\/05\/header2c_celtalks.png\",\"contentUrl\":\"https:\/\/comunicacaoeleitoral.ufpr.br\/wp-content\/uploads\/2015\/05\/header2c_celtalks.png\",\"width\":1800,\"height\":674,\"caption\":\"Comunica\u00e7\u00e3o Eleitoral\"},\"image\":{\"@id\":\"https:\/\/comunicacaoeleitoral.ufpr.br\/#\/schema\/logo\/image\/\"},\"sameAs\":[\"https:\/\/www.facebook.com\/Comunica\u00e7\u00e3o-Eleitoral-564214587069724\/\",\"https:\/\/www.instagram.com\/comunicacaoeleitoral\/\",\"https:\/\/www.youtube.com\/ocanalpanke\"]},{\"@type\":\"Person\",\"@id\":\"https:\/\/comunicacaoeleitoral.ufpr.br\/#\/schema\/person\/1f1b0fa714b592dcfee89e9824953d93\",\"name\":\"CEL UFPR\",\"image\":{\"@type\":\"ImageObject\",\"inLanguage\":\"pt-BR\",\"@id\":\"https:\/\/comunicacaoeleitoral.ufpr.br\/#\/schema\/person\/image\/\",\"url\":\"https:\/\/secure.gravatar.com\/avatar\/e73476db3cc561f956c8814cbc15a40e?s=96&d=mm&r=g\",\"contentUrl\":\"https:\/\/secure.gravatar.com\/avatar\/e73476db3cc561f956c8814cbc15a40e?s=96&d=mm&r=g\",\"caption\":\"CEL UFPR\"},\"url\":\"https:\/\/comunicacaoeleitoral.ufpr.br\/index.php\/author\/cel-ufpr\/\"}]}<\/script>\n<!-- \/ Yoast SEO plugin. -->","yoast_head_json":{"title":"Inclus\u00e3o obrigat\u00f3ria de mulher em chapa de candidatos ao Senado \u00e9 barrada na CCJ - Comunica\u00e7\u00e3o Eleitoral","description":"Grupo de pesquisa ligado \u00e0 linha de Comunica\u00e7\u00e3o, Pol\u00edtica e Atores Coletivos do Programa de P\u00f3s-gradua\u00e7\u00e3o em Comunica\u00e7\u00e3o da Universidade Federal do Paran\u00e1 (UFPR)","robots":{"index":"index","follow":"follow","max-snippet":"max-snippet:-1","max-image-preview":"max-image-preview:large","max-video-preview":"max-video-preview:-1"},"canonical":"https:\/\/comunicacaoeleitoral.ufpr.br\/index.php\/2016\/03\/29\/inclusao-obrigatoria-de-mulher-em-chapa-de-candidatos-ao-senado-e-barrada-na-ccj\/","og_locale":"pt_BR","og_type":"article","og_title":"Inclus\u00e3o obrigat\u00f3ria de mulher em chapa de candidatos ao Senado \u00e9 barrada na CCJ - Comunica\u00e7\u00e3o Eleitoral","og_description":"Grupo de pesquisa ligado \u00e0 linha de Comunica\u00e7\u00e3o, Pol\u00edtica e Atores Coletivos do Programa de P\u00f3s-gradua\u00e7\u00e3o em Comunica\u00e7\u00e3o da Universidade Federal do Paran\u00e1 (UFPR)","og_url":"https:\/\/comunicacaoeleitoral.ufpr.br\/index.php\/2016\/03\/29\/inclusao-obrigatoria-de-mulher-em-chapa-de-candidatos-ao-senado-e-barrada-na-ccj\/","og_site_name":"Comunica\u00e7\u00e3o Eleitoral","article_publisher":"https:\/\/www.facebook.com\/Comunica%c3%a7%c3%a3o-Eleitoral-564214587069724\/","article_published_time":"2016-03-29T19:22:03+00:00","article_modified_time":"2016-03-31T22:53:00+00:00","og_image":[{"width":860,"height":570,"url":"https:\/\/comunicacaoeleitoral.ufpr.br\/wp-content\/uploads\/2016\/03\/Ag\u00eancia-Senado.jpg","type":"image\/jpeg"}],"author":"CEL UFPR","twitter_card":"summary_large_image","twitter_misc":{"Escrito por":"CEL UFPR","Est. tempo de leitura":"1 minuto"},"schema":{"@context":"https:\/\/schema.org","@graph":[{"@type":"Article","@id":"https:\/\/comunicacaoeleitoral.ufpr.br\/index.php\/2016\/03\/29\/inclusao-obrigatoria-de-mulher-em-chapa-de-candidatos-ao-senado-e-barrada-na-ccj\/#article","isPartOf":{"@id":"https:\/\/comunicacaoeleitoral.ufpr.br\/index.php\/2016\/03\/29\/inclusao-obrigatoria-de-mulher-em-chapa-de-candidatos-ao-senado-e-barrada-na-ccj\/"},"author":{"name":"CEL UFPR","@id":"https:\/\/comunicacaoeleitoral.ufpr.br\/#\/schema\/person\/1f1b0fa714b592dcfee89e9824953d93"},"headline":"Inclus\u00e3o obrigat\u00f3ria de mulher em chapa de candidatos ao Senado \u00e9 barrada na CCJ","datePublished":"2016-03-29T19:22:03+00:00","dateModified":"2016-03-31T22:53:00+00:00","mainEntityOfPage":{"@id":"https:\/\/comunicacaoeleitoral.ufpr.br\/index.php\/2016\/03\/29\/inclusao-obrigatoria-de-mulher-em-chapa-de-candidatos-ao-senado-e-barrada-na-ccj\/"},"wordCount":311,"publisher":{"@id":"https:\/\/comunicacaoeleitoral.ufpr.br\/#organization"},"image":{"@id":"https:\/\/comunicacaoeleitoral.ufpr.br\/index.php\/2016\/03\/29\/inclusao-obrigatoria-de-mulher-em-chapa-de-candidatos-ao-senado-e-barrada-na-ccj\/#primaryimage"},"thumbnailUrl":"https:\/\/comunicacaoeleitoral.ufpr.br\/wp-content\/uploads\/2016\/03\/Ag\u00eancia-Senado.jpg","articleSection":["Pol\u00edtica em foco"],"inLanguage":"pt-BR"},{"@type":"WebPage","@id":"https:\/\/comunicacaoeleitoral.ufpr.br\/index.php\/2016\/03\/29\/inclusao-obrigatoria-de-mulher-em-chapa-de-candidatos-ao-senado-e-barrada-na-ccj\/","url":"https:\/\/comunicacaoeleitoral.ufpr.br\/index.php\/2016\/03\/29\/inclusao-obrigatoria-de-mulher-em-chapa-de-candidatos-ao-senado-e-barrada-na-ccj\/","name":"Inclus\u00e3o obrigat\u00f3ria de mulher em chapa de candidatos ao Senado \u00e9 barrada na CCJ - Comunica\u00e7\u00e3o Eleitoral","isPartOf":{"@id":"https:\/\/comunicacaoeleitoral.ufpr.br\/#website"},"primaryImageOfPage":{"@id":"https:\/\/comunicacaoeleitoral.ufpr.br\/index.php\/2016\/03\/29\/inclusao-obrigatoria-de-mulher-em-chapa-de-candidatos-ao-senado-e-barrada-na-ccj\/#primaryimage"},"image":{"@id":"https:\/\/comunicacaoeleitoral.ufpr.br\/index.php\/2016\/03\/29\/inclusao-obrigatoria-de-mulher-em-chapa-de-candidatos-ao-senado-e-barrada-na-ccj\/#primaryimage"},"thumbnailUrl":"https:\/\/comunicacaoeleitoral.ufpr.br\/wp-content\/uploads\/2016\/03\/Ag\u00eancia-Senado.jpg","datePublished":"2016-03-29T19:22:03+00:00","dateModified":"2016-03-31T22:53:00+00:00","description":"Grupo de pesquisa ligado \u00e0 linha de Comunica\u00e7\u00e3o, Pol\u00edtica e Atores Coletivos do Programa de P\u00f3s-gradua\u00e7\u00e3o em Comunica\u00e7\u00e3o da Universidade Federal do Paran\u00e1 (UFPR)","breadcrumb":{"@id":"https:\/\/comunicacaoeleitoral.ufpr.br\/index.php\/2016\/03\/29\/inclusao-obrigatoria-de-mulher-em-chapa-de-candidatos-ao-senado-e-barrada-na-ccj\/#breadcrumb"},"inLanguage":"pt-BR","potentialAction":[{"@type":"ReadAction","target":["https:\/\/comunicacaoeleitoral.ufpr.br\/index.php\/2016\/03\/29\/inclusao-obrigatoria-de-mulher-em-chapa-de-candidatos-ao-senado-e-barrada-na-ccj\/"]}]},{"@type":"ImageObject","inLanguage":"pt-BR","@id":"https:\/\/comunicacaoeleitoral.ufpr.br\/index.php\/2016\/03\/29\/inclusao-obrigatoria-de-mulher-em-chapa-de-candidatos-ao-senado-e-barrada-na-ccj\/#primaryimage","url":"https:\/\/comunicacaoeleitoral.ufpr.br\/wp-content\/uploads\/2016\/03\/Ag\u00eancia-Senado.jpg","contentUrl":"https:\/\/comunicacaoeleitoral.ufpr.br\/wp-content\/uploads\/2016\/03\/Ag\u00eancia-Senado.jpg","width":860,"height":570,"caption":"Edilson Rodrigues\/Ag\u00eancia Senad"},{"@type":"BreadcrumbList","@id":"https:\/\/comunicacaoeleitoral.ufpr.br\/index.php\/2016\/03\/29\/inclusao-obrigatoria-de-mulher-em-chapa-de-candidatos-ao-senado-e-barrada-na-ccj\/#breadcrumb","itemListElement":[{"@type":"ListItem","position":1,"name":"In\u00edcio","item":"https:\/\/comunicacaoeleitoral.ufpr.br\/"},{"@type":"ListItem","position":2,"name":"Inclus\u00e3o obrigat\u00f3ria de mulher em chapa de candidatos ao Senado \u00e9 barrada na CCJ"}]},{"@type":"WebSite","@id":"https:\/\/comunicacaoeleitoral.ufpr.br\/#website","url":"https:\/\/comunicacaoeleitoral.ufpr.br\/","name":"Comunica\u00e7\u00e3o Eleitoral","description":"Grupo de pesquisa ligado \u00e0 linha de Comunica\u00e7\u00e3o e Pol\u00edtica do Programa de P\u00f3s-gradua\u00e7\u00e3o em Comunica\u00e7\u00e3o da Universidade Federal do Paran\u00e1.","publisher":{"@id":"https:\/\/comunicacaoeleitoral.ufpr.br\/#organization"},"potentialAction":[{"@type":"SearchAction","target":{"@type":"EntryPoint","urlTemplate":"https:\/\/comunicacaoeleitoral.ufpr.br\/?s={search_term_string}"},"query-input":"required name=search_term_string"}],"inLanguage":"pt-BR"},{"@type":"Organization","@id":"https:\/\/comunicacaoeleitoral.ufpr.br\/#organization","name":"Comunica\u00e7\u00e3o Eleitoral","url":"https:\/\/comunicacaoeleitoral.ufpr.br\/","logo":{"@type":"ImageObject","inLanguage":"pt-BR","@id":"https:\/\/comunicacaoeleitoral.ufpr.br\/#\/schema\/logo\/image\/","url":"https:\/\/comunicacaoeleitoral.ufpr.br\/wp-content\/uploads\/2015\/05\/header2c_celtalks.png","contentUrl":"https:\/\/comunicacaoeleitoral.ufpr.br\/wp-content\/uploads\/2015\/05\/header2c_celtalks.png","width":1800,"height":674,"caption":"Comunica\u00e7\u00e3o Eleitoral"},"image":{"@id":"https:\/\/comunicacaoeleitoral.ufpr.br\/#\/schema\/logo\/image\/"},"sameAs":["https:\/\/www.facebook.com\/Comunica\u00e7\u00e3o-Eleitoral-564214587069724\/","https:\/\/www.instagram.com\/comunicacaoeleitoral\/","https:\/\/www.youtube.com\/ocanalpanke"]},{"@type":"Person","@id":"https:\/\/comunicacaoeleitoral.ufpr.br\/#\/schema\/person\/1f1b0fa714b592dcfee89e9824953d93","name":"CEL UFPR","image":{"@type":"ImageObject","inLanguage":"pt-BR","@id":"https:\/\/comunicacaoeleitoral.ufpr.br\/#\/schema\/person\/image\/","url":"https:\/\/secure.gravatar.com\/avatar\/e73476db3cc561f956c8814cbc15a40e?s=96&d=mm&r=g","contentUrl":"https:\/\/secure.gravatar.com\/avatar\/e73476db3cc561f956c8814cbc15a40e?s=96&d=mm&r=g","caption":"CEL UFPR"},"url":"https:\/\/comunicacaoeleitoral.ufpr.br\/index.php\/author\/cel-ufpr\/"}]}},"_links":{"self":[{"href":"https:\/\/comunicacaoeleitoral.ufpr.br\/index.php\/wp-json\/wp\/v2\/posts\/339"}],"collection":[{"href":"https:\/\/comunicacaoeleitoral.ufpr.br\/index.php\/wp-json\/wp\/v2\/posts"}],"about":[{"href":"https:\/\/comunicacaoeleitoral.ufpr.br\/index.php\/wp-json\/wp\/v2\/types\/post"}],"author":[{"embeddable":true,"href":"https:\/\/comunicacaoeleitoral.ufpr.br\/index.php\/wp-json\/wp\/v2\/users\/29"}],"replies":[{"embeddable":true,"href":"https:\/\/comunicacaoeleitoral.ufpr.br\/index.php\/wp-json\/wp\/v2\/comments?post=339"}],"version-history":[{"count":2,"href":"https:\/\/comunicacaoeleitoral.ufpr.br\/index.php\/wp-json\/wp\/v2\/posts\/339\/revisions"}],"predecessor-version":[{"id":342,"href":"https:\/\/comunicacaoeleitoral.ufpr.br\/index.php\/wp-json\/wp\/v2\/posts\/339\/revisions\/342"}],"wp:featuredmedia":[{"embeddable":true,"href":"https:\/\/comunicacaoeleitoral.ufpr.br\/index.php\/wp-json\/wp\/v2\/media\/340"}],"wp:attachment":[{"href":"https:\/\/comunicacaoeleitoral.ufpr.br\/index.php\/wp-json\/wp\/v2\/media?parent=339"}],"wp:term":[{"taxonomy":"category","embeddable":true,"href":"https:\/\/comunicacaoeleitoral.ufpr.br\/index.php\/wp-json\/wp\/v2\/categories?post=339"},{"taxonomy":"post_tag","embeddable":true,"href":"https:\/\/comunicacaoeleitoral.ufpr.br\/index.php\/wp-json\/wp\/v2\/tags?post=339"}],"curies":[{"name":"wp","href":"https:\/\/api.w.org\/{rel}","templated":true}]}}