{"id":3373,"date":"2020-10-22T18:11:19","date_gmt":"2020-10-22T18:11:19","guid":{"rendered":"https:\/\/comunicacaoeleitoral.ufpr.br\/?p=3373"},"modified":"2020-10-22T18:11:19","modified_gmt":"2020-10-22T18:11:19","slug":"o-nome-de-deus-e-os-fins-politicos","status":"publish","type":"post","link":"https:\/\/comunicacaoeleitoral.ufpr.br\/index.php\/2020\/10\/22\/o-nome-de-deus-e-os-fins-politicos\/","title":{"rendered":"O nome de Deus e os fins pol\u00edticos"},"content":{"rendered":"<p>&nbsp;<\/p>\n<p>&nbsp;<\/p>\n<p><strong>Por\u00a0Debora Cristina Alves da Cunha Milla <a href=\"#_ftn1\" name=\"_ftnref1\">[1]<\/a><\/strong><\/p>\n<p>&nbsp;<\/p>\n<p><em>\u201c<a href=\"https:\/\/www1.folha.uol.com.br\/poder\/2016\/04\/1762108-que-deus-tenha-misericordia-dessa-nacao-diz-cunha-ao-anunciar-voto.shtml\">Que Deus tenha miseric\u00f3rdia dessa na\u00e7\u00e3o, voto sim<\/a>\u201d. <\/em><\/p>\n<p>Foi com esta frase que o ex-presidente da C\u00e2mara, Eduardo Cunha (<a href=\"https:\/\/www.conjur.com.br\/2020-mar-26\/juiza-concede-prisao-domiciliar-eduardo-cunha\">condenado a 14 anos e 6 meses de pris\u00e3o por corrup\u00e7\u00e3o pela Lava-Jato<\/a>), fez o 229\u00b0 voto na C\u00e2mara dos Deputados durante a sess\u00e3o de <em>impeachment<\/em> da ex-presidente Dilma Rousseff em 2016. O nome de Deus foi citado 59 vezes por parlamentares que ali estavam justificando o voto contra uma mulher eleita, a qual, segundo per\u00edcia realizada por especialistas do Senado, <a href=\"http:\/\/g1.globo.com\/jornal-nacional\/noticia\/2016\/06\/pericia-conclui-que-dilma-nao-participou-de-pedaladas-fiscais.html\">n\u00e3o teve participa\u00e7\u00e3o nas pedaladas fiscais das quais estava sendo acusada<\/a>. De l\u00e1 para c\u00e1, o nome de Deus vem sendo exaltado em <em>slogans<\/em> de campanha e at\u00e9 em culto semanal evang\u00e9lico realizado na C\u00e2mara. Se o Brasil tem por princ\u00edpio constitucional ser um Estado laico, a laicidade n\u00e3o tem passado de um discurso n\u00e3o firmado em sua pr\u00e1tica.<\/p>\n<p>&nbsp;<\/p>\n<div id=\"attachment_3374\" style=\"width: 850px\" class=\"wp-caption aligncenter\"><a href=\"https:\/\/comunicacaoeleitoral.ufpr.br\/wp-content\/uploads\/2020\/10\/2643096285-culto-camara.jpg\"><img loading=\"lazy\" decoding=\"async\" aria-describedby=\"caption-attachment-3374\" class=\"size-full wp-image-3374\" src=\"https:\/\/comunicacaoeleitoral.ufpr.br\/wp-content\/uploads\/2020\/10\/2643096285-culto-camara.jpg\" alt=\"Bolsonaro participa de culto evang\u00e9lico na C\u00e2mara dos Deputados, em 10 de julho de 2019.\" width=\"840\" height=\"500\" srcset=\"https:\/\/comunicacaoeleitoral.ufpr.br\/wp-content\/uploads\/2020\/10\/2643096285-culto-camara.jpg 840w, https:\/\/comunicacaoeleitoral.ufpr.br\/wp-content\/uploads\/2020\/10\/2643096285-culto-camara-300x179.jpg 300w\" sizes=\"(max-width: 840px) 100vw, 840px\" \/><\/a><p id=\"caption-attachment-3374\" class=\"wp-caption-text\">Bolsonaro participa de culto evang\u00e9lico na C\u00e2mara dos Deputados, em 10 de julho de 2019.<\/p><\/div>\n<p>A se pensar no papel que a religi\u00e3o exerce na pol\u00edtica e na sociedade brasileiras, \u00e9 not\u00f3rio que Deus \u00e9, por muitas vezes, utilizado para alcance e tomada de poder, al\u00e9m de seu nome ser reiteradamente usado para promo\u00e7\u00e3o de intoler\u00e2ncia e viol\u00eancia. Se a discuss\u00e3o pol\u00edtica se concentrava, em governos anteriores, em pautas que objetivavam composi\u00e7\u00e3o de renda b\u00e1sica, infla\u00e7\u00e3o, desenvolvimento econ\u00f4mico, pol\u00edticas p\u00fablicas, atualmente quest\u00f5es de ordem moral t\u00eam se sobressa\u00eddo a estas. Klein (2015, p.245) acredita que, em uma reflex\u00e3o kantiana interligando intoler\u00e2ncia, religi\u00e3o, liberdade e pol\u00edtica, \u201cn\u00e3o apenas o discurso e as cren\u00e7as religiosas entram no campo do discurso pol\u00edtico como tamb\u00e9m s\u00e3o aceitos como elementos que podem constituir uma plataforma pol\u00edtica de um determinado partido\u201d.<\/p>\n<p>\u00c9 fato que, num ambiente de polariza\u00e7\u00e3o pol\u00edtica e descren\u00e7a em partidos e representa\u00e7\u00f5es pol\u00edticas, a Igreja forne\u00e7a um ambiente bem articulado de institui\u00e7\u00e3o intermedi\u00e1ria entre o Estado e a sociedade, promovendo e conjugando for\u00e7as no campo pol\u00edtico. As Igrejas, <a href=\"http:\/\/177.47.5.246\/noticias-e-pesquisas\/confianca-do-brasileiro-nas-instituicoes-e-a-mais-baixa-desde-2009\/\">segundo dados do Ibope<\/a>, perdem somente para o Corpo de Bombeiros no \u00cdndice de Confian\u00e7a Social nas Institui\u00e7\u00f5es, enquanto elei\u00e7\u00f5es, governo e partidos pol\u00edticos encontram-se nas \u00faltimas posi\u00e7\u00f5es da lista.<\/p>\n<p>Nesse cen\u00e1rio, mesmo n\u00e3o sendo poss\u00edvel generaliza\u00e7\u00f5es quanto a posturas subjetivas e independentes de cada indiv\u00edduo e de cada grupo religioso, pode-se perceber \u2013 ao se observar a composi\u00e7\u00e3o do Congresso nos \u00faltimos anos \u2013 o avan\u00e7o de denomina\u00e7\u00f5es evang\u00e9licas dentro da pol\u00edtica. Enquanto a religi\u00e3o cat\u00f3lica vem perdendo espa\u00e7o entre seus fi\u00e9is, as evang\u00e9licas v\u00eam aumentando n\u00e3o s\u00f3 a ocupa\u00e7\u00e3o de cadeiras de templos mas tamb\u00e9m, e progressivamente, as parlamentares.<\/p>\n<p>Em <a href=\"http:\/\/datafolha.folha.uol.com.br\/opiniaopublica\/2016\/12\/1845231-44-dos-evangelicos-sao-ex-catolicos.shtml\">pesquisa do Datafolha<\/a> de 2016, 44% dos evang\u00e9licos s\u00e3o ex-cat\u00f3licos, e, conforme o <a href=\"https:\/\/agenciadenoticias.ibge.gov.br\/agencia-sala-de-imprensa\/2013-agencia-de-noticias\/releases\/14244-asi-censo-2010-numero-de-catolicos-cai-e-aumenta-o-de-evangelicos-espiritas-e-sem-religiao\">Instituto Brasileiro de Geografia e Estat\u00edstica (IBGE) de 2010<\/a>, o n\u00famero de evang\u00e9licos no Brasil cresceu mais de 60% em um per\u00edodo de 10 anos. Da popula\u00e7\u00e3o residente no pa\u00eds listada como evang\u00e9lica, os n\u00fameros passaram de 26, 2 milh\u00f5es no ano 2000 para 42, 3 milh\u00f5es, no ano de 2010.<\/p>\n<p>Jose Alves apontou, em um <a href=\"https:\/\/www.ecodebate.com.br\/2018\/12\/05\/transicao-religiosa-catolicos-abaixo-de-50-ate-2022-e-abaixo-do-percentual-de-evangelicos-ate-2032-artigo-de-jose-eustaquio-diniz-alves\/\">artigo para o portal Ecodebate<\/a>, uma previs\u00e3o estimada de transi\u00e7\u00e3o religiosa segundo a qual os evang\u00e9licos ultrapassariam a quantidade de cat\u00f3licos no ano de 2032. <a href=\"https:\/\/valor.globo.com\/eu-e\/noticia\/2018\/02\/23\/um-brasil-de-maioria-evangelica.ghtml\">Maria Machado relatou ainda<\/a> que as igrejas evang\u00e9licas t\u00eam permitido \u2013 principalmente \u00e0 popula\u00e7\u00e3o mais carente \u2013 inclus\u00e3o e ascens\u00e3o social, posto que \u201cos evang\u00e9licos est\u00e3o indo onde o Estado n\u00e3o vai atender as demandas b\u00e1sicas dos mais necessitados\u201d. E, nessa l\u00f3gica, quanto mais o Estado se distancia da inser\u00e7\u00e3o de pol\u00edticas p\u00fablicas para amparar essa popula\u00e7\u00e3o, maior \u00e9 a aproxima\u00e7\u00e3o dela \u00e0s institui\u00e7\u00f5es religiosas.<\/p>\n<p>Em se tratando das \u00faltimas elei\u00e7\u00f5es presidenciais de 2018, o peso do voto evang\u00e9lico foi substancial para a elei\u00e7\u00e3o de Jair Bolsonaro, conforme tamb\u00e9m demonstra <a href=\"http:\/\/media.folha.uol.com.br\/datafolha\/2018\/10\/26\/3416374d208f7def05d1476d05ede73e.pdf\">pesquisa do Datafolha<\/a>. A diferen\u00e7a total registrada entre os candidatos Jair Bolsonaro e Haddad foi de 11 milh\u00f5es de votos de evang\u00e9licos a mais para o candidato do PSL do que para o petista. Essa for\u00e7a de composi\u00e7\u00e3o de voto \u00e9 relevante tanto no cen\u00e1rio de elei\u00e7\u00e3o majorit\u00e1ria quanto nas elei\u00e7\u00f5es proporcionais (MARIANO, 2016).<\/p>\n<p>Esse segmento religioso representa em n\u00fameros um montante significativo. O grupo tem atuado de forma expressiva tanto como eleitorado brasileiro e em favorecimento de determinados pol\u00edticos, quanto na qualidade de representantes pol\u00edticos. J\u00e1 n\u00e3o \u00e9 poss\u00edvel pensar a democracia brasileira sem levar em conta que os evang\u00e9licos participam ativamente do pleito, possuem sindicatos pr\u00f3prios, lideran\u00e7as, articulam partidos e podem, efetivamente, continuar a fazer diferen\u00e7a no resultado e processo eleitoral brasileiro.<\/p>\n<p>&nbsp;<\/p>\n<p>&#8212;<\/p>\n<p>&nbsp;<\/p>\n<p><strong><a href=\"#_ftn1\" name=\"_ftnref1\">[1]<\/a>\u00a0<\/strong>Debora Cristina Alves da Cunha Milla \u00e9\u00a0Mestra em Comunica\u00e7\u00e3o\u00a0pelo\u00a0Programa de P\u00f3s-gradua\u00e7\u00e3o em Comunica\u00e7\u00e3o da UFPR, Especialista em Marketing Empresarial pela UFPR e Graduada em Comunica\u00e7\u00e3o Social &#8211; habilita\u00e7\u00e3o em Publicidade e Propaganda pela UTP.<\/p>\n<p>&nbsp;<\/p>\n<p><strong>Refer\u00eancias:<\/strong><\/p>\n<p>&nbsp;<\/p>\n<p>AZEVEDO, Dermi. A Igreja Cat\u00f3lica e seu papel pol\u00edtico no Brasil.\u00a0<strong>Estudos avan\u00e7ados<\/strong>, v. 18, n. 52, p. 109-120, 2004.<\/p>\n<p>KLEIN, Joel Thiago. Liberdade e religi\u00e3o: reflex\u00f5es kantianas sobre a n\u00e3o coercitividade, a veracidade e a publicidade na rela\u00e7\u00e3o entre religi\u00e3o e pol\u00edtica.\u00a0<strong>ethic@:\u00a0<\/strong>an international Journal for Moral Philosophy, v. 14, n. 2, p. 222-251, 2015.<\/p>\n<p>MARIANO, Ricardo. Expans\u00e3o e ativismo pol\u00edtico de grupos evang\u00e9licos conservadores. Seculariza\u00e7\u00e3o e pluralismo em debate.\u00a0<em><strong>Civitas<\/strong>: <\/em>Revista de Ci\u00eancias Sociais, vol. 16, 2016, pp.710-728.<\/p>\n<p><a href=\"#_ftnref1\" name=\"_ftn1\"><\/a><\/p>\n","protected":false},"excerpt":{"rendered":"<p>&nbsp; &nbsp; Por\u00a0Debora Cristina Alves da Cunha Milla [1] &nbsp; \u201cQue Deus tenha miseric\u00f3rdia dessa na\u00e7\u00e3o, voto sim\u201d. Foi com esta frase que o ex-presidente da C\u00e2mara, Eduardo Cunha (condenado a 14 anos e 6 meses de pris\u00e3o por corrup\u00e7\u00e3o pela Lava-Jato), fez o 229\u00b0 voto na C\u00e2mara dos Deputados durante a sess\u00e3o de impeachment [&hellip;]<\/p>\n","protected":false},"author":33,"featured_media":3374,"comment_status":"closed","ping_status":"closed","sticky":false,"template":"","format":"standard","meta":{"_monsterinsights_skip_tracking":false,"_monsterinsights_sitenote_active":false,"_monsterinsights_sitenote_note":"","_monsterinsights_sitenote_category":0,"footnotes":""},"categories":[13],"tags":[517,71,584,55,587,586,16,585],"yoast_head":"<!-- This site is optimized with the Yoast SEO plugin v22.2 - https:\/\/yoast.com\/wordpress\/plugins\/seo\/ -->\n<title>O nome de Deus e os fins pol\u00edticos - Comunica\u00e7\u00e3o Eleitoral<\/title>\n<meta name=\"description\" content=\"Grupo de pesquisa ligado \u00e0 linha de Comunica\u00e7\u00e3o, Pol\u00edtica e Atores Coletivos do Programa de P\u00f3s-gradua\u00e7\u00e3o em Comunica\u00e7\u00e3o da Universidade Federal do Paran\u00e1 (UFPR)\" \/>\n<meta name=\"robots\" content=\"index, follow, max-snippet:-1, max-image-preview:large, max-video-preview:-1\" \/>\n<link rel=\"canonical\" href=\"https:\/\/comunicacaoeleitoral.ufpr.br\/index.php\/2020\/10\/22\/o-nome-de-deus-e-os-fins-politicos\/\" \/>\n<meta property=\"og:locale\" content=\"pt_BR\" \/>\n<meta property=\"og:type\" content=\"article\" \/>\n<meta property=\"og:title\" content=\"O nome de Deus e os fins pol\u00edticos - Comunica\u00e7\u00e3o Eleitoral\" \/>\n<meta property=\"og:description\" content=\"Grupo de pesquisa ligado \u00e0 linha de Comunica\u00e7\u00e3o, Pol\u00edtica e Atores Coletivos do Programa de P\u00f3s-gradua\u00e7\u00e3o em Comunica\u00e7\u00e3o da Universidade Federal do Paran\u00e1 (UFPR)\" \/>\n<meta property=\"og:url\" content=\"https:\/\/comunicacaoeleitoral.ufpr.br\/index.php\/2020\/10\/22\/o-nome-de-deus-e-os-fins-politicos\/\" \/>\n<meta property=\"og:site_name\" content=\"Comunica\u00e7\u00e3o Eleitoral\" \/>\n<meta property=\"article:publisher\" content=\"https:\/\/www.facebook.com\/Comunica%c3%a7%c3%a3o-Eleitoral-564214587069724\/\" \/>\n<meta property=\"article:published_time\" content=\"2020-10-22T18:11:19+00:00\" \/>\n<meta property=\"og:image\" content=\"https:\/\/comunicacaoeleitoral.ufpr.br\/wp-content\/uploads\/2020\/10\/2643096285-culto-camara.jpg\" \/>\n\t<meta property=\"og:image:width\" content=\"840\" \/>\n\t<meta property=\"og:image:height\" content=\"500\" \/>\n\t<meta property=\"og:image:type\" content=\"image\/jpeg\" \/>\n<meta name=\"author\" content=\"Mateus Cunha\" \/>\n<meta name=\"twitter:card\" content=\"summary_large_image\" \/>\n<meta name=\"twitter:label1\" content=\"Escrito por\" \/>\n\t<meta name=\"twitter:data1\" content=\"Mateus Cunha\" \/>\n\t<meta name=\"twitter:label2\" content=\"Est. tempo de leitura\" \/>\n\t<meta name=\"twitter:data2\" content=\"5 minutos\" \/>\n<script type=\"application\/ld+json\" class=\"yoast-schema-graph\">{\"@context\":\"https:\/\/schema.org\",\"@graph\":[{\"@type\":\"Article\",\"@id\":\"https:\/\/comunicacaoeleitoral.ufpr.br\/index.php\/2020\/10\/22\/o-nome-de-deus-e-os-fins-politicos\/#article\",\"isPartOf\":{\"@id\":\"https:\/\/comunicacaoeleitoral.ufpr.br\/index.php\/2020\/10\/22\/o-nome-de-deus-e-os-fins-politicos\/\"},\"author\":{\"name\":\"Mateus Cunha\",\"@id\":\"https:\/\/comunicacaoeleitoral.ufpr.br\/#\/schema\/person\/8294abbba3881d9f6d4e83cc75c5fcac\"},\"headline\":\"O nome de Deus e os fins pol\u00edticos\",\"datePublished\":\"2020-10-22T18:11:19+00:00\",\"dateModified\":\"2020-10-22T18:11:19+00:00\",\"mainEntityOfPage\":{\"@id\":\"https:\/\/comunicacaoeleitoral.ufpr.br\/index.php\/2020\/10\/22\/o-nome-de-deus-e-os-fins-politicos\/\"},\"wordCount\":989,\"publisher\":{\"@id\":\"https:\/\/comunicacaoeleitoral.ufpr.br\/#organization\"},\"image\":{\"@id\":\"https:\/\/comunicacaoeleitoral.ufpr.br\/index.php\/2020\/10\/22\/o-nome-de-deus-e-os-fins-politicos\/#primaryimage\"},\"thumbnailUrl\":\"https:\/\/comunicacaoeleitoral.ufpr.br\/wp-content\/uploads\/2020\/10\/2643096285-culto-camara.jpg\",\"keywords\":[\"bolsonaro\",\"brasil\",\"Deus\",\"eduardo cunha\",\"evangelicalismo\",\"igreja\",\"pol\u00edtica\",\"religi\u00e3o\"],\"articleSection\":[\"Ensaios\"],\"inLanguage\":\"pt-BR\"},{\"@type\":\"WebPage\",\"@id\":\"https:\/\/comunicacaoeleitoral.ufpr.br\/index.php\/2020\/10\/22\/o-nome-de-deus-e-os-fins-politicos\/\",\"url\":\"https:\/\/comunicacaoeleitoral.ufpr.br\/index.php\/2020\/10\/22\/o-nome-de-deus-e-os-fins-politicos\/\",\"name\":\"O nome de Deus e os fins pol\u00edticos - Comunica\u00e7\u00e3o Eleitoral\",\"isPartOf\":{\"@id\":\"https:\/\/comunicacaoeleitoral.ufpr.br\/#website\"},\"primaryImageOfPage\":{\"@id\":\"https:\/\/comunicacaoeleitoral.ufpr.br\/index.php\/2020\/10\/22\/o-nome-de-deus-e-os-fins-politicos\/#primaryimage\"},\"image\":{\"@id\":\"https:\/\/comunicacaoeleitoral.ufpr.br\/index.php\/2020\/10\/22\/o-nome-de-deus-e-os-fins-politicos\/#primaryimage\"},\"thumbnailUrl\":\"https:\/\/comunicacaoeleitoral.ufpr.br\/wp-content\/uploads\/2020\/10\/2643096285-culto-camara.jpg\",\"datePublished\":\"2020-10-22T18:11:19+00:00\",\"dateModified\":\"2020-10-22T18:11:19+00:00\",\"description\":\"Grupo de pesquisa ligado \u00e0 linha de Comunica\u00e7\u00e3o, Pol\u00edtica e Atores Coletivos do Programa de P\u00f3s-gradua\u00e7\u00e3o em Comunica\u00e7\u00e3o da Universidade Federal do Paran\u00e1 (UFPR)\",\"breadcrumb\":{\"@id\":\"https:\/\/comunicacaoeleitoral.ufpr.br\/index.php\/2020\/10\/22\/o-nome-de-deus-e-os-fins-politicos\/#breadcrumb\"},\"inLanguage\":\"pt-BR\",\"potentialAction\":[{\"@type\":\"ReadAction\",\"target\":[\"https:\/\/comunicacaoeleitoral.ufpr.br\/index.php\/2020\/10\/22\/o-nome-de-deus-e-os-fins-politicos\/\"]}]},{\"@type\":\"ImageObject\",\"inLanguage\":\"pt-BR\",\"@id\":\"https:\/\/comunicacaoeleitoral.ufpr.br\/index.php\/2020\/10\/22\/o-nome-de-deus-e-os-fins-politicos\/#primaryimage\",\"url\":\"https:\/\/comunicacaoeleitoral.ufpr.br\/wp-content\/uploads\/2020\/10\/2643096285-culto-camara.jpg\",\"contentUrl\":\"https:\/\/comunicacaoeleitoral.ufpr.br\/wp-content\/uploads\/2020\/10\/2643096285-culto-camara.jpg\",\"width\":840,\"height\":500,\"caption\":\"Bolsonaro participa de culto evang\u00e9lico na C\u00e2mara dos Deputados, em 10 de julho de 2019.\"},{\"@type\":\"BreadcrumbList\",\"@id\":\"https:\/\/comunicacaoeleitoral.ufpr.br\/index.php\/2020\/10\/22\/o-nome-de-deus-e-os-fins-politicos\/#breadcrumb\",\"itemListElement\":[{\"@type\":\"ListItem\",\"position\":1,\"name\":\"In\u00edcio\",\"item\":\"https:\/\/comunicacaoeleitoral.ufpr.br\/\"},{\"@type\":\"ListItem\",\"position\":2,\"name\":\"O nome de Deus e os fins pol\u00edticos\"}]},{\"@type\":\"WebSite\",\"@id\":\"https:\/\/comunicacaoeleitoral.ufpr.br\/#website\",\"url\":\"https:\/\/comunicacaoeleitoral.ufpr.br\/\",\"name\":\"Comunica\u00e7\u00e3o Eleitoral\",\"description\":\"Grupo de pesquisa ligado \u00e0 linha de Comunica\u00e7\u00e3o e Pol\u00edtica do Programa de P\u00f3s-gradua\u00e7\u00e3o em Comunica\u00e7\u00e3o da Universidade Federal do Paran\u00e1.\",\"publisher\":{\"@id\":\"https:\/\/comunicacaoeleitoral.ufpr.br\/#organization\"},\"potentialAction\":[{\"@type\":\"SearchAction\",\"target\":{\"@type\":\"EntryPoint\",\"urlTemplate\":\"https:\/\/comunicacaoeleitoral.ufpr.br\/?s={search_term_string}\"},\"query-input\":\"required name=search_term_string\"}],\"inLanguage\":\"pt-BR\"},{\"@type\":\"Organization\",\"@id\":\"https:\/\/comunicacaoeleitoral.ufpr.br\/#organization\",\"name\":\"Comunica\u00e7\u00e3o Eleitoral\",\"url\":\"https:\/\/comunicacaoeleitoral.ufpr.br\/\",\"logo\":{\"@type\":\"ImageObject\",\"inLanguage\":\"pt-BR\",\"@id\":\"https:\/\/comunicacaoeleitoral.ufpr.br\/#\/schema\/logo\/image\/\",\"url\":\"https:\/\/comunicacaoeleitoral.ufpr.br\/wp-content\/uploads\/2015\/05\/header2c_celtalks.png\",\"contentUrl\":\"https:\/\/comunicacaoeleitoral.ufpr.br\/wp-content\/uploads\/2015\/05\/header2c_celtalks.png\",\"width\":1800,\"height\":674,\"caption\":\"Comunica\u00e7\u00e3o Eleitoral\"},\"image\":{\"@id\":\"https:\/\/comunicacaoeleitoral.ufpr.br\/#\/schema\/logo\/image\/\"},\"sameAs\":[\"https:\/\/www.facebook.com\/Comunica\u00e7\u00e3o-Eleitoral-564214587069724\/\",\"https:\/\/www.instagram.com\/comunicacaoeleitoral\/\",\"https:\/\/www.youtube.com\/ocanalpanke\"]},{\"@type\":\"Person\",\"@id\":\"https:\/\/comunicacaoeleitoral.ufpr.br\/#\/schema\/person\/8294abbba3881d9f6d4e83cc75c5fcac\",\"name\":\"Mateus Cunha\",\"image\":{\"@type\":\"ImageObject\",\"inLanguage\":\"pt-BR\",\"@id\":\"https:\/\/comunicacaoeleitoral.ufpr.br\/#\/schema\/person\/image\/\",\"url\":\"https:\/\/secure.gravatar.com\/avatar\/4f64c9f81bb0d4ee969aaf7b4a5a6f40?s=96&d=mm&r=g\",\"contentUrl\":\"https:\/\/secure.gravatar.com\/avatar\/4f64c9f81bb0d4ee969aaf7b4a5a6f40?s=96&d=mm&r=g\",\"caption\":\"Mateus Cunha\"},\"url\":\"https:\/\/comunicacaoeleitoral.ufpr.br\/index.php\/author\/mateus_cunha\/\"}]}<\/script>\n<!-- \/ Yoast SEO plugin. -->","yoast_head_json":{"title":"O nome de Deus e os fins pol\u00edticos - Comunica\u00e7\u00e3o Eleitoral","description":"Grupo de pesquisa ligado \u00e0 linha de Comunica\u00e7\u00e3o, Pol\u00edtica e Atores Coletivos do Programa de P\u00f3s-gradua\u00e7\u00e3o em Comunica\u00e7\u00e3o da Universidade Federal do Paran\u00e1 (UFPR)","robots":{"index":"index","follow":"follow","max-snippet":"max-snippet:-1","max-image-preview":"max-image-preview:large","max-video-preview":"max-video-preview:-1"},"canonical":"https:\/\/comunicacaoeleitoral.ufpr.br\/index.php\/2020\/10\/22\/o-nome-de-deus-e-os-fins-politicos\/","og_locale":"pt_BR","og_type":"article","og_title":"O nome de Deus e os fins pol\u00edticos - Comunica\u00e7\u00e3o Eleitoral","og_description":"Grupo de pesquisa ligado \u00e0 linha de Comunica\u00e7\u00e3o, Pol\u00edtica e Atores Coletivos do Programa de P\u00f3s-gradua\u00e7\u00e3o em Comunica\u00e7\u00e3o da Universidade Federal do Paran\u00e1 (UFPR)","og_url":"https:\/\/comunicacaoeleitoral.ufpr.br\/index.php\/2020\/10\/22\/o-nome-de-deus-e-os-fins-politicos\/","og_site_name":"Comunica\u00e7\u00e3o Eleitoral","article_publisher":"https:\/\/www.facebook.com\/Comunica%c3%a7%c3%a3o-Eleitoral-564214587069724\/","article_published_time":"2020-10-22T18:11:19+00:00","og_image":[{"width":840,"height":500,"url":"https:\/\/comunicacaoeleitoral.ufpr.br\/wp-content\/uploads\/2020\/10\/2643096285-culto-camara.jpg","type":"image\/jpeg"}],"author":"Mateus Cunha","twitter_card":"summary_large_image","twitter_misc":{"Escrito por":"Mateus Cunha","Est. tempo de leitura":"5 minutos"},"schema":{"@context":"https:\/\/schema.org","@graph":[{"@type":"Article","@id":"https:\/\/comunicacaoeleitoral.ufpr.br\/index.php\/2020\/10\/22\/o-nome-de-deus-e-os-fins-politicos\/#article","isPartOf":{"@id":"https:\/\/comunicacaoeleitoral.ufpr.br\/index.php\/2020\/10\/22\/o-nome-de-deus-e-os-fins-politicos\/"},"author":{"name":"Mateus Cunha","@id":"https:\/\/comunicacaoeleitoral.ufpr.br\/#\/schema\/person\/8294abbba3881d9f6d4e83cc75c5fcac"},"headline":"O nome de Deus e os fins pol\u00edticos","datePublished":"2020-10-22T18:11:19+00:00","dateModified":"2020-10-22T18:11:19+00:00","mainEntityOfPage":{"@id":"https:\/\/comunicacaoeleitoral.ufpr.br\/index.php\/2020\/10\/22\/o-nome-de-deus-e-os-fins-politicos\/"},"wordCount":989,"publisher":{"@id":"https:\/\/comunicacaoeleitoral.ufpr.br\/#organization"},"image":{"@id":"https:\/\/comunicacaoeleitoral.ufpr.br\/index.php\/2020\/10\/22\/o-nome-de-deus-e-os-fins-politicos\/#primaryimage"},"thumbnailUrl":"https:\/\/comunicacaoeleitoral.ufpr.br\/wp-content\/uploads\/2020\/10\/2643096285-culto-camara.jpg","keywords":["bolsonaro","brasil","Deus","eduardo cunha","evangelicalismo","igreja","pol\u00edtica","religi\u00e3o"],"articleSection":["Ensaios"],"inLanguage":"pt-BR"},{"@type":"WebPage","@id":"https:\/\/comunicacaoeleitoral.ufpr.br\/index.php\/2020\/10\/22\/o-nome-de-deus-e-os-fins-politicos\/","url":"https:\/\/comunicacaoeleitoral.ufpr.br\/index.php\/2020\/10\/22\/o-nome-de-deus-e-os-fins-politicos\/","name":"O nome de Deus e os fins pol\u00edticos - Comunica\u00e7\u00e3o Eleitoral","isPartOf":{"@id":"https:\/\/comunicacaoeleitoral.ufpr.br\/#website"},"primaryImageOfPage":{"@id":"https:\/\/comunicacaoeleitoral.ufpr.br\/index.php\/2020\/10\/22\/o-nome-de-deus-e-os-fins-politicos\/#primaryimage"},"image":{"@id":"https:\/\/comunicacaoeleitoral.ufpr.br\/index.php\/2020\/10\/22\/o-nome-de-deus-e-os-fins-politicos\/#primaryimage"},"thumbnailUrl":"https:\/\/comunicacaoeleitoral.ufpr.br\/wp-content\/uploads\/2020\/10\/2643096285-culto-camara.jpg","datePublished":"2020-10-22T18:11:19+00:00","dateModified":"2020-10-22T18:11:19+00:00","description":"Grupo de pesquisa ligado \u00e0 linha de Comunica\u00e7\u00e3o, Pol\u00edtica e Atores Coletivos do Programa de P\u00f3s-gradua\u00e7\u00e3o em Comunica\u00e7\u00e3o da Universidade Federal do Paran\u00e1 (UFPR)","breadcrumb":{"@id":"https:\/\/comunicacaoeleitoral.ufpr.br\/index.php\/2020\/10\/22\/o-nome-de-deus-e-os-fins-politicos\/#breadcrumb"},"inLanguage":"pt-BR","potentialAction":[{"@type":"ReadAction","target":["https:\/\/comunicacaoeleitoral.ufpr.br\/index.php\/2020\/10\/22\/o-nome-de-deus-e-os-fins-politicos\/"]}]},{"@type":"ImageObject","inLanguage":"pt-BR","@id":"https:\/\/comunicacaoeleitoral.ufpr.br\/index.php\/2020\/10\/22\/o-nome-de-deus-e-os-fins-politicos\/#primaryimage","url":"https:\/\/comunicacaoeleitoral.ufpr.br\/wp-content\/uploads\/2020\/10\/2643096285-culto-camara.jpg","contentUrl":"https:\/\/comunicacaoeleitoral.ufpr.br\/wp-content\/uploads\/2020\/10\/2643096285-culto-camara.jpg","width":840,"height":500,"caption":"Bolsonaro participa de culto evang\u00e9lico na C\u00e2mara dos Deputados, em 10 de julho de 2019."},{"@type":"BreadcrumbList","@id":"https:\/\/comunicacaoeleitoral.ufpr.br\/index.php\/2020\/10\/22\/o-nome-de-deus-e-os-fins-politicos\/#breadcrumb","itemListElement":[{"@type":"ListItem","position":1,"name":"In\u00edcio","item":"https:\/\/comunicacaoeleitoral.ufpr.br\/"},{"@type":"ListItem","position":2,"name":"O nome de Deus e os fins pol\u00edticos"}]},{"@type":"WebSite","@id":"https:\/\/comunicacaoeleitoral.ufpr.br\/#website","url":"https:\/\/comunicacaoeleitoral.ufpr.br\/","name":"Comunica\u00e7\u00e3o Eleitoral","description":"Grupo de pesquisa ligado \u00e0 linha de Comunica\u00e7\u00e3o e Pol\u00edtica do Programa de P\u00f3s-gradua\u00e7\u00e3o em Comunica\u00e7\u00e3o da Universidade Federal do Paran\u00e1.","publisher":{"@id":"https:\/\/comunicacaoeleitoral.ufpr.br\/#organization"},"potentialAction":[{"@type":"SearchAction","target":{"@type":"EntryPoint","urlTemplate":"https:\/\/comunicacaoeleitoral.ufpr.br\/?s={search_term_string}"},"query-input":"required name=search_term_string"}],"inLanguage":"pt-BR"},{"@type":"Organization","@id":"https:\/\/comunicacaoeleitoral.ufpr.br\/#organization","name":"Comunica\u00e7\u00e3o Eleitoral","url":"https:\/\/comunicacaoeleitoral.ufpr.br\/","logo":{"@type":"ImageObject","inLanguage":"pt-BR","@id":"https:\/\/comunicacaoeleitoral.ufpr.br\/#\/schema\/logo\/image\/","url":"https:\/\/comunicacaoeleitoral.ufpr.br\/wp-content\/uploads\/2015\/05\/header2c_celtalks.png","contentUrl":"https:\/\/comunicacaoeleitoral.ufpr.br\/wp-content\/uploads\/2015\/05\/header2c_celtalks.png","width":1800,"height":674,"caption":"Comunica\u00e7\u00e3o Eleitoral"},"image":{"@id":"https:\/\/comunicacaoeleitoral.ufpr.br\/#\/schema\/logo\/image\/"},"sameAs":["https:\/\/www.facebook.com\/Comunica\u00e7\u00e3o-Eleitoral-564214587069724\/","https:\/\/www.instagram.com\/comunicacaoeleitoral\/","https:\/\/www.youtube.com\/ocanalpanke"]},{"@type":"Person","@id":"https:\/\/comunicacaoeleitoral.ufpr.br\/#\/schema\/person\/8294abbba3881d9f6d4e83cc75c5fcac","name":"Mateus Cunha","image":{"@type":"ImageObject","inLanguage":"pt-BR","@id":"https:\/\/comunicacaoeleitoral.ufpr.br\/#\/schema\/person\/image\/","url":"https:\/\/secure.gravatar.com\/avatar\/4f64c9f81bb0d4ee969aaf7b4a5a6f40?s=96&d=mm&r=g","contentUrl":"https:\/\/secure.gravatar.com\/avatar\/4f64c9f81bb0d4ee969aaf7b4a5a6f40?s=96&d=mm&r=g","caption":"Mateus Cunha"},"url":"https:\/\/comunicacaoeleitoral.ufpr.br\/index.php\/author\/mateus_cunha\/"}]}},"_links":{"self":[{"href":"https:\/\/comunicacaoeleitoral.ufpr.br\/index.php\/wp-json\/wp\/v2\/posts\/3373"}],"collection":[{"href":"https:\/\/comunicacaoeleitoral.ufpr.br\/index.php\/wp-json\/wp\/v2\/posts"}],"about":[{"href":"https:\/\/comunicacaoeleitoral.ufpr.br\/index.php\/wp-json\/wp\/v2\/types\/post"}],"author":[{"embeddable":true,"href":"https:\/\/comunicacaoeleitoral.ufpr.br\/index.php\/wp-json\/wp\/v2\/users\/33"}],"replies":[{"embeddable":true,"href":"https:\/\/comunicacaoeleitoral.ufpr.br\/index.php\/wp-json\/wp\/v2\/comments?post=3373"}],"version-history":[{"count":4,"href":"https:\/\/comunicacaoeleitoral.ufpr.br\/index.php\/wp-json\/wp\/v2\/posts\/3373\/revisions"}],"predecessor-version":[{"id":3378,"href":"https:\/\/comunicacaoeleitoral.ufpr.br\/index.php\/wp-json\/wp\/v2\/posts\/3373\/revisions\/3378"}],"wp:featuredmedia":[{"embeddable":true,"href":"https:\/\/comunicacaoeleitoral.ufpr.br\/index.php\/wp-json\/wp\/v2\/media\/3374"}],"wp:attachment":[{"href":"https:\/\/comunicacaoeleitoral.ufpr.br\/index.php\/wp-json\/wp\/v2\/media?parent=3373"}],"wp:term":[{"taxonomy":"category","embeddable":true,"href":"https:\/\/comunicacaoeleitoral.ufpr.br\/index.php\/wp-json\/wp\/v2\/categories?post=3373"},{"taxonomy":"post_tag","embeddable":true,"href":"https:\/\/comunicacaoeleitoral.ufpr.br\/index.php\/wp-json\/wp\/v2\/tags?post=3373"}],"curies":[{"name":"wp","href":"https:\/\/api.w.org\/{rel}","templated":true}]}}