{"id":3348,"date":"2020-10-15T19:13:21","date_gmt":"2020-10-15T19:13:21","guid":{"rendered":"https:\/\/comunicacaoeleitoral.ufpr.br\/?p=3348"},"modified":"2020-10-15T19:13:21","modified_gmt":"2020-10-15T19:13:21","slug":"a-facada-de-donald-trump-e-as-estrategias-do-populismo-de-extrema-direita","status":"publish","type":"post","link":"https:\/\/comunicacaoeleitoral.ufpr.br\/index.php\/2020\/10\/15\/a-facada-de-donald-trump-e-as-estrategias-do-populismo-de-extrema-direita\/","title":{"rendered":"A \u2018facada\u2019 de Donald Trump e as estrat\u00e9gias do populismo de extrema direita"},"content":{"rendered":"<p>&nbsp;<\/p>\n<p><strong>Por\u00a0\u00c9rica Cristina Verderio Bianco <a href=\"#_ftn1\" name=\"_ftnref1\">[1]<\/a><\/strong><\/p>\n<p>&nbsp;<\/p>\n<p>O t\u00edtulo deste ensaio faz alus\u00e3o ao incidente que impossibilitou o presidente da Rep\u00fablica Jair Bolsonaro (sem partido), ent\u00e3o candidato ao cargo pelo Partido Social Liberal (PSL), de participar dos debates das elei\u00e7\u00f5es presidenciais de 2018. No dia 06 de setembro daquele ano, \u00e0s v\u00e9speras do 196\u00ba anivers\u00e1rio do grito de independ\u00eancia do Brasil, Bolsonaro foi v\u00edtima de um atentado a faca praticado por Ad\u00e9lio Bispo, um homem com problemas mentais que agiu por motiva\u00e7\u00e3o pessoal. Por causa da longa recupera\u00e7\u00e3o de sua sa\u00fade, mas tamb\u00e9m por estrat\u00e9gia pol\u00edtica \u2013 como ele pr\u00f3prio admitira \u2013 o candidato que liderava a corrida presidencial participou apenas de dois debates do 1\u00ba turno das elei\u00e7\u00f5es. Os debates do 2\u00ba turno, disputado contra o candidato Fernando Haddad (PT), foram cancelados justamente pela aus\u00eancia de Bolsonaro, que apresentou sucessivos atestados m\u00e9dicos para n\u00e3o enfrentar seu advers\u00e1rio nas sabatinas televisivas.<\/p>\n<p>Coincidentemente, o presidente estadunidense Donald Trump, candidato \u00e0 reelei\u00e7\u00e3o ao cargo em 2020 pelo Partido Republicano, tamb\u00e9m est\u00e1 temporariamente impossibilitado de comparecer a debates presenciais por quest\u00f5es relacionadas \u00e0 sa\u00fade. Trump testou positivo para o novo coronav\u00edrus (SARS-CoV-2) no dia 02 de outubro, tr\u00eas dias ap\u00f3s o primeiro debate contra seu advers\u00e1rio Joe Biden, do Partido Democrata. Seguindo os protocolos internacionais de preven\u00e7\u00e3o de cont\u00e1gio por SARS-CoV-2, o candidato republicano precisa cumprir uma quarentena de 14 dias ap\u00f3s o diagn\u00f3stico antes de qualquer compromisso p\u00fablico na presen\u00e7a de outras pessoas. Ou seja, Trump n\u00e3o pode participar de encontros, reuni\u00f5es ou debates at\u00e9 o dia 16 de outubro, um dia ap\u00f3s a data para a qual estava agendado o pr\u00f3ximo debate entre os candidatos \u00e0 Casa Branca. Em uma tentativa de contornar o problema, a comiss\u00e3o respons\u00e1vel pela organiza\u00e7\u00e3o dos debates entre os presidenci\u00e1veis decidiu pelo formato virtual e, assim, a data da pr\u00f3xima sabatina seria mantida no dia 15 de outubro. No entanto, Donald Trump se negou a participar de debates nesse formato, alegando que seria um desperd\u00edcio de tempo. Dessa forma, Trump adota a mesma estrat\u00e9gia de Jair Bolsonaro ao n\u00e3o debater ideias frente a frente com seu advers\u00e1rio. A afirma\u00e7\u00e3o de que se trata de uma estrat\u00e9gia deliberada do candidato baseia-se no resultado de pesquisas de opini\u00e3o realizadas com eleitores estadunidenses logo ap\u00f3s o primeiro encontro dos candidatos. Para a maioria dos entrevistados, o democrata Joe Biden teve melhor desempenho, ainda que ambos tenham decepcionado os espectadores. H\u00e1 claros ind\u00edcios, portanto, de que o republicano esteja usando sua doen\u00e7a para n\u00e3o ter de debater com seu advers\u00e1rio, assim como fez Jair Bolsonaro em 2018.<\/p>\n<p>Al\u00e9m de um subterf\u00fagio, Trump transformou sua doen\u00e7a em uma esp\u00e9cie de <em>reality show,<\/em> de modo semelhante \u00e0 atua\u00e7\u00e3o do candidato Bolsonaro durante o tempo em que esteve se recuperando do atentado a faca. O presidente norte-americano n\u00e3o abandonou os perfis e p\u00e1ginas que mant\u00e9m nas plataformas de redes sociais durante o per\u00edodo em que esteve no hospital. Pelo contr\u00e1rio, ele preservou a proximidade com seus seguidores, publicando diversas fotos e v\u00eddeos e transformando o momento da alta hospitalar em um acontecimento midi\u00e1tico. Agindo dessa forma, o presidente dos Estados Unidos cria com o p\u00fablico o mesmo tipo de la\u00e7o criado pelas celebridades (WESCHENFELDER, 2019). A liturgia do cargo e a seguran\u00e7a sanit\u00e1ria s\u00e3o abandonadas em favor do estabelecimento de v\u00ednculos afetivos com os cidad\u00e3os\/seguidores. Ainda, ao expor publicamente a doen\u00e7a e seu processo de recupera\u00e7\u00e3o, ele evoca o arqu\u00e9tipo do her\u00f3i\/m\u00e1rtir, acionando o imagin\u00e1rio popular, e assume a figura do presidente que sofreu com o coronav\u00edrus, do mesmo modo como sofreram tantos outros estadunidenses, mas foi curado, dando demonstra\u00e7\u00e3o de sua for\u00e7a e resist\u00eancia, sua invencibilidade.<\/p>\n<p>&nbsp;<\/p>\n<div id=\"attachment_3349\" style=\"width: 1004px\" class=\"wp-caption aligncenter\"><a href=\"https:\/\/comunicacaoeleitoral.ufpr.br\/wp-content\/uploads\/2020\/10\/Trump-corona-legendado-Copia.jpg\"><img loading=\"lazy\" decoding=\"async\" aria-describedby=\"caption-attachment-3349\" class=\"size-full wp-image-3349\" src=\"https:\/\/comunicacaoeleitoral.ufpr.br\/wp-content\/uploads\/2020\/10\/Trump-corona-legendado-Copia.jpg\" alt=\"Capturas de tela de um v\u00eddeo publicado em 6 de outubro, no perfil TeamTrump, no Instagram, que conta com 1,2 milh\u00e3o de seguidores. Dois dias depois, o v\u00eddeo, que representa Donald Trump marcando um &quot;Touchdown&quot; contra o coronav\u00edrus, j\u00e1 estava com 233 mil visualiza\u00e7\u00f5es.\" width=\"994\" height=\"558\" srcset=\"https:\/\/comunicacaoeleitoral.ufpr.br\/wp-content\/uploads\/2020\/10\/Trump-corona-legendado-Copia.jpg 994w, https:\/\/comunicacaoeleitoral.ufpr.br\/wp-content\/uploads\/2020\/10\/Trump-corona-legendado-Copia-300x168.jpg 300w\" sizes=\"(max-width: 994px) 100vw, 994px\" \/><\/a><p id=\"caption-attachment-3349\" class=\"wp-caption-text\">Capturas de tela de um v\u00eddeo publicado em 6 de outubro, no perfil TeamTrump, no Instagram, que conta com 1,2 milh\u00e3o de seguidores. Dois dias depois, o v\u00eddeo, que representa Donald Trump marcando um &#8220;Touchdown&#8221; contra o coronav\u00edrus, j\u00e1 estava com 233 mil visualiza\u00e7\u00f5es.<\/p><\/div>\n<p>Neste ponto, surge outra conex\u00e3o entre as estrat\u00e9gias e t\u00e1ticas comunicacionais de ambos os presidentes. Tanto um quanto o outro faz parte do grupo minorit\u00e1rio de l\u00edderes nacionais que negam a gravidade da pandemia, ao mesmo tempo em que, paradoxalmente, se aproveitam da fragilidade das pessoas para oferecer a cura milagrosa. Contudo, nem a cloroquina (no caso de Bolsonaro) nem a hidroxicloroquina (no caso de Trump) tiveram efic\u00e1cia cl\u00ednica comprovada no tratamento de COVID-19. Se, diante da falta de evid\u00eancias cient\u00edficas, Trump abandonou h\u00e1 meses a hidroxicloroquina, Bolsonaro insiste na narrativa segundo a qual o tratamento precoce com cloroquina \u00e9 a cura m\u00e1gica para a infec\u00e7\u00e3o causada pelo SARS-CoV-2. Em um dos atos de seu <em>reality show<\/em>, o presidente brasileiro ergueu uma caixa do medicamento diante de um grupo de apoiadores, como quem levanta um trof\u00e9u. A \u2018plateia\u2019 respondeu a contento, cantando uma par\u00f3dia da m\u00fasica Florentina, do deputado e palha\u00e7o Tiririca: \u2018Cloroquina l\u00e1 do SUS\u2019. Uma inequ\u00edvoca demonstra\u00e7\u00e3o dos la\u00e7os de proximidade e afeto entre l\u00edder e liderados. O ato ocorreu dias ap\u00f3s Bolsonaro ter testado positivo para o novo coronav\u00edrus. Donald Trump, por outro lado, afirmou ter sido curado por um f\u00e1rmaco ainda em fase de testes, o REGN-COV2, e aproveitou para transform\u00e1-lo em sua nova panaceia, prometendo fornec\u00ea-lo gratuitamente a todos os estadunidenses que vierem a adoecer de COVID-19 (ainda que em seu pa\u00eds n\u00e3o haja um sistema gratuito e universal de sa\u00fade, como \u00e9 o caso brasileiro). O candidato \u00e0 reelei\u00e7\u00e3o disse acreditar que ter contra\u00eddo o v\u00edrus foi uma \u201cb\u00ean\u00e7\u00e3o de Deus\u201d porque, em suas palavras, ele teria sido o canal para a revela\u00e7\u00e3o de uma suposta cura milagrosa. Assim como Bolsonaro, Trump tamb\u00e9m possui uma profunda conex\u00e3o com os crentes de seu pa\u00eds, mas neste caso o que se sobressai \u00e9 a figura do her\u00f3i\/m\u00e1rtir, o l\u00edder abnegado capaz de se sacrificar para o bem de seu povo (AZEVEDO JUNIOR; BIANCO, 2019).<\/p>\n<p>Dessa forma, a atua\u00e7\u00e3o de ambos diante da pandemia mundial de SARS-CoV-2 revela, ato ap\u00f3s ato, as estrat\u00e9gias do populismo da nova direita, que mant\u00e9m a l\u00f3gica do confronto e o culto ao l\u00edder messi\u00e2nico. No caso dos Estados Unidos, \u00e9 o velho del\u00edrio conspiracionista de um plano secreto comunista para dominar o mundo que sustenta Donald Trump como o salvador da na\u00e7\u00e3o. Nessa l\u00f3gica, para uma parcela da popula\u00e7\u00e3o n\u00e3o importa se ele n\u00e3o comparece a debates eleitorais ou se ele n\u00e3o tem propostas e projetos concretos para um pr\u00f3ximo mandato. O que importa para seus eleitores \u00e9 que ele se coloca como o \u2018enviado de Deus\u2019 para salvar a Am\u00e9rica do globalismo e do comunismo chin\u00eas.<\/p>\n<p>Por fim, se os debates televisivos foram essenciais para o processo eleitoral em uma \u00e9poca em que sociedade e candidatos s\u00f3 se encontravam presencialmente, em ambientes controlados, ou por interm\u00e9dio da m\u00eddia corporativa, surge a reflex\u00e3o sobre o lugar a que foram relegados pela sociedade hipermidiatizada, em que celebridades de todos os tipos e seus seguidores se encontram diretamente, sem intermedi\u00e1rios, nas plataformas de redes sociais. Questiona-se a atualidade de seu formato, a necessidade de adapta\u00e7\u00e3o \u00e0s l\u00f3gicas e linguagens das m\u00eddias digitais, de modo que um importante instrumento para a democracia \u2013 o debate de ideias, propostas e projetos \u2013 n\u00e3o caia em desuso. Afinal, o caso brasileiro de 2018 mostrou que o \u2018encastelamento\u2019 proporcionado pela plataformiza\u00e7\u00e3o da comunica\u00e7\u00e3o \u00e9 conveniente ao populismo, que busca confronto em vez de debates, e n\u00e3o h\u00e1 motivos para que, estando no poder ou \u00e0 frente na corrida eleitoral, os populistas se arrisquem em sabatinas televisivas que deixariam \u00e0s claras sua falta de capacidade para governar grandes na\u00e7\u00f5es em um est\u00e1gio complexificado do capitalismo.<\/p>\n<p>&nbsp;<\/p>\n<p>&#8212;<\/p>\n<p>&nbsp;<\/p>\n<p><strong><a href=\"#_ftn1\" name=\"_ftnref1\">[1]<\/a> <\/strong>Doutoranda em Ci\u00eancias da Comunica\u00e7\u00e3o na Universidade do Vale do Rio dos Sinos (Unisinos). Mestra em Comunica\u00e7\u00e3o pela Universidade Federal do Paran\u00e1 (2019), \u00e9 integrante do grupo de pesquisa CEL (Comunica\u00e7\u00e3o Eleitoral) da mesma Institui\u00e7\u00e3o. \u00c9 graduada em Comunica\u00e7\u00e3o Social &#8211; Habilita\u00e7\u00e3o em Jornalismo pela Universidade Federal de Mato Grosso do Sul (2006). T\u00e9cnica em Comunica\u00e7\u00e3o Social\/Jornalismo na Defensoria P\u00fablica da Uni\u00e3o desde 2010.<\/p>\n<p>&nbsp;<\/p>\n<p><strong>Refer\u00eancias:<\/strong><\/p>\n<p>&nbsp;<\/p>\n<p>AZEVEDO JUNIOR, Aryovaldo de Castro; BIANCO, Erica Cristina Verderio. O processo de mitifica\u00e7\u00e3o de Bolsonaro: Messias, presidente do Brasil. <strong>Revista Eco-P\u00f3s<\/strong>, [S.L.], v. 22, n. 2, p. 88-111, 6 out. 2019. Revista ECO-Pos. http:\/\/dx.doi.org\/10.29146\/eco-pos.v22i2.26253. Dispon\u00edvel em: https:\/\/revistaecopos.eco.ufrj.br\/eco_pos\/article\/view\/5. Acesso em: 11 out. 2020.<\/p>\n<p>BULLA, B. Ap\u00f3s lan\u00e7ar cloroquina como solu\u00e7\u00e3o, Trump deixa de defender droga. <strong>O Estado de S. Paulo<\/strong>, Correspondente, Washington, 15 maio 2020. Internacional. Dispon\u00edvel em: <a href=\"https:\/\/internacional.estadao.com.br\/noticias\/geral,apos-lancar-cloroquina-como-solucao-trump-deixa-de-defender-droga,70003304335\">https:\/\/internacional.estadao.com.br\/noticias\/geral,apos-lancar-cloroquina-como-solucao-trump-deixa-de-defender-droga,70003304335<\/a>. Acesso em: 12 out. 2020.<\/p>\n<p>CRAVEIRO, R. Biden sai em vantagem ap\u00f3s a agressividade de Trump em debate. <strong>Correio Braziliense<\/strong>, 01 out. 2020. EUA. Dispon\u00edvel em: https:\/\/www.correiobraziliense.com.br\/mundo\/2020\/10\/4879172-biden-sai-em-vantagem-apos-a-agressividade-de-trump-em-debate.html. Acesso em: 08 out. 2020.<\/p>\n<p>ESTAD\u00c3O CONTE\u00daDO. \u201cMesmo liberado posso faltar a debates por estrat\u00e9gia\u201d, reafirma Bolsonaro. <strong>Revista Exame<\/strong>, 17 out. 2018. Brasil. Dispon\u00edvel em: https:\/\/exame.com\/brasil\/mesmo-liberado-posso-faltar-a-debates-por-estrategia-reafirma-bolsonaro\/. Acesso em: 08 out. 2020.<\/p>\n<p>FAUSTO NETO, Ant\u00f4nio. O discurso pol\u00edtico entre recusas e controles das estrat\u00e9gias enunciativas midi\u00e1ticas: observa\u00e7\u00f5es sobre a midiatiza\u00e7\u00e3o da campanha eleitoral de 2006. <strong>Revista Gal\u00e1xia<\/strong>. S\u00e3o Paulo, n\u00ba 11, p. 143-165, jun, 2006<\/p>\n<p>GINZBURG, Carlo. Sinais ra\u00edzes de um paradigma indici\u00e1rio. In _____. <strong>Mitos, Emblemas e Sinais<\/strong>. S\u00e3o Paulo, Cia. das Letras, 1989.<\/p>\n<p>HABERMAN, M; THOMAS, K. Trump diz que contrair o v\u00edrus foi &#8216;b\u00ean\u00e7\u00e3o de Deus&#8217; e aclama droga n\u00e3o comprovada como &#8216;uma cura\u2019. New York Times <em>in<\/em> <strong>O Globo<\/strong>, 07 out. 2020. Mundo. Dispon\u00edvel em: <a href=\"https:\/\/oglobo.globo.com\/mundo\/trump-diz-que-contrair-virus-foi-bencao-de-deus-aclama-droga-nao-comprovada-como-uma-cura-24682111\">https:\/\/oglobo.globo.com\/mundo\/trump-diz-que-contrair-virus-foi-bencao-de-deus-aclama-droga-nao-comprovada-como-uma-cura-24682111<\/a>. Acesso em: 08 out. 2020.<\/p>\n<p>LUCAS, A. A triste sorte dos presidentes negacionistas da covid-19. <strong>El Pa\u00eds<\/strong>, Madri, 07 jul. 2020. Internacional. Dispon\u00edvel em: <a href=\"https:\/\/brasil.elpais.com\/internacional\/2020-07-07\/a-triste-sorte-dos-negacionistas-da-covid-19.html\">https:\/\/brasil.elpais.com\/internacional\/2020-07-07\/a-triste-sorte-dos-negacionistas-da-covid-19.html<\/a>. Acesso em: 11 out. 2020.<\/p>\n<p>MARTINS, H. Apoiadores de Bolsonaro &#8216;sa\u00fadam&#8217; cloroquina, e internet n\u00e3o perdoa: &#8216;Simba do Rei Le\u00e3o&#8217;. <strong>Estado de Minas<\/strong>, 19 jul. 2020. Pol\u00edtica. Dispon\u00edvel em: <a href=\"https:\/\/www.em.com.br\/app\/noticia\/politica\/2020\/07\/19\/interna_politica,1168321\/apoiadores-de-bolsonaro-saudam-cloroquina-e-internet-nao-perdoa-s.shtml\">https:\/\/www.em.com.br\/app\/noticia\/politica\/2020\/07\/19\/interna_politica,1168321\/apoiadores-de-bolsonaro-saudam-cloroquina-e-internet-nao-perdoa-s.shtml<\/a>. Acesso em: 11 out. 2020.<\/p>\n<p>REUTERS. O que se sabe sobre o rem\u00e9dio da Regeneron, que Trump prometeu distribuir gratuitamente a americanos. <strong>BBC News Brasil<\/strong>, 08 out. 2020. Dispon\u00edvel em: <a href=\"https:\/\/www.bbc.com\/portuguese\/internacional-54463893\">https:\/\/www.bbc.com\/portuguese\/internacional-54463893<\/a>. Acesso em: 11 out. 2020.<\/p>\n<p>RICHTER, A. Justi\u00e7a arquiva segundo inqu\u00e9rito sobre atentado contra Bolsonaro. <strong>Ag\u00eancia Brasil<\/strong>, Bras\u00edlia, 16 jun. 2020. Justi\u00e7a. Dispon\u00edvel em: https:\/\/agenciabrasil.ebc.com.br\/justica\/noticia\/2020-06\/justica-arquiva-segundo-inquerito-sobre-atentado-contra-bolsonaro. Acesso em: 08 out. 2020.<\/p>\n<p>RIVIERA, C. Comiss\u00e3o decide que debate ser\u00e1 virtual nos EUA e Trump diz que n\u00e3o ir\u00e1. <strong>Revista Exame<\/strong>, 08 out. 2020. Mundo. Dispon\u00edvel em: https:\/\/exame.com\/mundo\/comissao-decide-que-o-proximo-debate-nos-eua-sera-virtual\/. Acesso em: 08 out. 2020.<\/p>\n<p>STYCER, M. Ap\u00f3s desist\u00eancia de Bolsonaro, Globo cancela debate e n\u00e3o entrevista Haddad. <strong>Portal UOL<\/strong>, 22 out. 2018. Blogosfera. Dispon\u00edvel em: https:\/\/mauriciostycer.blogosfera.uol.com.br\/2018\/10\/22\/apos-desistencia-de-bolsonaro-globo-cancela-debate-e-nao-entrevista-haddad\/. Acesso em: 08 out. 2020.<\/p>\n<p>WESCHENFELDER, Aline. <strong>Manifesta\u00e7\u00f5es da midiatiza\u00e7\u00e3o &#8211; Transforma\u00e7\u00e3o dos atores sociais em produ\u00e7\u00e3o e recep\u00e7\u00e3o<\/strong>: o caso Camila Coelho. 2019. 243 f. Tese (Doutorado) &#8211; Curso de Programa de P\u00f3s-Gradua\u00e7\u00e3o em Ci\u00eancias da Comunica\u00e7\u00e3o, Escola da Ind\u00fastria Criativa, Universidade do Vale do Rio dos Sinos, S\u00e3o Leopoldo, 2019. Dispon\u00edvel em: http:\/\/www.repositorio.jesuita.org.br\/handle\/UNISINOS\/7970. Acesso em: 11 out. 2020.<\/p>\n","protected":false},"excerpt":{"rendered":"<p>&nbsp; Por\u00a0\u00c9rica Cristina Verderio Bianco [1] &nbsp; O t\u00edtulo deste ensaio faz alus\u00e3o ao incidente que impossibilitou o presidente da Rep\u00fablica Jair Bolsonaro (sem partido), ent\u00e3o candidato ao cargo pelo Partido Social Liberal (PSL), de participar dos debates das elei\u00e7\u00f5es presidenciais de 2018. No dia 06 de setembro daquele ano, \u00e0s v\u00e9speras do 196\u00ba anivers\u00e1rio [&hellip;]<\/p>\n","protected":false},"author":33,"featured_media":3351,"comment_status":"closed","ping_status":"closed","sticky":false,"template":"","format":"standard","meta":{"_monsterinsights_skip_tracking":false,"_monsterinsights_sitenote_active":false,"_monsterinsights_sitenote_note":"","_monsterinsights_sitenote_category":0,"footnotes":""},"categories":[13],"tags":[517,499,508,575,167,578,554,576,173,577,574,500,579],"yoast_head":"<!-- This site is optimized with the Yoast SEO plugin v22.2 - https:\/\/yoast.com\/wordpress\/plugins\/seo\/ -->\n<title>A \u2018facada\u2019 de Donald Trump e as estrat\u00e9gias do populismo de extrema direita - Comunica\u00e7\u00e3o Eleitoral<\/title>\n<meta name=\"description\" content=\"Grupo de pesquisa ligado \u00e0 linha de Comunica\u00e7\u00e3o, Pol\u00edtica e Atores Coletivos do Programa de P\u00f3s-gradua\u00e7\u00e3o em Comunica\u00e7\u00e3o da Universidade Federal do Paran\u00e1 (UFPR)\" \/>\n<meta name=\"robots\" content=\"index, follow, max-snippet:-1, max-image-preview:large, max-video-preview:-1\" \/>\n<link rel=\"canonical\" href=\"https:\/\/comunicacaoeleitoral.ufpr.br\/index.php\/2020\/10\/15\/a-facada-de-donald-trump-e-as-estrategias-do-populismo-de-extrema-direita\/\" \/>\n<meta property=\"og:locale\" content=\"pt_BR\" \/>\n<meta property=\"og:type\" content=\"article\" \/>\n<meta property=\"og:title\" content=\"A \u2018facada\u2019 de Donald Trump e as estrat\u00e9gias do populismo de extrema direita - Comunica\u00e7\u00e3o Eleitoral\" \/>\n<meta property=\"og:description\" content=\"Grupo de pesquisa ligado \u00e0 linha de Comunica\u00e7\u00e3o, Pol\u00edtica e Atores Coletivos do Programa de P\u00f3s-gradua\u00e7\u00e3o em Comunica\u00e7\u00e3o da Universidade Federal do Paran\u00e1 (UFPR)\" \/>\n<meta property=\"og:url\" content=\"https:\/\/comunicacaoeleitoral.ufpr.br\/index.php\/2020\/10\/15\/a-facada-de-donald-trump-e-as-estrategias-do-populismo-de-extrema-direita\/\" \/>\n<meta property=\"og:site_name\" content=\"Comunica\u00e7\u00e3o Eleitoral\" \/>\n<meta property=\"article:publisher\" content=\"https:\/\/www.facebook.com\/Comunica%c3%a7%c3%a3o-Eleitoral-564214587069724\/\" \/>\n<meta property=\"article:published_time\" content=\"2020-10-15T19:13:21+00:00\" \/>\n<meta property=\"og:image\" content=\"https:\/\/comunicacaoeleitoral.ufpr.br\/wp-content\/uploads\/2020\/10\/NYTimes.jpg\" \/>\n\t<meta property=\"og:image:width\" content=\"2048\" \/>\n\t<meta property=\"og:image:height\" content=\"1370\" \/>\n\t<meta property=\"og:image:type\" content=\"image\/jpeg\" \/>\n<meta name=\"author\" content=\"Mateus Cunha\" \/>\n<meta name=\"twitter:card\" content=\"summary_large_image\" \/>\n<meta name=\"twitter:label1\" content=\"Escrito por\" \/>\n\t<meta name=\"twitter:data1\" content=\"Mateus Cunha\" \/>\n\t<meta name=\"twitter:label2\" content=\"Est. tempo de leitura\" \/>\n\t<meta name=\"twitter:data2\" content=\"10 minutos\" \/>\n<script type=\"application\/ld+json\" class=\"yoast-schema-graph\">{\"@context\":\"https:\/\/schema.org\",\"@graph\":[{\"@type\":\"Article\",\"@id\":\"https:\/\/comunicacaoeleitoral.ufpr.br\/index.php\/2020\/10\/15\/a-facada-de-donald-trump-e-as-estrategias-do-populismo-de-extrema-direita\/#article\",\"isPartOf\":{\"@id\":\"https:\/\/comunicacaoeleitoral.ufpr.br\/index.php\/2020\/10\/15\/a-facada-de-donald-trump-e-as-estrategias-do-populismo-de-extrema-direita\/\"},\"author\":{\"name\":\"Mateus Cunha\",\"@id\":\"https:\/\/comunicacaoeleitoral.ufpr.br\/#\/schema\/person\/8294abbba3881d9f6d4e83cc75c5fcac\"},\"headline\":\"A \u2018facada\u2019 de Donald Trump e as estrat\u00e9gias do populismo de extrema direita\",\"datePublished\":\"2020-10-15T19:13:21+00:00\",\"dateModified\":\"2020-10-15T19:13:21+00:00\",\"mainEntityOfPage\":{\"@id\":\"https:\/\/comunicacaoeleitoral.ufpr.br\/index.php\/2020\/10\/15\/a-facada-de-donald-trump-e-as-estrategias-do-populismo-de-extrema-direita\/\"},\"wordCount\":2021,\"publisher\":{\"@id\":\"https:\/\/comunicacaoeleitoral.ufpr.br\/#organization\"},\"image\":{\"@id\":\"https:\/\/comunicacaoeleitoral.ufpr.br\/index.php\/2020\/10\/15\/a-facada-de-donald-trump-e-as-estrategias-do-populismo-de-extrema-direita\/#primaryimage\"},\"thumbnailUrl\":\"https:\/\/comunicacaoeleitoral.ufpr.br\/wp-content\/uploads\/2020\/10\/NYTimes.jpg\",\"keywords\":[\"bolsonaro\",\"coronav\u00edrus\",\"COVID 19\",\"debates\",\"donald trump\",\"elei\u00e7\u00f5es presidenciais\",\"espet\u00e1culo\",\"estrat\u00e9gia\",\"EUA\",\"extrema direita\",\"facada\",\"populismo\",\"reality show\"],\"articleSection\":[\"Ensaios\"],\"inLanguage\":\"pt-BR\"},{\"@type\":\"WebPage\",\"@id\":\"https:\/\/comunicacaoeleitoral.ufpr.br\/index.php\/2020\/10\/15\/a-facada-de-donald-trump-e-as-estrategias-do-populismo-de-extrema-direita\/\",\"url\":\"https:\/\/comunicacaoeleitoral.ufpr.br\/index.php\/2020\/10\/15\/a-facada-de-donald-trump-e-as-estrategias-do-populismo-de-extrema-direita\/\",\"name\":\"A \u2018facada\u2019 de Donald Trump e as estrat\u00e9gias do populismo de extrema direita - Comunica\u00e7\u00e3o Eleitoral\",\"isPartOf\":{\"@id\":\"https:\/\/comunicacaoeleitoral.ufpr.br\/#website\"},\"primaryImageOfPage\":{\"@id\":\"https:\/\/comunicacaoeleitoral.ufpr.br\/index.php\/2020\/10\/15\/a-facada-de-donald-trump-e-as-estrategias-do-populismo-de-extrema-direita\/#primaryimage\"},\"image\":{\"@id\":\"https:\/\/comunicacaoeleitoral.ufpr.br\/index.php\/2020\/10\/15\/a-facada-de-donald-trump-e-as-estrategias-do-populismo-de-extrema-direita\/#primaryimage\"},\"thumbnailUrl\":\"https:\/\/comunicacaoeleitoral.ufpr.br\/wp-content\/uploads\/2020\/10\/NYTimes.jpg\",\"datePublished\":\"2020-10-15T19:13:21+00:00\",\"dateModified\":\"2020-10-15T19:13:21+00:00\",\"description\":\"Grupo de pesquisa ligado \u00e0 linha de Comunica\u00e7\u00e3o, Pol\u00edtica e Atores Coletivos do Programa de P\u00f3s-gradua\u00e7\u00e3o em Comunica\u00e7\u00e3o da Universidade Federal do Paran\u00e1 (UFPR)\",\"breadcrumb\":{\"@id\":\"https:\/\/comunicacaoeleitoral.ufpr.br\/index.php\/2020\/10\/15\/a-facada-de-donald-trump-e-as-estrategias-do-populismo-de-extrema-direita\/#breadcrumb\"},\"inLanguage\":\"pt-BR\",\"potentialAction\":[{\"@type\":\"ReadAction\",\"target\":[\"https:\/\/comunicacaoeleitoral.ufpr.br\/index.php\/2020\/10\/15\/a-facada-de-donald-trump-e-as-estrategias-do-populismo-de-extrema-direita\/\"]}]},{\"@type\":\"ImageObject\",\"inLanguage\":\"pt-BR\",\"@id\":\"https:\/\/comunicacaoeleitoral.ufpr.br\/index.php\/2020\/10\/15\/a-facada-de-donald-trump-e-as-estrategias-do-populismo-de-extrema-direita\/#primaryimage\",\"url\":\"https:\/\/comunicacaoeleitoral.ufpr.br\/wp-content\/uploads\/2020\/10\/NYTimes.jpg\",\"contentUrl\":\"https:\/\/comunicacaoeleitoral.ufpr.br\/wp-content\/uploads\/2020\/10\/NYTimes.jpg\",\"width\":2048,\"height\":1370},{\"@type\":\"BreadcrumbList\",\"@id\":\"https:\/\/comunicacaoeleitoral.ufpr.br\/index.php\/2020\/10\/15\/a-facada-de-donald-trump-e-as-estrategias-do-populismo-de-extrema-direita\/#breadcrumb\",\"itemListElement\":[{\"@type\":\"ListItem\",\"position\":1,\"name\":\"In\u00edcio\",\"item\":\"https:\/\/comunicacaoeleitoral.ufpr.br\/\"},{\"@type\":\"ListItem\",\"position\":2,\"name\":\"A \u2018facada\u2019 de Donald Trump e as estrat\u00e9gias do populismo de extrema direita\"}]},{\"@type\":\"WebSite\",\"@id\":\"https:\/\/comunicacaoeleitoral.ufpr.br\/#website\",\"url\":\"https:\/\/comunicacaoeleitoral.ufpr.br\/\",\"name\":\"Comunica\u00e7\u00e3o Eleitoral\",\"description\":\"Grupo de pesquisa ligado \u00e0 linha de Comunica\u00e7\u00e3o e Pol\u00edtica do Programa de P\u00f3s-gradua\u00e7\u00e3o em Comunica\u00e7\u00e3o da Universidade Federal do Paran\u00e1.\",\"publisher\":{\"@id\":\"https:\/\/comunicacaoeleitoral.ufpr.br\/#organization\"},\"potentialAction\":[{\"@type\":\"SearchAction\",\"target\":{\"@type\":\"EntryPoint\",\"urlTemplate\":\"https:\/\/comunicacaoeleitoral.ufpr.br\/?s={search_term_string}\"},\"query-input\":\"required name=search_term_string\"}],\"inLanguage\":\"pt-BR\"},{\"@type\":\"Organization\",\"@id\":\"https:\/\/comunicacaoeleitoral.ufpr.br\/#organization\",\"name\":\"Comunica\u00e7\u00e3o Eleitoral\",\"url\":\"https:\/\/comunicacaoeleitoral.ufpr.br\/\",\"logo\":{\"@type\":\"ImageObject\",\"inLanguage\":\"pt-BR\",\"@id\":\"https:\/\/comunicacaoeleitoral.ufpr.br\/#\/schema\/logo\/image\/\",\"url\":\"https:\/\/comunicacaoeleitoral.ufpr.br\/wp-content\/uploads\/2015\/05\/header2c_celtalks.png\",\"contentUrl\":\"https:\/\/comunicacaoeleitoral.ufpr.br\/wp-content\/uploads\/2015\/05\/header2c_celtalks.png\",\"width\":1800,\"height\":674,\"caption\":\"Comunica\u00e7\u00e3o Eleitoral\"},\"image\":{\"@id\":\"https:\/\/comunicacaoeleitoral.ufpr.br\/#\/schema\/logo\/image\/\"},\"sameAs\":[\"https:\/\/www.facebook.com\/Comunica\u00e7\u00e3o-Eleitoral-564214587069724\/\",\"https:\/\/www.instagram.com\/comunicacaoeleitoral\/\",\"https:\/\/www.youtube.com\/ocanalpanke\"]},{\"@type\":\"Person\",\"@id\":\"https:\/\/comunicacaoeleitoral.ufpr.br\/#\/schema\/person\/8294abbba3881d9f6d4e83cc75c5fcac\",\"name\":\"Mateus Cunha\",\"image\":{\"@type\":\"ImageObject\",\"inLanguage\":\"pt-BR\",\"@id\":\"https:\/\/comunicacaoeleitoral.ufpr.br\/#\/schema\/person\/image\/\",\"url\":\"https:\/\/secure.gravatar.com\/avatar\/4f64c9f81bb0d4ee969aaf7b4a5a6f40?s=96&d=mm&r=g\",\"contentUrl\":\"https:\/\/secure.gravatar.com\/avatar\/4f64c9f81bb0d4ee969aaf7b4a5a6f40?s=96&d=mm&r=g\",\"caption\":\"Mateus Cunha\"},\"url\":\"https:\/\/comunicacaoeleitoral.ufpr.br\/index.php\/author\/mateus_cunha\/\"}]}<\/script>\n<!-- \/ Yoast SEO plugin. -->","yoast_head_json":{"title":"A \u2018facada\u2019 de Donald Trump e as estrat\u00e9gias do populismo de extrema direita - Comunica\u00e7\u00e3o Eleitoral","description":"Grupo de pesquisa ligado \u00e0 linha de Comunica\u00e7\u00e3o, Pol\u00edtica e Atores Coletivos do Programa de P\u00f3s-gradua\u00e7\u00e3o em Comunica\u00e7\u00e3o da Universidade Federal do Paran\u00e1 (UFPR)","robots":{"index":"index","follow":"follow","max-snippet":"max-snippet:-1","max-image-preview":"max-image-preview:large","max-video-preview":"max-video-preview:-1"},"canonical":"https:\/\/comunicacaoeleitoral.ufpr.br\/index.php\/2020\/10\/15\/a-facada-de-donald-trump-e-as-estrategias-do-populismo-de-extrema-direita\/","og_locale":"pt_BR","og_type":"article","og_title":"A \u2018facada\u2019 de Donald Trump e as estrat\u00e9gias do populismo de extrema direita - Comunica\u00e7\u00e3o Eleitoral","og_description":"Grupo de pesquisa ligado \u00e0 linha de Comunica\u00e7\u00e3o, Pol\u00edtica e Atores Coletivos do Programa de P\u00f3s-gradua\u00e7\u00e3o em Comunica\u00e7\u00e3o da Universidade Federal do Paran\u00e1 (UFPR)","og_url":"https:\/\/comunicacaoeleitoral.ufpr.br\/index.php\/2020\/10\/15\/a-facada-de-donald-trump-e-as-estrategias-do-populismo-de-extrema-direita\/","og_site_name":"Comunica\u00e7\u00e3o Eleitoral","article_publisher":"https:\/\/www.facebook.com\/Comunica%c3%a7%c3%a3o-Eleitoral-564214587069724\/","article_published_time":"2020-10-15T19:13:21+00:00","og_image":[{"width":2048,"height":1370,"url":"https:\/\/comunicacaoeleitoral.ufpr.br\/wp-content\/uploads\/2020\/10\/NYTimes.jpg","type":"image\/jpeg"}],"author":"Mateus Cunha","twitter_card":"summary_large_image","twitter_misc":{"Escrito por":"Mateus Cunha","Est. tempo de leitura":"10 minutos"},"schema":{"@context":"https:\/\/schema.org","@graph":[{"@type":"Article","@id":"https:\/\/comunicacaoeleitoral.ufpr.br\/index.php\/2020\/10\/15\/a-facada-de-donald-trump-e-as-estrategias-do-populismo-de-extrema-direita\/#article","isPartOf":{"@id":"https:\/\/comunicacaoeleitoral.ufpr.br\/index.php\/2020\/10\/15\/a-facada-de-donald-trump-e-as-estrategias-do-populismo-de-extrema-direita\/"},"author":{"name":"Mateus Cunha","@id":"https:\/\/comunicacaoeleitoral.ufpr.br\/#\/schema\/person\/8294abbba3881d9f6d4e83cc75c5fcac"},"headline":"A \u2018facada\u2019 de Donald Trump e as estrat\u00e9gias do populismo de extrema direita","datePublished":"2020-10-15T19:13:21+00:00","dateModified":"2020-10-15T19:13:21+00:00","mainEntityOfPage":{"@id":"https:\/\/comunicacaoeleitoral.ufpr.br\/index.php\/2020\/10\/15\/a-facada-de-donald-trump-e-as-estrategias-do-populismo-de-extrema-direita\/"},"wordCount":2021,"publisher":{"@id":"https:\/\/comunicacaoeleitoral.ufpr.br\/#organization"},"image":{"@id":"https:\/\/comunicacaoeleitoral.ufpr.br\/index.php\/2020\/10\/15\/a-facada-de-donald-trump-e-as-estrategias-do-populismo-de-extrema-direita\/#primaryimage"},"thumbnailUrl":"https:\/\/comunicacaoeleitoral.ufpr.br\/wp-content\/uploads\/2020\/10\/NYTimes.jpg","keywords":["bolsonaro","coronav\u00edrus","COVID 19","debates","donald trump","elei\u00e7\u00f5es presidenciais","espet\u00e1culo","estrat\u00e9gia","EUA","extrema direita","facada","populismo","reality show"],"articleSection":["Ensaios"],"inLanguage":"pt-BR"},{"@type":"WebPage","@id":"https:\/\/comunicacaoeleitoral.ufpr.br\/index.php\/2020\/10\/15\/a-facada-de-donald-trump-e-as-estrategias-do-populismo-de-extrema-direita\/","url":"https:\/\/comunicacaoeleitoral.ufpr.br\/index.php\/2020\/10\/15\/a-facada-de-donald-trump-e-as-estrategias-do-populismo-de-extrema-direita\/","name":"A \u2018facada\u2019 de Donald Trump e as estrat\u00e9gias do populismo de extrema direita - Comunica\u00e7\u00e3o Eleitoral","isPartOf":{"@id":"https:\/\/comunicacaoeleitoral.ufpr.br\/#website"},"primaryImageOfPage":{"@id":"https:\/\/comunicacaoeleitoral.ufpr.br\/index.php\/2020\/10\/15\/a-facada-de-donald-trump-e-as-estrategias-do-populismo-de-extrema-direita\/#primaryimage"},"image":{"@id":"https:\/\/comunicacaoeleitoral.ufpr.br\/index.php\/2020\/10\/15\/a-facada-de-donald-trump-e-as-estrategias-do-populismo-de-extrema-direita\/#primaryimage"},"thumbnailUrl":"https:\/\/comunicacaoeleitoral.ufpr.br\/wp-content\/uploads\/2020\/10\/NYTimes.jpg","datePublished":"2020-10-15T19:13:21+00:00","dateModified":"2020-10-15T19:13:21+00:00","description":"Grupo de pesquisa ligado \u00e0 linha de Comunica\u00e7\u00e3o, Pol\u00edtica e Atores Coletivos do Programa de P\u00f3s-gradua\u00e7\u00e3o em Comunica\u00e7\u00e3o da Universidade Federal do Paran\u00e1 (UFPR)","breadcrumb":{"@id":"https:\/\/comunicacaoeleitoral.ufpr.br\/index.php\/2020\/10\/15\/a-facada-de-donald-trump-e-as-estrategias-do-populismo-de-extrema-direita\/#breadcrumb"},"inLanguage":"pt-BR","potentialAction":[{"@type":"ReadAction","target":["https:\/\/comunicacaoeleitoral.ufpr.br\/index.php\/2020\/10\/15\/a-facada-de-donald-trump-e-as-estrategias-do-populismo-de-extrema-direita\/"]}]},{"@type":"ImageObject","inLanguage":"pt-BR","@id":"https:\/\/comunicacaoeleitoral.ufpr.br\/index.php\/2020\/10\/15\/a-facada-de-donald-trump-e-as-estrategias-do-populismo-de-extrema-direita\/#primaryimage","url":"https:\/\/comunicacaoeleitoral.ufpr.br\/wp-content\/uploads\/2020\/10\/NYTimes.jpg","contentUrl":"https:\/\/comunicacaoeleitoral.ufpr.br\/wp-content\/uploads\/2020\/10\/NYTimes.jpg","width":2048,"height":1370},{"@type":"BreadcrumbList","@id":"https:\/\/comunicacaoeleitoral.ufpr.br\/index.php\/2020\/10\/15\/a-facada-de-donald-trump-e-as-estrategias-do-populismo-de-extrema-direita\/#breadcrumb","itemListElement":[{"@type":"ListItem","position":1,"name":"In\u00edcio","item":"https:\/\/comunicacaoeleitoral.ufpr.br\/"},{"@type":"ListItem","position":2,"name":"A \u2018facada\u2019 de Donald Trump e as estrat\u00e9gias do populismo de extrema direita"}]},{"@type":"WebSite","@id":"https:\/\/comunicacaoeleitoral.ufpr.br\/#website","url":"https:\/\/comunicacaoeleitoral.ufpr.br\/","name":"Comunica\u00e7\u00e3o Eleitoral","description":"Grupo de pesquisa ligado \u00e0 linha de Comunica\u00e7\u00e3o e Pol\u00edtica do Programa de P\u00f3s-gradua\u00e7\u00e3o em Comunica\u00e7\u00e3o da Universidade Federal do Paran\u00e1.","publisher":{"@id":"https:\/\/comunicacaoeleitoral.ufpr.br\/#organization"},"potentialAction":[{"@type":"SearchAction","target":{"@type":"EntryPoint","urlTemplate":"https:\/\/comunicacaoeleitoral.ufpr.br\/?s={search_term_string}"},"query-input":"required name=search_term_string"}],"inLanguage":"pt-BR"},{"@type":"Organization","@id":"https:\/\/comunicacaoeleitoral.ufpr.br\/#organization","name":"Comunica\u00e7\u00e3o Eleitoral","url":"https:\/\/comunicacaoeleitoral.ufpr.br\/","logo":{"@type":"ImageObject","inLanguage":"pt-BR","@id":"https:\/\/comunicacaoeleitoral.ufpr.br\/#\/schema\/logo\/image\/","url":"https:\/\/comunicacaoeleitoral.ufpr.br\/wp-content\/uploads\/2015\/05\/header2c_celtalks.png","contentUrl":"https:\/\/comunicacaoeleitoral.ufpr.br\/wp-content\/uploads\/2015\/05\/header2c_celtalks.png","width":1800,"height":674,"caption":"Comunica\u00e7\u00e3o Eleitoral"},"image":{"@id":"https:\/\/comunicacaoeleitoral.ufpr.br\/#\/schema\/logo\/image\/"},"sameAs":["https:\/\/www.facebook.com\/Comunica\u00e7\u00e3o-Eleitoral-564214587069724\/","https:\/\/www.instagram.com\/comunicacaoeleitoral\/","https:\/\/www.youtube.com\/ocanalpanke"]},{"@type":"Person","@id":"https:\/\/comunicacaoeleitoral.ufpr.br\/#\/schema\/person\/8294abbba3881d9f6d4e83cc75c5fcac","name":"Mateus Cunha","image":{"@type":"ImageObject","inLanguage":"pt-BR","@id":"https:\/\/comunicacaoeleitoral.ufpr.br\/#\/schema\/person\/image\/","url":"https:\/\/secure.gravatar.com\/avatar\/4f64c9f81bb0d4ee969aaf7b4a5a6f40?s=96&d=mm&r=g","contentUrl":"https:\/\/secure.gravatar.com\/avatar\/4f64c9f81bb0d4ee969aaf7b4a5a6f40?s=96&d=mm&r=g","caption":"Mateus Cunha"},"url":"https:\/\/comunicacaoeleitoral.ufpr.br\/index.php\/author\/mateus_cunha\/"}]}},"_links":{"self":[{"href":"https:\/\/comunicacaoeleitoral.ufpr.br\/index.php\/wp-json\/wp\/v2\/posts\/3348"}],"collection":[{"href":"https:\/\/comunicacaoeleitoral.ufpr.br\/index.php\/wp-json\/wp\/v2\/posts"}],"about":[{"href":"https:\/\/comunicacaoeleitoral.ufpr.br\/index.php\/wp-json\/wp\/v2\/types\/post"}],"author":[{"embeddable":true,"href":"https:\/\/comunicacaoeleitoral.ufpr.br\/index.php\/wp-json\/wp\/v2\/users\/33"}],"replies":[{"embeddable":true,"href":"https:\/\/comunicacaoeleitoral.ufpr.br\/index.php\/wp-json\/wp\/v2\/comments?post=3348"}],"version-history":[{"count":1,"href":"https:\/\/comunicacaoeleitoral.ufpr.br\/index.php\/wp-json\/wp\/v2\/posts\/3348\/revisions"}],"predecessor-version":[{"id":3350,"href":"https:\/\/comunicacaoeleitoral.ufpr.br\/index.php\/wp-json\/wp\/v2\/posts\/3348\/revisions\/3350"}],"wp:featuredmedia":[{"embeddable":true,"href":"https:\/\/comunicacaoeleitoral.ufpr.br\/index.php\/wp-json\/wp\/v2\/media\/3351"}],"wp:attachment":[{"href":"https:\/\/comunicacaoeleitoral.ufpr.br\/index.php\/wp-json\/wp\/v2\/media?parent=3348"}],"wp:term":[{"taxonomy":"category","embeddable":true,"href":"https:\/\/comunicacaoeleitoral.ufpr.br\/index.php\/wp-json\/wp\/v2\/categories?post=3348"},{"taxonomy":"post_tag","embeddable":true,"href":"https:\/\/comunicacaoeleitoral.ufpr.br\/index.php\/wp-json\/wp\/v2\/tags?post=3348"}],"curies":[{"name":"wp","href":"https:\/\/api.w.org\/{rel}","templated":true}]}}