{"id":2962,"date":"2020-06-25T18:30:14","date_gmt":"2020-06-25T18:30:14","guid":{"rendered":"https:\/\/comunicacaoeleitoral.ufpr.br\/?p=2962"},"modified":"2020-06-28T12:05:03","modified_gmt":"2020-06-28T12:05:03","slug":"novos-pesquisadores-se-unem-a-equipe-do-cel","status":"publish","type":"post","link":"https:\/\/comunicacaoeleitoral.ufpr.br\/index.php\/2020\/06\/25\/novos-pesquisadores-se-unem-a-equipe-do-cel\/","title":{"rendered":"Novos pesquisadores se unem \u00e0 equipe do CEL"},"content":{"rendered":"<p>A l\u00edder do Grupo de Comunica\u00e7\u00e3o Eleitoral da UFPR (CEL), prof.\u00aa Dra. Luciana Panke, anunciou a entrada de uma nova pesquisadora na equipe, segundo comunicado oficial divulgado nesta ter\u00e7a-feira (23) em um grupo privado de uma rede social.<\/p>\n<p>A nova integrante \u00e9 a Prof\u00aa Dra. Ana Cl\u00e1udia Santano, mestre e doutora em Ci\u00eancias Jur\u00eddicas e Pol\u00edticas pela Universidad de Salamanca, na Espanha, e graduada em Direito pela Universidade Positivo.<\/p>\n<div id=\"attachment_2963\" style=\"width: 296px\" class=\"wp-caption alignleft\"><a href=\"https:\/\/comunicacaoeleitoral.ufpr.br\/wp-content\/uploads\/2020\/06\/WhatsApp-Image-2020-06-25-at-15.04.01.jpeg\"><img loading=\"lazy\" decoding=\"async\" aria-describedby=\"caption-attachment-2963\" class=\" wp-image-2963\" src=\"https:\/\/comunicacaoeleitoral.ufpr.br\/wp-content\/uploads\/2020\/06\/WhatsApp-Image-2020-06-25-at-15.04.01-300x250.jpeg\" alt=\"Prof\u00aa Dra. Ana Cl\u00e1udia Santeno. Autora de diversas obras, palestrante e observadora eleitoral internacional em distintos pa\u00edses, como EUA, El Salvador e Col\u00f4mbia. Cr\u00e9ditos da foto: Transpar\u00eancia Eleitoral Brasil\/Fotos P\u00fablicas\" width=\"286\" height=\"238\" srcset=\"https:\/\/comunicacaoeleitoral.ufpr.br\/wp-content\/uploads\/2020\/06\/WhatsApp-Image-2020-06-25-at-15.04.01-300x250.jpeg 300w, https:\/\/comunicacaoeleitoral.ufpr.br\/wp-content\/uploads\/2020\/06\/WhatsApp-Image-2020-06-25-at-15.04.01.jpeg 720w\" sizes=\"(max-width: 286px) 100vw, 286px\" \/><\/a><p id=\"caption-attachment-2963\" class=\"wp-caption-text\">Prof\u00aa Dra. Ana Cl\u00e1udia Santeno. Autora de diversas obras, a pesquisadora \u00e9 palestrante e observadora eleitoral internacional em distintos pa\u00edses, como EUA, El Salvador e Col\u00f4mbia.<br \/>Cr\u00e9ditos da foto: Transpar\u00eancia Eleitoral Brasil\/Fotos P\u00fablicas<\/p><\/div>\n<p>Com vasta atua\u00e7\u00e3o na \u00e1rea de pesquisa dos direitos p\u00fablicos e eleitorais, Ana Cl\u00e1udia Santano atualmente \u00e9 professora titular do Programa de P\u00f3s-Gradua\u00e7\u00e3o do Mestrado e Doutorado em Direitos Fundamentais e Democracia do Centro Universit\u00e1rio Aut\u00f4nomo do Brasil (UniBrasil). Al\u00e9m da atua\u00e7\u00e3o acad\u00eamica, a pesquisadora tamb\u00e9m ocupa o cargo de Coordenadora Geral para o Brasil da Organiza\u00e7\u00e3o Internacional da Transpar\u00eancia Eleitoral, uma organiza\u00e7\u00e3o sem fins lucrativos que &#8220;tem como princ\u00edpio fundamental o desenvolvimento da democracia e de pr\u00e1ticas democr\u00e1ticas nas institui\u00e7\u00f5es e na sociedade civil&#8221;, como define a pr\u00f3pria ong em seu site oficial*.<\/p>\n<p>Segundo Luciana Panke, a chegada de uma pesquisadora da \u00e1rea do Direito \u00e9 de grande import\u00e2ncia para a equipe no debate do atual cen\u00e1rio pol\u00edtico brasileiro, que enfrenta incertezas quanto ao adiamento ou n\u00e3o das elei\u00e7\u00f5es municipais devido \u00e0 pandemia do coronav\u00edrus. &#8220;A Ana terminou h\u00e1 pouco tempo o p\u00f3s-doutorado [em Direito P\u00fablico Econ\u00f4mico e Direito Constitucional] e vamos querer escutar suas experi\u00eancias. Hoje temos a vota\u00e7\u00e3o sobre a data das elei\u00e7\u00f5es municipais e \u00e9 mais do que providencial termos uma pesquisadora deste calibre no nosso grupo&#8221;, escreveu Panke no comunicado.<\/p>\n<p>Quando questionada sobre quais as suas expectativas em rela\u00e7\u00e3o ao grupo de pesquisa em Comunica\u00e7\u00e3o Eleitoral, Ana Cl\u00e1udia ressaltou a import\u00e2ncia da comunica\u00e7\u00e3o pol\u00edtica no cotidiano do pa\u00eds. &#8220;Nesse momento, em que estamos descobrindo novas formas de campanha eleitoral, de engajamento [p\u00fablico], de transmiss\u00e3o de mensagens por redes digitais, a comunica\u00e7\u00e3o pol\u00edtica tem o protagonismo no que podemos chamar de revolu\u00e7\u00e3o digital. [&#8230;] O grupo de pesquisa me ajudar\u00e1 a dialogar com essa \u00e1rea do conhecimento e poder\u00e1 complementar distintos trabalhos que iremos desenvolver juntos&#8221;, disse a pesquisadora.<\/p>\n<p>Recentemente, outros dois colaboradores tamb\u00e9m se juntaram ao grupo: o prof.\u00ba S\u00e9rgio Trein, mestre e doutor em Comunica\u00e7\u00e3o Sociopol\u00edtica pela PUC-RS e doutorando em Comunica\u00e7\u00e3o pelo ECA\/USP, autor do livro &#8220;Comunica\u00e7\u00e3o Pol\u00edtica no Espa\u00e7o Urbano&#8221; e atual Coordenador do curso de Publicidade e Propaganda da UNISINOS, e a prof.\u00aa Vivian Lemos, mestra em Direitos Humanos e Pol\u00edticas P\u00fablicas pela PUC-PR, especialista em Comunica\u00e7\u00e3o Online e Marketing Digital, com extensa experi\u00eancia profissional em Comunica\u00e7\u00e3o Corporativa e produ\u00e7\u00e3o de conte\u00fado jornal\u00edstico.<\/p>\n<p>O crescimento do grupo de pesquisa com a chegada de novos pesquisadores e profissionais das Ci\u00eancias Humanas e Sociais Aplicadas representa um expressivo acr\u00e9scimo para o entendimento dos processos e produtos do campo pol\u00edtico-eleitoral.<\/p>\n<p>&nbsp;<\/p>\n<p>*https:\/\/transparenciaeleitoral.com.br\/<\/p>\n","protected":false},"excerpt":{"rendered":"<p>A l\u00edder do Grupo de Comunica\u00e7\u00e3o Eleitoral da UFPR (CEL), prof.\u00aa Dra. Luciana Panke, anunciou a entrada de uma nova pesquisadora na equipe, segundo comunicado oficial divulgado nesta ter\u00e7a-feira (23) em um grupo privado de uma rede social. A nova integrante \u00e9 a Prof\u00aa Dra. Ana Cl\u00e1udia Santano, mestre e doutora em Ci\u00eancias Jur\u00eddicas e [&hellip;]<\/p>\n","protected":false},"author":5,"featured_media":2963,"comment_status":"closed","ping_status":"closed","sticky":false,"template":"","format":"standard","meta":{"_monsterinsights_skip_tracking":false,"_monsterinsights_sitenote_active":false,"_monsterinsights_sitenote_note":"","_monsterinsights_sitenote_category":0,"footnotes":""},"categories":[68],"tags":[],"yoast_head":"<!-- This site is optimized with the Yoast SEO plugin v22.2 - https:\/\/yoast.com\/wordpress\/plugins\/seo\/ -->\n<title>Novos pesquisadores se unem \u00e0 equipe do CEL - Comunica\u00e7\u00e3o Eleitoral<\/title>\n<meta name=\"description\" content=\"Grupo de pesquisa ligado \u00e0 linha de Comunica\u00e7\u00e3o, Pol\u00edtica e Atores Coletivos do Programa de P\u00f3s-gradua\u00e7\u00e3o em Comunica\u00e7\u00e3o da Universidade Federal do Paran\u00e1 (UFPR)\" \/>\n<meta name=\"robots\" content=\"index, follow, max-snippet:-1, max-image-preview:large, max-video-preview:-1\" \/>\n<link rel=\"canonical\" href=\"https:\/\/comunicacaoeleitoral.ufpr.br\/index.php\/2020\/06\/25\/novos-pesquisadores-se-unem-a-equipe-do-cel\/\" \/>\n<meta property=\"og:locale\" content=\"pt_BR\" \/>\n<meta property=\"og:type\" content=\"article\" \/>\n<meta property=\"og:title\" content=\"Novos pesquisadores se unem \u00e0 equipe do CEL - Comunica\u00e7\u00e3o Eleitoral\" \/>\n<meta property=\"og:description\" content=\"Grupo de pesquisa ligado \u00e0 linha de Comunica\u00e7\u00e3o, Pol\u00edtica e Atores Coletivos do Programa de P\u00f3s-gradua\u00e7\u00e3o em Comunica\u00e7\u00e3o da Universidade Federal do Paran\u00e1 (UFPR)\" \/>\n<meta property=\"og:url\" content=\"https:\/\/comunicacaoeleitoral.ufpr.br\/index.php\/2020\/06\/25\/novos-pesquisadores-se-unem-a-equipe-do-cel\/\" \/>\n<meta property=\"og:site_name\" content=\"Comunica\u00e7\u00e3o Eleitoral\" \/>\n<meta property=\"article:publisher\" content=\"https:\/\/www.facebook.com\/Comunica%c3%a7%c3%a3o-Eleitoral-564214587069724\/\" \/>\n<meta property=\"article:published_time\" content=\"2020-06-25T18:30:14+00:00\" \/>\n<meta property=\"article:modified_time\" content=\"2020-06-28T12:05:03+00:00\" \/>\n<meta property=\"og:image\" content=\"https:\/\/comunicacaoeleitoral.ufpr.br\/wp-content\/uploads\/2020\/06\/WhatsApp-Image-2020-06-25-at-15.04.01.jpeg\" \/>\n\t<meta property=\"og:image:width\" content=\"720\" \/>\n\t<meta property=\"og:image:height\" content=\"599\" \/>\n\t<meta property=\"og:image:type\" content=\"image\/jpeg\" \/>\n<meta name=\"author\" content=\"Aryovaldo de Castro Azevedo Junior\" \/>\n<meta name=\"twitter:card\" content=\"summary_large_image\" \/>\n<meta name=\"twitter:label1\" content=\"Escrito por\" \/>\n\t<meta name=\"twitter:data1\" content=\"Aryovaldo de Castro Azevedo Junior\" \/>\n\t<meta name=\"twitter:label2\" content=\"Est. tempo de leitura\" \/>\n\t<meta name=\"twitter:data2\" content=\"3 minutos\" \/>\n<script type=\"application\/ld+json\" class=\"yoast-schema-graph\">{\"@context\":\"https:\/\/schema.org\",\"@graph\":[{\"@type\":\"Article\",\"@id\":\"https:\/\/comunicacaoeleitoral.ufpr.br\/index.php\/2020\/06\/25\/novos-pesquisadores-se-unem-a-equipe-do-cel\/#article\",\"isPartOf\":{\"@id\":\"https:\/\/comunicacaoeleitoral.ufpr.br\/index.php\/2020\/06\/25\/novos-pesquisadores-se-unem-a-equipe-do-cel\/\"},\"author\":{\"name\":\"Aryovaldo de Castro Azevedo Junior\",\"@id\":\"https:\/\/comunicacaoeleitoral.ufpr.br\/#\/schema\/person\/9fdaa08362a53ac8d1d2d1f2bfb2a422\"},\"headline\":\"Novos pesquisadores se unem \u00e0 equipe do CEL\",\"datePublished\":\"2020-06-25T18:30:14+00:00\",\"dateModified\":\"2020-06-28T12:05:03+00:00\",\"mainEntityOfPage\":{\"@id\":\"https:\/\/comunicacaoeleitoral.ufpr.br\/index.php\/2020\/06\/25\/novos-pesquisadores-se-unem-a-equipe-do-cel\/\"},\"wordCount\":576,\"publisher\":{\"@id\":\"https:\/\/comunicacaoeleitoral.ufpr.br\/#organization\"},\"image\":{\"@id\":\"https:\/\/comunicacaoeleitoral.ufpr.br\/index.php\/2020\/06\/25\/novos-pesquisadores-se-unem-a-equipe-do-cel\/#primaryimage\"},\"thumbnailUrl\":\"https:\/\/comunicacaoeleitoral.ufpr.br\/wp-content\/uploads\/2020\/06\/WhatsApp-Image-2020-06-25-at-15.04.01.jpeg\",\"articleSection\":[\"Not\u00edcias\"],\"inLanguage\":\"pt-BR\"},{\"@type\":\"WebPage\",\"@id\":\"https:\/\/comunicacaoeleitoral.ufpr.br\/index.php\/2020\/06\/25\/novos-pesquisadores-se-unem-a-equipe-do-cel\/\",\"url\":\"https:\/\/comunicacaoeleitoral.ufpr.br\/index.php\/2020\/06\/25\/novos-pesquisadores-se-unem-a-equipe-do-cel\/\",\"name\":\"Novos pesquisadores se unem \u00e0 equipe do CEL - Comunica\u00e7\u00e3o Eleitoral\",\"isPartOf\":{\"@id\":\"https:\/\/comunicacaoeleitoral.ufpr.br\/#website\"},\"primaryImageOfPage\":{\"@id\":\"https:\/\/comunicacaoeleitoral.ufpr.br\/index.php\/2020\/06\/25\/novos-pesquisadores-se-unem-a-equipe-do-cel\/#primaryimage\"},\"image\":{\"@id\":\"https:\/\/comunicacaoeleitoral.ufpr.br\/index.php\/2020\/06\/25\/novos-pesquisadores-se-unem-a-equipe-do-cel\/#primaryimage\"},\"thumbnailUrl\":\"https:\/\/comunicacaoeleitoral.ufpr.br\/wp-content\/uploads\/2020\/06\/WhatsApp-Image-2020-06-25-at-15.04.01.jpeg\",\"datePublished\":\"2020-06-25T18:30:14+00:00\",\"dateModified\":\"2020-06-28T12:05:03+00:00\",\"description\":\"Grupo de pesquisa ligado \u00e0 linha de Comunica\u00e7\u00e3o, Pol\u00edtica e Atores Coletivos do Programa de P\u00f3s-gradua\u00e7\u00e3o em Comunica\u00e7\u00e3o da Universidade Federal do Paran\u00e1 (UFPR)\",\"breadcrumb\":{\"@id\":\"https:\/\/comunicacaoeleitoral.ufpr.br\/index.php\/2020\/06\/25\/novos-pesquisadores-se-unem-a-equipe-do-cel\/#breadcrumb\"},\"inLanguage\":\"pt-BR\",\"potentialAction\":[{\"@type\":\"ReadAction\",\"target\":[\"https:\/\/comunicacaoeleitoral.ufpr.br\/index.php\/2020\/06\/25\/novos-pesquisadores-se-unem-a-equipe-do-cel\/\"]}]},{\"@type\":\"ImageObject\",\"inLanguage\":\"pt-BR\",\"@id\":\"https:\/\/comunicacaoeleitoral.ufpr.br\/index.php\/2020\/06\/25\/novos-pesquisadores-se-unem-a-equipe-do-cel\/#primaryimage\",\"url\":\"https:\/\/comunicacaoeleitoral.ufpr.br\/wp-content\/uploads\/2020\/06\/WhatsApp-Image-2020-06-25-at-15.04.01.jpeg\",\"contentUrl\":\"https:\/\/comunicacaoeleitoral.ufpr.br\/wp-content\/uploads\/2020\/06\/WhatsApp-Image-2020-06-25-at-15.04.01.jpeg\",\"width\":720,\"height\":599,\"caption\":\"Prof\u00aa Dra. Ana Cl\u00e1udia Santeno. Autora de diversas obras, palestrante e observadora eleitoral internacional em distintos pa\u00edses, como EUA, El Salvador e Col\u00f4mbia. Cr\u00e9ditos da foto: Transpar\u00eancia Eleitoral Brasil\/Fotos P\u00fablicas\"},{\"@type\":\"BreadcrumbList\",\"@id\":\"https:\/\/comunicacaoeleitoral.ufpr.br\/index.php\/2020\/06\/25\/novos-pesquisadores-se-unem-a-equipe-do-cel\/#breadcrumb\",\"itemListElement\":[{\"@type\":\"ListItem\",\"position\":1,\"name\":\"In\u00edcio\",\"item\":\"https:\/\/comunicacaoeleitoral.ufpr.br\/\"},{\"@type\":\"ListItem\",\"position\":2,\"name\":\"Novos pesquisadores se unem \u00e0 equipe do CEL\"}]},{\"@type\":\"WebSite\",\"@id\":\"https:\/\/comunicacaoeleitoral.ufpr.br\/#website\",\"url\":\"https:\/\/comunicacaoeleitoral.ufpr.br\/\",\"name\":\"Comunica\u00e7\u00e3o Eleitoral\",\"description\":\"Grupo de pesquisa ligado \u00e0 linha de Comunica\u00e7\u00e3o e Pol\u00edtica do Programa de P\u00f3s-gradua\u00e7\u00e3o em Comunica\u00e7\u00e3o da Universidade Federal do Paran\u00e1.\",\"publisher\":{\"@id\":\"https:\/\/comunicacaoeleitoral.ufpr.br\/#organization\"},\"potentialAction\":[{\"@type\":\"SearchAction\",\"target\":{\"@type\":\"EntryPoint\",\"urlTemplate\":\"https:\/\/comunicacaoeleitoral.ufpr.br\/?s={search_term_string}\"},\"query-input\":\"required name=search_term_string\"}],\"inLanguage\":\"pt-BR\"},{\"@type\":\"Organization\",\"@id\":\"https:\/\/comunicacaoeleitoral.ufpr.br\/#organization\",\"name\":\"Comunica\u00e7\u00e3o Eleitoral\",\"url\":\"https:\/\/comunicacaoeleitoral.ufpr.br\/\",\"logo\":{\"@type\":\"ImageObject\",\"inLanguage\":\"pt-BR\",\"@id\":\"https:\/\/comunicacaoeleitoral.ufpr.br\/#\/schema\/logo\/image\/\",\"url\":\"https:\/\/comunicacaoeleitoral.ufpr.br\/wp-content\/uploads\/2015\/05\/header2c_celtalks.png\",\"contentUrl\":\"https:\/\/comunicacaoeleitoral.ufpr.br\/wp-content\/uploads\/2015\/05\/header2c_celtalks.png\",\"width\":1800,\"height\":674,\"caption\":\"Comunica\u00e7\u00e3o Eleitoral\"},\"image\":{\"@id\":\"https:\/\/comunicacaoeleitoral.ufpr.br\/#\/schema\/logo\/image\/\"},\"sameAs\":[\"https:\/\/www.facebook.com\/Comunica\u00e7\u00e3o-Eleitoral-564214587069724\/\",\"https:\/\/www.instagram.com\/comunicacaoeleitoral\/\",\"https:\/\/www.youtube.com\/ocanalpanke\"]},{\"@type\":\"Person\",\"@id\":\"https:\/\/comunicacaoeleitoral.ufpr.br\/#\/schema\/person\/9fdaa08362a53ac8d1d2d1f2bfb2a422\",\"name\":\"Aryovaldo de Castro Azevedo Junior\",\"image\":{\"@type\":\"ImageObject\",\"inLanguage\":\"pt-BR\",\"@id\":\"https:\/\/comunicacaoeleitoral.ufpr.br\/#\/schema\/person\/image\/\",\"url\":\"https:\/\/secure.gravatar.com\/avatar\/b3bde3f9e35da7bdd70616b5fb5a1372?s=96&d=mm&r=g\",\"contentUrl\":\"https:\/\/secure.gravatar.com\/avatar\/b3bde3f9e35da7bdd70616b5fb5a1372?s=96&d=mm&r=g\",\"caption\":\"Aryovaldo de Castro Azevedo Junior\"},\"url\":\"https:\/\/comunicacaoeleitoral.ufpr.br\/index.php\/author\/ary-azevedo-jr\/\"}]}<\/script>\n<!-- \/ Yoast SEO plugin. -->","yoast_head_json":{"title":"Novos pesquisadores se unem \u00e0 equipe do CEL - Comunica\u00e7\u00e3o Eleitoral","description":"Grupo de pesquisa ligado \u00e0 linha de Comunica\u00e7\u00e3o, Pol\u00edtica e Atores Coletivos do Programa de P\u00f3s-gradua\u00e7\u00e3o em Comunica\u00e7\u00e3o da Universidade Federal do Paran\u00e1 (UFPR)","robots":{"index":"index","follow":"follow","max-snippet":"max-snippet:-1","max-image-preview":"max-image-preview:large","max-video-preview":"max-video-preview:-1"},"canonical":"https:\/\/comunicacaoeleitoral.ufpr.br\/index.php\/2020\/06\/25\/novos-pesquisadores-se-unem-a-equipe-do-cel\/","og_locale":"pt_BR","og_type":"article","og_title":"Novos pesquisadores se unem \u00e0 equipe do CEL - Comunica\u00e7\u00e3o Eleitoral","og_description":"Grupo de pesquisa ligado \u00e0 linha de Comunica\u00e7\u00e3o, Pol\u00edtica e Atores Coletivos do Programa de P\u00f3s-gradua\u00e7\u00e3o em Comunica\u00e7\u00e3o da Universidade Federal do Paran\u00e1 (UFPR)","og_url":"https:\/\/comunicacaoeleitoral.ufpr.br\/index.php\/2020\/06\/25\/novos-pesquisadores-se-unem-a-equipe-do-cel\/","og_site_name":"Comunica\u00e7\u00e3o Eleitoral","article_publisher":"https:\/\/www.facebook.com\/Comunica%c3%a7%c3%a3o-Eleitoral-564214587069724\/","article_published_time":"2020-06-25T18:30:14+00:00","article_modified_time":"2020-06-28T12:05:03+00:00","og_image":[{"width":720,"height":599,"url":"https:\/\/comunicacaoeleitoral.ufpr.br\/wp-content\/uploads\/2020\/06\/WhatsApp-Image-2020-06-25-at-15.04.01.jpeg","type":"image\/jpeg"}],"author":"Aryovaldo de Castro Azevedo Junior","twitter_card":"summary_large_image","twitter_misc":{"Escrito por":"Aryovaldo de Castro Azevedo Junior","Est. tempo de leitura":"3 minutos"},"schema":{"@context":"https:\/\/schema.org","@graph":[{"@type":"Article","@id":"https:\/\/comunicacaoeleitoral.ufpr.br\/index.php\/2020\/06\/25\/novos-pesquisadores-se-unem-a-equipe-do-cel\/#article","isPartOf":{"@id":"https:\/\/comunicacaoeleitoral.ufpr.br\/index.php\/2020\/06\/25\/novos-pesquisadores-se-unem-a-equipe-do-cel\/"},"author":{"name":"Aryovaldo de Castro Azevedo Junior","@id":"https:\/\/comunicacaoeleitoral.ufpr.br\/#\/schema\/person\/9fdaa08362a53ac8d1d2d1f2bfb2a422"},"headline":"Novos pesquisadores se unem \u00e0 equipe do CEL","datePublished":"2020-06-25T18:30:14+00:00","dateModified":"2020-06-28T12:05:03+00:00","mainEntityOfPage":{"@id":"https:\/\/comunicacaoeleitoral.ufpr.br\/index.php\/2020\/06\/25\/novos-pesquisadores-se-unem-a-equipe-do-cel\/"},"wordCount":576,"publisher":{"@id":"https:\/\/comunicacaoeleitoral.ufpr.br\/#organization"},"image":{"@id":"https:\/\/comunicacaoeleitoral.ufpr.br\/index.php\/2020\/06\/25\/novos-pesquisadores-se-unem-a-equipe-do-cel\/#primaryimage"},"thumbnailUrl":"https:\/\/comunicacaoeleitoral.ufpr.br\/wp-content\/uploads\/2020\/06\/WhatsApp-Image-2020-06-25-at-15.04.01.jpeg","articleSection":["Not\u00edcias"],"inLanguage":"pt-BR"},{"@type":"WebPage","@id":"https:\/\/comunicacaoeleitoral.ufpr.br\/index.php\/2020\/06\/25\/novos-pesquisadores-se-unem-a-equipe-do-cel\/","url":"https:\/\/comunicacaoeleitoral.ufpr.br\/index.php\/2020\/06\/25\/novos-pesquisadores-se-unem-a-equipe-do-cel\/","name":"Novos pesquisadores se unem \u00e0 equipe do CEL - Comunica\u00e7\u00e3o Eleitoral","isPartOf":{"@id":"https:\/\/comunicacaoeleitoral.ufpr.br\/#website"},"primaryImageOfPage":{"@id":"https:\/\/comunicacaoeleitoral.ufpr.br\/index.php\/2020\/06\/25\/novos-pesquisadores-se-unem-a-equipe-do-cel\/#primaryimage"},"image":{"@id":"https:\/\/comunicacaoeleitoral.ufpr.br\/index.php\/2020\/06\/25\/novos-pesquisadores-se-unem-a-equipe-do-cel\/#primaryimage"},"thumbnailUrl":"https:\/\/comunicacaoeleitoral.ufpr.br\/wp-content\/uploads\/2020\/06\/WhatsApp-Image-2020-06-25-at-15.04.01.jpeg","datePublished":"2020-06-25T18:30:14+00:00","dateModified":"2020-06-28T12:05:03+00:00","description":"Grupo de pesquisa ligado \u00e0 linha de Comunica\u00e7\u00e3o, Pol\u00edtica e Atores Coletivos do Programa de P\u00f3s-gradua\u00e7\u00e3o em Comunica\u00e7\u00e3o da Universidade Federal do Paran\u00e1 (UFPR)","breadcrumb":{"@id":"https:\/\/comunicacaoeleitoral.ufpr.br\/index.php\/2020\/06\/25\/novos-pesquisadores-se-unem-a-equipe-do-cel\/#breadcrumb"},"inLanguage":"pt-BR","potentialAction":[{"@type":"ReadAction","target":["https:\/\/comunicacaoeleitoral.ufpr.br\/index.php\/2020\/06\/25\/novos-pesquisadores-se-unem-a-equipe-do-cel\/"]}]},{"@type":"ImageObject","inLanguage":"pt-BR","@id":"https:\/\/comunicacaoeleitoral.ufpr.br\/index.php\/2020\/06\/25\/novos-pesquisadores-se-unem-a-equipe-do-cel\/#primaryimage","url":"https:\/\/comunicacaoeleitoral.ufpr.br\/wp-content\/uploads\/2020\/06\/WhatsApp-Image-2020-06-25-at-15.04.01.jpeg","contentUrl":"https:\/\/comunicacaoeleitoral.ufpr.br\/wp-content\/uploads\/2020\/06\/WhatsApp-Image-2020-06-25-at-15.04.01.jpeg","width":720,"height":599,"caption":"Prof\u00aa Dra. Ana Cl\u00e1udia Santeno. Autora de diversas obras, palestrante e observadora eleitoral internacional em distintos pa\u00edses, como EUA, El Salvador e Col\u00f4mbia. Cr\u00e9ditos da foto: Transpar\u00eancia Eleitoral Brasil\/Fotos P\u00fablicas"},{"@type":"BreadcrumbList","@id":"https:\/\/comunicacaoeleitoral.ufpr.br\/index.php\/2020\/06\/25\/novos-pesquisadores-se-unem-a-equipe-do-cel\/#breadcrumb","itemListElement":[{"@type":"ListItem","position":1,"name":"In\u00edcio","item":"https:\/\/comunicacaoeleitoral.ufpr.br\/"},{"@type":"ListItem","position":2,"name":"Novos pesquisadores se unem \u00e0 equipe do CEL"}]},{"@type":"WebSite","@id":"https:\/\/comunicacaoeleitoral.ufpr.br\/#website","url":"https:\/\/comunicacaoeleitoral.ufpr.br\/","name":"Comunica\u00e7\u00e3o Eleitoral","description":"Grupo de pesquisa ligado \u00e0 linha de Comunica\u00e7\u00e3o e Pol\u00edtica do Programa de P\u00f3s-gradua\u00e7\u00e3o em Comunica\u00e7\u00e3o da Universidade Federal do Paran\u00e1.","publisher":{"@id":"https:\/\/comunicacaoeleitoral.ufpr.br\/#organization"},"potentialAction":[{"@type":"SearchAction","target":{"@type":"EntryPoint","urlTemplate":"https:\/\/comunicacaoeleitoral.ufpr.br\/?s={search_term_string}"},"query-input":"required name=search_term_string"}],"inLanguage":"pt-BR"},{"@type":"Organization","@id":"https:\/\/comunicacaoeleitoral.ufpr.br\/#organization","name":"Comunica\u00e7\u00e3o Eleitoral","url":"https:\/\/comunicacaoeleitoral.ufpr.br\/","logo":{"@type":"ImageObject","inLanguage":"pt-BR","@id":"https:\/\/comunicacaoeleitoral.ufpr.br\/#\/schema\/logo\/image\/","url":"https:\/\/comunicacaoeleitoral.ufpr.br\/wp-content\/uploads\/2015\/05\/header2c_celtalks.png","contentUrl":"https:\/\/comunicacaoeleitoral.ufpr.br\/wp-content\/uploads\/2015\/05\/header2c_celtalks.png","width":1800,"height":674,"caption":"Comunica\u00e7\u00e3o Eleitoral"},"image":{"@id":"https:\/\/comunicacaoeleitoral.ufpr.br\/#\/schema\/logo\/image\/"},"sameAs":["https:\/\/www.facebook.com\/Comunica\u00e7\u00e3o-Eleitoral-564214587069724\/","https:\/\/www.instagram.com\/comunicacaoeleitoral\/","https:\/\/www.youtube.com\/ocanalpanke"]},{"@type":"Person","@id":"https:\/\/comunicacaoeleitoral.ufpr.br\/#\/schema\/person\/9fdaa08362a53ac8d1d2d1f2bfb2a422","name":"Aryovaldo de Castro Azevedo Junior","image":{"@type":"ImageObject","inLanguage":"pt-BR","@id":"https:\/\/comunicacaoeleitoral.ufpr.br\/#\/schema\/person\/image\/","url":"https:\/\/secure.gravatar.com\/avatar\/b3bde3f9e35da7bdd70616b5fb5a1372?s=96&d=mm&r=g","contentUrl":"https:\/\/secure.gravatar.com\/avatar\/b3bde3f9e35da7bdd70616b5fb5a1372?s=96&d=mm&r=g","caption":"Aryovaldo de Castro Azevedo Junior"},"url":"https:\/\/comunicacaoeleitoral.ufpr.br\/index.php\/author\/ary-azevedo-jr\/"}]}},"_links":{"self":[{"href":"https:\/\/comunicacaoeleitoral.ufpr.br\/index.php\/wp-json\/wp\/v2\/posts\/2962"}],"collection":[{"href":"https:\/\/comunicacaoeleitoral.ufpr.br\/index.php\/wp-json\/wp\/v2\/posts"}],"about":[{"href":"https:\/\/comunicacaoeleitoral.ufpr.br\/index.php\/wp-json\/wp\/v2\/types\/post"}],"author":[{"embeddable":true,"href":"https:\/\/comunicacaoeleitoral.ufpr.br\/index.php\/wp-json\/wp\/v2\/users\/5"}],"replies":[{"embeddable":true,"href":"https:\/\/comunicacaoeleitoral.ufpr.br\/index.php\/wp-json\/wp\/v2\/comments?post=2962"}],"version-history":[{"count":2,"href":"https:\/\/comunicacaoeleitoral.ufpr.br\/index.php\/wp-json\/wp\/v2\/posts\/2962\/revisions"}],"predecessor-version":[{"id":2981,"href":"https:\/\/comunicacaoeleitoral.ufpr.br\/index.php\/wp-json\/wp\/v2\/posts\/2962\/revisions\/2981"}],"wp:featuredmedia":[{"embeddable":true,"href":"https:\/\/comunicacaoeleitoral.ufpr.br\/index.php\/wp-json\/wp\/v2\/media\/2963"}],"wp:attachment":[{"href":"https:\/\/comunicacaoeleitoral.ufpr.br\/index.php\/wp-json\/wp\/v2\/media?parent=2962"}],"wp:term":[{"taxonomy":"category","embeddable":true,"href":"https:\/\/comunicacaoeleitoral.ufpr.br\/index.php\/wp-json\/wp\/v2\/categories?post=2962"},{"taxonomy":"post_tag","embeddable":true,"href":"https:\/\/comunicacaoeleitoral.ufpr.br\/index.php\/wp-json\/wp\/v2\/tags?post=2962"}],"curies":[{"name":"wp","href":"https:\/\/api.w.org\/{rel}","templated":true}]}}