{"id":2687,"date":"2020-01-07T19:12:08","date_gmt":"2020-01-07T19:12:08","guid":{"rendered":"https:\/\/comunicacaoeleitoral.ufpr.br\/?p=2687"},"modified":"2020-01-07T19:12:08","modified_gmt":"2020-01-07T19:12:08","slug":"alice-e-compolitica-promovem-curso-de-verao-em-metodologias-de-pesquisa","status":"publish","type":"post","link":"https:\/\/comunicacaoeleitoral.ufpr.br\/index.php\/2020\/01\/07\/alice-e-compolitica-promovem-curso-de-verao-em-metodologias-de-pesquisa\/","title":{"rendered":"Alice e Compol\u00edtica promovem Curso de Ver\u00e3o em Metodologias de Pesquisa"},"content":{"rendered":"<p>A <em>Asociaci\u00f3n Latinoamericana de Investigadores en Campa\u00f1as Electorales<\/em> (Alice) e Associa\u00e7\u00e3o Brasileira de Pesquisadores em Comunica\u00e7\u00e3o e Pol\u00edtica (Compol\u00edtica) se uniram para promover, no Campus Juvev\u00ea da UFPR a primeira Escola de Ver\u00e3o de Metodologia de Pesquisa, que ocorrer\u00e1 entre 17 e 21 de fevereiro de 2020. A iniciativa \u00e9 fruto de uma parceria in\u00e9dita entre as associa\u00e7\u00f5es e tem como organizadores os grupos de pesquisa Comunica\u00e7\u00e3o Eleitoral (Cel), Comunica\u00e7\u00e3o e Participa\u00e7\u00e3o Pol\u00edtica (Compa) e Comunica\u00e7\u00e3o Pol\u00edtica e Opini\u00e3o P\u00fablica (CPOP) pertencentes ao Programa de P\u00f3s-gradua\u00e7\u00e3o em Comunica\u00e7\u00e3o da UFPR.<\/p>\n<p>Durante cinco dias ser\u00e3o ofertados 11 cursos na modalidade de imers\u00e3o em metodologias, aprofundando t\u00e9cnicas de pesquisa em Comunica\u00e7\u00e3o e Pol\u00edtica. A escola foi planejada para incrementar os conhecimentos de alunos de p\u00f3s-gradua\u00e7\u00e3o em Comunica\u00e7\u00e3o e\/ou Ci\u00eancia Pol\u00edtica sobre t\u00e9cnicas e m\u00e9todos de pesquisa aplicados a objetos dessas \u00e1reas. Graduandos, p\u00f3s-graduandos de \u00e1reas correlatas e profissionais do mercado tamb\u00e9m formam grupo de interesse.<\/p>\n<p>Para a vice-presidente da Alice e coordenadora do Grupo de Pesquisa em Comunica\u00e7\u00e3o Eleitoral a uni\u00e3o das duas associa\u00e7\u00f5es significa aproximar pesquisadores de v\u00e1rios pa\u00edses da Iberoam\u00e9rica, favorecendo interc\u00e2mbios e parcerias. \u201c\u00c9 uma escola in\u00e9dita no Brasil pela parceria e pela tem\u00e1tica. Aprofundar os estudos sobre Comunica\u00e7\u00e3o Politica, em suas diversas configura\u00e7\u00f5es \u00e9 uma necessidade para entender nossas sociedades e colaborar com poss\u00edveis solu\u00e7\u00f5es\u201d, comentou.<\/p>\n<p>O presidente da Compol\u00edtica e membro do Grupo de Pesquisa Comunica\u00e7\u00e3o e Participa\u00e7\u00e3o Pol\u00edtica, Rafael \u00a0Cardoso Sampaio, enfatiza que h\u00e1 uma demanda cada vez maior por profissionais capacitados em raspar, baixar, compreender e analisar dados das diferentes m\u00eddias, digitais ou n\u00e3o, e a escola vem oferecer qualifica\u00e7\u00e3o. \u201cA Escola de Ver\u00e3o de metodologias de pesquisa em comunica\u00e7\u00e3o pol\u00edtica busca justamente oferecer um treinamento inicial com respeitados professores e especialistas de modo a capacitar acad\u00eamicos e profissionais para pesquisar ou atuar na \u00e1rea\u201d, completou.<\/p>\n<p><strong>Cursos<\/strong><\/p>\n<p>A escola \u00e9 composta por diferentes cursos, ministrados por profissionais e professores pesquisadores na \u00e1rea de comunica\u00e7\u00e3o e pol\u00edtica. Seu formato objetiva uma imers\u00e3o dentro das metodologias aplicadas em estudos de Comunica\u00e7\u00e3o e Pol\u00edtica. Todos os cursos ser\u00e3o realizados nas depend\u00eancias do Programa de P\u00f3s-gradua\u00e7\u00e3o em Comunica\u00e7\u00e3o da UFPR, \u00a0para facilitar a participa\u00e7\u00e3o de interessados de fora de Curitiba. \u00a0Os cursos oferecidos s\u00e3o:<\/p>\n<p>Teoria e pr\u00e1tica nas pesquisas sobre delibera\u00e7\u00e3o<\/p>\n<p>Introdu\u00e7\u00e3o \u00e0 an\u00e1lise de dados em R<\/p>\n<p>Possibilidades e limites da coleta de dados digitais em r<\/p>\n<p>Introdu\u00e7\u00e3o \u00e0 estat\u00edstica<\/p>\n<p>An\u00e1lise de conte\u00fado<\/p>\n<p>An\u00e1lise de dados quantitativos<\/p>\n<p>An\u00e1lise multivariada aplicada a dados de opini\u00e3o p\u00fablica<\/p>\n<p>Produ\u00e7\u00e3o e aplica\u00e7\u00e3o de survey para pesquisas em comunica\u00e7\u00e3o<\/p>\n<p>Ferramentas de pesquisa para an\u00e1lise qualitativa<\/p>\n<p>Grupo focal<\/p>\n<p>Estrat\u00e9gias de an\u00e1lise para pesquisa sobre comunica\u00e7\u00e3o governamental<\/p>\n<p><strong>\u00a0<\/strong><\/p>\n<p><strong>Inscri\u00e7\u00f5es<\/strong><\/p>\n<p>Os interessados podem se inscrever e realizar o pagamento dos cursos pelo site do evento: <a href=\"https:\/\/doity.com.br\/escola-de-verao-alicecompolitica-de-metodologia-de-pesquisa\">https:\/\/doity.com.br\/escola-de-verao-alicecompolitica-de-metodologia-de-pesquisa<\/a>. No site, tamb\u00e9m pode ser acessada a tabela com os diferentes cursos, palestrantes e ementas, al\u00e9m de investimento e descontos previstos para associados das institui\u00e7\u00f5es promotoras e participantes de dois ou mais cursos. As vagas s\u00e3o limitadas e as inscri\u00e7\u00f5es j\u00e1 est\u00e3o abertas.<\/p>\n","protected":false},"excerpt":{"rendered":"<p>A Asociaci\u00f3n Latinoamericana de Investigadores en Campa\u00f1as Electorales (Alice) e Associa\u00e7\u00e3o Brasileira de Pesquisadores em Comunica\u00e7\u00e3o e Pol\u00edtica (Compol\u00edtica) se uniram para promover, no Campus Juvev\u00ea da UFPR a primeira Escola de Ver\u00e3o de Metodologia de Pesquisa, que ocorrer\u00e1 entre 17 e 21 de fevereiro de 2020. A iniciativa \u00e9 fruto de uma parceria in\u00e9dita [&hellip;]<\/p>\n","protected":false},"author":18,"featured_media":2688,"comment_status":"closed","ping_status":"closed","sticky":false,"template":"","format":"standard","meta":{"_monsterinsights_skip_tracking":false,"_monsterinsights_sitenote_active":false,"_monsterinsights_sitenote_note":"","_monsterinsights_sitenote_category":0,"footnotes":""},"categories":[68],"tags":[],"yoast_head":"<!-- This site is optimized with the Yoast SEO plugin v22.2 - https:\/\/yoast.com\/wordpress\/plugins\/seo\/ -->\n<title>Alice e Compol\u00edtica promovem Curso de Ver\u00e3o em Metodologias de Pesquisa - Comunica\u00e7\u00e3o Eleitoral<\/title>\n<meta name=\"description\" content=\"Grupo de pesquisa ligado \u00e0 linha de Comunica\u00e7\u00e3o, Pol\u00edtica e Atores Coletivos do Programa de P\u00f3s-gradua\u00e7\u00e3o em Comunica\u00e7\u00e3o da Universidade Federal do Paran\u00e1 (UFPR)\" \/>\n<meta name=\"robots\" content=\"index, follow, max-snippet:-1, max-image-preview:large, max-video-preview:-1\" \/>\n<link rel=\"canonical\" href=\"https:\/\/comunicacaoeleitoral.ufpr.br\/index.php\/2020\/01\/07\/alice-e-compolitica-promovem-curso-de-verao-em-metodologias-de-pesquisa\/\" \/>\n<meta property=\"og:locale\" content=\"pt_BR\" \/>\n<meta property=\"og:type\" content=\"article\" \/>\n<meta property=\"og:title\" content=\"Alice e Compol\u00edtica promovem Curso de Ver\u00e3o em Metodologias de Pesquisa - Comunica\u00e7\u00e3o Eleitoral\" \/>\n<meta property=\"og:description\" content=\"Grupo de pesquisa ligado \u00e0 linha de Comunica\u00e7\u00e3o, Pol\u00edtica e Atores Coletivos do Programa de P\u00f3s-gradua\u00e7\u00e3o em Comunica\u00e7\u00e3o da Universidade Federal do Paran\u00e1 (UFPR)\" \/>\n<meta property=\"og:url\" content=\"https:\/\/comunicacaoeleitoral.ufpr.br\/index.php\/2020\/01\/07\/alice-e-compolitica-promovem-curso-de-verao-em-metodologias-de-pesquisa\/\" \/>\n<meta property=\"og:site_name\" content=\"Comunica\u00e7\u00e3o Eleitoral\" \/>\n<meta property=\"article:publisher\" content=\"https:\/\/www.facebook.com\/Comunica%c3%a7%c3%a3o-Eleitoral-564214587069724\/\" \/>\n<meta property=\"article:published_time\" content=\"2020-01-07T19:12:08+00:00\" \/>\n<meta property=\"og:image\" content=\"https:\/\/comunicacaoeleitoral.ufpr.br\/wp-content\/uploads\/2020\/01\/960x440_evento-63987-banner.png\" \/>\n\t<meta property=\"og:image:width\" content=\"960\" \/>\n\t<meta property=\"og:image:height\" content=\"440\" \/>\n\t<meta property=\"og:image:type\" content=\"image\/png\" \/>\n<meta name=\"author\" content=\"Karina Lan\u00e7oni Bernardi\" \/>\n<meta name=\"twitter:card\" content=\"summary_large_image\" \/>\n<meta name=\"twitter:label1\" content=\"Escrito por\" \/>\n\t<meta name=\"twitter:data1\" content=\"Karina Lan\u00e7oni Bernardi\" \/>\n\t<meta name=\"twitter:label2\" content=\"Est. tempo de leitura\" \/>\n\t<meta name=\"twitter:data2\" content=\"3 minutos\" \/>\n<script type=\"application\/ld+json\" class=\"yoast-schema-graph\">{\"@context\":\"https:\/\/schema.org\",\"@graph\":[{\"@type\":\"Article\",\"@id\":\"https:\/\/comunicacaoeleitoral.ufpr.br\/index.php\/2020\/01\/07\/alice-e-compolitica-promovem-curso-de-verao-em-metodologias-de-pesquisa\/#article\",\"isPartOf\":{\"@id\":\"https:\/\/comunicacaoeleitoral.ufpr.br\/index.php\/2020\/01\/07\/alice-e-compolitica-promovem-curso-de-verao-em-metodologias-de-pesquisa\/\"},\"author\":{\"name\":\"Karina Lan\u00e7oni Bernardi\",\"@id\":\"https:\/\/comunicacaoeleitoral.ufpr.br\/#\/schema\/person\/79a95f38cae5273b3b87aff077f6485c\"},\"headline\":\"Alice e Compol\u00edtica promovem Curso de Ver\u00e3o em Metodologias de Pesquisa\",\"datePublished\":\"2020-01-07T19:12:08+00:00\",\"dateModified\":\"2020-01-07T19:12:08+00:00\",\"mainEntityOfPage\":{\"@id\":\"https:\/\/comunicacaoeleitoral.ufpr.br\/index.php\/2020\/01\/07\/alice-e-compolitica-promovem-curso-de-verao-em-metodologias-de-pesquisa\/\"},\"wordCount\":596,\"publisher\":{\"@id\":\"https:\/\/comunicacaoeleitoral.ufpr.br\/#organization\"},\"image\":{\"@id\":\"https:\/\/comunicacaoeleitoral.ufpr.br\/index.php\/2020\/01\/07\/alice-e-compolitica-promovem-curso-de-verao-em-metodologias-de-pesquisa\/#primaryimage\"},\"thumbnailUrl\":\"https:\/\/comunicacaoeleitoral.ufpr.br\/wp-content\/uploads\/2020\/01\/960x440_evento-63987-banner.png\",\"articleSection\":[\"Not\u00edcias\"],\"inLanguage\":\"pt-BR\"},{\"@type\":\"WebPage\",\"@id\":\"https:\/\/comunicacaoeleitoral.ufpr.br\/index.php\/2020\/01\/07\/alice-e-compolitica-promovem-curso-de-verao-em-metodologias-de-pesquisa\/\",\"url\":\"https:\/\/comunicacaoeleitoral.ufpr.br\/index.php\/2020\/01\/07\/alice-e-compolitica-promovem-curso-de-verao-em-metodologias-de-pesquisa\/\",\"name\":\"Alice e Compol\u00edtica promovem Curso de Ver\u00e3o em Metodologias de Pesquisa - Comunica\u00e7\u00e3o Eleitoral\",\"isPartOf\":{\"@id\":\"https:\/\/comunicacaoeleitoral.ufpr.br\/#website\"},\"primaryImageOfPage\":{\"@id\":\"https:\/\/comunicacaoeleitoral.ufpr.br\/index.php\/2020\/01\/07\/alice-e-compolitica-promovem-curso-de-verao-em-metodologias-de-pesquisa\/#primaryimage\"},\"image\":{\"@id\":\"https:\/\/comunicacaoeleitoral.ufpr.br\/index.php\/2020\/01\/07\/alice-e-compolitica-promovem-curso-de-verao-em-metodologias-de-pesquisa\/#primaryimage\"},\"thumbnailUrl\":\"https:\/\/comunicacaoeleitoral.ufpr.br\/wp-content\/uploads\/2020\/01\/960x440_evento-63987-banner.png\",\"datePublished\":\"2020-01-07T19:12:08+00:00\",\"dateModified\":\"2020-01-07T19:12:08+00:00\",\"description\":\"Grupo de pesquisa ligado \u00e0 linha de Comunica\u00e7\u00e3o, Pol\u00edtica e Atores Coletivos do Programa de P\u00f3s-gradua\u00e7\u00e3o em Comunica\u00e7\u00e3o da Universidade Federal do Paran\u00e1 (UFPR)\",\"breadcrumb\":{\"@id\":\"https:\/\/comunicacaoeleitoral.ufpr.br\/index.php\/2020\/01\/07\/alice-e-compolitica-promovem-curso-de-verao-em-metodologias-de-pesquisa\/#breadcrumb\"},\"inLanguage\":\"pt-BR\",\"potentialAction\":[{\"@type\":\"ReadAction\",\"target\":[\"https:\/\/comunicacaoeleitoral.ufpr.br\/index.php\/2020\/01\/07\/alice-e-compolitica-promovem-curso-de-verao-em-metodologias-de-pesquisa\/\"]}]},{\"@type\":\"ImageObject\",\"inLanguage\":\"pt-BR\",\"@id\":\"https:\/\/comunicacaoeleitoral.ufpr.br\/index.php\/2020\/01\/07\/alice-e-compolitica-promovem-curso-de-verao-em-metodologias-de-pesquisa\/#primaryimage\",\"url\":\"https:\/\/comunicacaoeleitoral.ufpr.br\/wp-content\/uploads\/2020\/01\/960x440_evento-63987-banner.png\",\"contentUrl\":\"https:\/\/comunicacaoeleitoral.ufpr.br\/wp-content\/uploads\/2020\/01\/960x440_evento-63987-banner.png\",\"width\":960,\"height\":440},{\"@type\":\"BreadcrumbList\",\"@id\":\"https:\/\/comunicacaoeleitoral.ufpr.br\/index.php\/2020\/01\/07\/alice-e-compolitica-promovem-curso-de-verao-em-metodologias-de-pesquisa\/#breadcrumb\",\"itemListElement\":[{\"@type\":\"ListItem\",\"position\":1,\"name\":\"In\u00edcio\",\"item\":\"https:\/\/comunicacaoeleitoral.ufpr.br\/\"},{\"@type\":\"ListItem\",\"position\":2,\"name\":\"Alice e Compol\u00edtica promovem Curso de Ver\u00e3o em Metodologias de Pesquisa\"}]},{\"@type\":\"WebSite\",\"@id\":\"https:\/\/comunicacaoeleitoral.ufpr.br\/#website\",\"url\":\"https:\/\/comunicacaoeleitoral.ufpr.br\/\",\"name\":\"Comunica\u00e7\u00e3o Eleitoral\",\"description\":\"Grupo de pesquisa ligado \u00e0 linha de Comunica\u00e7\u00e3o e Pol\u00edtica do Programa de P\u00f3s-gradua\u00e7\u00e3o em Comunica\u00e7\u00e3o da Universidade Federal do Paran\u00e1.\",\"publisher\":{\"@id\":\"https:\/\/comunicacaoeleitoral.ufpr.br\/#organization\"},\"potentialAction\":[{\"@type\":\"SearchAction\",\"target\":{\"@type\":\"EntryPoint\",\"urlTemplate\":\"https:\/\/comunicacaoeleitoral.ufpr.br\/?s={search_term_string}\"},\"query-input\":\"required name=search_term_string\"}],\"inLanguage\":\"pt-BR\"},{\"@type\":\"Organization\",\"@id\":\"https:\/\/comunicacaoeleitoral.ufpr.br\/#organization\",\"name\":\"Comunica\u00e7\u00e3o Eleitoral\",\"url\":\"https:\/\/comunicacaoeleitoral.ufpr.br\/\",\"logo\":{\"@type\":\"ImageObject\",\"inLanguage\":\"pt-BR\",\"@id\":\"https:\/\/comunicacaoeleitoral.ufpr.br\/#\/schema\/logo\/image\/\",\"url\":\"https:\/\/comunicacaoeleitoral.ufpr.br\/wp-content\/uploads\/2015\/05\/header2c_celtalks.png\",\"contentUrl\":\"https:\/\/comunicacaoeleitoral.ufpr.br\/wp-content\/uploads\/2015\/05\/header2c_celtalks.png\",\"width\":1800,\"height\":674,\"caption\":\"Comunica\u00e7\u00e3o Eleitoral\"},\"image\":{\"@id\":\"https:\/\/comunicacaoeleitoral.ufpr.br\/#\/schema\/logo\/image\/\"},\"sameAs\":[\"https:\/\/www.facebook.com\/Comunica\u00e7\u00e3o-Eleitoral-564214587069724\/\",\"https:\/\/www.instagram.com\/comunicacaoeleitoral\/\",\"https:\/\/www.youtube.com\/ocanalpanke\"]},{\"@type\":\"Person\",\"@id\":\"https:\/\/comunicacaoeleitoral.ufpr.br\/#\/schema\/person\/79a95f38cae5273b3b87aff077f6485c\",\"name\":\"Karina Lan\u00e7oni Bernardi\",\"image\":{\"@type\":\"ImageObject\",\"inLanguage\":\"pt-BR\",\"@id\":\"https:\/\/comunicacaoeleitoral.ufpr.br\/#\/schema\/person\/image\/\",\"url\":\"https:\/\/secure.gravatar.com\/avatar\/c8d46e96fd81dd15e78d3b04ca2e8e28?s=96&d=mm&r=g\",\"contentUrl\":\"https:\/\/secure.gravatar.com\/avatar\/c8d46e96fd81dd15e78d3b04ca2e8e28?s=96&d=mm&r=g\",\"caption\":\"Karina Lan\u00e7oni Bernardi\"},\"url\":\"https:\/\/comunicacaoeleitoral.ufpr.br\/index.php\/author\/karinabernardi\/\"}]}<\/script>\n<!-- \/ Yoast SEO plugin. -->","yoast_head_json":{"title":"Alice e Compol\u00edtica promovem Curso de Ver\u00e3o em Metodologias de Pesquisa - Comunica\u00e7\u00e3o Eleitoral","description":"Grupo de pesquisa ligado \u00e0 linha de Comunica\u00e7\u00e3o, Pol\u00edtica e Atores Coletivos do Programa de P\u00f3s-gradua\u00e7\u00e3o em Comunica\u00e7\u00e3o da Universidade Federal do Paran\u00e1 (UFPR)","robots":{"index":"index","follow":"follow","max-snippet":"max-snippet:-1","max-image-preview":"max-image-preview:large","max-video-preview":"max-video-preview:-1"},"canonical":"https:\/\/comunicacaoeleitoral.ufpr.br\/index.php\/2020\/01\/07\/alice-e-compolitica-promovem-curso-de-verao-em-metodologias-de-pesquisa\/","og_locale":"pt_BR","og_type":"article","og_title":"Alice e Compol\u00edtica promovem Curso de Ver\u00e3o em Metodologias de Pesquisa - Comunica\u00e7\u00e3o Eleitoral","og_description":"Grupo de pesquisa ligado \u00e0 linha de Comunica\u00e7\u00e3o, Pol\u00edtica e Atores Coletivos do Programa de P\u00f3s-gradua\u00e7\u00e3o em Comunica\u00e7\u00e3o da Universidade Federal do Paran\u00e1 (UFPR)","og_url":"https:\/\/comunicacaoeleitoral.ufpr.br\/index.php\/2020\/01\/07\/alice-e-compolitica-promovem-curso-de-verao-em-metodologias-de-pesquisa\/","og_site_name":"Comunica\u00e7\u00e3o Eleitoral","article_publisher":"https:\/\/www.facebook.com\/Comunica%c3%a7%c3%a3o-Eleitoral-564214587069724\/","article_published_time":"2020-01-07T19:12:08+00:00","og_image":[{"width":960,"height":440,"url":"https:\/\/comunicacaoeleitoral.ufpr.br\/wp-content\/uploads\/2020\/01\/960x440_evento-63987-banner.png","type":"image\/png"}],"author":"Karina Lan\u00e7oni Bernardi","twitter_card":"summary_large_image","twitter_misc":{"Escrito por":"Karina Lan\u00e7oni Bernardi","Est. tempo de leitura":"3 minutos"},"schema":{"@context":"https:\/\/schema.org","@graph":[{"@type":"Article","@id":"https:\/\/comunicacaoeleitoral.ufpr.br\/index.php\/2020\/01\/07\/alice-e-compolitica-promovem-curso-de-verao-em-metodologias-de-pesquisa\/#article","isPartOf":{"@id":"https:\/\/comunicacaoeleitoral.ufpr.br\/index.php\/2020\/01\/07\/alice-e-compolitica-promovem-curso-de-verao-em-metodologias-de-pesquisa\/"},"author":{"name":"Karina Lan\u00e7oni Bernardi","@id":"https:\/\/comunicacaoeleitoral.ufpr.br\/#\/schema\/person\/79a95f38cae5273b3b87aff077f6485c"},"headline":"Alice e Compol\u00edtica promovem Curso de Ver\u00e3o em Metodologias de Pesquisa","datePublished":"2020-01-07T19:12:08+00:00","dateModified":"2020-01-07T19:12:08+00:00","mainEntityOfPage":{"@id":"https:\/\/comunicacaoeleitoral.ufpr.br\/index.php\/2020\/01\/07\/alice-e-compolitica-promovem-curso-de-verao-em-metodologias-de-pesquisa\/"},"wordCount":596,"publisher":{"@id":"https:\/\/comunicacaoeleitoral.ufpr.br\/#organization"},"image":{"@id":"https:\/\/comunicacaoeleitoral.ufpr.br\/index.php\/2020\/01\/07\/alice-e-compolitica-promovem-curso-de-verao-em-metodologias-de-pesquisa\/#primaryimage"},"thumbnailUrl":"https:\/\/comunicacaoeleitoral.ufpr.br\/wp-content\/uploads\/2020\/01\/960x440_evento-63987-banner.png","articleSection":["Not\u00edcias"],"inLanguage":"pt-BR"},{"@type":"WebPage","@id":"https:\/\/comunicacaoeleitoral.ufpr.br\/index.php\/2020\/01\/07\/alice-e-compolitica-promovem-curso-de-verao-em-metodologias-de-pesquisa\/","url":"https:\/\/comunicacaoeleitoral.ufpr.br\/index.php\/2020\/01\/07\/alice-e-compolitica-promovem-curso-de-verao-em-metodologias-de-pesquisa\/","name":"Alice e Compol\u00edtica promovem Curso de Ver\u00e3o em Metodologias de Pesquisa - Comunica\u00e7\u00e3o Eleitoral","isPartOf":{"@id":"https:\/\/comunicacaoeleitoral.ufpr.br\/#website"},"primaryImageOfPage":{"@id":"https:\/\/comunicacaoeleitoral.ufpr.br\/index.php\/2020\/01\/07\/alice-e-compolitica-promovem-curso-de-verao-em-metodologias-de-pesquisa\/#primaryimage"},"image":{"@id":"https:\/\/comunicacaoeleitoral.ufpr.br\/index.php\/2020\/01\/07\/alice-e-compolitica-promovem-curso-de-verao-em-metodologias-de-pesquisa\/#primaryimage"},"thumbnailUrl":"https:\/\/comunicacaoeleitoral.ufpr.br\/wp-content\/uploads\/2020\/01\/960x440_evento-63987-banner.png","datePublished":"2020-01-07T19:12:08+00:00","dateModified":"2020-01-07T19:12:08+00:00","description":"Grupo de pesquisa ligado \u00e0 linha de Comunica\u00e7\u00e3o, Pol\u00edtica e Atores Coletivos do Programa de P\u00f3s-gradua\u00e7\u00e3o em Comunica\u00e7\u00e3o da Universidade Federal do Paran\u00e1 (UFPR)","breadcrumb":{"@id":"https:\/\/comunicacaoeleitoral.ufpr.br\/index.php\/2020\/01\/07\/alice-e-compolitica-promovem-curso-de-verao-em-metodologias-de-pesquisa\/#breadcrumb"},"inLanguage":"pt-BR","potentialAction":[{"@type":"ReadAction","target":["https:\/\/comunicacaoeleitoral.ufpr.br\/index.php\/2020\/01\/07\/alice-e-compolitica-promovem-curso-de-verao-em-metodologias-de-pesquisa\/"]}]},{"@type":"ImageObject","inLanguage":"pt-BR","@id":"https:\/\/comunicacaoeleitoral.ufpr.br\/index.php\/2020\/01\/07\/alice-e-compolitica-promovem-curso-de-verao-em-metodologias-de-pesquisa\/#primaryimage","url":"https:\/\/comunicacaoeleitoral.ufpr.br\/wp-content\/uploads\/2020\/01\/960x440_evento-63987-banner.png","contentUrl":"https:\/\/comunicacaoeleitoral.ufpr.br\/wp-content\/uploads\/2020\/01\/960x440_evento-63987-banner.png","width":960,"height":440},{"@type":"BreadcrumbList","@id":"https:\/\/comunicacaoeleitoral.ufpr.br\/index.php\/2020\/01\/07\/alice-e-compolitica-promovem-curso-de-verao-em-metodologias-de-pesquisa\/#breadcrumb","itemListElement":[{"@type":"ListItem","position":1,"name":"In\u00edcio","item":"https:\/\/comunicacaoeleitoral.ufpr.br\/"},{"@type":"ListItem","position":2,"name":"Alice e Compol\u00edtica promovem Curso de Ver\u00e3o em Metodologias de Pesquisa"}]},{"@type":"WebSite","@id":"https:\/\/comunicacaoeleitoral.ufpr.br\/#website","url":"https:\/\/comunicacaoeleitoral.ufpr.br\/","name":"Comunica\u00e7\u00e3o Eleitoral","description":"Grupo de pesquisa ligado \u00e0 linha de Comunica\u00e7\u00e3o e Pol\u00edtica do Programa de P\u00f3s-gradua\u00e7\u00e3o em Comunica\u00e7\u00e3o da Universidade Federal do Paran\u00e1.","publisher":{"@id":"https:\/\/comunicacaoeleitoral.ufpr.br\/#organization"},"potentialAction":[{"@type":"SearchAction","target":{"@type":"EntryPoint","urlTemplate":"https:\/\/comunicacaoeleitoral.ufpr.br\/?s={search_term_string}"},"query-input":"required name=search_term_string"}],"inLanguage":"pt-BR"},{"@type":"Organization","@id":"https:\/\/comunicacaoeleitoral.ufpr.br\/#organization","name":"Comunica\u00e7\u00e3o Eleitoral","url":"https:\/\/comunicacaoeleitoral.ufpr.br\/","logo":{"@type":"ImageObject","inLanguage":"pt-BR","@id":"https:\/\/comunicacaoeleitoral.ufpr.br\/#\/schema\/logo\/image\/","url":"https:\/\/comunicacaoeleitoral.ufpr.br\/wp-content\/uploads\/2015\/05\/header2c_celtalks.png","contentUrl":"https:\/\/comunicacaoeleitoral.ufpr.br\/wp-content\/uploads\/2015\/05\/header2c_celtalks.png","width":1800,"height":674,"caption":"Comunica\u00e7\u00e3o Eleitoral"},"image":{"@id":"https:\/\/comunicacaoeleitoral.ufpr.br\/#\/schema\/logo\/image\/"},"sameAs":["https:\/\/www.facebook.com\/Comunica\u00e7\u00e3o-Eleitoral-564214587069724\/","https:\/\/www.instagram.com\/comunicacaoeleitoral\/","https:\/\/www.youtube.com\/ocanalpanke"]},{"@type":"Person","@id":"https:\/\/comunicacaoeleitoral.ufpr.br\/#\/schema\/person\/79a95f38cae5273b3b87aff077f6485c","name":"Karina Lan\u00e7oni Bernardi","image":{"@type":"ImageObject","inLanguage":"pt-BR","@id":"https:\/\/comunicacaoeleitoral.ufpr.br\/#\/schema\/person\/image\/","url":"https:\/\/secure.gravatar.com\/avatar\/c8d46e96fd81dd15e78d3b04ca2e8e28?s=96&d=mm&r=g","contentUrl":"https:\/\/secure.gravatar.com\/avatar\/c8d46e96fd81dd15e78d3b04ca2e8e28?s=96&d=mm&r=g","caption":"Karina Lan\u00e7oni Bernardi"},"url":"https:\/\/comunicacaoeleitoral.ufpr.br\/index.php\/author\/karinabernardi\/"}]}},"_links":{"self":[{"href":"https:\/\/comunicacaoeleitoral.ufpr.br\/index.php\/wp-json\/wp\/v2\/posts\/2687"}],"collection":[{"href":"https:\/\/comunicacaoeleitoral.ufpr.br\/index.php\/wp-json\/wp\/v2\/posts"}],"about":[{"href":"https:\/\/comunicacaoeleitoral.ufpr.br\/index.php\/wp-json\/wp\/v2\/types\/post"}],"author":[{"embeddable":true,"href":"https:\/\/comunicacaoeleitoral.ufpr.br\/index.php\/wp-json\/wp\/v2\/users\/18"}],"replies":[{"embeddable":true,"href":"https:\/\/comunicacaoeleitoral.ufpr.br\/index.php\/wp-json\/wp\/v2\/comments?post=2687"}],"version-history":[{"count":1,"href":"https:\/\/comunicacaoeleitoral.ufpr.br\/index.php\/wp-json\/wp\/v2\/posts\/2687\/revisions"}],"predecessor-version":[{"id":2689,"href":"https:\/\/comunicacaoeleitoral.ufpr.br\/index.php\/wp-json\/wp\/v2\/posts\/2687\/revisions\/2689"}],"wp:featuredmedia":[{"embeddable":true,"href":"https:\/\/comunicacaoeleitoral.ufpr.br\/index.php\/wp-json\/wp\/v2\/media\/2688"}],"wp:attachment":[{"href":"https:\/\/comunicacaoeleitoral.ufpr.br\/index.php\/wp-json\/wp\/v2\/media?parent=2687"}],"wp:term":[{"taxonomy":"category","embeddable":true,"href":"https:\/\/comunicacaoeleitoral.ufpr.br\/index.php\/wp-json\/wp\/v2\/categories?post=2687"},{"taxonomy":"post_tag","embeddable":true,"href":"https:\/\/comunicacaoeleitoral.ufpr.br\/index.php\/wp-json\/wp\/v2\/tags?post=2687"}],"curies":[{"name":"wp","href":"https:\/\/api.w.org\/{rel}","templated":true}]}}