{"id":2652,"date":"2019-11-26T19:34:45","date_gmt":"2019-11-26T19:34:45","guid":{"rendered":"https:\/\/comunicacaoeleitoral.ufpr.br\/?p=2652"},"modified":"2019-11-26T19:35:46","modified_gmt":"2019-11-26T19:35:46","slug":"pesquisadores-da-ufpr-lancam-livros-digitais-sobre-campanhas-eleitorais","status":"publish","type":"post","link":"https:\/\/comunicacaoeleitoral.ufpr.br\/index.php\/2019\/11\/26\/pesquisadores-da-ufpr-lancam-livros-digitais-sobre-campanhas-eleitorais\/","title":{"rendered":"Pesquisadores da UFPR lan\u00e7am livros digitais sobre campanhas eleitorais"},"content":{"rendered":"<p>O CEL\/UFPR (Grupo de Pesquisa em Comunica\u00e7\u00e3o Eleitoral), da Universidade Federal do Paran\u00e1 (UFPR), lan\u00e7ar\u00e1 no dia 2 de dezembro, duas publica\u00e7\u00f5es digitais: \u201cAs elei\u00e7\u00f5es estaduais no Brasil: estrat\u00e9gias de campanha para TV\u201d e \u201cO Brasil vai \u00e0s urnas: as campanhas eleitorais para presidente na TV e internet\u201d.<\/p>\n<p>Os e-Books s\u00e3o resultado de estudos realizados pelos membros do CEL, em parceria com pesquisadores de outras institui\u00e7\u00f5es de ensino de diversas regi\u00f5es do pa\u00eds, com base nos programas eleitorais veiculados no Hor\u00e1rio Gratuito de Propaganda Eleitoral, nas elei\u00e7\u00f5es de 2018.<\/p>\n<p>O encontro, intitulado \u201cReflex\u00f5es retrospectivas e prospectivas da democracia no Brasil: as corridas eleitorais de 2018, 2020 e 2022\u201d &#8211; ter\u00e1 dois momentos. No primeiro, \u00e0s 19h, os organizadores dos livros, Ricardo Tesseroli e Pedro Pimentel, explicar\u00e3o os detalhes das obras. No segundo momento, \u00e0s 19h30, haver\u00e1 uma mesa-redonda sobre \u201cCen\u00e1rios pol\u00edticos da democracia brasileira: a ponte entre 2018, 2020 e 2022\u201d, com os professores-doutores da UFPR e integrantes do CEL\/UFPR Ary Azevedo J\u00fanior, Luciana Panke e\u00a0 Mario Messagi J\u00fanior<\/p>\n<p>Toda a comunidade, pesquisadores e profissionais de comunica\u00e7\u00e3o s\u00e3o convidados a participar do evento, que \u00e9 gratuito.<\/p>\n<p><em><u>Servi\u00e7o:<br \/>\n<\/u><\/em><em>Lan\u00e7amento Livros Digitais \u201cAs elei\u00e7\u00f5es estaduais no Brasil: estrat\u00e9gias de campanha para TV\u201d e \u201cO Brasil vai \u00e0s urnas: as campanhas eleitorais para presidente na TV e Internet\u201d e Mesa-Redonda com pesquisadores do CEL<\/em><\/p>\n<p><em>Quando: 02 de dezembro de 2019<\/em><\/p>\n<p><em>Hor\u00e1rio: 19h<\/em><\/p>\n<p><em>Local: Audit\u00f3rio do Anexo II da C\u00e2mara Municipal de Curitiba (Rua Bar\u00e3o do Rio Branco, 720 &#8211; Centro)<\/em><\/p>\n","protected":false},"excerpt":{"rendered":"<p>O CEL\/UFPR (Grupo de Pesquisa em Comunica\u00e7\u00e3o Eleitoral), da Universidade Federal do Paran\u00e1 (UFPR), lan\u00e7ar\u00e1 no dia 2 de dezembro, duas publica\u00e7\u00f5es digitais: \u201cAs elei\u00e7\u00f5es estaduais no Brasil: estrat\u00e9gias de campanha para TV\u201d e \u201cO Brasil vai \u00e0s urnas: as campanhas eleitorais para presidente na TV e internet\u201d. Os e-Books s\u00e3o resultado de estudos realizados [&hellip;]<\/p>\n","protected":false},"author":18,"featured_media":2653,"comment_status":"closed","ping_status":"closed","sticky":false,"template":"","format":"standard","meta":{"_monsterinsights_skip_tracking":false,"_monsterinsights_sitenote_active":false,"_monsterinsights_sitenote_note":"","_monsterinsights_sitenote_category":0,"footnotes":""},"categories":[68],"tags":[18],"yoast_head":"<!-- This site is optimized with the Yoast SEO plugin v22.2 - https:\/\/yoast.com\/wordpress\/plugins\/seo\/ -->\n<title>Pesquisadores da UFPR lan\u00e7am livros digitais sobre campanhas eleitorais - Comunica\u00e7\u00e3o Eleitoral<\/title>\n<meta name=\"description\" content=\"Grupo de pesquisa ligado \u00e0 linha de Comunica\u00e7\u00e3o, Pol\u00edtica e Atores Coletivos do Programa de P\u00f3s-gradua\u00e7\u00e3o em Comunica\u00e7\u00e3o da Universidade Federal do Paran\u00e1 (UFPR)\" \/>\n<meta name=\"robots\" content=\"index, follow, max-snippet:-1, max-image-preview:large, max-video-preview:-1\" \/>\n<link rel=\"canonical\" href=\"https:\/\/comunicacaoeleitoral.ufpr.br\/index.php\/2019\/11\/26\/pesquisadores-da-ufpr-lancam-livros-digitais-sobre-campanhas-eleitorais\/\" \/>\n<meta property=\"og:locale\" content=\"pt_BR\" \/>\n<meta property=\"og:type\" content=\"article\" \/>\n<meta property=\"og:title\" content=\"Pesquisadores da UFPR lan\u00e7am livros digitais sobre campanhas eleitorais - Comunica\u00e7\u00e3o Eleitoral\" \/>\n<meta property=\"og:description\" content=\"Grupo de pesquisa ligado \u00e0 linha de Comunica\u00e7\u00e3o, Pol\u00edtica e Atores Coletivos do Programa de P\u00f3s-gradua\u00e7\u00e3o em Comunica\u00e7\u00e3o da Universidade Federal do Paran\u00e1 (UFPR)\" \/>\n<meta property=\"og:url\" content=\"https:\/\/comunicacaoeleitoral.ufpr.br\/index.php\/2019\/11\/26\/pesquisadores-da-ufpr-lancam-livros-digitais-sobre-campanhas-eleitorais\/\" \/>\n<meta property=\"og:site_name\" content=\"Comunica\u00e7\u00e3o Eleitoral\" \/>\n<meta property=\"article:publisher\" content=\"https:\/\/www.facebook.com\/Comunica%c3%a7%c3%a3o-Eleitoral-564214587069724\/\" \/>\n<meta property=\"article:published_time\" content=\"2019-11-26T19:34:45+00:00\" \/>\n<meta property=\"article:modified_time\" content=\"2019-11-26T19:35:46+00:00\" \/>\n<meta property=\"og:image\" content=\"https:\/\/comunicacaoeleitoral.ufpr.br\/wp-content\/uploads\/2019\/11\/capas.jpg\" \/>\n\t<meta property=\"og:image:width\" content=\"683\" \/>\n\t<meta property=\"og:image:height\" content=\"478\" \/>\n\t<meta property=\"og:image:type\" content=\"image\/jpeg\" \/>\n<meta name=\"author\" content=\"Karina Lan\u00e7oni Bernardi\" \/>\n<meta name=\"twitter:card\" content=\"summary_large_image\" \/>\n<meta name=\"twitter:label1\" content=\"Escrito por\" \/>\n\t<meta name=\"twitter:data1\" content=\"Karina Lan\u00e7oni Bernardi\" \/>\n\t<meta name=\"twitter:label2\" content=\"Est. tempo de leitura\" \/>\n\t<meta name=\"twitter:data2\" content=\"1 minuto\" \/>\n<script type=\"application\/ld+json\" class=\"yoast-schema-graph\">{\"@context\":\"https:\/\/schema.org\",\"@graph\":[{\"@type\":\"Article\",\"@id\":\"https:\/\/comunicacaoeleitoral.ufpr.br\/index.php\/2019\/11\/26\/pesquisadores-da-ufpr-lancam-livros-digitais-sobre-campanhas-eleitorais\/#article\",\"isPartOf\":{\"@id\":\"https:\/\/comunicacaoeleitoral.ufpr.br\/index.php\/2019\/11\/26\/pesquisadores-da-ufpr-lancam-livros-digitais-sobre-campanhas-eleitorais\/\"},\"author\":{\"name\":\"Karina Lan\u00e7oni Bernardi\",\"@id\":\"https:\/\/comunicacaoeleitoral.ufpr.br\/#\/schema\/person\/79a95f38cae5273b3b87aff077f6485c\"},\"headline\":\"Pesquisadores da UFPR lan\u00e7am livros digitais sobre campanhas eleitorais\",\"datePublished\":\"2019-11-26T19:34:45+00:00\",\"dateModified\":\"2019-11-26T19:35:46+00:00\",\"mainEntityOfPage\":{\"@id\":\"https:\/\/comunicacaoeleitoral.ufpr.br\/index.php\/2019\/11\/26\/pesquisadores-da-ufpr-lancam-livros-digitais-sobre-campanhas-eleitorais\/\"},\"wordCount\":274,\"publisher\":{\"@id\":\"https:\/\/comunicacaoeleitoral.ufpr.br\/#organization\"},\"image\":{\"@id\":\"https:\/\/comunicacaoeleitoral.ufpr.br\/index.php\/2019\/11\/26\/pesquisadores-da-ufpr-lancam-livros-digitais-sobre-campanhas-eleitorais\/#primaryimage\"},\"thumbnailUrl\":\"https:\/\/comunicacaoeleitoral.ufpr.br\/wp-content\/uploads\/2019\/11\/capas.jpg\",\"keywords\":[\"comunica\u00e7\u00e3o eleitoral\"],\"articleSection\":[\"Not\u00edcias\"],\"inLanguage\":\"pt-BR\"},{\"@type\":\"WebPage\",\"@id\":\"https:\/\/comunicacaoeleitoral.ufpr.br\/index.php\/2019\/11\/26\/pesquisadores-da-ufpr-lancam-livros-digitais-sobre-campanhas-eleitorais\/\",\"url\":\"https:\/\/comunicacaoeleitoral.ufpr.br\/index.php\/2019\/11\/26\/pesquisadores-da-ufpr-lancam-livros-digitais-sobre-campanhas-eleitorais\/\",\"name\":\"Pesquisadores da UFPR lan\u00e7am livros digitais sobre campanhas eleitorais - Comunica\u00e7\u00e3o Eleitoral\",\"isPartOf\":{\"@id\":\"https:\/\/comunicacaoeleitoral.ufpr.br\/#website\"},\"primaryImageOfPage\":{\"@id\":\"https:\/\/comunicacaoeleitoral.ufpr.br\/index.php\/2019\/11\/26\/pesquisadores-da-ufpr-lancam-livros-digitais-sobre-campanhas-eleitorais\/#primaryimage\"},\"image\":{\"@id\":\"https:\/\/comunicacaoeleitoral.ufpr.br\/index.php\/2019\/11\/26\/pesquisadores-da-ufpr-lancam-livros-digitais-sobre-campanhas-eleitorais\/#primaryimage\"},\"thumbnailUrl\":\"https:\/\/comunicacaoeleitoral.ufpr.br\/wp-content\/uploads\/2019\/11\/capas.jpg\",\"datePublished\":\"2019-11-26T19:34:45+00:00\",\"dateModified\":\"2019-11-26T19:35:46+00:00\",\"description\":\"Grupo de pesquisa ligado \u00e0 linha de Comunica\u00e7\u00e3o, Pol\u00edtica e Atores Coletivos do Programa de P\u00f3s-gradua\u00e7\u00e3o em Comunica\u00e7\u00e3o da Universidade Federal do Paran\u00e1 (UFPR)\",\"breadcrumb\":{\"@id\":\"https:\/\/comunicacaoeleitoral.ufpr.br\/index.php\/2019\/11\/26\/pesquisadores-da-ufpr-lancam-livros-digitais-sobre-campanhas-eleitorais\/#breadcrumb\"},\"inLanguage\":\"pt-BR\",\"potentialAction\":[{\"@type\":\"ReadAction\",\"target\":[\"https:\/\/comunicacaoeleitoral.ufpr.br\/index.php\/2019\/11\/26\/pesquisadores-da-ufpr-lancam-livros-digitais-sobre-campanhas-eleitorais\/\"]}]},{\"@type\":\"ImageObject\",\"inLanguage\":\"pt-BR\",\"@id\":\"https:\/\/comunicacaoeleitoral.ufpr.br\/index.php\/2019\/11\/26\/pesquisadores-da-ufpr-lancam-livros-digitais-sobre-campanhas-eleitorais\/#primaryimage\",\"url\":\"https:\/\/comunicacaoeleitoral.ufpr.br\/wp-content\/uploads\/2019\/11\/capas.jpg\",\"contentUrl\":\"https:\/\/comunicacaoeleitoral.ufpr.br\/wp-content\/uploads\/2019\/11\/capas.jpg\",\"width\":683,\"height\":478},{\"@type\":\"BreadcrumbList\",\"@id\":\"https:\/\/comunicacaoeleitoral.ufpr.br\/index.php\/2019\/11\/26\/pesquisadores-da-ufpr-lancam-livros-digitais-sobre-campanhas-eleitorais\/#breadcrumb\",\"itemListElement\":[{\"@type\":\"ListItem\",\"position\":1,\"name\":\"In\u00edcio\",\"item\":\"https:\/\/comunicacaoeleitoral.ufpr.br\/\"},{\"@type\":\"ListItem\",\"position\":2,\"name\":\"Pesquisadores da UFPR lan\u00e7am livros digitais sobre campanhas eleitorais\"}]},{\"@type\":\"WebSite\",\"@id\":\"https:\/\/comunicacaoeleitoral.ufpr.br\/#website\",\"url\":\"https:\/\/comunicacaoeleitoral.ufpr.br\/\",\"name\":\"Comunica\u00e7\u00e3o Eleitoral\",\"description\":\"Grupo de pesquisa ligado \u00e0 linha de Comunica\u00e7\u00e3o e Pol\u00edtica do Programa de P\u00f3s-gradua\u00e7\u00e3o em Comunica\u00e7\u00e3o da Universidade Federal do Paran\u00e1.\",\"publisher\":{\"@id\":\"https:\/\/comunicacaoeleitoral.ufpr.br\/#organization\"},\"potentialAction\":[{\"@type\":\"SearchAction\",\"target\":{\"@type\":\"EntryPoint\",\"urlTemplate\":\"https:\/\/comunicacaoeleitoral.ufpr.br\/?s={search_term_string}\"},\"query-input\":\"required name=search_term_string\"}],\"inLanguage\":\"pt-BR\"},{\"@type\":\"Organization\",\"@id\":\"https:\/\/comunicacaoeleitoral.ufpr.br\/#organization\",\"name\":\"Comunica\u00e7\u00e3o Eleitoral\",\"url\":\"https:\/\/comunicacaoeleitoral.ufpr.br\/\",\"logo\":{\"@type\":\"ImageObject\",\"inLanguage\":\"pt-BR\",\"@id\":\"https:\/\/comunicacaoeleitoral.ufpr.br\/#\/schema\/logo\/image\/\",\"url\":\"https:\/\/comunicacaoeleitoral.ufpr.br\/wp-content\/uploads\/2015\/05\/header2c_celtalks.png\",\"contentUrl\":\"https:\/\/comunicacaoeleitoral.ufpr.br\/wp-content\/uploads\/2015\/05\/header2c_celtalks.png\",\"width\":1800,\"height\":674,\"caption\":\"Comunica\u00e7\u00e3o Eleitoral\"},\"image\":{\"@id\":\"https:\/\/comunicacaoeleitoral.ufpr.br\/#\/schema\/logo\/image\/\"},\"sameAs\":[\"https:\/\/www.facebook.com\/Comunica\u00e7\u00e3o-Eleitoral-564214587069724\/\",\"https:\/\/www.instagram.com\/comunicacaoeleitoral\/\",\"https:\/\/www.youtube.com\/ocanalpanke\"]},{\"@type\":\"Person\",\"@id\":\"https:\/\/comunicacaoeleitoral.ufpr.br\/#\/schema\/person\/79a95f38cae5273b3b87aff077f6485c\",\"name\":\"Karina Lan\u00e7oni Bernardi\",\"image\":{\"@type\":\"ImageObject\",\"inLanguage\":\"pt-BR\",\"@id\":\"https:\/\/comunicacaoeleitoral.ufpr.br\/#\/schema\/person\/image\/\",\"url\":\"https:\/\/secure.gravatar.com\/avatar\/c8d46e96fd81dd15e78d3b04ca2e8e28?s=96&d=mm&r=g\",\"contentUrl\":\"https:\/\/secure.gravatar.com\/avatar\/c8d46e96fd81dd15e78d3b04ca2e8e28?s=96&d=mm&r=g\",\"caption\":\"Karina Lan\u00e7oni Bernardi\"},\"url\":\"https:\/\/comunicacaoeleitoral.ufpr.br\/index.php\/author\/karinabernardi\/\"}]}<\/script>\n<!-- \/ Yoast SEO plugin. -->","yoast_head_json":{"title":"Pesquisadores da UFPR lan\u00e7am livros digitais sobre campanhas eleitorais - Comunica\u00e7\u00e3o Eleitoral","description":"Grupo de pesquisa ligado \u00e0 linha de Comunica\u00e7\u00e3o, Pol\u00edtica e Atores Coletivos do Programa de P\u00f3s-gradua\u00e7\u00e3o em Comunica\u00e7\u00e3o da Universidade Federal do Paran\u00e1 (UFPR)","robots":{"index":"index","follow":"follow","max-snippet":"max-snippet:-1","max-image-preview":"max-image-preview:large","max-video-preview":"max-video-preview:-1"},"canonical":"https:\/\/comunicacaoeleitoral.ufpr.br\/index.php\/2019\/11\/26\/pesquisadores-da-ufpr-lancam-livros-digitais-sobre-campanhas-eleitorais\/","og_locale":"pt_BR","og_type":"article","og_title":"Pesquisadores da UFPR lan\u00e7am livros digitais sobre campanhas eleitorais - Comunica\u00e7\u00e3o Eleitoral","og_description":"Grupo de pesquisa ligado \u00e0 linha de Comunica\u00e7\u00e3o, Pol\u00edtica e Atores Coletivos do Programa de P\u00f3s-gradua\u00e7\u00e3o em Comunica\u00e7\u00e3o da Universidade Federal do Paran\u00e1 (UFPR)","og_url":"https:\/\/comunicacaoeleitoral.ufpr.br\/index.php\/2019\/11\/26\/pesquisadores-da-ufpr-lancam-livros-digitais-sobre-campanhas-eleitorais\/","og_site_name":"Comunica\u00e7\u00e3o Eleitoral","article_publisher":"https:\/\/www.facebook.com\/Comunica%c3%a7%c3%a3o-Eleitoral-564214587069724\/","article_published_time":"2019-11-26T19:34:45+00:00","article_modified_time":"2019-11-26T19:35:46+00:00","og_image":[{"width":683,"height":478,"url":"https:\/\/comunicacaoeleitoral.ufpr.br\/wp-content\/uploads\/2019\/11\/capas.jpg","type":"image\/jpeg"}],"author":"Karina Lan\u00e7oni Bernardi","twitter_card":"summary_large_image","twitter_misc":{"Escrito por":"Karina Lan\u00e7oni Bernardi","Est. tempo de leitura":"1 minuto"},"schema":{"@context":"https:\/\/schema.org","@graph":[{"@type":"Article","@id":"https:\/\/comunicacaoeleitoral.ufpr.br\/index.php\/2019\/11\/26\/pesquisadores-da-ufpr-lancam-livros-digitais-sobre-campanhas-eleitorais\/#article","isPartOf":{"@id":"https:\/\/comunicacaoeleitoral.ufpr.br\/index.php\/2019\/11\/26\/pesquisadores-da-ufpr-lancam-livros-digitais-sobre-campanhas-eleitorais\/"},"author":{"name":"Karina Lan\u00e7oni Bernardi","@id":"https:\/\/comunicacaoeleitoral.ufpr.br\/#\/schema\/person\/79a95f38cae5273b3b87aff077f6485c"},"headline":"Pesquisadores da UFPR lan\u00e7am livros digitais sobre campanhas eleitorais","datePublished":"2019-11-26T19:34:45+00:00","dateModified":"2019-11-26T19:35:46+00:00","mainEntityOfPage":{"@id":"https:\/\/comunicacaoeleitoral.ufpr.br\/index.php\/2019\/11\/26\/pesquisadores-da-ufpr-lancam-livros-digitais-sobre-campanhas-eleitorais\/"},"wordCount":274,"publisher":{"@id":"https:\/\/comunicacaoeleitoral.ufpr.br\/#organization"},"image":{"@id":"https:\/\/comunicacaoeleitoral.ufpr.br\/index.php\/2019\/11\/26\/pesquisadores-da-ufpr-lancam-livros-digitais-sobre-campanhas-eleitorais\/#primaryimage"},"thumbnailUrl":"https:\/\/comunicacaoeleitoral.ufpr.br\/wp-content\/uploads\/2019\/11\/capas.jpg","keywords":["comunica\u00e7\u00e3o eleitoral"],"articleSection":["Not\u00edcias"],"inLanguage":"pt-BR"},{"@type":"WebPage","@id":"https:\/\/comunicacaoeleitoral.ufpr.br\/index.php\/2019\/11\/26\/pesquisadores-da-ufpr-lancam-livros-digitais-sobre-campanhas-eleitorais\/","url":"https:\/\/comunicacaoeleitoral.ufpr.br\/index.php\/2019\/11\/26\/pesquisadores-da-ufpr-lancam-livros-digitais-sobre-campanhas-eleitorais\/","name":"Pesquisadores da UFPR lan\u00e7am livros digitais sobre campanhas eleitorais - Comunica\u00e7\u00e3o Eleitoral","isPartOf":{"@id":"https:\/\/comunicacaoeleitoral.ufpr.br\/#website"},"primaryImageOfPage":{"@id":"https:\/\/comunicacaoeleitoral.ufpr.br\/index.php\/2019\/11\/26\/pesquisadores-da-ufpr-lancam-livros-digitais-sobre-campanhas-eleitorais\/#primaryimage"},"image":{"@id":"https:\/\/comunicacaoeleitoral.ufpr.br\/index.php\/2019\/11\/26\/pesquisadores-da-ufpr-lancam-livros-digitais-sobre-campanhas-eleitorais\/#primaryimage"},"thumbnailUrl":"https:\/\/comunicacaoeleitoral.ufpr.br\/wp-content\/uploads\/2019\/11\/capas.jpg","datePublished":"2019-11-26T19:34:45+00:00","dateModified":"2019-11-26T19:35:46+00:00","description":"Grupo de pesquisa ligado \u00e0 linha de Comunica\u00e7\u00e3o, Pol\u00edtica e Atores Coletivos do Programa de P\u00f3s-gradua\u00e7\u00e3o em Comunica\u00e7\u00e3o da Universidade Federal do Paran\u00e1 (UFPR)","breadcrumb":{"@id":"https:\/\/comunicacaoeleitoral.ufpr.br\/index.php\/2019\/11\/26\/pesquisadores-da-ufpr-lancam-livros-digitais-sobre-campanhas-eleitorais\/#breadcrumb"},"inLanguage":"pt-BR","potentialAction":[{"@type":"ReadAction","target":["https:\/\/comunicacaoeleitoral.ufpr.br\/index.php\/2019\/11\/26\/pesquisadores-da-ufpr-lancam-livros-digitais-sobre-campanhas-eleitorais\/"]}]},{"@type":"ImageObject","inLanguage":"pt-BR","@id":"https:\/\/comunicacaoeleitoral.ufpr.br\/index.php\/2019\/11\/26\/pesquisadores-da-ufpr-lancam-livros-digitais-sobre-campanhas-eleitorais\/#primaryimage","url":"https:\/\/comunicacaoeleitoral.ufpr.br\/wp-content\/uploads\/2019\/11\/capas.jpg","contentUrl":"https:\/\/comunicacaoeleitoral.ufpr.br\/wp-content\/uploads\/2019\/11\/capas.jpg","width":683,"height":478},{"@type":"BreadcrumbList","@id":"https:\/\/comunicacaoeleitoral.ufpr.br\/index.php\/2019\/11\/26\/pesquisadores-da-ufpr-lancam-livros-digitais-sobre-campanhas-eleitorais\/#breadcrumb","itemListElement":[{"@type":"ListItem","position":1,"name":"In\u00edcio","item":"https:\/\/comunicacaoeleitoral.ufpr.br\/"},{"@type":"ListItem","position":2,"name":"Pesquisadores da UFPR lan\u00e7am livros digitais sobre campanhas eleitorais"}]},{"@type":"WebSite","@id":"https:\/\/comunicacaoeleitoral.ufpr.br\/#website","url":"https:\/\/comunicacaoeleitoral.ufpr.br\/","name":"Comunica\u00e7\u00e3o Eleitoral","description":"Grupo de pesquisa ligado \u00e0 linha de Comunica\u00e7\u00e3o e Pol\u00edtica do Programa de P\u00f3s-gradua\u00e7\u00e3o em Comunica\u00e7\u00e3o da Universidade Federal do Paran\u00e1.","publisher":{"@id":"https:\/\/comunicacaoeleitoral.ufpr.br\/#organization"},"potentialAction":[{"@type":"SearchAction","target":{"@type":"EntryPoint","urlTemplate":"https:\/\/comunicacaoeleitoral.ufpr.br\/?s={search_term_string}"},"query-input":"required name=search_term_string"}],"inLanguage":"pt-BR"},{"@type":"Organization","@id":"https:\/\/comunicacaoeleitoral.ufpr.br\/#organization","name":"Comunica\u00e7\u00e3o Eleitoral","url":"https:\/\/comunicacaoeleitoral.ufpr.br\/","logo":{"@type":"ImageObject","inLanguage":"pt-BR","@id":"https:\/\/comunicacaoeleitoral.ufpr.br\/#\/schema\/logo\/image\/","url":"https:\/\/comunicacaoeleitoral.ufpr.br\/wp-content\/uploads\/2015\/05\/header2c_celtalks.png","contentUrl":"https:\/\/comunicacaoeleitoral.ufpr.br\/wp-content\/uploads\/2015\/05\/header2c_celtalks.png","width":1800,"height":674,"caption":"Comunica\u00e7\u00e3o Eleitoral"},"image":{"@id":"https:\/\/comunicacaoeleitoral.ufpr.br\/#\/schema\/logo\/image\/"},"sameAs":["https:\/\/www.facebook.com\/Comunica\u00e7\u00e3o-Eleitoral-564214587069724\/","https:\/\/www.instagram.com\/comunicacaoeleitoral\/","https:\/\/www.youtube.com\/ocanalpanke"]},{"@type":"Person","@id":"https:\/\/comunicacaoeleitoral.ufpr.br\/#\/schema\/person\/79a95f38cae5273b3b87aff077f6485c","name":"Karina Lan\u00e7oni Bernardi","image":{"@type":"ImageObject","inLanguage":"pt-BR","@id":"https:\/\/comunicacaoeleitoral.ufpr.br\/#\/schema\/person\/image\/","url":"https:\/\/secure.gravatar.com\/avatar\/c8d46e96fd81dd15e78d3b04ca2e8e28?s=96&d=mm&r=g","contentUrl":"https:\/\/secure.gravatar.com\/avatar\/c8d46e96fd81dd15e78d3b04ca2e8e28?s=96&d=mm&r=g","caption":"Karina Lan\u00e7oni Bernardi"},"url":"https:\/\/comunicacaoeleitoral.ufpr.br\/index.php\/author\/karinabernardi\/"}]}},"_links":{"self":[{"href":"https:\/\/comunicacaoeleitoral.ufpr.br\/index.php\/wp-json\/wp\/v2\/posts\/2652"}],"collection":[{"href":"https:\/\/comunicacaoeleitoral.ufpr.br\/index.php\/wp-json\/wp\/v2\/posts"}],"about":[{"href":"https:\/\/comunicacaoeleitoral.ufpr.br\/index.php\/wp-json\/wp\/v2\/types\/post"}],"author":[{"embeddable":true,"href":"https:\/\/comunicacaoeleitoral.ufpr.br\/index.php\/wp-json\/wp\/v2\/users\/18"}],"replies":[{"embeddable":true,"href":"https:\/\/comunicacaoeleitoral.ufpr.br\/index.php\/wp-json\/wp\/v2\/comments?post=2652"}],"version-history":[{"count":2,"href":"https:\/\/comunicacaoeleitoral.ufpr.br\/index.php\/wp-json\/wp\/v2\/posts\/2652\/revisions"}],"predecessor-version":[{"id":2655,"href":"https:\/\/comunicacaoeleitoral.ufpr.br\/index.php\/wp-json\/wp\/v2\/posts\/2652\/revisions\/2655"}],"wp:featuredmedia":[{"embeddable":true,"href":"https:\/\/comunicacaoeleitoral.ufpr.br\/index.php\/wp-json\/wp\/v2\/media\/2653"}],"wp:attachment":[{"href":"https:\/\/comunicacaoeleitoral.ufpr.br\/index.php\/wp-json\/wp\/v2\/media?parent=2652"}],"wp:term":[{"taxonomy":"category","embeddable":true,"href":"https:\/\/comunicacaoeleitoral.ufpr.br\/index.php\/wp-json\/wp\/v2\/categories?post=2652"},{"taxonomy":"post_tag","embeddable":true,"href":"https:\/\/comunicacaoeleitoral.ufpr.br\/index.php\/wp-json\/wp\/v2\/tags?post=2652"}],"curies":[{"name":"wp","href":"https:\/\/api.w.org\/{rel}","templated":true}]}}