{"id":2525,"date":"2019-05-17T16:11:23","date_gmt":"2019-05-17T16:11:23","guid":{"rendered":"https:\/\/comunicacaoeleitoral.ufpr.br\/?p=2525"},"modified":"2019-05-17T19:10:17","modified_gmt":"2019-05-17T19:10:17","slug":"artigo-do-cel-analisa-perfil-comunicacional-das-candidatas-em-2018","status":"publish","type":"post","link":"https:\/\/comunicacaoeleitoral.ufpr.br\/index.php\/2019\/05\/17\/artigo-do-cel-analisa-perfil-comunicacional-das-candidatas-em-2018\/","title":{"rendered":"Artigo do CEL analisa Perfil Comunicacional das Candidatas em 2018"},"content":{"rendered":"<p>O artigo &#8220;O Perfil Comunicacional das Candidatas aos Governos Estaduais em 2018&#8221;, produzido pela fundadora do CEL, Prof Dra Luciana Panke, em parceria com as alunas do Mestrado em Comunica\u00e7\u00e3o do PPGCOM\/UFPR, Karina Bernardi e Silvia Cunha, foi apresentado nesta sexta-feira (17), no Congresso da Associa\u00e7\u00e3o Brasileira de Pesquisadores em Comunica\u00e7\u00e3o Pol\u00edtica \u2013 Compol\u00edtica 2019.<\/p>\n<p>Em 2018, o pa\u00eds teve duas candidatas presidenciais que, juntas, somaram menos de 5% dos votos. Nas candidaturas nos estados, as mulheres eram 15%, mas nenhuma venceu no primeiro turno e s\u00f3 F\u00e1tima Bezerra (PT) foi ao segundo, se elegendo governadora do Rio Grande do Norte. Importante destacar tamb\u00e9m que somente em 19 Estados houve candidaturas femininas.<\/p>\n<p>Das que se candidataram aos governos estaduais, 13 n\u00e3o alcan\u00e7aram nem 1% dos votos. Partindo deste contexto sociopol\u00edtico, o estudo analisou as campanhas das candidatas aos governos estaduais em 2018, com base em Panke (2016), que prop\u00f5e tr\u00eas tipologias principais das imagens p\u00fablicas adotadas pelas candidatas: \u201cmaternal\u201d, \u201cprofissional\u201d e \u201cguerreira\u201d.<\/p>\n<p>Veja <a href=\"http:\/\/ctpol.unb.br\/compolitica2019\/GT9\/gt9_Panke_Bernardi_Cunha.pdf?fbclid=IwAR0cEwNRTY7UpubZRejL7u4FJixrXXk4Fw2Dpw-iM0b9jSoZlSLM57RgKHo\">aqui <\/a>o artigo completo.<\/p>\n<p>&nbsp;<\/p>\n","protected":false},"excerpt":{"rendered":"<p>O artigo &#8220;O Perfil Comunicacional das Candidatas aos Governos Estaduais em 2018&#8221;, produzido pela fundadora do CEL, Prof Dra Luciana Panke, em parceria com as alunas do Mestrado em Comunica\u00e7\u00e3o do PPGCOM\/UFPR, Karina Bernardi e Silvia Cunha, foi apresentado nesta sexta-feira (17), no Congresso da Associa\u00e7\u00e3o Brasileira de Pesquisadores em Comunica\u00e7\u00e3o Pol\u00edtica \u2013 Compol\u00edtica 2019. [&hellip;]<\/p>\n","protected":false},"author":18,"featured_media":2529,"comment_status":"closed","ping_status":"closed","sticky":false,"template":"","format":"standard","meta":{"_monsterinsights_skip_tracking":false,"_monsterinsights_sitenote_active":false,"_monsterinsights_sitenote_note":"","_monsterinsights_sitenote_category":0,"footnotes":""},"categories":[68],"tags":[18,19,484],"yoast_head":"<!-- This site is optimized with the Yoast SEO plugin v22.2 - https:\/\/yoast.com\/wordpress\/plugins\/seo\/ -->\n<title>Artigo do CEL analisa Perfil Comunicacional das Candidatas em 2018 - Comunica\u00e7\u00e3o Eleitoral<\/title>\n<meta name=\"description\" content=\"Grupo de pesquisa ligado \u00e0 linha de Comunica\u00e7\u00e3o, Pol\u00edtica e Atores Coletivos do Programa de P\u00f3s-gradua\u00e7\u00e3o em Comunica\u00e7\u00e3o da Universidade Federal do Paran\u00e1 (UFPR)\" \/>\n<meta name=\"robots\" content=\"index, follow, max-snippet:-1, max-image-preview:large, max-video-preview:-1\" \/>\n<link rel=\"canonical\" href=\"https:\/\/comunicacaoeleitoral.ufpr.br\/index.php\/2019\/05\/17\/artigo-do-cel-analisa-perfil-comunicacional-das-candidatas-em-2018\/\" \/>\n<meta property=\"og:locale\" content=\"pt_BR\" \/>\n<meta property=\"og:type\" content=\"article\" \/>\n<meta property=\"og:title\" content=\"Artigo do CEL analisa Perfil Comunicacional das Candidatas em 2018 - Comunica\u00e7\u00e3o Eleitoral\" \/>\n<meta property=\"og:description\" content=\"Grupo de pesquisa ligado \u00e0 linha de Comunica\u00e7\u00e3o, Pol\u00edtica e Atores Coletivos do Programa de P\u00f3s-gradua\u00e7\u00e3o em Comunica\u00e7\u00e3o da Universidade Federal do Paran\u00e1 (UFPR)\" \/>\n<meta property=\"og:url\" content=\"https:\/\/comunicacaoeleitoral.ufpr.br\/index.php\/2019\/05\/17\/artigo-do-cel-analisa-perfil-comunicacional-das-candidatas-em-2018\/\" \/>\n<meta property=\"og:site_name\" content=\"Comunica\u00e7\u00e3o Eleitoral\" \/>\n<meta property=\"article:publisher\" content=\"https:\/\/www.facebook.com\/Comunica%c3%a7%c3%a3o-Eleitoral-564214587069724\/\" \/>\n<meta property=\"article:published_time\" content=\"2019-05-17T16:11:23+00:00\" \/>\n<meta property=\"article:modified_time\" content=\"2019-05-17T19:10:17+00:00\" \/>\n<meta property=\"og:image\" content=\"https:\/\/comunicacaoeleitoral.ufpr.br\/wp-content\/uploads\/2019\/05\/WhatsApp-Image-2019-05-17-at-14.43.12.jpeg\" \/>\n\t<meta property=\"og:image:width\" content=\"1152\" \/>\n\t<meta property=\"og:image:height\" content=\"648\" \/>\n\t<meta property=\"og:image:type\" content=\"image\/jpeg\" \/>\n<meta name=\"author\" content=\"Karina Lan\u00e7oni Bernardi\" \/>\n<meta name=\"twitter:card\" content=\"summary_large_image\" \/>\n<meta name=\"twitter:label1\" content=\"Escrito por\" \/>\n\t<meta name=\"twitter:data1\" content=\"Karina Lan\u00e7oni Bernardi\" \/>\n\t<meta name=\"twitter:label2\" content=\"Est. tempo de leitura\" \/>\n\t<meta name=\"twitter:data2\" content=\"1 minuto\" \/>\n<script type=\"application\/ld+json\" class=\"yoast-schema-graph\">{\"@context\":\"https:\/\/schema.org\",\"@graph\":[{\"@type\":\"Article\",\"@id\":\"https:\/\/comunicacaoeleitoral.ufpr.br\/index.php\/2019\/05\/17\/artigo-do-cel-analisa-perfil-comunicacional-das-candidatas-em-2018\/#article\",\"isPartOf\":{\"@id\":\"https:\/\/comunicacaoeleitoral.ufpr.br\/index.php\/2019\/05\/17\/artigo-do-cel-analisa-perfil-comunicacional-das-candidatas-em-2018\/\"},\"author\":{\"name\":\"Karina Lan\u00e7oni Bernardi\",\"@id\":\"https:\/\/comunicacaoeleitoral.ufpr.br\/#\/schema\/person\/79a95f38cae5273b3b87aff077f6485c\"},\"headline\":\"Artigo do CEL analisa Perfil Comunicacional das Candidatas em 2018\",\"datePublished\":\"2019-05-17T16:11:23+00:00\",\"dateModified\":\"2019-05-17T19:10:17+00:00\",\"mainEntityOfPage\":{\"@id\":\"https:\/\/comunicacaoeleitoral.ufpr.br\/index.php\/2019\/05\/17\/artigo-do-cel-analisa-perfil-comunicacional-das-candidatas-em-2018\/\"},\"wordCount\":180,\"publisher\":{\"@id\":\"https:\/\/comunicacaoeleitoral.ufpr.br\/#organization\"},\"image\":{\"@id\":\"https:\/\/comunicacaoeleitoral.ufpr.br\/index.php\/2019\/05\/17\/artigo-do-cel-analisa-perfil-comunicacional-das-candidatas-em-2018\/#primaryimage\"},\"thumbnailUrl\":\"https:\/\/comunicacaoeleitoral.ufpr.br\/wp-content\/uploads\/2019\/05\/WhatsApp-Image-2019-05-17-at-14.43.12.jpeg\",\"keywords\":[\"comunica\u00e7\u00e3o eleitoral\",\"comunica\u00e7\u00e3o pol\u00edtica\",\"mulheres na pol\u00edtica\"],\"articleSection\":[\"Not\u00edcias\"],\"inLanguage\":\"pt-BR\"},{\"@type\":\"WebPage\",\"@id\":\"https:\/\/comunicacaoeleitoral.ufpr.br\/index.php\/2019\/05\/17\/artigo-do-cel-analisa-perfil-comunicacional-das-candidatas-em-2018\/\",\"url\":\"https:\/\/comunicacaoeleitoral.ufpr.br\/index.php\/2019\/05\/17\/artigo-do-cel-analisa-perfil-comunicacional-das-candidatas-em-2018\/\",\"name\":\"Artigo do CEL analisa Perfil Comunicacional das Candidatas em 2018 - Comunica\u00e7\u00e3o Eleitoral\",\"isPartOf\":{\"@id\":\"https:\/\/comunicacaoeleitoral.ufpr.br\/#website\"},\"primaryImageOfPage\":{\"@id\":\"https:\/\/comunicacaoeleitoral.ufpr.br\/index.php\/2019\/05\/17\/artigo-do-cel-analisa-perfil-comunicacional-das-candidatas-em-2018\/#primaryimage\"},\"image\":{\"@id\":\"https:\/\/comunicacaoeleitoral.ufpr.br\/index.php\/2019\/05\/17\/artigo-do-cel-analisa-perfil-comunicacional-das-candidatas-em-2018\/#primaryimage\"},\"thumbnailUrl\":\"https:\/\/comunicacaoeleitoral.ufpr.br\/wp-content\/uploads\/2019\/05\/WhatsApp-Image-2019-05-17-at-14.43.12.jpeg\",\"datePublished\":\"2019-05-17T16:11:23+00:00\",\"dateModified\":\"2019-05-17T19:10:17+00:00\",\"description\":\"Grupo de pesquisa ligado \u00e0 linha de Comunica\u00e7\u00e3o, Pol\u00edtica e Atores Coletivos do Programa de P\u00f3s-gradua\u00e7\u00e3o em Comunica\u00e7\u00e3o da Universidade Federal do Paran\u00e1 (UFPR)\",\"breadcrumb\":{\"@id\":\"https:\/\/comunicacaoeleitoral.ufpr.br\/index.php\/2019\/05\/17\/artigo-do-cel-analisa-perfil-comunicacional-das-candidatas-em-2018\/#breadcrumb\"},\"inLanguage\":\"pt-BR\",\"potentialAction\":[{\"@type\":\"ReadAction\",\"target\":[\"https:\/\/comunicacaoeleitoral.ufpr.br\/index.php\/2019\/05\/17\/artigo-do-cel-analisa-perfil-comunicacional-das-candidatas-em-2018\/\"]}]},{\"@type\":\"ImageObject\",\"inLanguage\":\"pt-BR\",\"@id\":\"https:\/\/comunicacaoeleitoral.ufpr.br\/index.php\/2019\/05\/17\/artigo-do-cel-analisa-perfil-comunicacional-das-candidatas-em-2018\/#primaryimage\",\"url\":\"https:\/\/comunicacaoeleitoral.ufpr.br\/wp-content\/uploads\/2019\/05\/WhatsApp-Image-2019-05-17-at-14.43.12.jpeg\",\"contentUrl\":\"https:\/\/comunicacaoeleitoral.ufpr.br\/wp-content\/uploads\/2019\/05\/WhatsApp-Image-2019-05-17-at-14.43.12.jpeg\",\"width\":1152,\"height\":648},{\"@type\":\"BreadcrumbList\",\"@id\":\"https:\/\/comunicacaoeleitoral.ufpr.br\/index.php\/2019\/05\/17\/artigo-do-cel-analisa-perfil-comunicacional-das-candidatas-em-2018\/#breadcrumb\",\"itemListElement\":[{\"@type\":\"ListItem\",\"position\":1,\"name\":\"In\u00edcio\",\"item\":\"https:\/\/comunicacaoeleitoral.ufpr.br\/\"},{\"@type\":\"ListItem\",\"position\":2,\"name\":\"Artigo do CEL analisa Perfil Comunicacional das Candidatas em 2018\"}]},{\"@type\":\"WebSite\",\"@id\":\"https:\/\/comunicacaoeleitoral.ufpr.br\/#website\",\"url\":\"https:\/\/comunicacaoeleitoral.ufpr.br\/\",\"name\":\"Comunica\u00e7\u00e3o Eleitoral\",\"description\":\"Grupo de pesquisa ligado \u00e0 linha de Comunica\u00e7\u00e3o e Pol\u00edtica do Programa de P\u00f3s-gradua\u00e7\u00e3o em Comunica\u00e7\u00e3o da Universidade Federal do Paran\u00e1.\",\"publisher\":{\"@id\":\"https:\/\/comunicacaoeleitoral.ufpr.br\/#organization\"},\"potentialAction\":[{\"@type\":\"SearchAction\",\"target\":{\"@type\":\"EntryPoint\",\"urlTemplate\":\"https:\/\/comunicacaoeleitoral.ufpr.br\/?s={search_term_string}\"},\"query-input\":\"required name=search_term_string\"}],\"inLanguage\":\"pt-BR\"},{\"@type\":\"Organization\",\"@id\":\"https:\/\/comunicacaoeleitoral.ufpr.br\/#organization\",\"name\":\"Comunica\u00e7\u00e3o Eleitoral\",\"url\":\"https:\/\/comunicacaoeleitoral.ufpr.br\/\",\"logo\":{\"@type\":\"ImageObject\",\"inLanguage\":\"pt-BR\",\"@id\":\"https:\/\/comunicacaoeleitoral.ufpr.br\/#\/schema\/logo\/image\/\",\"url\":\"https:\/\/comunicacaoeleitoral.ufpr.br\/wp-content\/uploads\/2015\/05\/header2c_celtalks.png\",\"contentUrl\":\"https:\/\/comunicacaoeleitoral.ufpr.br\/wp-content\/uploads\/2015\/05\/header2c_celtalks.png\",\"width\":1800,\"height\":674,\"caption\":\"Comunica\u00e7\u00e3o Eleitoral\"},\"image\":{\"@id\":\"https:\/\/comunicacaoeleitoral.ufpr.br\/#\/schema\/logo\/image\/\"},\"sameAs\":[\"https:\/\/www.facebook.com\/Comunica\u00e7\u00e3o-Eleitoral-564214587069724\/\",\"https:\/\/www.instagram.com\/comunicacaoeleitoral\/\",\"https:\/\/www.youtube.com\/ocanalpanke\"]},{\"@type\":\"Person\",\"@id\":\"https:\/\/comunicacaoeleitoral.ufpr.br\/#\/schema\/person\/79a95f38cae5273b3b87aff077f6485c\",\"name\":\"Karina Lan\u00e7oni Bernardi\",\"image\":{\"@type\":\"ImageObject\",\"inLanguage\":\"pt-BR\",\"@id\":\"https:\/\/comunicacaoeleitoral.ufpr.br\/#\/schema\/person\/image\/\",\"url\":\"https:\/\/secure.gravatar.com\/avatar\/c8d46e96fd81dd15e78d3b04ca2e8e28?s=96&d=mm&r=g\",\"contentUrl\":\"https:\/\/secure.gravatar.com\/avatar\/c8d46e96fd81dd15e78d3b04ca2e8e28?s=96&d=mm&r=g\",\"caption\":\"Karina Lan\u00e7oni Bernardi\"},\"url\":\"https:\/\/comunicacaoeleitoral.ufpr.br\/index.php\/author\/karinabernardi\/\"}]}<\/script>\n<!-- \/ Yoast SEO plugin. -->","yoast_head_json":{"title":"Artigo do CEL analisa Perfil Comunicacional das Candidatas em 2018 - Comunica\u00e7\u00e3o Eleitoral","description":"Grupo de pesquisa ligado \u00e0 linha de Comunica\u00e7\u00e3o, Pol\u00edtica e Atores Coletivos do Programa de P\u00f3s-gradua\u00e7\u00e3o em Comunica\u00e7\u00e3o da Universidade Federal do Paran\u00e1 (UFPR)","robots":{"index":"index","follow":"follow","max-snippet":"max-snippet:-1","max-image-preview":"max-image-preview:large","max-video-preview":"max-video-preview:-1"},"canonical":"https:\/\/comunicacaoeleitoral.ufpr.br\/index.php\/2019\/05\/17\/artigo-do-cel-analisa-perfil-comunicacional-das-candidatas-em-2018\/","og_locale":"pt_BR","og_type":"article","og_title":"Artigo do CEL analisa Perfil Comunicacional das Candidatas em 2018 - Comunica\u00e7\u00e3o Eleitoral","og_description":"Grupo de pesquisa ligado \u00e0 linha de Comunica\u00e7\u00e3o, Pol\u00edtica e Atores Coletivos do Programa de P\u00f3s-gradua\u00e7\u00e3o em Comunica\u00e7\u00e3o da Universidade Federal do Paran\u00e1 (UFPR)","og_url":"https:\/\/comunicacaoeleitoral.ufpr.br\/index.php\/2019\/05\/17\/artigo-do-cel-analisa-perfil-comunicacional-das-candidatas-em-2018\/","og_site_name":"Comunica\u00e7\u00e3o Eleitoral","article_publisher":"https:\/\/www.facebook.com\/Comunica%c3%a7%c3%a3o-Eleitoral-564214587069724\/","article_published_time":"2019-05-17T16:11:23+00:00","article_modified_time":"2019-05-17T19:10:17+00:00","og_image":[{"width":1152,"height":648,"url":"https:\/\/comunicacaoeleitoral.ufpr.br\/wp-content\/uploads\/2019\/05\/WhatsApp-Image-2019-05-17-at-14.43.12.jpeg","type":"image\/jpeg"}],"author":"Karina Lan\u00e7oni Bernardi","twitter_card":"summary_large_image","twitter_misc":{"Escrito por":"Karina Lan\u00e7oni Bernardi","Est. tempo de leitura":"1 minuto"},"schema":{"@context":"https:\/\/schema.org","@graph":[{"@type":"Article","@id":"https:\/\/comunicacaoeleitoral.ufpr.br\/index.php\/2019\/05\/17\/artigo-do-cel-analisa-perfil-comunicacional-das-candidatas-em-2018\/#article","isPartOf":{"@id":"https:\/\/comunicacaoeleitoral.ufpr.br\/index.php\/2019\/05\/17\/artigo-do-cel-analisa-perfil-comunicacional-das-candidatas-em-2018\/"},"author":{"name":"Karina Lan\u00e7oni Bernardi","@id":"https:\/\/comunicacaoeleitoral.ufpr.br\/#\/schema\/person\/79a95f38cae5273b3b87aff077f6485c"},"headline":"Artigo do CEL analisa Perfil Comunicacional das Candidatas em 2018","datePublished":"2019-05-17T16:11:23+00:00","dateModified":"2019-05-17T19:10:17+00:00","mainEntityOfPage":{"@id":"https:\/\/comunicacaoeleitoral.ufpr.br\/index.php\/2019\/05\/17\/artigo-do-cel-analisa-perfil-comunicacional-das-candidatas-em-2018\/"},"wordCount":180,"publisher":{"@id":"https:\/\/comunicacaoeleitoral.ufpr.br\/#organization"},"image":{"@id":"https:\/\/comunicacaoeleitoral.ufpr.br\/index.php\/2019\/05\/17\/artigo-do-cel-analisa-perfil-comunicacional-das-candidatas-em-2018\/#primaryimage"},"thumbnailUrl":"https:\/\/comunicacaoeleitoral.ufpr.br\/wp-content\/uploads\/2019\/05\/WhatsApp-Image-2019-05-17-at-14.43.12.jpeg","keywords":["comunica\u00e7\u00e3o eleitoral","comunica\u00e7\u00e3o pol\u00edtica","mulheres na pol\u00edtica"],"articleSection":["Not\u00edcias"],"inLanguage":"pt-BR"},{"@type":"WebPage","@id":"https:\/\/comunicacaoeleitoral.ufpr.br\/index.php\/2019\/05\/17\/artigo-do-cel-analisa-perfil-comunicacional-das-candidatas-em-2018\/","url":"https:\/\/comunicacaoeleitoral.ufpr.br\/index.php\/2019\/05\/17\/artigo-do-cel-analisa-perfil-comunicacional-das-candidatas-em-2018\/","name":"Artigo do CEL analisa Perfil Comunicacional das Candidatas em 2018 - Comunica\u00e7\u00e3o Eleitoral","isPartOf":{"@id":"https:\/\/comunicacaoeleitoral.ufpr.br\/#website"},"primaryImageOfPage":{"@id":"https:\/\/comunicacaoeleitoral.ufpr.br\/index.php\/2019\/05\/17\/artigo-do-cel-analisa-perfil-comunicacional-das-candidatas-em-2018\/#primaryimage"},"image":{"@id":"https:\/\/comunicacaoeleitoral.ufpr.br\/index.php\/2019\/05\/17\/artigo-do-cel-analisa-perfil-comunicacional-das-candidatas-em-2018\/#primaryimage"},"thumbnailUrl":"https:\/\/comunicacaoeleitoral.ufpr.br\/wp-content\/uploads\/2019\/05\/WhatsApp-Image-2019-05-17-at-14.43.12.jpeg","datePublished":"2019-05-17T16:11:23+00:00","dateModified":"2019-05-17T19:10:17+00:00","description":"Grupo de pesquisa ligado \u00e0 linha de Comunica\u00e7\u00e3o, Pol\u00edtica e Atores Coletivos do Programa de P\u00f3s-gradua\u00e7\u00e3o em Comunica\u00e7\u00e3o da Universidade Federal do Paran\u00e1 (UFPR)","breadcrumb":{"@id":"https:\/\/comunicacaoeleitoral.ufpr.br\/index.php\/2019\/05\/17\/artigo-do-cel-analisa-perfil-comunicacional-das-candidatas-em-2018\/#breadcrumb"},"inLanguage":"pt-BR","potentialAction":[{"@type":"ReadAction","target":["https:\/\/comunicacaoeleitoral.ufpr.br\/index.php\/2019\/05\/17\/artigo-do-cel-analisa-perfil-comunicacional-das-candidatas-em-2018\/"]}]},{"@type":"ImageObject","inLanguage":"pt-BR","@id":"https:\/\/comunicacaoeleitoral.ufpr.br\/index.php\/2019\/05\/17\/artigo-do-cel-analisa-perfil-comunicacional-das-candidatas-em-2018\/#primaryimage","url":"https:\/\/comunicacaoeleitoral.ufpr.br\/wp-content\/uploads\/2019\/05\/WhatsApp-Image-2019-05-17-at-14.43.12.jpeg","contentUrl":"https:\/\/comunicacaoeleitoral.ufpr.br\/wp-content\/uploads\/2019\/05\/WhatsApp-Image-2019-05-17-at-14.43.12.jpeg","width":1152,"height":648},{"@type":"BreadcrumbList","@id":"https:\/\/comunicacaoeleitoral.ufpr.br\/index.php\/2019\/05\/17\/artigo-do-cel-analisa-perfil-comunicacional-das-candidatas-em-2018\/#breadcrumb","itemListElement":[{"@type":"ListItem","position":1,"name":"In\u00edcio","item":"https:\/\/comunicacaoeleitoral.ufpr.br\/"},{"@type":"ListItem","position":2,"name":"Artigo do CEL analisa Perfil Comunicacional das Candidatas em 2018"}]},{"@type":"WebSite","@id":"https:\/\/comunicacaoeleitoral.ufpr.br\/#website","url":"https:\/\/comunicacaoeleitoral.ufpr.br\/","name":"Comunica\u00e7\u00e3o Eleitoral","description":"Grupo de pesquisa ligado \u00e0 linha de Comunica\u00e7\u00e3o e Pol\u00edtica do Programa de P\u00f3s-gradua\u00e7\u00e3o em Comunica\u00e7\u00e3o da Universidade Federal do Paran\u00e1.","publisher":{"@id":"https:\/\/comunicacaoeleitoral.ufpr.br\/#organization"},"potentialAction":[{"@type":"SearchAction","target":{"@type":"EntryPoint","urlTemplate":"https:\/\/comunicacaoeleitoral.ufpr.br\/?s={search_term_string}"},"query-input":"required name=search_term_string"}],"inLanguage":"pt-BR"},{"@type":"Organization","@id":"https:\/\/comunicacaoeleitoral.ufpr.br\/#organization","name":"Comunica\u00e7\u00e3o Eleitoral","url":"https:\/\/comunicacaoeleitoral.ufpr.br\/","logo":{"@type":"ImageObject","inLanguage":"pt-BR","@id":"https:\/\/comunicacaoeleitoral.ufpr.br\/#\/schema\/logo\/image\/","url":"https:\/\/comunicacaoeleitoral.ufpr.br\/wp-content\/uploads\/2015\/05\/header2c_celtalks.png","contentUrl":"https:\/\/comunicacaoeleitoral.ufpr.br\/wp-content\/uploads\/2015\/05\/header2c_celtalks.png","width":1800,"height":674,"caption":"Comunica\u00e7\u00e3o Eleitoral"},"image":{"@id":"https:\/\/comunicacaoeleitoral.ufpr.br\/#\/schema\/logo\/image\/"},"sameAs":["https:\/\/www.facebook.com\/Comunica\u00e7\u00e3o-Eleitoral-564214587069724\/","https:\/\/www.instagram.com\/comunicacaoeleitoral\/","https:\/\/www.youtube.com\/ocanalpanke"]},{"@type":"Person","@id":"https:\/\/comunicacaoeleitoral.ufpr.br\/#\/schema\/person\/79a95f38cae5273b3b87aff077f6485c","name":"Karina Lan\u00e7oni Bernardi","image":{"@type":"ImageObject","inLanguage":"pt-BR","@id":"https:\/\/comunicacaoeleitoral.ufpr.br\/#\/schema\/person\/image\/","url":"https:\/\/secure.gravatar.com\/avatar\/c8d46e96fd81dd15e78d3b04ca2e8e28?s=96&d=mm&r=g","contentUrl":"https:\/\/secure.gravatar.com\/avatar\/c8d46e96fd81dd15e78d3b04ca2e8e28?s=96&d=mm&r=g","caption":"Karina Lan\u00e7oni Bernardi"},"url":"https:\/\/comunicacaoeleitoral.ufpr.br\/index.php\/author\/karinabernardi\/"}]}},"_links":{"self":[{"href":"https:\/\/comunicacaoeleitoral.ufpr.br\/index.php\/wp-json\/wp\/v2\/posts\/2525"}],"collection":[{"href":"https:\/\/comunicacaoeleitoral.ufpr.br\/index.php\/wp-json\/wp\/v2\/posts"}],"about":[{"href":"https:\/\/comunicacaoeleitoral.ufpr.br\/index.php\/wp-json\/wp\/v2\/types\/post"}],"author":[{"embeddable":true,"href":"https:\/\/comunicacaoeleitoral.ufpr.br\/index.php\/wp-json\/wp\/v2\/users\/18"}],"replies":[{"embeddable":true,"href":"https:\/\/comunicacaoeleitoral.ufpr.br\/index.php\/wp-json\/wp\/v2\/comments?post=2525"}],"version-history":[{"count":1,"href":"https:\/\/comunicacaoeleitoral.ufpr.br\/index.php\/wp-json\/wp\/v2\/posts\/2525\/revisions"}],"predecessor-version":[{"id":2526,"href":"https:\/\/comunicacaoeleitoral.ufpr.br\/index.php\/wp-json\/wp\/v2\/posts\/2525\/revisions\/2526"}],"wp:featuredmedia":[{"embeddable":true,"href":"https:\/\/comunicacaoeleitoral.ufpr.br\/index.php\/wp-json\/wp\/v2\/media\/2529"}],"wp:attachment":[{"href":"https:\/\/comunicacaoeleitoral.ufpr.br\/index.php\/wp-json\/wp\/v2\/media?parent=2525"}],"wp:term":[{"taxonomy":"category","embeddable":true,"href":"https:\/\/comunicacaoeleitoral.ufpr.br\/index.php\/wp-json\/wp\/v2\/categories?post=2525"},{"taxonomy":"post_tag","embeddable":true,"href":"https:\/\/comunicacaoeleitoral.ufpr.br\/index.php\/wp-json\/wp\/v2\/tags?post=2525"}],"curies":[{"name":"wp","href":"https:\/\/api.w.org\/{rel}","templated":true}]}}