{"id":2282,"date":"2018-03-26T16:26:55","date_gmt":"2018-03-26T16:26:55","guid":{"rendered":"https:\/\/comunicacaoeleitoral.ufpr.br\/?p=2282"},"modified":"2018-03-26T16:58:53","modified_gmt":"2018-03-26T16:58:53","slug":"exposicao-seletiva-e-efeitos-das-fake-news-na-opiniao-publica","status":"publish","type":"post","link":"https:\/\/comunicacaoeleitoral.ufpr.br\/index.php\/2018\/03\/26\/exposicao-seletiva-e-efeitos-das-fake-news-na-opiniao-publica\/","title":{"rendered":"Exposi\u00e7\u00e3o seletiva e efeitos das Fake News na opini\u00e3o p\u00fablica"},"content":{"rendered":"<p style=\"text-align: justify;\">A dissemina\u00e7\u00e3o de \u201cnot\u00edcias\u201d falsas, as chamadas <em>Fake News<\/em>, por meio das redes sociais digitais, em rea\u00e7\u00e3o \u00e0 cobertura da m\u00eddia sobre a execu\u00e7\u00e3o da vereadora carioca Marielle Franco (PSOL) colaborou para desnudar a quest\u00e3o da exposi\u00e7\u00e3o seletiva e seus efeitos na opini\u00e3o p\u00fablica.<\/p>\n<p style=\"text-align: justify;\"><a href=\"https:\/\/comunicacaoeleitoral.ufpr.br\/wp-content\/uploads\/2018\/03\/fake.png\"><img loading=\"lazy\" decoding=\"async\" class=\"alignnone size-medium wp-image-2285\" src=\"https:\/\/comunicacaoeleitoral.ufpr.br\/wp-content\/uploads\/2018\/03\/fake-257x300.png\" alt=\"fake\" width=\"257\" height=\"300\" srcset=\"https:\/\/comunicacaoeleitoral.ufpr.br\/wp-content\/uploads\/2018\/03\/fake-257x300.png 257w, https:\/\/comunicacaoeleitoral.ufpr.br\/wp-content\/uploads\/2018\/03\/fake.png 260w\" sizes=\"(max-width: 257px) 100vw, 257px\" \/><\/a><\/p>\n<p style=\"text-align: justify;\">Imagem ilustrativa: fonte CC<\/p>\n<p style=\"text-align: justify;\">Sabemos que a Internet, e mais especificamente as m\u00eddias sociais, tem uma particularidade positiva no que tange \u00e0 quebra da supremacia de narrativa dos meios de comunica\u00e7\u00e3o de massa. Por outro lado, a maneira como essas m\u00eddias, entre elas o <i>Facebook<\/i>, priorizam as hist\u00f3rias que ir\u00e3o se destacar no <i>feed<\/i> dos usu\u00e1rios afeta a exposi\u00e7\u00e3o \u00e0 informa\u00e7\u00e3o, ao deduzirem prefer\u00eancias com base em intera\u00e7\u00f5es com outros perfis e p\u00e1ginas, em informa\u00e7\u00f5es que s\u00e3o consumidas na rede e em perfis com comportamento semelhante. Ainda que o emprego do termo <i>Fake News<\/i> seja discut\u00edvel, porque contribui para colocar em xeque a credibilidade do jornalismo (necess\u00e1ria para a boa sa\u00fade da democracia), entendemos que a exposi\u00e7\u00e3o seletiva passiva pode levar \u00e0 cren\u00e7a na veracidade de hist\u00f3rias falsas<i>, <\/i>fazendo com que viralizem por meio do compartilhamento infinito nas m\u00eddias sociais. Desse modo, trazemos \u00e0 discuss\u00e3o duas leituras em rela\u00e7\u00e3o ao tema sobre: a capacidade que a exposi\u00e7\u00e3o seletiva passiva teria de influenciar a opini\u00e3o p\u00fablica e a possibilidade de utiliza\u00e7\u00e3o das \u201cnot\u00edcias\u201d falsas como ferramenta de refor\u00e7o ideol\u00f3gico.<\/p>\n<p style=\"text-align: justify;\">A maneira como os usu\u00e1rios de m\u00eddias sociais discutiram a morte de Marielle Franco (PSOL), bem como a cobertura que o caso recebeu da m\u00eddia, fez despontar duas narrativas predominantes e opostas: de um lado, pessoas que apoiavam o trabalho da vereadora junto a comunidades pobres do Rio de Janeiro e que se abalaram com sua execu\u00e7\u00e3o por entenderem que se trata de um crime com clara motiva\u00e7\u00e3o pol\u00edtica; de outro, indiv\u00edduos que s\u00e3o contr\u00e1rios \u00e0 defesa dos direitos humanos em locais afetados pelo crime organizado e que acabaram compartilhando massivamente boatos e hist\u00f3rias falsas sobre Marielle Franco, os quais precisamente contestam a import\u00e2ncia da vereadora na cena p\u00fablica. N\u00e3o temos como aferir a quantidade de indiv\u00edduos que compartilharam conte\u00fado falso referente ao caso, mesmo sabendo que se tratava de <i>Fake News. <\/i>Mas podemos inferir que boa parte era conhecedora da \u00edndole falsa de tal conte\u00fado, se considerarmos a extensiva cobertura midi\u00e1tica sobre o assunto, inclusive com foco sobre a falsidade de algumas hist\u00f3rias em circula\u00e7\u00e3o nas redes sociais <i>online <\/i>e sobre as poss\u00edveis consequ\u00eancias de se compartilhar \u201cnot\u00edcias\u201d, <i>memes, <\/i>v\u00eddeos que, al\u00e9m de mentirosos, provocam danos \u00e0 imagem e \u00e0 honra de outras pessoas.<\/p>\n<p style=\"text-align: justify;\">Mas afinal, qual seria a explica\u00e7\u00e3o para o consumo de <em>Fake News<\/em> ou boatos, mesmo que as pessoas estejam cientes de sua falta de veracidade? Mutz &amp; Young (2011) afirmam, com base em evid\u00eancias emp\u00edricas, que sites de buscas, como o Google, e mecanismos de filtragem e recomenda\u00e7\u00e3o de conte\u00fado, como os utilizados pelo <i>Facebook,<\/i> t\u00eam influenciado o modo como as pessoas se exp\u00f5em a determinados conte\u00fados. As autoras explicam que o suposto poder de escolha dos usu\u00e1rios t\u00eam sido constrangido pela disponibilidade dos conte\u00fados, definida pelos motores de busca e pelos algoritmos usados pelas redes sociais <i>online<\/i> a partir do que \u00e9 desenhado como prefer\u00eancias preexistentes. \u201cParticularmente quando voltadas para um enorme n\u00famero de escolhas na m\u00eddia, as pessoas s\u00e3o menos propensas e menos capazes de escolher ativamente, baseadas em conte\u00fado\u201d (Mutz e Young, 2011, p. 1029). Assim, seria improv\u00e1vel que internautas se expusessem ativamente a argumentos e ideias plurais, diante da disponibilidade de material selecionado sob medida para n\u00e3o confrontar cren\u00e7as e ideologias, o que nos levaria a um quadro de exposi\u00e7\u00e3o seletiva passiva.<\/p>\n<p style=\"text-align: justify;\">Por outro lado, a pesquisa realizada por Cerase &amp; Santoro (2018), sobre a rela\u00e7\u00e3o entre a cobertura midi\u00e1tica de pol\u00eamicas e a cria\u00e7\u00e3o de boatos raciais, aponta que hist\u00f3rias falsas \u201cest\u00e3o se tornando uma estrat\u00e9gia discursiva popular para disfar\u00e7ar o racismo\u201d. Ainda que nosso foco n\u00e3o sejam os boatos raciais, podemos tomar a pesquisa como exemplo ilustrativo de nosso ponto de vista. Especificamente sobre o processo de produ\u00e7\u00e3o e dissemina\u00e7\u00e3o, os autores afirmam que \u201cnot\u00edcias\u201d falsas s\u00e3o frequentemente utilizadas para provocar indigna\u00e7\u00e3o, explorando a capacidade de viraliza\u00e7\u00e3o das m\u00eddias sociais; ademais, \u00e9 mais prov\u00e1vel que sejam criados boatos e <em>Fake News<\/em> que se encaixam no discurso geral sobre um t\u00f3pico espec\u00edfico, e confirmam as cren\u00e7as preexistentes (Cerase &amp; Santoro, 2018).<\/p>\n<p style=\"text-align: justify;\">A grande visibilidade do assassinato de Marielle Franco tanto pela cobertura da imprensa quanto pelas discuss\u00f5es geradas nas m\u00eddias sociais levou figuras p\u00fablicas a envolverem-se na propaga\u00e7\u00e3o de <i>Fake News<\/i>, provavelmente (dado o conte\u00fado dos boatos) com a inten\u00e7\u00e3o de reverter o discurso aparentemente dominante de que o crime teve motiva\u00e7\u00e3o pol\u00edtica. Mas o que levaria usu\u00e1rios de m\u00eddias sociais a tomarem tais narrativas como verdadeiras? Os pesquisadores acreditam que esse comportamento seja ancorado na credibilidade da fonte dos boatos, no formato e linguagem que utilizam (empregando os m\u00e9todos de produ\u00e7\u00e3o de not\u00edcias), e porque se apoiavam em \u201cnarrativas discriminat\u00f3rias preexistentes e compartilhadas\u201d.<\/p>\n<p style=\"text-align: justify;\">Portanto, percebemos a influ\u00eancia das <i>Fake News <\/i>sobre a<i> <\/i>opini\u00e3o p\u00fablica, notadamente em rela\u00e7\u00e3o a temas com apelo pol\u00edtico, seja por meio de exposi\u00e7\u00e3o seletiva influenciada pelo funcionamento dos algoritmos das m\u00eddias sociais ou pelo fato de os propagadores de hist\u00f3rias falsas serem considerados fontes confi\u00e1veis. Sobre o primeiro caso, destaca-se que os algoritmos\u00a0limitam nossa exposi\u00e7\u00e3o a determinados conte\u00fados e facilitam em rela\u00e7\u00e3o \u00e0queles que estariam de acordo com nossas supostas prefer\u00eancias. Tem-se ainda o poder de viraliza\u00e7\u00e3o dos boatos que se apoiam em narrativas discriminat\u00f3rias preexistentes.<\/p>\n<p style=\"text-align: justify;\">No entanto, apesar de efeitos supostamente negativos das <em>Fake News<\/em> e da Internet, n\u00e3o podemos desconsiderar as particularidades positivas das m\u00eddias sociais no que tange \u00e0 quebra da supremacia de narrativa dos meios de comunica\u00e7\u00e3o de massa, levando a um cen\u00e1rio futuro de amadurecimento e autonomia das audi\u00eancias. Por fim, consideramos que a discuss\u00e3o exaustiva do tema \u00e9 de substancial import\u00e2ncia para a vitalidade da democracia, n\u00e3o podendo mais ser evitado diante da complexidade dos acontecimentos presentes.<\/p>\n<p>Autora: <a href=\"http:\/\/buscatextual.cnpq.br\/buscatextual\/visualizacv.do?id=K4490042D1\">\u00c9rica Bianco<\/a> &#8211;\u00a0Mestranda em Comunica\u00e7\u00e3o pelo Programa de P\u00f3s-Gradua\u00e7\u00e3o em Comunica\u00e7\u00e3o da Universidade Federal do Paran\u00e1 e membro do Grupo de Pesquisa Comunica\u00e7\u00e3o Eleitoral. E-mail: ericaverderio@gmail.com<\/p>\n<p><b>Refer\u00eancias<\/b><\/p>\n<p>Cerase, Andrea; Santoro, Claudia. <b>&#8220;From racial hoaxes to media hypes Fake news\u2019 real consequences&#8221;<\/b>. In Vasterman, Peter (ed.), From Media Hype to Twitter Storm. News Explosions and Their Impact on Issues, Crises, and Public Opinion. Amsterdam, Amsterdam University Press: 2018.<\/p>\n<p>Mutz, Diana &amp; Young, Lori. (2011). <b>Communication and Public Opinion:<\/b> Plus \u00c7a Change?. The Public Opinion Quarterly. 75. 1018-1044. 10.2307\/41345920.<\/p>\n","protected":false},"excerpt":{"rendered":"<p>A dissemina\u00e7\u00e3o de \u201cnot\u00edcias\u201d falsas, as chamadas Fake News, por meio das redes sociais digitais, em rea\u00e7\u00e3o \u00e0 cobertura da m\u00eddia sobre a execu\u00e7\u00e3o da vereadora carioca Marielle Franco (PSOL) colaborou para desnudar a quest\u00e3o da exposi\u00e7\u00e3o seletiva e seus efeitos na opini\u00e3o p\u00fablica. Imagem ilustrativa: fonte CC Sabemos que a Internet, e mais especificamente [&hellip;]<\/p>\n","protected":false},"author":29,"featured_media":2285,"comment_status":"closed","ping_status":"closed","sticky":false,"template":"","format":"standard","meta":{"_monsterinsights_skip_tracking":false,"_monsterinsights_sitenote_active":false,"_monsterinsights_sitenote_note":"","_monsterinsights_sitenote_category":0,"footnotes":""},"categories":[13],"tags":[159,202,463,460,81,248,27,382,461,462],"yoast_head":"<!-- This site is optimized with the Yoast SEO plugin v22.2 - https:\/\/yoast.com\/wordpress\/plugins\/seo\/ -->\n<title>Exposi\u00e7\u00e3o seletiva e efeitos das Fake News na opini\u00e3o p\u00fablica - Comunica\u00e7\u00e3o Eleitoral<\/title>\n<meta name=\"description\" content=\"Grupo de pesquisa ligado \u00e0 linha de Comunica\u00e7\u00e3o, Pol\u00edtica e Atores Coletivos do Programa de P\u00f3s-gradua\u00e7\u00e3o em Comunica\u00e7\u00e3o da Universidade Federal do Paran\u00e1 (UFPR)\" \/>\n<meta name=\"robots\" content=\"index, follow, max-snippet:-1, max-image-preview:large, max-video-preview:-1\" \/>\n<link rel=\"canonical\" href=\"https:\/\/comunicacaoeleitoral.ufpr.br\/index.php\/2018\/03\/26\/exposicao-seletiva-e-efeitos-das-fake-news-na-opiniao-publica\/\" \/>\n<meta property=\"og:locale\" content=\"pt_BR\" \/>\n<meta property=\"og:type\" content=\"article\" \/>\n<meta property=\"og:title\" content=\"Exposi\u00e7\u00e3o seletiva e efeitos das Fake News na opini\u00e3o p\u00fablica\" \/>\n<meta property=\"og:description\" content=\"A cobertura da m\u00eddia sobre a execu\u00e7\u00e3o da vereadora carioca Marielle Franco (PSOL) colaborou para desnudar a quest\u00e3o da exposi\u00e7\u00e3o seletiva e os efeitos das Fake News na opini\u00e3o p\u00fablica.\" \/>\n<meta property=\"og:url\" content=\"https:\/\/comunicacaoeleitoral.ufpr.br\/index.php\/2018\/03\/26\/exposicao-seletiva-e-efeitos-das-fake-news-na-opiniao-publica\/\" \/>\n<meta property=\"og:site_name\" content=\"Comunica\u00e7\u00e3o Eleitoral\" \/>\n<meta property=\"article:publisher\" content=\"https:\/\/www.facebook.com\/Comunica%c3%a7%c3%a3o-Eleitoral-564214587069724\/\" \/>\n<meta property=\"article:published_time\" content=\"2018-03-26T16:26:55+00:00\" \/>\n<meta property=\"article:modified_time\" content=\"2018-03-26T16:58:53+00:00\" \/>\n<meta property=\"og:image\" content=\"https:\/\/comunicacaoeleitoral.ufpr.br\/wp-content\/uploads\/2018\/03\/fake.png\" \/>\n<meta name=\"author\" content=\"CEL UFPR\" \/>\n<meta name=\"twitter:card\" content=\"summary_large_image\" \/>\n<meta name=\"twitter:title\" content=\"Exposi\u00e7\u00e3o seletiva e efeitos das Fake News na opini\u00e3o p\u00fablica\" \/>\n<meta name=\"twitter:description\" content=\"A cobertura da m\u00eddia sobre a execu\u00e7\u00e3o da vereadora carioca Marielle Franco (PSOL) colaborou para desnudar a quest\u00e3o da exposi\u00e7\u00e3o seletiva e os efeitos das Fake News na opini\u00e3o p\u00fablica.\" \/>\n<meta name=\"twitter:image\" content=\"https:\/\/comunicacaoeleitoral.ufpr.br\/wp-content\/uploads\/2018\/03\/fake.png\" \/>\n<meta name=\"twitter:label1\" content=\"Escrito por\" \/>\n\t<meta name=\"twitter:data1\" content=\"CEL UFPR\" \/>\n\t<meta name=\"twitter:label2\" content=\"Est. tempo de leitura\" \/>\n\t<meta name=\"twitter:data2\" content=\"6 minutos\" \/>\n<script type=\"application\/ld+json\" class=\"yoast-schema-graph\">{\"@context\":\"https:\/\/schema.org\",\"@graph\":[{\"@type\":\"Article\",\"@id\":\"https:\/\/comunicacaoeleitoral.ufpr.br\/index.php\/2018\/03\/26\/exposicao-seletiva-e-efeitos-das-fake-news-na-opiniao-publica\/#article\",\"isPartOf\":{\"@id\":\"https:\/\/comunicacaoeleitoral.ufpr.br\/index.php\/2018\/03\/26\/exposicao-seletiva-e-efeitos-das-fake-news-na-opiniao-publica\/\"},\"author\":{\"name\":\"CEL UFPR\",\"@id\":\"https:\/\/comunicacaoeleitoral.ufpr.br\/#\/schema\/person\/1f1b0fa714b592dcfee89e9824953d93\"},\"headline\":\"Exposi\u00e7\u00e3o seletiva e efeitos das Fake News na opini\u00e3o p\u00fablica\",\"datePublished\":\"2018-03-26T16:26:55+00:00\",\"dateModified\":\"2018-03-26T16:58:53+00:00\",\"mainEntityOfPage\":{\"@id\":\"https:\/\/comunicacaoeleitoral.ufpr.br\/index.php\/2018\/03\/26\/exposicao-seletiva-e-efeitos-das-fake-news-na-opiniao-publica\/\"},\"wordCount\":1209,\"publisher\":{\"@id\":\"https:\/\/comunicacaoeleitoral.ufpr.br\/#organization\"},\"image\":{\"@id\":\"https:\/\/comunicacaoeleitoral.ufpr.br\/index.php\/2018\/03\/26\/exposicao-seletiva-e-efeitos-das-fake-news-na-opiniao-publica\/#primaryimage\"},\"thumbnailUrl\":\"https:\/\/comunicacaoeleitoral.ufpr.br\/wp-content\/uploads\/2018\/03\/fake.png\",\"keywords\":[\"comunica\u00e7\u00e3o e pol\u00edtica\",\"cr\u00edtica de m\u00eddia\",\"exposi\u00e7\u00e3o seletiva\",\"fake news\",\"m\u00eddia\",\"mulher\",\"mulher na pol\u00edtica\",\"opini\u00e3o p\u00fablica\",\"p\u00f3s-verdade\",\"vereadora\"],\"articleSection\":[\"Ensaios\"],\"inLanguage\":\"pt-BR\"},{\"@type\":\"WebPage\",\"@id\":\"https:\/\/comunicacaoeleitoral.ufpr.br\/index.php\/2018\/03\/26\/exposicao-seletiva-e-efeitos-das-fake-news-na-opiniao-publica\/\",\"url\":\"https:\/\/comunicacaoeleitoral.ufpr.br\/index.php\/2018\/03\/26\/exposicao-seletiva-e-efeitos-das-fake-news-na-opiniao-publica\/\",\"name\":\"Exposi\u00e7\u00e3o seletiva e efeitos das Fake News na opini\u00e3o p\u00fablica - Comunica\u00e7\u00e3o Eleitoral\",\"isPartOf\":{\"@id\":\"https:\/\/comunicacaoeleitoral.ufpr.br\/#website\"},\"primaryImageOfPage\":{\"@id\":\"https:\/\/comunicacaoeleitoral.ufpr.br\/index.php\/2018\/03\/26\/exposicao-seletiva-e-efeitos-das-fake-news-na-opiniao-publica\/#primaryimage\"},\"image\":{\"@id\":\"https:\/\/comunicacaoeleitoral.ufpr.br\/index.php\/2018\/03\/26\/exposicao-seletiva-e-efeitos-das-fake-news-na-opiniao-publica\/#primaryimage\"},\"thumbnailUrl\":\"https:\/\/comunicacaoeleitoral.ufpr.br\/wp-content\/uploads\/2018\/03\/fake.png\",\"datePublished\":\"2018-03-26T16:26:55+00:00\",\"dateModified\":\"2018-03-26T16:58:53+00:00\",\"description\":\"Grupo de pesquisa ligado \u00e0 linha de Comunica\u00e7\u00e3o, Pol\u00edtica e Atores Coletivos do Programa de P\u00f3s-gradua\u00e7\u00e3o em Comunica\u00e7\u00e3o da Universidade Federal do Paran\u00e1 (UFPR)\",\"breadcrumb\":{\"@id\":\"https:\/\/comunicacaoeleitoral.ufpr.br\/index.php\/2018\/03\/26\/exposicao-seletiva-e-efeitos-das-fake-news-na-opiniao-publica\/#breadcrumb\"},\"inLanguage\":\"pt-BR\",\"potentialAction\":[{\"@type\":\"ReadAction\",\"target\":[\"https:\/\/comunicacaoeleitoral.ufpr.br\/index.php\/2018\/03\/26\/exposicao-seletiva-e-efeitos-das-fake-news-na-opiniao-publica\/\"]}]},{\"@type\":\"ImageObject\",\"inLanguage\":\"pt-BR\",\"@id\":\"https:\/\/comunicacaoeleitoral.ufpr.br\/index.php\/2018\/03\/26\/exposicao-seletiva-e-efeitos-das-fake-news-na-opiniao-publica\/#primaryimage\",\"url\":\"https:\/\/comunicacaoeleitoral.ufpr.br\/wp-content\/uploads\/2018\/03\/fake.png\",\"contentUrl\":\"https:\/\/comunicacaoeleitoral.ufpr.br\/wp-content\/uploads\/2018\/03\/fake.png\",\"width\":260,\"height\":304},{\"@type\":\"BreadcrumbList\",\"@id\":\"https:\/\/comunicacaoeleitoral.ufpr.br\/index.php\/2018\/03\/26\/exposicao-seletiva-e-efeitos-das-fake-news-na-opiniao-publica\/#breadcrumb\",\"itemListElement\":[{\"@type\":\"ListItem\",\"position\":1,\"name\":\"In\u00edcio\",\"item\":\"https:\/\/comunicacaoeleitoral.ufpr.br\/\"},{\"@type\":\"ListItem\",\"position\":2,\"name\":\"Exposi\u00e7\u00e3o seletiva e efeitos das Fake News na opini\u00e3o p\u00fablica\"}]},{\"@type\":\"WebSite\",\"@id\":\"https:\/\/comunicacaoeleitoral.ufpr.br\/#website\",\"url\":\"https:\/\/comunicacaoeleitoral.ufpr.br\/\",\"name\":\"Comunica\u00e7\u00e3o Eleitoral\",\"description\":\"Grupo de pesquisa ligado \u00e0 linha de Comunica\u00e7\u00e3o e Pol\u00edtica do Programa de P\u00f3s-gradua\u00e7\u00e3o em Comunica\u00e7\u00e3o da Universidade Federal do Paran\u00e1.\",\"publisher\":{\"@id\":\"https:\/\/comunicacaoeleitoral.ufpr.br\/#organization\"},\"potentialAction\":[{\"@type\":\"SearchAction\",\"target\":{\"@type\":\"EntryPoint\",\"urlTemplate\":\"https:\/\/comunicacaoeleitoral.ufpr.br\/?s={search_term_string}\"},\"query-input\":\"required name=search_term_string\"}],\"inLanguage\":\"pt-BR\"},{\"@type\":\"Organization\",\"@id\":\"https:\/\/comunicacaoeleitoral.ufpr.br\/#organization\",\"name\":\"Comunica\u00e7\u00e3o Eleitoral\",\"url\":\"https:\/\/comunicacaoeleitoral.ufpr.br\/\",\"logo\":{\"@type\":\"ImageObject\",\"inLanguage\":\"pt-BR\",\"@id\":\"https:\/\/comunicacaoeleitoral.ufpr.br\/#\/schema\/logo\/image\/\",\"url\":\"https:\/\/comunicacaoeleitoral.ufpr.br\/wp-content\/uploads\/2015\/05\/header2c_celtalks.png\",\"contentUrl\":\"https:\/\/comunicacaoeleitoral.ufpr.br\/wp-content\/uploads\/2015\/05\/header2c_celtalks.png\",\"width\":1800,\"height\":674,\"caption\":\"Comunica\u00e7\u00e3o Eleitoral\"},\"image\":{\"@id\":\"https:\/\/comunicacaoeleitoral.ufpr.br\/#\/schema\/logo\/image\/\"},\"sameAs\":[\"https:\/\/www.facebook.com\/Comunica\u00e7\u00e3o-Eleitoral-564214587069724\/\",\"https:\/\/www.instagram.com\/comunicacaoeleitoral\/\",\"https:\/\/www.youtube.com\/ocanalpanke\"]},{\"@type\":\"Person\",\"@id\":\"https:\/\/comunicacaoeleitoral.ufpr.br\/#\/schema\/person\/1f1b0fa714b592dcfee89e9824953d93\",\"name\":\"CEL UFPR\",\"image\":{\"@type\":\"ImageObject\",\"inLanguage\":\"pt-BR\",\"@id\":\"https:\/\/comunicacaoeleitoral.ufpr.br\/#\/schema\/person\/image\/\",\"url\":\"https:\/\/secure.gravatar.com\/avatar\/e73476db3cc561f956c8814cbc15a40e?s=96&d=mm&r=g\",\"contentUrl\":\"https:\/\/secure.gravatar.com\/avatar\/e73476db3cc561f956c8814cbc15a40e?s=96&d=mm&r=g\",\"caption\":\"CEL UFPR\"},\"url\":\"https:\/\/comunicacaoeleitoral.ufpr.br\/index.php\/author\/cel-ufpr\/\"}]}<\/script>\n<!-- \/ Yoast SEO plugin. -->","yoast_head_json":{"title":"Exposi\u00e7\u00e3o seletiva e efeitos das Fake News na opini\u00e3o p\u00fablica - Comunica\u00e7\u00e3o Eleitoral","description":"Grupo de pesquisa ligado \u00e0 linha de Comunica\u00e7\u00e3o, Pol\u00edtica e Atores Coletivos do Programa de P\u00f3s-gradua\u00e7\u00e3o em Comunica\u00e7\u00e3o da Universidade Federal do Paran\u00e1 (UFPR)","robots":{"index":"index","follow":"follow","max-snippet":"max-snippet:-1","max-image-preview":"max-image-preview:large","max-video-preview":"max-video-preview:-1"},"canonical":"https:\/\/comunicacaoeleitoral.ufpr.br\/index.php\/2018\/03\/26\/exposicao-seletiva-e-efeitos-das-fake-news-na-opiniao-publica\/","og_locale":"pt_BR","og_type":"article","og_title":"Exposi\u00e7\u00e3o seletiva e efeitos das Fake News na opini\u00e3o p\u00fablica","og_description":"A cobertura da m\u00eddia sobre a execu\u00e7\u00e3o da vereadora carioca Marielle Franco (PSOL) colaborou para desnudar a quest\u00e3o da exposi\u00e7\u00e3o seletiva e os efeitos das Fake News na opini\u00e3o p\u00fablica.","og_url":"https:\/\/comunicacaoeleitoral.ufpr.br\/index.php\/2018\/03\/26\/exposicao-seletiva-e-efeitos-das-fake-news-na-opiniao-publica\/","og_site_name":"Comunica\u00e7\u00e3o Eleitoral","article_publisher":"https:\/\/www.facebook.com\/Comunica%c3%a7%c3%a3o-Eleitoral-564214587069724\/","article_published_time":"2018-03-26T16:26:55+00:00","article_modified_time":"2018-03-26T16:58:53+00:00","og_image":[{"url":"https:\/\/comunicacaoeleitoral.ufpr.br\/wp-content\/uploads\/2018\/03\/fake.png"}],"author":"CEL UFPR","twitter_card":"summary_large_image","twitter_title":"Exposi\u00e7\u00e3o seletiva e efeitos das Fake News na opini\u00e3o p\u00fablica","twitter_description":"A cobertura da m\u00eddia sobre a execu\u00e7\u00e3o da vereadora carioca Marielle Franco (PSOL) colaborou para desnudar a quest\u00e3o da exposi\u00e7\u00e3o seletiva e os efeitos das Fake News na opini\u00e3o p\u00fablica.","twitter_image":"https:\/\/comunicacaoeleitoral.ufpr.br\/wp-content\/uploads\/2018\/03\/fake.png","twitter_misc":{"Escrito por":"CEL UFPR","Est. tempo de leitura":"6 minutos"},"schema":{"@context":"https:\/\/schema.org","@graph":[{"@type":"Article","@id":"https:\/\/comunicacaoeleitoral.ufpr.br\/index.php\/2018\/03\/26\/exposicao-seletiva-e-efeitos-das-fake-news-na-opiniao-publica\/#article","isPartOf":{"@id":"https:\/\/comunicacaoeleitoral.ufpr.br\/index.php\/2018\/03\/26\/exposicao-seletiva-e-efeitos-das-fake-news-na-opiniao-publica\/"},"author":{"name":"CEL UFPR","@id":"https:\/\/comunicacaoeleitoral.ufpr.br\/#\/schema\/person\/1f1b0fa714b592dcfee89e9824953d93"},"headline":"Exposi\u00e7\u00e3o seletiva e efeitos das Fake News na opini\u00e3o p\u00fablica","datePublished":"2018-03-26T16:26:55+00:00","dateModified":"2018-03-26T16:58:53+00:00","mainEntityOfPage":{"@id":"https:\/\/comunicacaoeleitoral.ufpr.br\/index.php\/2018\/03\/26\/exposicao-seletiva-e-efeitos-das-fake-news-na-opiniao-publica\/"},"wordCount":1209,"publisher":{"@id":"https:\/\/comunicacaoeleitoral.ufpr.br\/#organization"},"image":{"@id":"https:\/\/comunicacaoeleitoral.ufpr.br\/index.php\/2018\/03\/26\/exposicao-seletiva-e-efeitos-das-fake-news-na-opiniao-publica\/#primaryimage"},"thumbnailUrl":"https:\/\/comunicacaoeleitoral.ufpr.br\/wp-content\/uploads\/2018\/03\/fake.png","keywords":["comunica\u00e7\u00e3o e pol\u00edtica","cr\u00edtica de m\u00eddia","exposi\u00e7\u00e3o seletiva","fake news","m\u00eddia","mulher","mulher na pol\u00edtica","opini\u00e3o p\u00fablica","p\u00f3s-verdade","vereadora"],"articleSection":["Ensaios"],"inLanguage":"pt-BR"},{"@type":"WebPage","@id":"https:\/\/comunicacaoeleitoral.ufpr.br\/index.php\/2018\/03\/26\/exposicao-seletiva-e-efeitos-das-fake-news-na-opiniao-publica\/","url":"https:\/\/comunicacaoeleitoral.ufpr.br\/index.php\/2018\/03\/26\/exposicao-seletiva-e-efeitos-das-fake-news-na-opiniao-publica\/","name":"Exposi\u00e7\u00e3o seletiva e efeitos das Fake News na opini\u00e3o p\u00fablica - Comunica\u00e7\u00e3o Eleitoral","isPartOf":{"@id":"https:\/\/comunicacaoeleitoral.ufpr.br\/#website"},"primaryImageOfPage":{"@id":"https:\/\/comunicacaoeleitoral.ufpr.br\/index.php\/2018\/03\/26\/exposicao-seletiva-e-efeitos-das-fake-news-na-opiniao-publica\/#primaryimage"},"image":{"@id":"https:\/\/comunicacaoeleitoral.ufpr.br\/index.php\/2018\/03\/26\/exposicao-seletiva-e-efeitos-das-fake-news-na-opiniao-publica\/#primaryimage"},"thumbnailUrl":"https:\/\/comunicacaoeleitoral.ufpr.br\/wp-content\/uploads\/2018\/03\/fake.png","datePublished":"2018-03-26T16:26:55+00:00","dateModified":"2018-03-26T16:58:53+00:00","description":"Grupo de pesquisa ligado \u00e0 linha de Comunica\u00e7\u00e3o, Pol\u00edtica e Atores Coletivos do Programa de P\u00f3s-gradua\u00e7\u00e3o em Comunica\u00e7\u00e3o da Universidade Federal do Paran\u00e1 (UFPR)","breadcrumb":{"@id":"https:\/\/comunicacaoeleitoral.ufpr.br\/index.php\/2018\/03\/26\/exposicao-seletiva-e-efeitos-das-fake-news-na-opiniao-publica\/#breadcrumb"},"inLanguage":"pt-BR","potentialAction":[{"@type":"ReadAction","target":["https:\/\/comunicacaoeleitoral.ufpr.br\/index.php\/2018\/03\/26\/exposicao-seletiva-e-efeitos-das-fake-news-na-opiniao-publica\/"]}]},{"@type":"ImageObject","inLanguage":"pt-BR","@id":"https:\/\/comunicacaoeleitoral.ufpr.br\/index.php\/2018\/03\/26\/exposicao-seletiva-e-efeitos-das-fake-news-na-opiniao-publica\/#primaryimage","url":"https:\/\/comunicacaoeleitoral.ufpr.br\/wp-content\/uploads\/2018\/03\/fake.png","contentUrl":"https:\/\/comunicacaoeleitoral.ufpr.br\/wp-content\/uploads\/2018\/03\/fake.png","width":260,"height":304},{"@type":"BreadcrumbList","@id":"https:\/\/comunicacaoeleitoral.ufpr.br\/index.php\/2018\/03\/26\/exposicao-seletiva-e-efeitos-das-fake-news-na-opiniao-publica\/#breadcrumb","itemListElement":[{"@type":"ListItem","position":1,"name":"In\u00edcio","item":"https:\/\/comunicacaoeleitoral.ufpr.br\/"},{"@type":"ListItem","position":2,"name":"Exposi\u00e7\u00e3o seletiva e efeitos das Fake News na opini\u00e3o p\u00fablica"}]},{"@type":"WebSite","@id":"https:\/\/comunicacaoeleitoral.ufpr.br\/#website","url":"https:\/\/comunicacaoeleitoral.ufpr.br\/","name":"Comunica\u00e7\u00e3o Eleitoral","description":"Grupo de pesquisa ligado \u00e0 linha de Comunica\u00e7\u00e3o e Pol\u00edtica do Programa de P\u00f3s-gradua\u00e7\u00e3o em Comunica\u00e7\u00e3o da Universidade Federal do Paran\u00e1.","publisher":{"@id":"https:\/\/comunicacaoeleitoral.ufpr.br\/#organization"},"potentialAction":[{"@type":"SearchAction","target":{"@type":"EntryPoint","urlTemplate":"https:\/\/comunicacaoeleitoral.ufpr.br\/?s={search_term_string}"},"query-input":"required name=search_term_string"}],"inLanguage":"pt-BR"},{"@type":"Organization","@id":"https:\/\/comunicacaoeleitoral.ufpr.br\/#organization","name":"Comunica\u00e7\u00e3o Eleitoral","url":"https:\/\/comunicacaoeleitoral.ufpr.br\/","logo":{"@type":"ImageObject","inLanguage":"pt-BR","@id":"https:\/\/comunicacaoeleitoral.ufpr.br\/#\/schema\/logo\/image\/","url":"https:\/\/comunicacaoeleitoral.ufpr.br\/wp-content\/uploads\/2015\/05\/header2c_celtalks.png","contentUrl":"https:\/\/comunicacaoeleitoral.ufpr.br\/wp-content\/uploads\/2015\/05\/header2c_celtalks.png","width":1800,"height":674,"caption":"Comunica\u00e7\u00e3o Eleitoral"},"image":{"@id":"https:\/\/comunicacaoeleitoral.ufpr.br\/#\/schema\/logo\/image\/"},"sameAs":["https:\/\/www.facebook.com\/Comunica\u00e7\u00e3o-Eleitoral-564214587069724\/","https:\/\/www.instagram.com\/comunicacaoeleitoral\/","https:\/\/www.youtube.com\/ocanalpanke"]},{"@type":"Person","@id":"https:\/\/comunicacaoeleitoral.ufpr.br\/#\/schema\/person\/1f1b0fa714b592dcfee89e9824953d93","name":"CEL UFPR","image":{"@type":"ImageObject","inLanguage":"pt-BR","@id":"https:\/\/comunicacaoeleitoral.ufpr.br\/#\/schema\/person\/image\/","url":"https:\/\/secure.gravatar.com\/avatar\/e73476db3cc561f956c8814cbc15a40e?s=96&d=mm&r=g","contentUrl":"https:\/\/secure.gravatar.com\/avatar\/e73476db3cc561f956c8814cbc15a40e?s=96&d=mm&r=g","caption":"CEL UFPR"},"url":"https:\/\/comunicacaoeleitoral.ufpr.br\/index.php\/author\/cel-ufpr\/"}]}},"_links":{"self":[{"href":"https:\/\/comunicacaoeleitoral.ufpr.br\/index.php\/wp-json\/wp\/v2\/posts\/2282"}],"collection":[{"href":"https:\/\/comunicacaoeleitoral.ufpr.br\/index.php\/wp-json\/wp\/v2\/posts"}],"about":[{"href":"https:\/\/comunicacaoeleitoral.ufpr.br\/index.php\/wp-json\/wp\/v2\/types\/post"}],"author":[{"embeddable":true,"href":"https:\/\/comunicacaoeleitoral.ufpr.br\/index.php\/wp-json\/wp\/v2\/users\/29"}],"replies":[{"embeddable":true,"href":"https:\/\/comunicacaoeleitoral.ufpr.br\/index.php\/wp-json\/wp\/v2\/comments?post=2282"}],"version-history":[{"count":4,"href":"https:\/\/comunicacaoeleitoral.ufpr.br\/index.php\/wp-json\/wp\/v2\/posts\/2282\/revisions"}],"predecessor-version":[{"id":2289,"href":"https:\/\/comunicacaoeleitoral.ufpr.br\/index.php\/wp-json\/wp\/v2\/posts\/2282\/revisions\/2289"}],"wp:featuredmedia":[{"embeddable":true,"href":"https:\/\/comunicacaoeleitoral.ufpr.br\/index.php\/wp-json\/wp\/v2\/media\/2285"}],"wp:attachment":[{"href":"https:\/\/comunicacaoeleitoral.ufpr.br\/index.php\/wp-json\/wp\/v2\/media?parent=2282"}],"wp:term":[{"taxonomy":"category","embeddable":true,"href":"https:\/\/comunicacaoeleitoral.ufpr.br\/index.php\/wp-json\/wp\/v2\/categories?post=2282"},{"taxonomy":"post_tag","embeddable":true,"href":"https:\/\/comunicacaoeleitoral.ufpr.br\/index.php\/wp-json\/wp\/v2\/tags?post=2282"}],"curies":[{"name":"wp","href":"https:\/\/api.w.org\/{rel}","templated":true}]}}