{"id":1993,"date":"2017-04-12T03:39:29","date_gmt":"2017-04-12T03:39:29","guid":{"rendered":"https:\/\/comunicacaoeleitoral.ufpr.br\/?p=1993"},"modified":"2017-04-12T03:39:29","modified_gmt":"2017-04-12T03:39:29","slug":"tse-disponibiliza-consulta-on-line-a-integra-das-prestacoes-de-contas-anuais-dos-partidos","status":"publish","type":"post","link":"https:\/\/comunicacaoeleitoral.ufpr.br\/index.php\/2017\/04\/12\/tse-disponibiliza-consulta-on-line-a-integra-das-prestacoes-de-contas-anuais-dos-partidos\/","title":{"rendered":"TSE disponibiliza consulta on-line \u00e0 \u00edntegra das presta\u00e7\u00f5es de contas anuais dos partidos  \u00a0"},"content":{"rendered":"<figure id=\"imagemConteudo\"><img decoding=\"async\" src=\"http:\/\/www.tse.jus.br\/imagens\/fotos\/internet-em-18-01-2017\/@@images\/7e6f7be6-5a7a-4aa0-b87c-e3af4e886004.jpeg\" alt=\"Internet\" \/><figcaption id=\"legendaPaginaInterna\"><\/figcaption><\/figure>\n<div id=\"tituloInterno\" class=\"span-26 prepend-3 append-3 last\"><\/div>\n<div id=\"textoConteudo\" class=\"span-26 prepend-3 append-3 last\">\n<div id=\"ancora-text-um\" class=\"texto_ancora\">\n<p>Desde a \u00faltima sexta-feira (7), o Tribunal Superior Eleitoral (TSE) passou a divulgar, em seu portal, a \u00edntegra dos processos de presta\u00e7\u00f5es de contas anuais dos partidos. Com a iniciativa, ser\u00e1 poss\u00edvel conferir, anexo por anexo, todas as despesas declaradas. Para acessar a ferramenta, basta clicar, no menu superior verde, em Partidos, e seguir o seguinte caminho: Contas Partid\u00e1rias &gt; Presta\u00e7\u00e3o de Contas e selecionar o Demonstrativo Cont\u00e1bil do ano desejado. Em seguida, \u00e9 s\u00f3 escolher a legenda a ser pesquisada. <a class=\"external-link\" title=\"\" href=\"http:\/\/www.tse.jus.br\/partidos\/contas-partidarias\/prestacao-de-contas-partidarias\/prestacao-de-contas-partidarias\" target=\"_blank\">Confira o link aqui<\/a>.<\/p>\n<p>Ser\u00e3o disponibilizadas informa\u00e7\u00f5es das presta\u00e7\u00f5es de contas relativas aos exerc\u00edcios de 2012 a 2015. O objetivo desta iniciativa \u00e9 dar mais transpar\u00eancia \u00e0s presta\u00e7\u00f5es de contas anuais e estimular que a pr\u00f3pria sociedade consiga acompanhar de perto as informa\u00e7\u00f5es prestadas pelos partidos e candidatos. Outra novidade \u00e9 que todos os anexos ter\u00e3o ferramenta de pesquisa por palavras-chave, o que facilitar\u00e1 a busca do cidad\u00e3o nos documentos.<\/p>\n<p>A partir deste ano, as contas j\u00e1 ser\u00e3o entregues por meio do Processo Judicial Eletr\u00f4nico (PJe), observando o rito de divulga\u00e7\u00e3o deste sistema. O TSE disponibiliza no site diversos servi\u00e7os e informa\u00e7\u00f5es ao cidad\u00e3o, tais como para quem os diret\u00f3rios nacionais repassaram fundos nos munic\u00edpios e estados e as doa\u00e7\u00f5es recebidas.<\/p>\n<p><strong>Mais controle<\/strong><\/p>\n<p>\u201cA sociedade est\u00e1 cobrando cada vez mais transpar\u00eancia e entendemos ser importante o controle social dos gastos dos partidos\u201d, enfatiza Thiago Bergmann, analista judici\u00e1rio da Assessoria de Exame de Contas Eleitorais e Partid\u00e1rias (Asepa) do TSE, respons\u00e1vel pela a\u00e7\u00e3o juntamente com a Secretaria de Gest\u00e3o da Informa\u00e7\u00e3o do Tribunal.<\/p>\n<p>Conforme disp\u00f5em os artigos 28 a 32 da <a class=\"external-link\" title=\"\" href=\"http:\/\/www.planalto.gov.br\/ccivil_03\/leis\/L9504.htm\" target=\"_blank\">Lei n\u00ba 9.504\/1997<\/a>, candidatos, partidos pol\u00edticos e comit\u00eas financeiros dever\u00e3o prestar contas \u00e0 Justi\u00e7a Eleitoral, conforme a esfera de compet\u00eancia (nacional, estadual ou municipal) at\u00e9 o 30\u00ba dia posterior ao t\u00e9rmino das elei\u00e7\u00f5es.<\/p>\n<p>Faltam 20 dias para o t\u00e9rmino do prazo da presta\u00e7\u00e3o anual de contas partid\u00e1rias de 2016. De acordo com a Lei dos Partidos Pol\u00edticos (<a class=\"external-link\" title=\"\" href=\"http:\/\/www.planalto.gov.br\/ccivil_03\/leis\/L9096.htm\" target=\"_blank\">Lei n\u00ba 9.096\/1995<\/a>), as legendas registradas na Justi\u00e7a Eleitoral devem apresentar a presta\u00e7\u00e3o anual de contas partid\u00e1rias at\u00e9 30 de abril do ano subsequente ao do exerc\u00edcio.<\/p>\n<p>MM\/RC<\/p>\n<\/div>\n<\/div>\n","protected":false},"excerpt":{"rendered":"<p>Desde a \u00faltima sexta-feira (7), o Tribunal Superior Eleitoral (TSE) passou a divulgar, em seu portal, a \u00edntegra dos processos de presta\u00e7\u00f5es de contas anuais dos partidos. Com a iniciativa, ser\u00e1 poss\u00edvel conferir, anexo por anexo, todas as despesas declaradas. Para acessar a ferramenta, basta clicar, no menu superior verde, em Partidos, e seguir o [&hellip;]<\/p>\n","protected":false},"author":14,"featured_media":0,"comment_status":"closed","ping_status":"closed","sticky":false,"template":"","format":"standard","meta":{"_monsterinsights_skip_tracking":false,"_monsterinsights_sitenote_active":false,"_monsterinsights_sitenote_note":"","_monsterinsights_sitenote_category":0,"footnotes":""},"categories":[68],"tags":[],"yoast_head":"<!-- This site is optimized with the Yoast SEO plugin v22.2 - https:\/\/yoast.com\/wordpress\/plugins\/seo\/ -->\n<title>TSE disponibiliza consulta on-line \u00e0 \u00edntegra das presta\u00e7\u00f5es de contas anuais dos partidos \u00a0 - Comunica\u00e7\u00e3o Eleitoral<\/title>\n<meta name=\"description\" content=\"Grupo de pesquisa ligado \u00e0 linha de Comunica\u00e7\u00e3o, Pol\u00edtica e Atores Coletivos do Programa de P\u00f3s-gradua\u00e7\u00e3o em Comunica\u00e7\u00e3o da Universidade Federal do Paran\u00e1 (UFPR)\" \/>\n<meta name=\"robots\" content=\"index, follow, max-snippet:-1, max-image-preview:large, max-video-preview:-1\" \/>\n<link rel=\"canonical\" href=\"https:\/\/comunicacaoeleitoral.ufpr.br\/index.php\/2017\/04\/12\/tse-disponibiliza-consulta-on-line-a-integra-das-prestacoes-de-contas-anuais-dos-partidos\/\" \/>\n<meta property=\"og:locale\" content=\"pt_BR\" \/>\n<meta property=\"og:type\" content=\"article\" \/>\n<meta property=\"og:title\" content=\"TSE disponibiliza consulta on-line \u00e0 \u00edntegra das presta\u00e7\u00f5es de contas anuais dos partidos \u00a0 - Comunica\u00e7\u00e3o Eleitoral\" \/>\n<meta property=\"og:description\" content=\"Grupo de pesquisa ligado \u00e0 linha de Comunica\u00e7\u00e3o, Pol\u00edtica e Atores Coletivos do Programa de P\u00f3s-gradua\u00e7\u00e3o em Comunica\u00e7\u00e3o da Universidade Federal do Paran\u00e1 (UFPR)\" \/>\n<meta property=\"og:url\" content=\"https:\/\/comunicacaoeleitoral.ufpr.br\/index.php\/2017\/04\/12\/tse-disponibiliza-consulta-on-line-a-integra-das-prestacoes-de-contas-anuais-dos-partidos\/\" \/>\n<meta property=\"og:site_name\" content=\"Comunica\u00e7\u00e3o Eleitoral\" \/>\n<meta property=\"article:publisher\" content=\"https:\/\/www.facebook.com\/Comunica%c3%a7%c3%a3o-Eleitoral-564214587069724\/\" \/>\n<meta property=\"article:published_time\" content=\"2017-04-12T03:39:29+00:00\" \/>\n<meta property=\"og:image\" content=\"http:\/\/www.tse.jus.br\/imagens\/fotos\/internet-em-18-01-2017\/@@images\/7e6f7be6-5a7a-4aa0-b87c-e3af4e886004.jpeg\" \/>\n<meta name=\"author\" content=\"Bruno\" \/>\n<meta name=\"twitter:card\" content=\"summary_large_image\" \/>\n<meta name=\"twitter:creator\" content=\"@brunonichols\" \/>\n<meta name=\"twitter:label1\" content=\"Escrito por\" \/>\n\t<meta name=\"twitter:data1\" content=\"Bruno\" \/>\n\t<meta name=\"twitter:label2\" content=\"Est. tempo de leitura\" \/>\n\t<meta name=\"twitter:data2\" content=\"2 minutos\" \/>\n<script type=\"application\/ld+json\" class=\"yoast-schema-graph\">{\"@context\":\"https:\/\/schema.org\",\"@graph\":[{\"@type\":\"Article\",\"@id\":\"https:\/\/comunicacaoeleitoral.ufpr.br\/index.php\/2017\/04\/12\/tse-disponibiliza-consulta-on-line-a-integra-das-prestacoes-de-contas-anuais-dos-partidos\/#article\",\"isPartOf\":{\"@id\":\"https:\/\/comunicacaoeleitoral.ufpr.br\/index.php\/2017\/04\/12\/tse-disponibiliza-consulta-on-line-a-integra-das-prestacoes-de-contas-anuais-dos-partidos\/\"},\"author\":{\"name\":\"Bruno\",\"@id\":\"https:\/\/comunicacaoeleitoral.ufpr.br\/#\/schema\/person\/01c9821415d77ed29d6e5f18970d6818\"},\"headline\":\"TSE disponibiliza consulta on-line \u00e0 \u00edntegra das presta\u00e7\u00f5es de contas anuais dos partidos \u00a0\",\"datePublished\":\"2017-04-12T03:39:29+00:00\",\"dateModified\":\"2017-04-12T03:39:29+00:00\",\"mainEntityOfPage\":{\"@id\":\"https:\/\/comunicacaoeleitoral.ufpr.br\/index.php\/2017\/04\/12\/tse-disponibiliza-consulta-on-line-a-integra-das-prestacoes-de-contas-anuais-dos-partidos\/\"},\"wordCount\":392,\"publisher\":{\"@id\":\"https:\/\/comunicacaoeleitoral.ufpr.br\/#organization\"},\"image\":{\"@id\":\"https:\/\/comunicacaoeleitoral.ufpr.br\/index.php\/2017\/04\/12\/tse-disponibiliza-consulta-on-line-a-integra-das-prestacoes-de-contas-anuais-dos-partidos\/#primaryimage\"},\"thumbnailUrl\":\"http:\/\/www.tse.jus.br\/imagens\/fotos\/internet-em-18-01-2017\/@@images\/7e6f7be6-5a7a-4aa0-b87c-e3af4e886004.jpeg\",\"articleSection\":[\"Not\u00edcias\"],\"inLanguage\":\"pt-BR\"},{\"@type\":\"WebPage\",\"@id\":\"https:\/\/comunicacaoeleitoral.ufpr.br\/index.php\/2017\/04\/12\/tse-disponibiliza-consulta-on-line-a-integra-das-prestacoes-de-contas-anuais-dos-partidos\/\",\"url\":\"https:\/\/comunicacaoeleitoral.ufpr.br\/index.php\/2017\/04\/12\/tse-disponibiliza-consulta-on-line-a-integra-das-prestacoes-de-contas-anuais-dos-partidos\/\",\"name\":\"TSE disponibiliza consulta on-line \u00e0 \u00edntegra das presta\u00e7\u00f5es de contas anuais dos partidos \u00a0 - Comunica\u00e7\u00e3o Eleitoral\",\"isPartOf\":{\"@id\":\"https:\/\/comunicacaoeleitoral.ufpr.br\/#website\"},\"primaryImageOfPage\":{\"@id\":\"https:\/\/comunicacaoeleitoral.ufpr.br\/index.php\/2017\/04\/12\/tse-disponibiliza-consulta-on-line-a-integra-das-prestacoes-de-contas-anuais-dos-partidos\/#primaryimage\"},\"image\":{\"@id\":\"https:\/\/comunicacaoeleitoral.ufpr.br\/index.php\/2017\/04\/12\/tse-disponibiliza-consulta-on-line-a-integra-das-prestacoes-de-contas-anuais-dos-partidos\/#primaryimage\"},\"thumbnailUrl\":\"http:\/\/www.tse.jus.br\/imagens\/fotos\/internet-em-18-01-2017\/@@images\/7e6f7be6-5a7a-4aa0-b87c-e3af4e886004.jpeg\",\"datePublished\":\"2017-04-12T03:39:29+00:00\",\"dateModified\":\"2017-04-12T03:39:29+00:00\",\"description\":\"Grupo de pesquisa ligado \u00e0 linha de Comunica\u00e7\u00e3o, Pol\u00edtica e Atores Coletivos do Programa de P\u00f3s-gradua\u00e7\u00e3o em Comunica\u00e7\u00e3o da Universidade Federal do Paran\u00e1 (UFPR)\",\"breadcrumb\":{\"@id\":\"https:\/\/comunicacaoeleitoral.ufpr.br\/index.php\/2017\/04\/12\/tse-disponibiliza-consulta-on-line-a-integra-das-prestacoes-de-contas-anuais-dos-partidos\/#breadcrumb\"},\"inLanguage\":\"pt-BR\",\"potentialAction\":[{\"@type\":\"ReadAction\",\"target\":[\"https:\/\/comunicacaoeleitoral.ufpr.br\/index.php\/2017\/04\/12\/tse-disponibiliza-consulta-on-line-a-integra-das-prestacoes-de-contas-anuais-dos-partidos\/\"]}]},{\"@type\":\"ImageObject\",\"inLanguage\":\"pt-BR\",\"@id\":\"https:\/\/comunicacaoeleitoral.ufpr.br\/index.php\/2017\/04\/12\/tse-disponibiliza-consulta-on-line-a-integra-das-prestacoes-de-contas-anuais-dos-partidos\/#primaryimage\",\"url\":\"http:\/\/www.tse.jus.br\/imagens\/fotos\/internet-em-18-01-2017\/@@images\/7e6f7be6-5a7a-4aa0-b87c-e3af4e886004.jpeg\",\"contentUrl\":\"http:\/\/www.tse.jus.br\/imagens\/fotos\/internet-em-18-01-2017\/@@images\/7e6f7be6-5a7a-4aa0-b87c-e3af4e886004.jpeg\"},{\"@type\":\"BreadcrumbList\",\"@id\":\"https:\/\/comunicacaoeleitoral.ufpr.br\/index.php\/2017\/04\/12\/tse-disponibiliza-consulta-on-line-a-integra-das-prestacoes-de-contas-anuais-dos-partidos\/#breadcrumb\",\"itemListElement\":[{\"@type\":\"ListItem\",\"position\":1,\"name\":\"In\u00edcio\",\"item\":\"https:\/\/comunicacaoeleitoral.ufpr.br\/\"},{\"@type\":\"ListItem\",\"position\":2,\"name\":\"TSE disponibiliza consulta on-line \u00e0 \u00edntegra das presta\u00e7\u00f5es de contas anuais dos partidos \u00a0\"}]},{\"@type\":\"WebSite\",\"@id\":\"https:\/\/comunicacaoeleitoral.ufpr.br\/#website\",\"url\":\"https:\/\/comunicacaoeleitoral.ufpr.br\/\",\"name\":\"Comunica\u00e7\u00e3o Eleitoral\",\"description\":\"Grupo de pesquisa ligado \u00e0 linha de Comunica\u00e7\u00e3o e Pol\u00edtica do Programa de P\u00f3s-gradua\u00e7\u00e3o em Comunica\u00e7\u00e3o da Universidade Federal do Paran\u00e1.\",\"publisher\":{\"@id\":\"https:\/\/comunicacaoeleitoral.ufpr.br\/#organization\"},\"potentialAction\":[{\"@type\":\"SearchAction\",\"target\":{\"@type\":\"EntryPoint\",\"urlTemplate\":\"https:\/\/comunicacaoeleitoral.ufpr.br\/?s={search_term_string}\"},\"query-input\":\"required name=search_term_string\"}],\"inLanguage\":\"pt-BR\"},{\"@type\":\"Organization\",\"@id\":\"https:\/\/comunicacaoeleitoral.ufpr.br\/#organization\",\"name\":\"Comunica\u00e7\u00e3o Eleitoral\",\"url\":\"https:\/\/comunicacaoeleitoral.ufpr.br\/\",\"logo\":{\"@type\":\"ImageObject\",\"inLanguage\":\"pt-BR\",\"@id\":\"https:\/\/comunicacaoeleitoral.ufpr.br\/#\/schema\/logo\/image\/\",\"url\":\"https:\/\/comunicacaoeleitoral.ufpr.br\/wp-content\/uploads\/2015\/05\/header2c_celtalks.png\",\"contentUrl\":\"https:\/\/comunicacaoeleitoral.ufpr.br\/wp-content\/uploads\/2015\/05\/header2c_celtalks.png\",\"width\":1800,\"height\":674,\"caption\":\"Comunica\u00e7\u00e3o Eleitoral\"},\"image\":{\"@id\":\"https:\/\/comunicacaoeleitoral.ufpr.br\/#\/schema\/logo\/image\/\"},\"sameAs\":[\"https:\/\/www.facebook.com\/Comunica\u00e7\u00e3o-Eleitoral-564214587069724\/\",\"https:\/\/www.instagram.com\/comunicacaoeleitoral\/\",\"https:\/\/www.youtube.com\/ocanalpanke\"]},{\"@type\":\"Person\",\"@id\":\"https:\/\/comunicacaoeleitoral.ufpr.br\/#\/schema\/person\/01c9821415d77ed29d6e5f18970d6818\",\"name\":\"Bruno\",\"image\":{\"@type\":\"ImageObject\",\"inLanguage\":\"pt-BR\",\"@id\":\"https:\/\/comunicacaoeleitoral.ufpr.br\/#\/schema\/person\/image\/\",\"url\":\"https:\/\/secure.gravatar.com\/avatar\/6db9662033591ec1c413c76e78a9eb7e?s=96&d=mm&r=g\",\"contentUrl\":\"https:\/\/secure.gravatar.com\/avatar\/6db9662033591ec1c413c76e78a9eb7e?s=96&d=mm&r=g\",\"caption\":\"Bruno\"},\"sameAs\":[\"https:\/\/twitter.com\/brunonichols\"],\"url\":\"https:\/\/comunicacaoeleitoral.ufpr.br\/index.php\/author\/bruno\/\"}]}<\/script>\n<!-- \/ Yoast SEO plugin. -->","yoast_head_json":{"title":"TSE disponibiliza consulta on-line \u00e0 \u00edntegra das presta\u00e7\u00f5es de contas anuais dos partidos \u00a0 - Comunica\u00e7\u00e3o Eleitoral","description":"Grupo de pesquisa ligado \u00e0 linha de Comunica\u00e7\u00e3o, Pol\u00edtica e Atores Coletivos do Programa de P\u00f3s-gradua\u00e7\u00e3o em Comunica\u00e7\u00e3o da Universidade Federal do Paran\u00e1 (UFPR)","robots":{"index":"index","follow":"follow","max-snippet":"max-snippet:-1","max-image-preview":"max-image-preview:large","max-video-preview":"max-video-preview:-1"},"canonical":"https:\/\/comunicacaoeleitoral.ufpr.br\/index.php\/2017\/04\/12\/tse-disponibiliza-consulta-on-line-a-integra-das-prestacoes-de-contas-anuais-dos-partidos\/","og_locale":"pt_BR","og_type":"article","og_title":"TSE disponibiliza consulta on-line \u00e0 \u00edntegra das presta\u00e7\u00f5es de contas anuais dos partidos \u00a0 - Comunica\u00e7\u00e3o Eleitoral","og_description":"Grupo de pesquisa ligado \u00e0 linha de Comunica\u00e7\u00e3o, Pol\u00edtica e Atores Coletivos do Programa de P\u00f3s-gradua\u00e7\u00e3o em Comunica\u00e7\u00e3o da Universidade Federal do Paran\u00e1 (UFPR)","og_url":"https:\/\/comunicacaoeleitoral.ufpr.br\/index.php\/2017\/04\/12\/tse-disponibiliza-consulta-on-line-a-integra-das-prestacoes-de-contas-anuais-dos-partidos\/","og_site_name":"Comunica\u00e7\u00e3o Eleitoral","article_publisher":"https:\/\/www.facebook.com\/Comunica%c3%a7%c3%a3o-Eleitoral-564214587069724\/","article_published_time":"2017-04-12T03:39:29+00:00","og_image":[{"url":"http:\/\/www.tse.jus.br\/imagens\/fotos\/internet-em-18-01-2017\/@@images\/7e6f7be6-5a7a-4aa0-b87c-e3af4e886004.jpeg"}],"author":"Bruno","twitter_card":"summary_large_image","twitter_creator":"@brunonichols","twitter_misc":{"Escrito por":"Bruno","Est. tempo de leitura":"2 minutos"},"schema":{"@context":"https:\/\/schema.org","@graph":[{"@type":"Article","@id":"https:\/\/comunicacaoeleitoral.ufpr.br\/index.php\/2017\/04\/12\/tse-disponibiliza-consulta-on-line-a-integra-das-prestacoes-de-contas-anuais-dos-partidos\/#article","isPartOf":{"@id":"https:\/\/comunicacaoeleitoral.ufpr.br\/index.php\/2017\/04\/12\/tse-disponibiliza-consulta-on-line-a-integra-das-prestacoes-de-contas-anuais-dos-partidos\/"},"author":{"name":"Bruno","@id":"https:\/\/comunicacaoeleitoral.ufpr.br\/#\/schema\/person\/01c9821415d77ed29d6e5f18970d6818"},"headline":"TSE disponibiliza consulta on-line \u00e0 \u00edntegra das presta\u00e7\u00f5es de contas anuais dos partidos \u00a0","datePublished":"2017-04-12T03:39:29+00:00","dateModified":"2017-04-12T03:39:29+00:00","mainEntityOfPage":{"@id":"https:\/\/comunicacaoeleitoral.ufpr.br\/index.php\/2017\/04\/12\/tse-disponibiliza-consulta-on-line-a-integra-das-prestacoes-de-contas-anuais-dos-partidos\/"},"wordCount":392,"publisher":{"@id":"https:\/\/comunicacaoeleitoral.ufpr.br\/#organization"},"image":{"@id":"https:\/\/comunicacaoeleitoral.ufpr.br\/index.php\/2017\/04\/12\/tse-disponibiliza-consulta-on-line-a-integra-das-prestacoes-de-contas-anuais-dos-partidos\/#primaryimage"},"thumbnailUrl":"http:\/\/www.tse.jus.br\/imagens\/fotos\/internet-em-18-01-2017\/@@images\/7e6f7be6-5a7a-4aa0-b87c-e3af4e886004.jpeg","articleSection":["Not\u00edcias"],"inLanguage":"pt-BR"},{"@type":"WebPage","@id":"https:\/\/comunicacaoeleitoral.ufpr.br\/index.php\/2017\/04\/12\/tse-disponibiliza-consulta-on-line-a-integra-das-prestacoes-de-contas-anuais-dos-partidos\/","url":"https:\/\/comunicacaoeleitoral.ufpr.br\/index.php\/2017\/04\/12\/tse-disponibiliza-consulta-on-line-a-integra-das-prestacoes-de-contas-anuais-dos-partidos\/","name":"TSE disponibiliza consulta on-line \u00e0 \u00edntegra das presta\u00e7\u00f5es de contas anuais dos partidos \u00a0 - Comunica\u00e7\u00e3o Eleitoral","isPartOf":{"@id":"https:\/\/comunicacaoeleitoral.ufpr.br\/#website"},"primaryImageOfPage":{"@id":"https:\/\/comunicacaoeleitoral.ufpr.br\/index.php\/2017\/04\/12\/tse-disponibiliza-consulta-on-line-a-integra-das-prestacoes-de-contas-anuais-dos-partidos\/#primaryimage"},"image":{"@id":"https:\/\/comunicacaoeleitoral.ufpr.br\/index.php\/2017\/04\/12\/tse-disponibiliza-consulta-on-line-a-integra-das-prestacoes-de-contas-anuais-dos-partidos\/#primaryimage"},"thumbnailUrl":"http:\/\/www.tse.jus.br\/imagens\/fotos\/internet-em-18-01-2017\/@@images\/7e6f7be6-5a7a-4aa0-b87c-e3af4e886004.jpeg","datePublished":"2017-04-12T03:39:29+00:00","dateModified":"2017-04-12T03:39:29+00:00","description":"Grupo de pesquisa ligado \u00e0 linha de Comunica\u00e7\u00e3o, Pol\u00edtica e Atores Coletivos do Programa de P\u00f3s-gradua\u00e7\u00e3o em Comunica\u00e7\u00e3o da Universidade Federal do Paran\u00e1 (UFPR)","breadcrumb":{"@id":"https:\/\/comunicacaoeleitoral.ufpr.br\/index.php\/2017\/04\/12\/tse-disponibiliza-consulta-on-line-a-integra-das-prestacoes-de-contas-anuais-dos-partidos\/#breadcrumb"},"inLanguage":"pt-BR","potentialAction":[{"@type":"ReadAction","target":["https:\/\/comunicacaoeleitoral.ufpr.br\/index.php\/2017\/04\/12\/tse-disponibiliza-consulta-on-line-a-integra-das-prestacoes-de-contas-anuais-dos-partidos\/"]}]},{"@type":"ImageObject","inLanguage":"pt-BR","@id":"https:\/\/comunicacaoeleitoral.ufpr.br\/index.php\/2017\/04\/12\/tse-disponibiliza-consulta-on-line-a-integra-das-prestacoes-de-contas-anuais-dos-partidos\/#primaryimage","url":"http:\/\/www.tse.jus.br\/imagens\/fotos\/internet-em-18-01-2017\/@@images\/7e6f7be6-5a7a-4aa0-b87c-e3af4e886004.jpeg","contentUrl":"http:\/\/www.tse.jus.br\/imagens\/fotos\/internet-em-18-01-2017\/@@images\/7e6f7be6-5a7a-4aa0-b87c-e3af4e886004.jpeg"},{"@type":"BreadcrumbList","@id":"https:\/\/comunicacaoeleitoral.ufpr.br\/index.php\/2017\/04\/12\/tse-disponibiliza-consulta-on-line-a-integra-das-prestacoes-de-contas-anuais-dos-partidos\/#breadcrumb","itemListElement":[{"@type":"ListItem","position":1,"name":"In\u00edcio","item":"https:\/\/comunicacaoeleitoral.ufpr.br\/"},{"@type":"ListItem","position":2,"name":"TSE disponibiliza consulta on-line \u00e0 \u00edntegra das presta\u00e7\u00f5es de contas anuais dos partidos \u00a0"}]},{"@type":"WebSite","@id":"https:\/\/comunicacaoeleitoral.ufpr.br\/#website","url":"https:\/\/comunicacaoeleitoral.ufpr.br\/","name":"Comunica\u00e7\u00e3o Eleitoral","description":"Grupo de pesquisa ligado \u00e0 linha de Comunica\u00e7\u00e3o e Pol\u00edtica do Programa de P\u00f3s-gradua\u00e7\u00e3o em Comunica\u00e7\u00e3o da Universidade Federal do Paran\u00e1.","publisher":{"@id":"https:\/\/comunicacaoeleitoral.ufpr.br\/#organization"},"potentialAction":[{"@type":"SearchAction","target":{"@type":"EntryPoint","urlTemplate":"https:\/\/comunicacaoeleitoral.ufpr.br\/?s={search_term_string}"},"query-input":"required name=search_term_string"}],"inLanguage":"pt-BR"},{"@type":"Organization","@id":"https:\/\/comunicacaoeleitoral.ufpr.br\/#organization","name":"Comunica\u00e7\u00e3o Eleitoral","url":"https:\/\/comunicacaoeleitoral.ufpr.br\/","logo":{"@type":"ImageObject","inLanguage":"pt-BR","@id":"https:\/\/comunicacaoeleitoral.ufpr.br\/#\/schema\/logo\/image\/","url":"https:\/\/comunicacaoeleitoral.ufpr.br\/wp-content\/uploads\/2015\/05\/header2c_celtalks.png","contentUrl":"https:\/\/comunicacaoeleitoral.ufpr.br\/wp-content\/uploads\/2015\/05\/header2c_celtalks.png","width":1800,"height":674,"caption":"Comunica\u00e7\u00e3o Eleitoral"},"image":{"@id":"https:\/\/comunicacaoeleitoral.ufpr.br\/#\/schema\/logo\/image\/"},"sameAs":["https:\/\/www.facebook.com\/Comunica\u00e7\u00e3o-Eleitoral-564214587069724\/","https:\/\/www.instagram.com\/comunicacaoeleitoral\/","https:\/\/www.youtube.com\/ocanalpanke"]},{"@type":"Person","@id":"https:\/\/comunicacaoeleitoral.ufpr.br\/#\/schema\/person\/01c9821415d77ed29d6e5f18970d6818","name":"Bruno","image":{"@type":"ImageObject","inLanguage":"pt-BR","@id":"https:\/\/comunicacaoeleitoral.ufpr.br\/#\/schema\/person\/image\/","url":"https:\/\/secure.gravatar.com\/avatar\/6db9662033591ec1c413c76e78a9eb7e?s=96&d=mm&r=g","contentUrl":"https:\/\/secure.gravatar.com\/avatar\/6db9662033591ec1c413c76e78a9eb7e?s=96&d=mm&r=g","caption":"Bruno"},"sameAs":["https:\/\/twitter.com\/brunonichols"],"url":"https:\/\/comunicacaoeleitoral.ufpr.br\/index.php\/author\/bruno\/"}]}},"_links":{"self":[{"href":"https:\/\/comunicacaoeleitoral.ufpr.br\/index.php\/wp-json\/wp\/v2\/posts\/1993"}],"collection":[{"href":"https:\/\/comunicacaoeleitoral.ufpr.br\/index.php\/wp-json\/wp\/v2\/posts"}],"about":[{"href":"https:\/\/comunicacaoeleitoral.ufpr.br\/index.php\/wp-json\/wp\/v2\/types\/post"}],"author":[{"embeddable":true,"href":"https:\/\/comunicacaoeleitoral.ufpr.br\/index.php\/wp-json\/wp\/v2\/users\/14"}],"replies":[{"embeddable":true,"href":"https:\/\/comunicacaoeleitoral.ufpr.br\/index.php\/wp-json\/wp\/v2\/comments?post=1993"}],"version-history":[{"count":1,"href":"https:\/\/comunicacaoeleitoral.ufpr.br\/index.php\/wp-json\/wp\/v2\/posts\/1993\/revisions"}],"predecessor-version":[{"id":1994,"href":"https:\/\/comunicacaoeleitoral.ufpr.br\/index.php\/wp-json\/wp\/v2\/posts\/1993\/revisions\/1994"}],"wp:attachment":[{"href":"https:\/\/comunicacaoeleitoral.ufpr.br\/index.php\/wp-json\/wp\/v2\/media?parent=1993"}],"wp:term":[{"taxonomy":"category","embeddable":true,"href":"https:\/\/comunicacaoeleitoral.ufpr.br\/index.php\/wp-json\/wp\/v2\/categories?post=1993"},{"taxonomy":"post_tag","embeddable":true,"href":"https:\/\/comunicacaoeleitoral.ufpr.br\/index.php\/wp-json\/wp\/v2\/tags?post=1993"}],"curies":[{"name":"wp","href":"https:\/\/api.w.org\/{rel}","templated":true}]}}