{"id":1936,"date":"2017-03-08T02:31:02","date_gmt":"2017-03-08T02:31:02","guid":{"rendered":"https:\/\/comunicacaoeleitoral.ufpr.br\/?p=1936"},"modified":"2017-03-08T02:31:02","modified_gmt":"2017-03-08T02:31:02","slug":"senado-aprova-atendimento-especializado-no-sus-para-vitimas-de-violencia-domestica","status":"publish","type":"post","link":"https:\/\/comunicacaoeleitoral.ufpr.br\/index.php\/2017\/03\/08\/senado-aprova-atendimento-especializado-no-sus-para-vitimas-de-violencia-domestica\/","title":{"rendered":"Senado aprova atendimento especializado no SUS para v\u00edtimas de viol\u00eancia dom\u00e9stica"},"content":{"rendered":"<div id=\"carrosselFotos\" class=\"carousel-materia slide\">\n<div class=\"pgwSlideshow wide\">\n<div class=\"ps-current\">\n<div style=\"width: 870px\" class=\"wp-caption alignnone\"><img loading=\"lazy\" decoding=\"async\" src=\"http:\/\/www12.senado.leg.br\/noticias\/materias\/2017\/03\/07\/senado-aprova-atendimento-especializado-no-sus-para-vitimas-de-violencia-domestica\/20170307_01146jr.jpg\/@@images\/image\/imagem_materia\" alt=\"\" width=\"860\" height=\"570\" \/><p class=\"wp-caption-text\">Jefferson Rudy\/Ag\u00eancia Senado<\/p><\/div>\n<\/div>\n<\/div>\n<\/div>\n<div id=\"boxLateralMateria\" class=\"col-md-3 hidden-xs u-noPrint\">\n<aside>\n<div class=\"saiba-mais\">\n<div class=\"painel painel-base painel-links\">\n<div class=\"painel-cabecalho\"><\/div>\n<div class=\"painel-corpo\">\n<p><a class=\"has-popover\" style=\"box-sizing: border-box; background: transparent; color: #3e6892; text-decoration: none;\" tabindex=\"0\" title=\"\" data-toggle=\"popover\" data-html=\"true\" data-trigger=\"focus\" data-content=\"&lt;span class='popover-legislacao'&gt;&lt;a target='_blank' href='http:\/\/www25.senado.leg.br\/web\/atividade\/materias\/-\/materia\/113731'&gt;&lt;span class='glyphicon glyphicon-file'&gt;&lt;\/span&gt; Leia&lt;\/a&gt; | &lt;a target='_blank' href='http:\/\/www12.senado.gov.br\/ecidadania\/visualizacaomateria?id=113731'&gt;&lt;span class='glyphicon glyphicon-comment'&gt;&lt;\/span&gt; Opine&lt;\/a&gt;&lt;\/span&gt;\" data-original-title=\"\">PLS 295\/2013<\/a><\/p>\n<\/div>\n<\/div>\n<\/div>\n<\/aside>\n<\/div>\n<div id=\"textoMateria\">\n<p>Um projeto que garante atendimento especializado para mulheres v\u00edtimas de viol\u00eancia dom\u00e9stica e sexual no Sistema \u00danico de Sa\u00fade (SUS) foi aprovado nesta ter\u00e7a-feira (7) pelo Senado. O texto garante, entre outros direitos, o acompanhamento psicol\u00f3gico e cirurgias pl\u00e1sticas reparadoras, se for o caso. A coloca\u00e7\u00e3o do projeto em pauta foi decidida em reuni\u00e3o de l\u00edderes hoje, v\u00e9spera do Dia Internacional da Mulher.<\/p>\n<p>O projeto (PLS 295\/2013) j\u00e1 havia sido aprovado pelo Senado em 2013. O \u00a0texto aprovado hoje \u00e9 uma mudan\u00e7a feita pela C\u00e2mara dos Deputados. O projeto original previa atendimento especial a v\u00edtimas de viol\u00eancia dom\u00e9stica, mas a emenda aprovada pelos deputados e confirmada pelos senadores estendeu a prote\u00e7\u00e3o \u00e0s v\u00edtimas de viol\u00eancia sexual.<\/p>\n<p>Entre os atendimentos que devem ser assegurados, conforme a proposta, est\u00e3o tratamento m\u00e9dico, atendimento psicol\u00f3gico e, quando for necess\u00e1rio, cirurgias pl\u00e1sticas reparadoras. A necessidade de garantir esse tipo de atendimento especializado dentro do SUS foi constatada pela Comiss\u00e3o Parlamentar Mista de Inqu\u00e9rito da Viol\u00eancia Contra a Mulher, que apresentou o projeto ao final dos seus trabalhos, em 2013.<\/p>\n<p>Al\u00e9m de ampliar a abrang\u00eancia da proposta, a C\u00e2mara tamb\u00e9m aprovou mudan\u00e7a de reda\u00e7\u00e3o e substituiu a express\u00e3o \u201corganiza\u00e7\u00e3o de servi\u00e7os p\u00fablicos\u201d por \u201corganiza\u00e7\u00e3o de atendimento p\u00fablico\u201d. Na Comiss\u00e3o de Direitos Humanos e Legisla\u00e7\u00e3o Participativa (CDH) e na Comiss\u00e3o de Assuntos Sociais (CAS), a altera\u00e7\u00e3o foi considerada positiva pelas relatoras, senadora Marta Suplicy (PMDB-SP) e pela ex-senadora Ana Rita (PT-ES). O Plen\u00e1rio tamb\u00e9m aprovou a mudan\u00e7a.<\/p>\n<p>Fonte: <a href=\"http:\/\/www12.senado.leg.br\/noticias\/materias\/2017\/03\/07\/senado-aprova-atendimento-especializado-no-sus-para-vitimas-de-violencia-domestica\" target=\"_blank\">Ag\u00eancia Senado<\/a><\/p>\n<\/div>\n","protected":false},"excerpt":{"rendered":"<p>PLS 295\/2013 Um projeto que garante atendimento especializado para mulheres v\u00edtimas de viol\u00eancia dom\u00e9stica e sexual no Sistema \u00danico de Sa\u00fade (SUS) foi aprovado nesta ter\u00e7a-feira (7) pelo Senado. O texto garante, entre outros direitos, o acompanhamento psicol\u00f3gico e cirurgias pl\u00e1sticas reparadoras, se for o caso. A coloca\u00e7\u00e3o do projeto em pauta foi decidida em [&hellip;]<\/p>\n","protected":false},"author":14,"featured_media":0,"comment_status":"closed","ping_status":"closed","sticky":false,"template":"","format":"standard","meta":{"_monsterinsights_skip_tracking":false,"_monsterinsights_sitenote_active":false,"_monsterinsights_sitenote_note":"","_monsterinsights_sitenote_category":0,"footnotes":""},"categories":[68],"tags":[],"yoast_head":"<!-- This site is optimized with the Yoast SEO plugin v22.2 - https:\/\/yoast.com\/wordpress\/plugins\/seo\/ -->\n<title>Senado aprova atendimento especializado no SUS para v\u00edtimas de viol\u00eancia dom\u00e9stica - Comunica\u00e7\u00e3o Eleitoral<\/title>\n<meta name=\"description\" content=\"Grupo de pesquisa ligado \u00e0 linha de Comunica\u00e7\u00e3o, Pol\u00edtica e Atores Coletivos do Programa de P\u00f3s-gradua\u00e7\u00e3o em Comunica\u00e7\u00e3o da Universidade Federal do Paran\u00e1 (UFPR)\" \/>\n<meta name=\"robots\" content=\"index, follow, max-snippet:-1, max-image-preview:large, max-video-preview:-1\" \/>\n<link rel=\"canonical\" href=\"https:\/\/comunicacaoeleitoral.ufpr.br\/index.php\/2017\/03\/08\/senado-aprova-atendimento-especializado-no-sus-para-vitimas-de-violencia-domestica\/\" \/>\n<meta property=\"og:locale\" content=\"pt_BR\" \/>\n<meta property=\"og:type\" content=\"article\" \/>\n<meta property=\"og:title\" content=\"Senado aprova atendimento especializado no SUS para v\u00edtimas de viol\u00eancia dom\u00e9stica - Comunica\u00e7\u00e3o Eleitoral\" \/>\n<meta property=\"og:description\" content=\"Grupo de pesquisa ligado \u00e0 linha de Comunica\u00e7\u00e3o, Pol\u00edtica e Atores Coletivos do Programa de P\u00f3s-gradua\u00e7\u00e3o em Comunica\u00e7\u00e3o da Universidade Federal do Paran\u00e1 (UFPR)\" \/>\n<meta property=\"og:url\" content=\"https:\/\/comunicacaoeleitoral.ufpr.br\/index.php\/2017\/03\/08\/senado-aprova-atendimento-especializado-no-sus-para-vitimas-de-violencia-domestica\/\" \/>\n<meta property=\"og:site_name\" content=\"Comunica\u00e7\u00e3o Eleitoral\" \/>\n<meta property=\"article:publisher\" content=\"https:\/\/www.facebook.com\/Comunica%c3%a7%c3%a3o-Eleitoral-564214587069724\/\" \/>\n<meta property=\"article:published_time\" content=\"2017-03-08T02:31:02+00:00\" \/>\n<meta property=\"og:image\" content=\"http:\/\/www12.senado.leg.br\/noticias\/materias\/2017\/03\/07\/senado-aprova-atendimento-especializado-no-sus-para-vitimas-de-violencia-domestica\/20170307_01146jr.jpg\/@@images\/image\/imagem_materia\" \/>\n<meta name=\"author\" content=\"Bruno\" \/>\n<meta name=\"twitter:card\" content=\"summary_large_image\" \/>\n<meta name=\"twitter:creator\" content=\"@brunonichols\" \/>\n<meta name=\"twitter:label1\" content=\"Escrito por\" \/>\n\t<meta name=\"twitter:data1\" content=\"Bruno\" \/>\n\t<meta name=\"twitter:label2\" content=\"Est. tempo de leitura\" \/>\n\t<meta name=\"twitter:data2\" content=\"1 minuto\" \/>\n<script type=\"application\/ld+json\" class=\"yoast-schema-graph\">{\"@context\":\"https:\/\/schema.org\",\"@graph\":[{\"@type\":\"Article\",\"@id\":\"https:\/\/comunicacaoeleitoral.ufpr.br\/index.php\/2017\/03\/08\/senado-aprova-atendimento-especializado-no-sus-para-vitimas-de-violencia-domestica\/#article\",\"isPartOf\":{\"@id\":\"https:\/\/comunicacaoeleitoral.ufpr.br\/index.php\/2017\/03\/08\/senado-aprova-atendimento-especializado-no-sus-para-vitimas-de-violencia-domestica\/\"},\"author\":{\"name\":\"Bruno\",\"@id\":\"https:\/\/comunicacaoeleitoral.ufpr.br\/#\/schema\/person\/01c9821415d77ed29d6e5f18970d6818\"},\"headline\":\"Senado aprova atendimento especializado no SUS para v\u00edtimas de viol\u00eancia dom\u00e9stica\",\"datePublished\":\"2017-03-08T02:31:02+00:00\",\"dateModified\":\"2017-03-08T02:31:02+00:00\",\"mainEntityOfPage\":{\"@id\":\"https:\/\/comunicacaoeleitoral.ufpr.br\/index.php\/2017\/03\/08\/senado-aprova-atendimento-especializado-no-sus-para-vitimas-de-violencia-domestica\/\"},\"wordCount\":311,\"publisher\":{\"@id\":\"https:\/\/comunicacaoeleitoral.ufpr.br\/#organization\"},\"image\":{\"@id\":\"https:\/\/comunicacaoeleitoral.ufpr.br\/index.php\/2017\/03\/08\/senado-aprova-atendimento-especializado-no-sus-para-vitimas-de-violencia-domestica\/#primaryimage\"},\"thumbnailUrl\":\"http:\/\/www12.senado.leg.br\/noticias\/materias\/2017\/03\/07\/senado-aprova-atendimento-especializado-no-sus-para-vitimas-de-violencia-domestica\/20170307_01146jr.jpg\/@@images\/image\/imagem_materia\",\"articleSection\":[\"Not\u00edcias\"],\"inLanguage\":\"pt-BR\"},{\"@type\":\"WebPage\",\"@id\":\"https:\/\/comunicacaoeleitoral.ufpr.br\/index.php\/2017\/03\/08\/senado-aprova-atendimento-especializado-no-sus-para-vitimas-de-violencia-domestica\/\",\"url\":\"https:\/\/comunicacaoeleitoral.ufpr.br\/index.php\/2017\/03\/08\/senado-aprova-atendimento-especializado-no-sus-para-vitimas-de-violencia-domestica\/\",\"name\":\"Senado aprova atendimento especializado no SUS para v\u00edtimas de viol\u00eancia dom\u00e9stica - Comunica\u00e7\u00e3o Eleitoral\",\"isPartOf\":{\"@id\":\"https:\/\/comunicacaoeleitoral.ufpr.br\/#website\"},\"primaryImageOfPage\":{\"@id\":\"https:\/\/comunicacaoeleitoral.ufpr.br\/index.php\/2017\/03\/08\/senado-aprova-atendimento-especializado-no-sus-para-vitimas-de-violencia-domestica\/#primaryimage\"},\"image\":{\"@id\":\"https:\/\/comunicacaoeleitoral.ufpr.br\/index.php\/2017\/03\/08\/senado-aprova-atendimento-especializado-no-sus-para-vitimas-de-violencia-domestica\/#primaryimage\"},\"thumbnailUrl\":\"http:\/\/www12.senado.leg.br\/noticias\/materias\/2017\/03\/07\/senado-aprova-atendimento-especializado-no-sus-para-vitimas-de-violencia-domestica\/20170307_01146jr.jpg\/@@images\/image\/imagem_materia\",\"datePublished\":\"2017-03-08T02:31:02+00:00\",\"dateModified\":\"2017-03-08T02:31:02+00:00\",\"description\":\"Grupo de pesquisa ligado \u00e0 linha de Comunica\u00e7\u00e3o, Pol\u00edtica e Atores Coletivos do Programa de P\u00f3s-gradua\u00e7\u00e3o em Comunica\u00e7\u00e3o da Universidade Federal do Paran\u00e1 (UFPR)\",\"breadcrumb\":{\"@id\":\"https:\/\/comunicacaoeleitoral.ufpr.br\/index.php\/2017\/03\/08\/senado-aprova-atendimento-especializado-no-sus-para-vitimas-de-violencia-domestica\/#breadcrumb\"},\"inLanguage\":\"pt-BR\",\"potentialAction\":[{\"@type\":\"ReadAction\",\"target\":[\"https:\/\/comunicacaoeleitoral.ufpr.br\/index.php\/2017\/03\/08\/senado-aprova-atendimento-especializado-no-sus-para-vitimas-de-violencia-domestica\/\"]}]},{\"@type\":\"ImageObject\",\"inLanguage\":\"pt-BR\",\"@id\":\"https:\/\/comunicacaoeleitoral.ufpr.br\/index.php\/2017\/03\/08\/senado-aprova-atendimento-especializado-no-sus-para-vitimas-de-violencia-domestica\/#primaryimage\",\"url\":\"http:\/\/www12.senado.leg.br\/noticias\/materias\/2017\/03\/07\/senado-aprova-atendimento-especializado-no-sus-para-vitimas-de-violencia-domestica\/20170307_01146jr.jpg\/@@images\/image\/imagem_materia\",\"contentUrl\":\"http:\/\/www12.senado.leg.br\/noticias\/materias\/2017\/03\/07\/senado-aprova-atendimento-especializado-no-sus-para-vitimas-de-violencia-domestica\/20170307_01146jr.jpg\/@@images\/image\/imagem_materia\"},{\"@type\":\"BreadcrumbList\",\"@id\":\"https:\/\/comunicacaoeleitoral.ufpr.br\/index.php\/2017\/03\/08\/senado-aprova-atendimento-especializado-no-sus-para-vitimas-de-violencia-domestica\/#breadcrumb\",\"itemListElement\":[{\"@type\":\"ListItem\",\"position\":1,\"name\":\"In\u00edcio\",\"item\":\"https:\/\/comunicacaoeleitoral.ufpr.br\/\"},{\"@type\":\"ListItem\",\"position\":2,\"name\":\"Senado aprova atendimento especializado no SUS para v\u00edtimas de viol\u00eancia dom\u00e9stica\"}]},{\"@type\":\"WebSite\",\"@id\":\"https:\/\/comunicacaoeleitoral.ufpr.br\/#website\",\"url\":\"https:\/\/comunicacaoeleitoral.ufpr.br\/\",\"name\":\"Comunica\u00e7\u00e3o Eleitoral\",\"description\":\"Grupo de pesquisa ligado \u00e0 linha de Comunica\u00e7\u00e3o e Pol\u00edtica do Programa de P\u00f3s-gradua\u00e7\u00e3o em Comunica\u00e7\u00e3o da Universidade Federal do Paran\u00e1.\",\"publisher\":{\"@id\":\"https:\/\/comunicacaoeleitoral.ufpr.br\/#organization\"},\"potentialAction\":[{\"@type\":\"SearchAction\",\"target\":{\"@type\":\"EntryPoint\",\"urlTemplate\":\"https:\/\/comunicacaoeleitoral.ufpr.br\/?s={search_term_string}\"},\"query-input\":\"required name=search_term_string\"}],\"inLanguage\":\"pt-BR\"},{\"@type\":\"Organization\",\"@id\":\"https:\/\/comunicacaoeleitoral.ufpr.br\/#organization\",\"name\":\"Comunica\u00e7\u00e3o Eleitoral\",\"url\":\"https:\/\/comunicacaoeleitoral.ufpr.br\/\",\"logo\":{\"@type\":\"ImageObject\",\"inLanguage\":\"pt-BR\",\"@id\":\"https:\/\/comunicacaoeleitoral.ufpr.br\/#\/schema\/logo\/image\/\",\"url\":\"https:\/\/comunicacaoeleitoral.ufpr.br\/wp-content\/uploads\/2015\/05\/header2c_celtalks.png\",\"contentUrl\":\"https:\/\/comunicacaoeleitoral.ufpr.br\/wp-content\/uploads\/2015\/05\/header2c_celtalks.png\",\"width\":1800,\"height\":674,\"caption\":\"Comunica\u00e7\u00e3o Eleitoral\"},\"image\":{\"@id\":\"https:\/\/comunicacaoeleitoral.ufpr.br\/#\/schema\/logo\/image\/\"},\"sameAs\":[\"https:\/\/www.facebook.com\/Comunica\u00e7\u00e3o-Eleitoral-564214587069724\/\",\"https:\/\/www.instagram.com\/comunicacaoeleitoral\/\",\"https:\/\/www.youtube.com\/ocanalpanke\"]},{\"@type\":\"Person\",\"@id\":\"https:\/\/comunicacaoeleitoral.ufpr.br\/#\/schema\/person\/01c9821415d77ed29d6e5f18970d6818\",\"name\":\"Bruno\",\"image\":{\"@type\":\"ImageObject\",\"inLanguage\":\"pt-BR\",\"@id\":\"https:\/\/comunicacaoeleitoral.ufpr.br\/#\/schema\/person\/image\/\",\"url\":\"https:\/\/secure.gravatar.com\/avatar\/6db9662033591ec1c413c76e78a9eb7e?s=96&d=mm&r=g\",\"contentUrl\":\"https:\/\/secure.gravatar.com\/avatar\/6db9662033591ec1c413c76e78a9eb7e?s=96&d=mm&r=g\",\"caption\":\"Bruno\"},\"sameAs\":[\"https:\/\/twitter.com\/brunonichols\"],\"url\":\"https:\/\/comunicacaoeleitoral.ufpr.br\/index.php\/author\/bruno\/\"}]}<\/script>\n<!-- \/ Yoast SEO plugin. -->","yoast_head_json":{"title":"Senado aprova atendimento especializado no SUS para v\u00edtimas de viol\u00eancia dom\u00e9stica - Comunica\u00e7\u00e3o Eleitoral","description":"Grupo de pesquisa ligado \u00e0 linha de Comunica\u00e7\u00e3o, Pol\u00edtica e Atores Coletivos do Programa de P\u00f3s-gradua\u00e7\u00e3o em Comunica\u00e7\u00e3o da Universidade Federal do Paran\u00e1 (UFPR)","robots":{"index":"index","follow":"follow","max-snippet":"max-snippet:-1","max-image-preview":"max-image-preview:large","max-video-preview":"max-video-preview:-1"},"canonical":"https:\/\/comunicacaoeleitoral.ufpr.br\/index.php\/2017\/03\/08\/senado-aprova-atendimento-especializado-no-sus-para-vitimas-de-violencia-domestica\/","og_locale":"pt_BR","og_type":"article","og_title":"Senado aprova atendimento especializado no SUS para v\u00edtimas de viol\u00eancia dom\u00e9stica - Comunica\u00e7\u00e3o Eleitoral","og_description":"Grupo de pesquisa ligado \u00e0 linha de Comunica\u00e7\u00e3o, Pol\u00edtica e Atores Coletivos do Programa de P\u00f3s-gradua\u00e7\u00e3o em Comunica\u00e7\u00e3o da Universidade Federal do Paran\u00e1 (UFPR)","og_url":"https:\/\/comunicacaoeleitoral.ufpr.br\/index.php\/2017\/03\/08\/senado-aprova-atendimento-especializado-no-sus-para-vitimas-de-violencia-domestica\/","og_site_name":"Comunica\u00e7\u00e3o Eleitoral","article_publisher":"https:\/\/www.facebook.com\/Comunica%c3%a7%c3%a3o-Eleitoral-564214587069724\/","article_published_time":"2017-03-08T02:31:02+00:00","og_image":[{"url":"http:\/\/www12.senado.leg.br\/noticias\/materias\/2017\/03\/07\/senado-aprova-atendimento-especializado-no-sus-para-vitimas-de-violencia-domestica\/20170307_01146jr.jpg\/@@images\/image\/imagem_materia"}],"author":"Bruno","twitter_card":"summary_large_image","twitter_creator":"@brunonichols","twitter_misc":{"Escrito por":"Bruno","Est. tempo de leitura":"1 minuto"},"schema":{"@context":"https:\/\/schema.org","@graph":[{"@type":"Article","@id":"https:\/\/comunicacaoeleitoral.ufpr.br\/index.php\/2017\/03\/08\/senado-aprova-atendimento-especializado-no-sus-para-vitimas-de-violencia-domestica\/#article","isPartOf":{"@id":"https:\/\/comunicacaoeleitoral.ufpr.br\/index.php\/2017\/03\/08\/senado-aprova-atendimento-especializado-no-sus-para-vitimas-de-violencia-domestica\/"},"author":{"name":"Bruno","@id":"https:\/\/comunicacaoeleitoral.ufpr.br\/#\/schema\/person\/01c9821415d77ed29d6e5f18970d6818"},"headline":"Senado aprova atendimento especializado no SUS para v\u00edtimas de viol\u00eancia dom\u00e9stica","datePublished":"2017-03-08T02:31:02+00:00","dateModified":"2017-03-08T02:31:02+00:00","mainEntityOfPage":{"@id":"https:\/\/comunicacaoeleitoral.ufpr.br\/index.php\/2017\/03\/08\/senado-aprova-atendimento-especializado-no-sus-para-vitimas-de-violencia-domestica\/"},"wordCount":311,"publisher":{"@id":"https:\/\/comunicacaoeleitoral.ufpr.br\/#organization"},"image":{"@id":"https:\/\/comunicacaoeleitoral.ufpr.br\/index.php\/2017\/03\/08\/senado-aprova-atendimento-especializado-no-sus-para-vitimas-de-violencia-domestica\/#primaryimage"},"thumbnailUrl":"http:\/\/www12.senado.leg.br\/noticias\/materias\/2017\/03\/07\/senado-aprova-atendimento-especializado-no-sus-para-vitimas-de-violencia-domestica\/20170307_01146jr.jpg\/@@images\/image\/imagem_materia","articleSection":["Not\u00edcias"],"inLanguage":"pt-BR"},{"@type":"WebPage","@id":"https:\/\/comunicacaoeleitoral.ufpr.br\/index.php\/2017\/03\/08\/senado-aprova-atendimento-especializado-no-sus-para-vitimas-de-violencia-domestica\/","url":"https:\/\/comunicacaoeleitoral.ufpr.br\/index.php\/2017\/03\/08\/senado-aprova-atendimento-especializado-no-sus-para-vitimas-de-violencia-domestica\/","name":"Senado aprova atendimento especializado no SUS para v\u00edtimas de viol\u00eancia dom\u00e9stica - Comunica\u00e7\u00e3o Eleitoral","isPartOf":{"@id":"https:\/\/comunicacaoeleitoral.ufpr.br\/#website"},"primaryImageOfPage":{"@id":"https:\/\/comunicacaoeleitoral.ufpr.br\/index.php\/2017\/03\/08\/senado-aprova-atendimento-especializado-no-sus-para-vitimas-de-violencia-domestica\/#primaryimage"},"image":{"@id":"https:\/\/comunicacaoeleitoral.ufpr.br\/index.php\/2017\/03\/08\/senado-aprova-atendimento-especializado-no-sus-para-vitimas-de-violencia-domestica\/#primaryimage"},"thumbnailUrl":"http:\/\/www12.senado.leg.br\/noticias\/materias\/2017\/03\/07\/senado-aprova-atendimento-especializado-no-sus-para-vitimas-de-violencia-domestica\/20170307_01146jr.jpg\/@@images\/image\/imagem_materia","datePublished":"2017-03-08T02:31:02+00:00","dateModified":"2017-03-08T02:31:02+00:00","description":"Grupo de pesquisa ligado \u00e0 linha de Comunica\u00e7\u00e3o, Pol\u00edtica e Atores Coletivos do Programa de P\u00f3s-gradua\u00e7\u00e3o em Comunica\u00e7\u00e3o da Universidade Federal do Paran\u00e1 (UFPR)","breadcrumb":{"@id":"https:\/\/comunicacaoeleitoral.ufpr.br\/index.php\/2017\/03\/08\/senado-aprova-atendimento-especializado-no-sus-para-vitimas-de-violencia-domestica\/#breadcrumb"},"inLanguage":"pt-BR","potentialAction":[{"@type":"ReadAction","target":["https:\/\/comunicacaoeleitoral.ufpr.br\/index.php\/2017\/03\/08\/senado-aprova-atendimento-especializado-no-sus-para-vitimas-de-violencia-domestica\/"]}]},{"@type":"ImageObject","inLanguage":"pt-BR","@id":"https:\/\/comunicacaoeleitoral.ufpr.br\/index.php\/2017\/03\/08\/senado-aprova-atendimento-especializado-no-sus-para-vitimas-de-violencia-domestica\/#primaryimage","url":"http:\/\/www12.senado.leg.br\/noticias\/materias\/2017\/03\/07\/senado-aprova-atendimento-especializado-no-sus-para-vitimas-de-violencia-domestica\/20170307_01146jr.jpg\/@@images\/image\/imagem_materia","contentUrl":"http:\/\/www12.senado.leg.br\/noticias\/materias\/2017\/03\/07\/senado-aprova-atendimento-especializado-no-sus-para-vitimas-de-violencia-domestica\/20170307_01146jr.jpg\/@@images\/image\/imagem_materia"},{"@type":"BreadcrumbList","@id":"https:\/\/comunicacaoeleitoral.ufpr.br\/index.php\/2017\/03\/08\/senado-aprova-atendimento-especializado-no-sus-para-vitimas-de-violencia-domestica\/#breadcrumb","itemListElement":[{"@type":"ListItem","position":1,"name":"In\u00edcio","item":"https:\/\/comunicacaoeleitoral.ufpr.br\/"},{"@type":"ListItem","position":2,"name":"Senado aprova atendimento especializado no SUS para v\u00edtimas de viol\u00eancia dom\u00e9stica"}]},{"@type":"WebSite","@id":"https:\/\/comunicacaoeleitoral.ufpr.br\/#website","url":"https:\/\/comunicacaoeleitoral.ufpr.br\/","name":"Comunica\u00e7\u00e3o Eleitoral","description":"Grupo de pesquisa ligado \u00e0 linha de Comunica\u00e7\u00e3o e Pol\u00edtica do Programa de P\u00f3s-gradua\u00e7\u00e3o em Comunica\u00e7\u00e3o da Universidade Federal do Paran\u00e1.","publisher":{"@id":"https:\/\/comunicacaoeleitoral.ufpr.br\/#organization"},"potentialAction":[{"@type":"SearchAction","target":{"@type":"EntryPoint","urlTemplate":"https:\/\/comunicacaoeleitoral.ufpr.br\/?s={search_term_string}"},"query-input":"required name=search_term_string"}],"inLanguage":"pt-BR"},{"@type":"Organization","@id":"https:\/\/comunicacaoeleitoral.ufpr.br\/#organization","name":"Comunica\u00e7\u00e3o Eleitoral","url":"https:\/\/comunicacaoeleitoral.ufpr.br\/","logo":{"@type":"ImageObject","inLanguage":"pt-BR","@id":"https:\/\/comunicacaoeleitoral.ufpr.br\/#\/schema\/logo\/image\/","url":"https:\/\/comunicacaoeleitoral.ufpr.br\/wp-content\/uploads\/2015\/05\/header2c_celtalks.png","contentUrl":"https:\/\/comunicacaoeleitoral.ufpr.br\/wp-content\/uploads\/2015\/05\/header2c_celtalks.png","width":1800,"height":674,"caption":"Comunica\u00e7\u00e3o Eleitoral"},"image":{"@id":"https:\/\/comunicacaoeleitoral.ufpr.br\/#\/schema\/logo\/image\/"},"sameAs":["https:\/\/www.facebook.com\/Comunica\u00e7\u00e3o-Eleitoral-564214587069724\/","https:\/\/www.instagram.com\/comunicacaoeleitoral\/","https:\/\/www.youtube.com\/ocanalpanke"]},{"@type":"Person","@id":"https:\/\/comunicacaoeleitoral.ufpr.br\/#\/schema\/person\/01c9821415d77ed29d6e5f18970d6818","name":"Bruno","image":{"@type":"ImageObject","inLanguage":"pt-BR","@id":"https:\/\/comunicacaoeleitoral.ufpr.br\/#\/schema\/person\/image\/","url":"https:\/\/secure.gravatar.com\/avatar\/6db9662033591ec1c413c76e78a9eb7e?s=96&d=mm&r=g","contentUrl":"https:\/\/secure.gravatar.com\/avatar\/6db9662033591ec1c413c76e78a9eb7e?s=96&d=mm&r=g","caption":"Bruno"},"sameAs":["https:\/\/twitter.com\/brunonichols"],"url":"https:\/\/comunicacaoeleitoral.ufpr.br\/index.php\/author\/bruno\/"}]}},"_links":{"self":[{"href":"https:\/\/comunicacaoeleitoral.ufpr.br\/index.php\/wp-json\/wp\/v2\/posts\/1936"}],"collection":[{"href":"https:\/\/comunicacaoeleitoral.ufpr.br\/index.php\/wp-json\/wp\/v2\/posts"}],"about":[{"href":"https:\/\/comunicacaoeleitoral.ufpr.br\/index.php\/wp-json\/wp\/v2\/types\/post"}],"author":[{"embeddable":true,"href":"https:\/\/comunicacaoeleitoral.ufpr.br\/index.php\/wp-json\/wp\/v2\/users\/14"}],"replies":[{"embeddable":true,"href":"https:\/\/comunicacaoeleitoral.ufpr.br\/index.php\/wp-json\/wp\/v2\/comments?post=1936"}],"version-history":[{"count":1,"href":"https:\/\/comunicacaoeleitoral.ufpr.br\/index.php\/wp-json\/wp\/v2\/posts\/1936\/revisions"}],"predecessor-version":[{"id":1937,"href":"https:\/\/comunicacaoeleitoral.ufpr.br\/index.php\/wp-json\/wp\/v2\/posts\/1936\/revisions\/1937"}],"wp:attachment":[{"href":"https:\/\/comunicacaoeleitoral.ufpr.br\/index.php\/wp-json\/wp\/v2\/media?parent=1936"}],"wp:term":[{"taxonomy":"category","embeddable":true,"href":"https:\/\/comunicacaoeleitoral.ufpr.br\/index.php\/wp-json\/wp\/v2\/categories?post=1936"},{"taxonomy":"post_tag","embeddable":true,"href":"https:\/\/comunicacaoeleitoral.ufpr.br\/index.php\/wp-json\/wp\/v2\/tags?post=1936"}],"curies":[{"name":"wp","href":"https:\/\/api.w.org\/{rel}","templated":true}]}}