{"id":1892,"date":"2017-02-07T11:11:40","date_gmt":"2017-02-07T11:11:40","guid":{"rendered":"https:\/\/comunicacaoeleitoral.ufpr.br\/?p=1892"},"modified":"2017-04-25T12:52:21","modified_gmt":"2017-04-25T12:52:21","slug":"presidente-da-argentina-faz-primeira-visita-oficial-ao-brasil","status":"publish","type":"post","link":"https:\/\/comunicacaoeleitoral.ufpr.br\/index.php\/2017\/02\/07\/presidente-da-argentina-faz-primeira-visita-oficial-ao-brasil\/","title":{"rendered":"Presidente da Argentina faz primeira visita oficial ao Brasil"},"content":{"rendered":"<div class=\"content\">\n<p style=\"text-align: justify;\"><a href=\"https:\/\/comunicacaoeleitoral.ufpr.br\/wp-content\/uploads\/2017\/02\/macri.jpg\"><img loading=\"lazy\" decoding=\"async\" class=\" size-medium wp-image-1893 aligncenter\" src=\"https:\/\/comunicacaoeleitoral.ufpr.br\/wp-content\/uploads\/2017\/02\/macri-300x201.jpg\" alt=\"macri\" width=\"300\" height=\"201\" srcset=\"https:\/\/comunicacaoeleitoral.ufpr.br\/wp-content\/uploads\/2017\/02\/macri-300x201.jpg 300w, https:\/\/comunicacaoeleitoral.ufpr.br\/wp-content\/uploads\/2017\/02\/macri.jpg 580w\" sizes=\"(max-width: 300px) 100vw, 300px\" \/><\/a>O presidente da Argentina, Mauricio Macri, faz nesta ter\u00e7a-feira (7) visita de Estado a Bras\u00edlia \u2013 a primeira desde a sua posse, h\u00e1 14 meses. O objetivo \u00e9 refor\u00e7ar a rela\u00e7\u00e3o com o Brasil, principal parceiro argentino na regi\u00e3o, no momento em que os dois pa\u00edses querem eliminar barreiras comerciais e conquistar terceiros mercados e que os Estados Unidos, sob a presid\u00eancia de Donald Trump, amea\u00e7am adotar uma politica mais protecionista.<\/p>\n<p style=\"text-align: justify;\">\u201cO encontro dos presidentes Mauricio Macri e Michel Temer abre novas possibilidades, j\u00e1 que pela primeira vez em muito tempo a Argentina e o Brasil est\u00e3o sintonizados em termos de politica monet\u00e1ria, cambial e comercial\u201d, disse \u00e0 <strong>Ag\u00eancia Brasil<\/strong> o economista Dante Sica, da consultora Abeceb. Ele lembra que, apesar de os dois pa\u00edses serem os principais s\u00f3cios do Mercosul (mercado comum integrado tamb\u00e9m pelo Paraguai, o Uruguai e a Venezuela), o interc\u00e2mbio comercial em 2016, de US$ 22,5 bilh\u00f5es, foi o mais baixo dos \u00faltimos dez anos. \u201cNas duas \u00faltimas d\u00e9cadas, a agenda do Mercosul foi repetitiva e os interesses brasileiros e argentinos muitas vezes estavam cruzados, com cada pa\u00eds tentando administrar sua pr\u00f3pria crise\u201d, acrescentou Sica.<\/p>\n<p style=\"text-align: justify;\">Em abril de 2013, a ex-presidenta Dilma Rousseff visitou Cristina Kirchner em Buenos Aires. Macri viajou a Bras\u00edlia para se encontrar com Dilma duas semanas ap\u00f3s a vit\u00f3ria nas elei\u00e7\u00f5es presidenciais, que marcaram o fim de 12 anos de governos kirchneristas, de Nestor Kirchner (2003-2007) e de sua mulher e sucessora, Cristina Kirchner (2007-2015). Dilma compareceu \u00e0 posse de Macri, em dezembro de 2015, mas foi afastada do cargo oito meses depois, encerrando 13 anos de governos petistas. Seu sucessor, Michel Temer, viajou a Buenos Aires em outubro do ano passado, para se encontrar com Macri \u2013 mas foi uma visita de trabalho.<\/p>\n<p style=\"text-align: justify;\">Apesar das incertezas politicas no Brasil, abalado pelas investiga\u00e7\u00f5es da Lava Jato, diplomatas brasileiros e argentinos concordam que o di\u00e1logo entre os governos dos dois pa\u00edses est\u00e1 &#8220;mais fluido&#8221; que no passado recente e que existe boa vontade, de ambas as partes, de &#8220;ouvir&#8221; sugest\u00f5es para superar os problemas.\u00a0 \u201cExiste uma sintonia porque tanto o Brasil quanto a Argentina adotaram c\u00e2mbio flex\u00edvel, estabeleceram metas inflacion\u00e1rias e defendem negocia\u00e7\u00f5es para integrar o Mercosul a terceiros mercados\u201d, disse Dante Sica.<\/p>\n<p style=\"text-align: justify;\">A Argentina ocupa a presid\u00eancia rotativa do Mercosul neste primeiro semestre e depois passar\u00e1 o cargo ao Brasil. Um dos temas do encontro entre Macri e Temer \u00e9 a ado\u00e7\u00e3o de normas t\u00e9cnicas comuns (como as sanit\u00e1rias e fitossanit\u00e1rias) para reativar o bloco econ\u00f4mico e facilitar as negocia\u00e7\u00f5es com terceiros mercados, como a Uni\u00e3o Europeia.<\/p>\n<p style=\"text-align: justify;\">Nos encontros entre as delega\u00e7\u00f5es dos dois pa\u00edses tamb\u00e9m ser\u00e3o discutidos problemas bilaterais, como o d\u00e9ficit argentino de US$ 4,3 bilhoes na balan\u00e7a comercial, que preocupa Macri. O empres\u00e1rio foi eleito presidente com a promessa de reduzir a infla\u00e7\u00e3o (que, em 2016, atingiu 40%) e a pobreza (que afeta um ter\u00e7o dos argentinos), al\u00e9m de atrair novos investimentos. Mas o primeiro ano de governo dele coincidiu com a recess\u00e3o no Brasil e, agora, com a elei\u00e7\u00e3o de Donald Trump, que prometeu rever os acordos de integra\u00e7\u00e3o comercial dos Estados Unidos. Neste ano, Macri (que est\u00e1 com 45% de aprova\u00e7\u00e3o), ainda enfrenta elei\u00e7\u00f5es legislativas e o desafio de conquistar maioria na C\u00e2mara dos Deputados e no Senado, onde hoje tem minoria.<\/p>\n<p style=\"text-align: justify;\">O Brasil, por sua vez, quer incluir a entrada do a\u00e7\u00facar na uni\u00e3o aduaneira \u2013 uma proposta a que a Argentina resistiu nos \u00faltimos 20 anos e que agora pode ser revista. Os argentinos produzem a\u00e7\u00facar no Norte do pais e mantinham seu mercado fechado \u00e0s importa\u00e7\u00f5es do Brasil, alegando que os produtores brasileiros recebiam incentivos do governo.<\/p>\n<p style=\"text-align: justify;\">Outra quest\u00e3o que preocupa o Brasil \u00e9 a nova lei argentina que incentiva a ind\u00fastria automobil\u00edstica a comprar autope\u00e7as produzidas no pa\u00eds. Os fabricantes de ve\u00edculos na Argentina que tenham, no m\u00ednimo, 30% de conte\u00fado nacional, ser\u00e3o beneficiados por uma redu\u00e7\u00e3o de impostos. O Brasil quer que suas autope\u00e7as sejam consideradas \u201cnacionais\u201d pelos argentinos.<\/p>\n<p style=\"text-align: justify;\">Para Macri, a rela\u00e7\u00e3o com o Brasil \u00e9 fundamental: 40% das exporta\u00e7\u00f5es industriais argentinas s\u00e3o destinadas ao mercado brasileiro. E o Brasil tem um estoque de investimento de US$ 12 bilh\u00f5es na Argentina. Tanto Macri quanto Temer est\u00e3o apostando na retomada do crescimento econ\u00f4mico nos dois pa\u00edses e no fim da recess\u00e3o.<\/p>\n<div class=\"node-info\" style=\"text-align: justify;\"><strong>Monica Yanakiew &#8211; Correspondente da Ag\u00eancia Brasil<\/strong><\/div>\n<div class=\"node-info\" style=\"text-align: justify;\">Edi\u00e7\u00e3o: <strong>Gra\u00e7a Adjuto<\/strong><\/div>\n<\/div>\n<footer>\n<div class=\"tags\" style=\"text-align: justify;\">\u00a0Fonte: <a href=\"http:\/\/agenciabrasil.ebc.com.br\/\" target=\"_blank\">EBC Ag\u00eancia Brasil<\/a><\/div>\n<\/footer>\n","protected":false},"excerpt":{"rendered":"<p>O presidente da Argentina, Mauricio Macri, faz nesta ter\u00e7a-feira (7) visita de Estado a Bras\u00edlia \u2013 a primeira desde a sua posse, h\u00e1 14 meses. O objetivo \u00e9 refor\u00e7ar a rela\u00e7\u00e3o com o Brasil, principal parceiro argentino na regi\u00e3o, no momento em que os dois pa\u00edses querem eliminar barreiras comerciais e conquistar terceiros mercados e [&hellip;]<\/p>\n","protected":false},"author":28,"featured_media":0,"comment_status":"closed","ping_status":"closed","sticky":false,"template":"","format":"standard","meta":{"_monsterinsights_skip_tracking":false,"_monsterinsights_sitenote_active":false,"_monsterinsights_sitenote_note":"","_monsterinsights_sitenote_category":0,"footnotes":""},"categories":[68,12],"tags":[375,71,376,138,377],"yoast_head":"<!-- This site is optimized with the Yoast SEO plugin v22.2 - https:\/\/yoast.com\/wordpress\/plugins\/seo\/ -->\n<title>Presidente da Argentina faz primeira visita oficial ao Brasil<\/title>\n<meta name=\"description\" content=\"O presidente da Argentina, Mauricio Macri, faz nesta ter\u00e7a-feira (7) visita de Estado a Bras\u00edlia \u2013 a primeira desde a sua posse, h\u00e1 14 meses.\" \/>\n<meta name=\"robots\" content=\"index, follow, max-snippet:-1, max-image-preview:large, max-video-preview:-1\" \/>\n<link rel=\"canonical\" href=\"https:\/\/comunicacaoeleitoral.ufpr.br\/index.php\/2017\/02\/07\/presidente-da-argentina-faz-primeira-visita-oficial-ao-brasil\/\" \/>\n<meta property=\"og:locale\" content=\"pt_BR\" \/>\n<meta property=\"og:type\" content=\"article\" \/>\n<meta property=\"og:title\" content=\"Presidente da Argentina faz primeira visita oficial ao Brasil\" \/>\n<meta property=\"og:description\" content=\"O presidente da Argentina, Mauricio Macri, faz nesta ter\u00e7a-feira (7) visita de Estado a Bras\u00edlia \u2013 a primeira desde a sua posse, h\u00e1 14 meses.\" \/>\n<meta property=\"og:url\" content=\"https:\/\/comunicacaoeleitoral.ufpr.br\/index.php\/2017\/02\/07\/presidente-da-argentina-faz-primeira-visita-oficial-ao-brasil\/\" \/>\n<meta property=\"og:site_name\" content=\"Comunica\u00e7\u00e3o Eleitoral\" \/>\n<meta property=\"article:publisher\" content=\"https:\/\/www.facebook.com\/Comunica%c3%a7%c3%a3o-Eleitoral-564214587069724\/\" \/>\n<meta property=\"article:published_time\" content=\"2017-02-07T11:11:40+00:00\" \/>\n<meta property=\"article:modified_time\" content=\"2017-04-25T12:52:21+00:00\" \/>\n<meta property=\"og:image\" content=\"https:\/\/comunicacaoeleitoral.ufpr.br\/wp-content\/uploads\/2017\/02\/macri-300x201.jpg\" \/>\n<meta name=\"author\" content=\"Vivian Lemos\" \/>\n<meta name=\"twitter:card\" content=\"summary_large_image\" \/>\n<meta name=\"twitter:label1\" content=\"Escrito por\" \/>\n\t<meta name=\"twitter:data1\" content=\"Vivian Lemos\" \/>\n\t<meta name=\"twitter:label2\" content=\"Est. tempo de leitura\" \/>\n\t<meta name=\"twitter:data2\" content=\"4 minutos\" \/>\n<script type=\"application\/ld+json\" class=\"yoast-schema-graph\">{\"@context\":\"https:\/\/schema.org\",\"@graph\":[{\"@type\":\"Article\",\"@id\":\"https:\/\/comunicacaoeleitoral.ufpr.br\/index.php\/2017\/02\/07\/presidente-da-argentina-faz-primeira-visita-oficial-ao-brasil\/#article\",\"isPartOf\":{\"@id\":\"https:\/\/comunicacaoeleitoral.ufpr.br\/index.php\/2017\/02\/07\/presidente-da-argentina-faz-primeira-visita-oficial-ao-brasil\/\"},\"author\":{\"name\":\"Vivian Lemos\",\"@id\":\"https:\/\/comunicacaoeleitoral.ufpr.br\/#\/schema\/person\/877ba45697f2179310c85ad2f43514af\"},\"headline\":\"Presidente da Argentina faz primeira visita oficial ao Brasil\",\"datePublished\":\"2017-02-07T11:11:40+00:00\",\"dateModified\":\"2017-04-25T12:52:21+00:00\",\"mainEntityOfPage\":{\"@id\":\"https:\/\/comunicacaoeleitoral.ufpr.br\/index.php\/2017\/02\/07\/presidente-da-argentina-faz-primeira-visita-oficial-ao-brasil\/\"},\"wordCount\":789,\"publisher\":{\"@id\":\"https:\/\/comunicacaoeleitoral.ufpr.br\/#organization\"},\"image\":{\"@id\":\"https:\/\/comunicacaoeleitoral.ufpr.br\/index.php\/2017\/02\/07\/presidente-da-argentina-faz-primeira-visita-oficial-ao-brasil\/#primaryimage\"},\"thumbnailUrl\":\"https:\/\/comunicacaoeleitoral.ufpr.br\/wp-content\/uploads\/2017\/02\/macri-300x201.jpg\",\"keywords\":[\"Argentina\",\"brasil\",\"Mauricio Macri\",\"michel temer\",\"MRE\"],\"articleSection\":[\"Not\u00edcias\",\"Pol\u00edtica em foco\"],\"inLanguage\":\"pt-BR\"},{\"@type\":\"WebPage\",\"@id\":\"https:\/\/comunicacaoeleitoral.ufpr.br\/index.php\/2017\/02\/07\/presidente-da-argentina-faz-primeira-visita-oficial-ao-brasil\/\",\"url\":\"https:\/\/comunicacaoeleitoral.ufpr.br\/index.php\/2017\/02\/07\/presidente-da-argentina-faz-primeira-visita-oficial-ao-brasil\/\",\"name\":\"Presidente da Argentina faz primeira visita oficial ao Brasil\",\"isPartOf\":{\"@id\":\"https:\/\/comunicacaoeleitoral.ufpr.br\/#website\"},\"primaryImageOfPage\":{\"@id\":\"https:\/\/comunicacaoeleitoral.ufpr.br\/index.php\/2017\/02\/07\/presidente-da-argentina-faz-primeira-visita-oficial-ao-brasil\/#primaryimage\"},\"image\":{\"@id\":\"https:\/\/comunicacaoeleitoral.ufpr.br\/index.php\/2017\/02\/07\/presidente-da-argentina-faz-primeira-visita-oficial-ao-brasil\/#primaryimage\"},\"thumbnailUrl\":\"https:\/\/comunicacaoeleitoral.ufpr.br\/wp-content\/uploads\/2017\/02\/macri-300x201.jpg\",\"datePublished\":\"2017-02-07T11:11:40+00:00\",\"dateModified\":\"2017-04-25T12:52:21+00:00\",\"description\":\"O presidente da Argentina, Mauricio Macri, faz nesta ter\u00e7a-feira (7) visita de Estado a Bras\u00edlia \u2013 a primeira desde a sua posse, h\u00e1 14 meses.\",\"breadcrumb\":{\"@id\":\"https:\/\/comunicacaoeleitoral.ufpr.br\/index.php\/2017\/02\/07\/presidente-da-argentina-faz-primeira-visita-oficial-ao-brasil\/#breadcrumb\"},\"inLanguage\":\"pt-BR\",\"potentialAction\":[{\"@type\":\"ReadAction\",\"target\":[\"https:\/\/comunicacaoeleitoral.ufpr.br\/index.php\/2017\/02\/07\/presidente-da-argentina-faz-primeira-visita-oficial-ao-brasil\/\"]}]},{\"@type\":\"ImageObject\",\"inLanguage\":\"pt-BR\",\"@id\":\"https:\/\/comunicacaoeleitoral.ufpr.br\/index.php\/2017\/02\/07\/presidente-da-argentina-faz-primeira-visita-oficial-ao-brasil\/#primaryimage\",\"url\":\"https:\/\/comunicacaoeleitoral.ufpr.br\/wp-content\/uploads\/2017\/02\/macri.jpg\",\"contentUrl\":\"https:\/\/comunicacaoeleitoral.ufpr.br\/wp-content\/uploads\/2017\/02\/macri.jpg\",\"width\":580,\"height\":388},{\"@type\":\"BreadcrumbList\",\"@id\":\"https:\/\/comunicacaoeleitoral.ufpr.br\/index.php\/2017\/02\/07\/presidente-da-argentina-faz-primeira-visita-oficial-ao-brasil\/#breadcrumb\",\"itemListElement\":[{\"@type\":\"ListItem\",\"position\":1,\"name\":\"In\u00edcio\",\"item\":\"https:\/\/comunicacaoeleitoral.ufpr.br\/\"},{\"@type\":\"ListItem\",\"position\":2,\"name\":\"Presidente da Argentina faz primeira visita oficial ao Brasil\"}]},{\"@type\":\"WebSite\",\"@id\":\"https:\/\/comunicacaoeleitoral.ufpr.br\/#website\",\"url\":\"https:\/\/comunicacaoeleitoral.ufpr.br\/\",\"name\":\"Comunica\u00e7\u00e3o Eleitoral\",\"description\":\"Grupo de pesquisa ligado \u00e0 linha de Comunica\u00e7\u00e3o e Pol\u00edtica do Programa de P\u00f3s-gradua\u00e7\u00e3o em Comunica\u00e7\u00e3o da Universidade Federal do Paran\u00e1.\",\"publisher\":{\"@id\":\"https:\/\/comunicacaoeleitoral.ufpr.br\/#organization\"},\"potentialAction\":[{\"@type\":\"SearchAction\",\"target\":{\"@type\":\"EntryPoint\",\"urlTemplate\":\"https:\/\/comunicacaoeleitoral.ufpr.br\/?s={search_term_string}\"},\"query-input\":\"required name=search_term_string\"}],\"inLanguage\":\"pt-BR\"},{\"@type\":\"Organization\",\"@id\":\"https:\/\/comunicacaoeleitoral.ufpr.br\/#organization\",\"name\":\"Comunica\u00e7\u00e3o Eleitoral\",\"url\":\"https:\/\/comunicacaoeleitoral.ufpr.br\/\",\"logo\":{\"@type\":\"ImageObject\",\"inLanguage\":\"pt-BR\",\"@id\":\"https:\/\/comunicacaoeleitoral.ufpr.br\/#\/schema\/logo\/image\/\",\"url\":\"https:\/\/comunicacaoeleitoral.ufpr.br\/wp-content\/uploads\/2015\/05\/header2c_celtalks.png\",\"contentUrl\":\"https:\/\/comunicacaoeleitoral.ufpr.br\/wp-content\/uploads\/2015\/05\/header2c_celtalks.png\",\"width\":1800,\"height\":674,\"caption\":\"Comunica\u00e7\u00e3o Eleitoral\"},\"image\":{\"@id\":\"https:\/\/comunicacaoeleitoral.ufpr.br\/#\/schema\/logo\/image\/\"},\"sameAs\":[\"https:\/\/www.facebook.com\/Comunica\u00e7\u00e3o-Eleitoral-564214587069724\/\",\"https:\/\/www.instagram.com\/comunicacaoeleitoral\/\",\"https:\/\/www.youtube.com\/ocanalpanke\"]},{\"@type\":\"Person\",\"@id\":\"https:\/\/comunicacaoeleitoral.ufpr.br\/#\/schema\/person\/877ba45697f2179310c85ad2f43514af\",\"name\":\"Vivian Lemos\",\"image\":{\"@type\":\"ImageObject\",\"inLanguage\":\"pt-BR\",\"@id\":\"https:\/\/comunicacaoeleitoral.ufpr.br\/#\/schema\/person\/image\/\",\"url\":\"https:\/\/secure.gravatar.com\/avatar\/b2a4a041bee382da046e85d3060b128c?s=96&d=mm&r=g\",\"contentUrl\":\"https:\/\/secure.gravatar.com\/avatar\/b2a4a041bee382da046e85d3060b128c?s=96&d=mm&r=g\",\"caption\":\"Vivian Lemos\"},\"url\":\"https:\/\/comunicacaoeleitoral.ufpr.br\/index.php\/author\/vivian-lemos\/\"}]}<\/script>\n<!-- \/ Yoast SEO plugin. -->","yoast_head_json":{"title":"Presidente da Argentina faz primeira visita oficial ao Brasil","description":"O presidente da Argentina, Mauricio Macri, faz nesta ter\u00e7a-feira (7) visita de Estado a Bras\u00edlia \u2013 a primeira desde a sua posse, h\u00e1 14 meses.","robots":{"index":"index","follow":"follow","max-snippet":"max-snippet:-1","max-image-preview":"max-image-preview:large","max-video-preview":"max-video-preview:-1"},"canonical":"https:\/\/comunicacaoeleitoral.ufpr.br\/index.php\/2017\/02\/07\/presidente-da-argentina-faz-primeira-visita-oficial-ao-brasil\/","og_locale":"pt_BR","og_type":"article","og_title":"Presidente da Argentina faz primeira visita oficial ao Brasil","og_description":"O presidente da Argentina, Mauricio Macri, faz nesta ter\u00e7a-feira (7) visita de Estado a Bras\u00edlia \u2013 a primeira desde a sua posse, h\u00e1 14 meses.","og_url":"https:\/\/comunicacaoeleitoral.ufpr.br\/index.php\/2017\/02\/07\/presidente-da-argentina-faz-primeira-visita-oficial-ao-brasil\/","og_site_name":"Comunica\u00e7\u00e3o Eleitoral","article_publisher":"https:\/\/www.facebook.com\/Comunica%c3%a7%c3%a3o-Eleitoral-564214587069724\/","article_published_time":"2017-02-07T11:11:40+00:00","article_modified_time":"2017-04-25T12:52:21+00:00","og_image":[{"url":"https:\/\/comunicacaoeleitoral.ufpr.br\/wp-content\/uploads\/2017\/02\/macri-300x201.jpg"}],"author":"Vivian Lemos","twitter_card":"summary_large_image","twitter_misc":{"Escrito por":"Vivian Lemos","Est. tempo de leitura":"4 minutos"},"schema":{"@context":"https:\/\/schema.org","@graph":[{"@type":"Article","@id":"https:\/\/comunicacaoeleitoral.ufpr.br\/index.php\/2017\/02\/07\/presidente-da-argentina-faz-primeira-visita-oficial-ao-brasil\/#article","isPartOf":{"@id":"https:\/\/comunicacaoeleitoral.ufpr.br\/index.php\/2017\/02\/07\/presidente-da-argentina-faz-primeira-visita-oficial-ao-brasil\/"},"author":{"name":"Vivian Lemos","@id":"https:\/\/comunicacaoeleitoral.ufpr.br\/#\/schema\/person\/877ba45697f2179310c85ad2f43514af"},"headline":"Presidente da Argentina faz primeira visita oficial ao Brasil","datePublished":"2017-02-07T11:11:40+00:00","dateModified":"2017-04-25T12:52:21+00:00","mainEntityOfPage":{"@id":"https:\/\/comunicacaoeleitoral.ufpr.br\/index.php\/2017\/02\/07\/presidente-da-argentina-faz-primeira-visita-oficial-ao-brasil\/"},"wordCount":789,"publisher":{"@id":"https:\/\/comunicacaoeleitoral.ufpr.br\/#organization"},"image":{"@id":"https:\/\/comunicacaoeleitoral.ufpr.br\/index.php\/2017\/02\/07\/presidente-da-argentina-faz-primeira-visita-oficial-ao-brasil\/#primaryimage"},"thumbnailUrl":"https:\/\/comunicacaoeleitoral.ufpr.br\/wp-content\/uploads\/2017\/02\/macri-300x201.jpg","keywords":["Argentina","brasil","Mauricio Macri","michel temer","MRE"],"articleSection":["Not\u00edcias","Pol\u00edtica em foco"],"inLanguage":"pt-BR"},{"@type":"WebPage","@id":"https:\/\/comunicacaoeleitoral.ufpr.br\/index.php\/2017\/02\/07\/presidente-da-argentina-faz-primeira-visita-oficial-ao-brasil\/","url":"https:\/\/comunicacaoeleitoral.ufpr.br\/index.php\/2017\/02\/07\/presidente-da-argentina-faz-primeira-visita-oficial-ao-brasil\/","name":"Presidente da Argentina faz primeira visita oficial ao Brasil","isPartOf":{"@id":"https:\/\/comunicacaoeleitoral.ufpr.br\/#website"},"primaryImageOfPage":{"@id":"https:\/\/comunicacaoeleitoral.ufpr.br\/index.php\/2017\/02\/07\/presidente-da-argentina-faz-primeira-visita-oficial-ao-brasil\/#primaryimage"},"image":{"@id":"https:\/\/comunicacaoeleitoral.ufpr.br\/index.php\/2017\/02\/07\/presidente-da-argentina-faz-primeira-visita-oficial-ao-brasil\/#primaryimage"},"thumbnailUrl":"https:\/\/comunicacaoeleitoral.ufpr.br\/wp-content\/uploads\/2017\/02\/macri-300x201.jpg","datePublished":"2017-02-07T11:11:40+00:00","dateModified":"2017-04-25T12:52:21+00:00","description":"O presidente da Argentina, Mauricio Macri, faz nesta ter\u00e7a-feira (7) visita de Estado a Bras\u00edlia \u2013 a primeira desde a sua posse, h\u00e1 14 meses.","breadcrumb":{"@id":"https:\/\/comunicacaoeleitoral.ufpr.br\/index.php\/2017\/02\/07\/presidente-da-argentina-faz-primeira-visita-oficial-ao-brasil\/#breadcrumb"},"inLanguage":"pt-BR","potentialAction":[{"@type":"ReadAction","target":["https:\/\/comunicacaoeleitoral.ufpr.br\/index.php\/2017\/02\/07\/presidente-da-argentina-faz-primeira-visita-oficial-ao-brasil\/"]}]},{"@type":"ImageObject","inLanguage":"pt-BR","@id":"https:\/\/comunicacaoeleitoral.ufpr.br\/index.php\/2017\/02\/07\/presidente-da-argentina-faz-primeira-visita-oficial-ao-brasil\/#primaryimage","url":"https:\/\/comunicacaoeleitoral.ufpr.br\/wp-content\/uploads\/2017\/02\/macri.jpg","contentUrl":"https:\/\/comunicacaoeleitoral.ufpr.br\/wp-content\/uploads\/2017\/02\/macri.jpg","width":580,"height":388},{"@type":"BreadcrumbList","@id":"https:\/\/comunicacaoeleitoral.ufpr.br\/index.php\/2017\/02\/07\/presidente-da-argentina-faz-primeira-visita-oficial-ao-brasil\/#breadcrumb","itemListElement":[{"@type":"ListItem","position":1,"name":"In\u00edcio","item":"https:\/\/comunicacaoeleitoral.ufpr.br\/"},{"@type":"ListItem","position":2,"name":"Presidente da Argentina faz primeira visita oficial ao Brasil"}]},{"@type":"WebSite","@id":"https:\/\/comunicacaoeleitoral.ufpr.br\/#website","url":"https:\/\/comunicacaoeleitoral.ufpr.br\/","name":"Comunica\u00e7\u00e3o Eleitoral","description":"Grupo de pesquisa ligado \u00e0 linha de Comunica\u00e7\u00e3o e Pol\u00edtica do Programa de P\u00f3s-gradua\u00e7\u00e3o em Comunica\u00e7\u00e3o da Universidade Federal do Paran\u00e1.","publisher":{"@id":"https:\/\/comunicacaoeleitoral.ufpr.br\/#organization"},"potentialAction":[{"@type":"SearchAction","target":{"@type":"EntryPoint","urlTemplate":"https:\/\/comunicacaoeleitoral.ufpr.br\/?s={search_term_string}"},"query-input":"required name=search_term_string"}],"inLanguage":"pt-BR"},{"@type":"Organization","@id":"https:\/\/comunicacaoeleitoral.ufpr.br\/#organization","name":"Comunica\u00e7\u00e3o Eleitoral","url":"https:\/\/comunicacaoeleitoral.ufpr.br\/","logo":{"@type":"ImageObject","inLanguage":"pt-BR","@id":"https:\/\/comunicacaoeleitoral.ufpr.br\/#\/schema\/logo\/image\/","url":"https:\/\/comunicacaoeleitoral.ufpr.br\/wp-content\/uploads\/2015\/05\/header2c_celtalks.png","contentUrl":"https:\/\/comunicacaoeleitoral.ufpr.br\/wp-content\/uploads\/2015\/05\/header2c_celtalks.png","width":1800,"height":674,"caption":"Comunica\u00e7\u00e3o Eleitoral"},"image":{"@id":"https:\/\/comunicacaoeleitoral.ufpr.br\/#\/schema\/logo\/image\/"},"sameAs":["https:\/\/www.facebook.com\/Comunica\u00e7\u00e3o-Eleitoral-564214587069724\/","https:\/\/www.instagram.com\/comunicacaoeleitoral\/","https:\/\/www.youtube.com\/ocanalpanke"]},{"@type":"Person","@id":"https:\/\/comunicacaoeleitoral.ufpr.br\/#\/schema\/person\/877ba45697f2179310c85ad2f43514af","name":"Vivian Lemos","image":{"@type":"ImageObject","inLanguage":"pt-BR","@id":"https:\/\/comunicacaoeleitoral.ufpr.br\/#\/schema\/person\/image\/","url":"https:\/\/secure.gravatar.com\/avatar\/b2a4a041bee382da046e85d3060b128c?s=96&d=mm&r=g","contentUrl":"https:\/\/secure.gravatar.com\/avatar\/b2a4a041bee382da046e85d3060b128c?s=96&d=mm&r=g","caption":"Vivian Lemos"},"url":"https:\/\/comunicacaoeleitoral.ufpr.br\/index.php\/author\/vivian-lemos\/"}]}},"_links":{"self":[{"href":"https:\/\/comunicacaoeleitoral.ufpr.br\/index.php\/wp-json\/wp\/v2\/posts\/1892"}],"collection":[{"href":"https:\/\/comunicacaoeleitoral.ufpr.br\/index.php\/wp-json\/wp\/v2\/posts"}],"about":[{"href":"https:\/\/comunicacaoeleitoral.ufpr.br\/index.php\/wp-json\/wp\/v2\/types\/post"}],"author":[{"embeddable":true,"href":"https:\/\/comunicacaoeleitoral.ufpr.br\/index.php\/wp-json\/wp\/v2\/users\/28"}],"replies":[{"embeddable":true,"href":"https:\/\/comunicacaoeleitoral.ufpr.br\/index.php\/wp-json\/wp\/v2\/comments?post=1892"}],"version-history":[{"count":1,"href":"https:\/\/comunicacaoeleitoral.ufpr.br\/index.php\/wp-json\/wp\/v2\/posts\/1892\/revisions"}],"predecessor-version":[{"id":1894,"href":"https:\/\/comunicacaoeleitoral.ufpr.br\/index.php\/wp-json\/wp\/v2\/posts\/1892\/revisions\/1894"}],"wp:attachment":[{"href":"https:\/\/comunicacaoeleitoral.ufpr.br\/index.php\/wp-json\/wp\/v2\/media?parent=1892"}],"wp:term":[{"taxonomy":"category","embeddable":true,"href":"https:\/\/comunicacaoeleitoral.ufpr.br\/index.php\/wp-json\/wp\/v2\/categories?post=1892"},{"taxonomy":"post_tag","embeddable":true,"href":"https:\/\/comunicacaoeleitoral.ufpr.br\/index.php\/wp-json\/wp\/v2\/tags?post=1892"}],"curies":[{"name":"wp","href":"https:\/\/api.w.org\/{rel}","templated":true}]}}