{"id":1841,"date":"2016-12-31T18:03:38","date_gmt":"2016-12-31T18:03:38","guid":{"rendered":"https:\/\/comunicacaoeleitoral.ufpr.br\/?p=1841"},"modified":"2017-04-25T12:52:35","modified_gmt":"2017-04-25T12:52:35","slug":"cristina-fernandez-podria-enfrentar-prision-preventiva-por-corrupcion","status":"publish","type":"post","link":"https:\/\/comunicacaoeleitoral.ufpr.br\/index.php\/2016\/12\/31\/cristina-fernandez-podria-enfrentar-prision-preventiva-por-corrupcion\/","title":{"rendered":"Cristina Fernandez podr\u00eda enfrentar prisi\u00f3n preventiva por corrupci\u00f3n"},"content":{"rendered":"<p style=\"text-align: justify;\"><a href=\"https:\/\/comunicacaoeleitoral.ufpr.br\/wp-content\/uploads\/2016\/12\/Mensaje_de_fin_de_a\u00f1o_de_la_Presidenta.jpg\"><img loading=\"lazy\" decoding=\"async\" class=\"alignnone size-medium wp-image-1843\" src=\"https:\/\/comunicacaoeleitoral.ufpr.br\/wp-content\/uploads\/2016\/12\/Mensaje_de_fin_de_a\u00f1o_de_la_Presidenta-300x201.jpg\" alt=\"Mensaje_de_fin_de_a\u00f1o_de_la_Presidenta\" width=\"300\" height=\"201\" srcset=\"https:\/\/comunicacaoeleitoral.ufpr.br\/wp-content\/uploads\/2016\/12\/Mensaje_de_fin_de_a\u00f1o_de_la_Presidenta-300x201.jpg 300w, https:\/\/comunicacaoeleitoral.ufpr.br\/wp-content\/uploads\/2016\/12\/Mensaje_de_fin_de_a\u00f1o_de_la_Presidenta-1024x687.jpg 1024w\" sizes=\"(max-width: 300px) 100vw, 300px\" \/><\/a><\/p>\n<p style=\"text-align: justify;\">La expresidenta argentina Cristina Fernandez podr\u00eda sufrir prisi\u00f3n preventiva tras haber sido procesada, este martes, por el juez Juli\u00e1n Ercoloni, por el presunto delito de desv\u00edo de contratos de obra p\u00fablica hacia Austral Construcciones, empresa vinculada al kirchnerismo.<\/p>\n<p style=\"text-align: justify;\">En el documento se estudia un supuesto esquema de \u201cbeneficios exclusivos\u201d e incluye un embargo de 666 millones de d\u00f3lares contra Fernandez, cantidad que corresponde a los fondos investigados. Cabe mencionar que este proceso se suma a otro por el que tendr\u00e1 que responder la exmandataria, al ser acusada de supuestas irregularidades en la venta de futuros de d\u00f3lar por parte del Banco Central.<\/p>\n<p style=\"text-align: justify;\">De acuerdo con el diario El Mostrador, la fiscal\u00eda ya hab\u00eda apuntado a un presunto delito de \u201cadministraci\u00f3n infiel\u201d (en el caso de Austral Construcciones) y de negociaciones incompatibles con la funci\u00f3n p\u00fablica, as\u00ed como la identificaci\u00f3n de un supuesto plan para realizar obras millonarias en la provincia de Santa Cruz.\u201d<\/p>\n<p style=\"text-align: justify;\">En respuesta a lo anterior, la exmandataria arremeti\u00f3 contra Ercolini via Twitter: \u201cErcolini, con su esposa vocera del ministro de Justicia macrista, en una causa que lleva m\u00e1s de ocho a\u00f1os en su juzgado, ahora dice que nuestros gobiernos constitucionales fueron asociaciones il\u00edcitas. Asociaci\u00f3n il\u00edcita fue la figura penal creada por gobiernos de facto por todas las dictaduras para perseguir dirigentes opositores\u201d, sentenci\u00f3.<\/p>\n<p style=\"text-align: justify;\">Poco despu\u00e9s, al salir de los tribunales cuando fue convocada a declarar e insisti\u00f3 en que es v\u00edctima de \u201cuna maniobra formidable de persecuci\u00f3n pol\u00edtica y de hostigamiento medi\u00e1tico\u201d, comandado por el actual l\u00edder del poder Ejecutivo, Mauricio Macri.<\/p>\n<p style=\"text-align: justify;\">El proceso tambi\u00e9n investiga al exministro Julio de Vido, exministro de Planificaci\u00f3n Federal; a L\u00e1zaro B\u00e1ez, due\u00f1o de la constructora, preso por el presunto delito de lavado de dinero, y Jos\u00e9 L\u00f3pez, exsecretario de Obras P\u00fablicas, quien tambi\u00e9n est\u00e1 detenido. Este es el segundo pleito judicial en contra de la exmandataria desde que dej\u00f3 el poder; pero es el primero vinculado a corrupci\u00f3n.<\/p>\n","protected":false},"excerpt":{"rendered":"<p>La expresidenta argentina Cristina Fernandez podr\u00eda sufrir prisi\u00f3n preventiva tras haber sido procesada, este martes, por el juez Juli\u00e1n Ercoloni, por el presunto delito de desv\u00edo de contratos de obra p\u00fablica hacia Austral Construcciones, empresa vinculada al kirchnerismo. En el documento se estudia un supuesto esquema de \u201cbeneficios exclusivos\u201d e incluye un embargo de 666 [&hellip;]<\/p>\n","protected":false},"author":29,"featured_media":0,"comment_status":"closed","ping_status":"closed","sticky":false,"template":"","format":"standard","meta":{"_monsterinsights_skip_tracking":false,"_monsterinsights_sitenote_active":false,"_monsterinsights_sitenote_note":"","_monsterinsights_sitenote_category":0,"footnotes":""},"categories":[68],"tags":[],"yoast_head":"<!-- This site is optimized with the Yoast SEO plugin v22.2 - https:\/\/yoast.com\/wordpress\/plugins\/seo\/ -->\n<title>Cristina Fernandez podr\u00eda enfrentar prisi\u00f3n preventiva por corrupci\u00f3n - Comunica\u00e7\u00e3o Eleitoral<\/title>\n<meta name=\"description\" content=\"Grupo de pesquisa ligado \u00e0 linha de Comunica\u00e7\u00e3o, Pol\u00edtica e Atores Coletivos do Programa de P\u00f3s-gradua\u00e7\u00e3o em Comunica\u00e7\u00e3o da Universidade Federal do Paran\u00e1 (UFPR)\" \/>\n<meta name=\"robots\" content=\"index, follow, max-snippet:-1, max-image-preview:large, max-video-preview:-1\" \/>\n<link rel=\"canonical\" href=\"https:\/\/comunicacaoeleitoral.ufpr.br\/index.php\/2016\/12\/31\/cristina-fernandez-podria-enfrentar-prision-preventiva-por-corrupcion\/\" \/>\n<meta property=\"og:locale\" content=\"pt_BR\" \/>\n<meta property=\"og:type\" content=\"article\" \/>\n<meta property=\"og:title\" content=\"Cristina Fernandez podr\u00eda enfrentar prisi\u00f3n preventiva por corrupci\u00f3n - Comunica\u00e7\u00e3o Eleitoral\" \/>\n<meta property=\"og:description\" content=\"Grupo de pesquisa ligado \u00e0 linha de Comunica\u00e7\u00e3o, Pol\u00edtica e Atores Coletivos do Programa de P\u00f3s-gradua\u00e7\u00e3o em Comunica\u00e7\u00e3o da Universidade Federal do Paran\u00e1 (UFPR)\" \/>\n<meta property=\"og:url\" content=\"https:\/\/comunicacaoeleitoral.ufpr.br\/index.php\/2016\/12\/31\/cristina-fernandez-podria-enfrentar-prision-preventiva-por-corrupcion\/\" \/>\n<meta property=\"og:site_name\" content=\"Comunica\u00e7\u00e3o Eleitoral\" \/>\n<meta property=\"article:publisher\" content=\"https:\/\/www.facebook.com\/Comunica%c3%a7%c3%a3o-Eleitoral-564214587069724\/\" \/>\n<meta property=\"article:published_time\" content=\"2016-12-31T18:03:38+00:00\" \/>\n<meta property=\"article:modified_time\" content=\"2017-04-25T12:52:35+00:00\" \/>\n<meta name=\"author\" content=\"CEL UFPR\" \/>\n<meta name=\"twitter:card\" content=\"summary_large_image\" \/>\n<meta name=\"twitter:label1\" content=\"Escrito por\" \/>\n\t<meta name=\"twitter:data1\" content=\"CEL UFPR\" \/>\n\t<meta name=\"twitter:label2\" content=\"Est. tempo de leitura\" \/>\n\t<meta name=\"twitter:data2\" content=\"2 minutos\" \/>\n<script type=\"application\/ld+json\" class=\"yoast-schema-graph\">{\"@context\":\"https:\/\/schema.org\",\"@graph\":[{\"@type\":\"Article\",\"@id\":\"https:\/\/comunicacaoeleitoral.ufpr.br\/index.php\/2016\/12\/31\/cristina-fernandez-podria-enfrentar-prision-preventiva-por-corrupcion\/#article\",\"isPartOf\":{\"@id\":\"https:\/\/comunicacaoeleitoral.ufpr.br\/index.php\/2016\/12\/31\/cristina-fernandez-podria-enfrentar-prision-preventiva-por-corrupcion\/\"},\"author\":{\"name\":\"CEL UFPR\",\"@id\":\"https:\/\/comunicacaoeleitoral.ufpr.br\/#\/schema\/person\/1f1b0fa714b592dcfee89e9824953d93\"},\"headline\":\"Cristina Fernandez podr\u00eda enfrentar prisi\u00f3n preventiva por corrupci\u00f3n\",\"datePublished\":\"2016-12-31T18:03:38+00:00\",\"dateModified\":\"2017-04-25T12:52:35+00:00\",\"mainEntityOfPage\":{\"@id\":\"https:\/\/comunicacaoeleitoral.ufpr.br\/index.php\/2016\/12\/31\/cristina-fernandez-podria-enfrentar-prision-preventiva-por-corrupcion\/\"},\"wordCount\":361,\"publisher\":{\"@id\":\"https:\/\/comunicacaoeleitoral.ufpr.br\/#organization\"},\"articleSection\":[\"Not\u00edcias\"],\"inLanguage\":\"pt-BR\"},{\"@type\":\"WebPage\",\"@id\":\"https:\/\/comunicacaoeleitoral.ufpr.br\/index.php\/2016\/12\/31\/cristina-fernandez-podria-enfrentar-prision-preventiva-por-corrupcion\/\",\"url\":\"https:\/\/comunicacaoeleitoral.ufpr.br\/index.php\/2016\/12\/31\/cristina-fernandez-podria-enfrentar-prision-preventiva-por-corrupcion\/\",\"name\":\"Cristina Fernandez podr\u00eda enfrentar prisi\u00f3n preventiva por corrupci\u00f3n - Comunica\u00e7\u00e3o Eleitoral\",\"isPartOf\":{\"@id\":\"https:\/\/comunicacaoeleitoral.ufpr.br\/#website\"},\"datePublished\":\"2016-12-31T18:03:38+00:00\",\"dateModified\":\"2017-04-25T12:52:35+00:00\",\"description\":\"Grupo de pesquisa ligado \u00e0 linha de Comunica\u00e7\u00e3o, Pol\u00edtica e Atores Coletivos do Programa de P\u00f3s-gradua\u00e7\u00e3o em Comunica\u00e7\u00e3o da Universidade Federal do Paran\u00e1 (UFPR)\",\"breadcrumb\":{\"@id\":\"https:\/\/comunicacaoeleitoral.ufpr.br\/index.php\/2016\/12\/31\/cristina-fernandez-podria-enfrentar-prision-preventiva-por-corrupcion\/#breadcrumb\"},\"inLanguage\":\"pt-BR\",\"potentialAction\":[{\"@type\":\"ReadAction\",\"target\":[\"https:\/\/comunicacaoeleitoral.ufpr.br\/index.php\/2016\/12\/31\/cristina-fernandez-podria-enfrentar-prision-preventiva-por-corrupcion\/\"]}]},{\"@type\":\"BreadcrumbList\",\"@id\":\"https:\/\/comunicacaoeleitoral.ufpr.br\/index.php\/2016\/12\/31\/cristina-fernandez-podria-enfrentar-prision-preventiva-por-corrupcion\/#breadcrumb\",\"itemListElement\":[{\"@type\":\"ListItem\",\"position\":1,\"name\":\"In\u00edcio\",\"item\":\"https:\/\/comunicacaoeleitoral.ufpr.br\/\"},{\"@type\":\"ListItem\",\"position\":2,\"name\":\"Cristina Fernandez podr\u00eda enfrentar prisi\u00f3n preventiva por corrupci\u00f3n\"}]},{\"@type\":\"WebSite\",\"@id\":\"https:\/\/comunicacaoeleitoral.ufpr.br\/#website\",\"url\":\"https:\/\/comunicacaoeleitoral.ufpr.br\/\",\"name\":\"Comunica\u00e7\u00e3o Eleitoral\",\"description\":\"Grupo de pesquisa ligado \u00e0 linha de Comunica\u00e7\u00e3o e Pol\u00edtica do Programa de P\u00f3s-gradua\u00e7\u00e3o em Comunica\u00e7\u00e3o da Universidade Federal do Paran\u00e1.\",\"publisher\":{\"@id\":\"https:\/\/comunicacaoeleitoral.ufpr.br\/#organization\"},\"potentialAction\":[{\"@type\":\"SearchAction\",\"target\":{\"@type\":\"EntryPoint\",\"urlTemplate\":\"https:\/\/comunicacaoeleitoral.ufpr.br\/?s={search_term_string}\"},\"query-input\":\"required name=search_term_string\"}],\"inLanguage\":\"pt-BR\"},{\"@type\":\"Organization\",\"@id\":\"https:\/\/comunicacaoeleitoral.ufpr.br\/#organization\",\"name\":\"Comunica\u00e7\u00e3o Eleitoral\",\"url\":\"https:\/\/comunicacaoeleitoral.ufpr.br\/\",\"logo\":{\"@type\":\"ImageObject\",\"inLanguage\":\"pt-BR\",\"@id\":\"https:\/\/comunicacaoeleitoral.ufpr.br\/#\/schema\/logo\/image\/\",\"url\":\"https:\/\/comunicacaoeleitoral.ufpr.br\/wp-content\/uploads\/2015\/05\/header2c_celtalks.png\",\"contentUrl\":\"https:\/\/comunicacaoeleitoral.ufpr.br\/wp-content\/uploads\/2015\/05\/header2c_celtalks.png\",\"width\":1800,\"height\":674,\"caption\":\"Comunica\u00e7\u00e3o Eleitoral\"},\"image\":{\"@id\":\"https:\/\/comunicacaoeleitoral.ufpr.br\/#\/schema\/logo\/image\/\"},\"sameAs\":[\"https:\/\/www.facebook.com\/Comunica\u00e7\u00e3o-Eleitoral-564214587069724\/\",\"https:\/\/www.instagram.com\/comunicacaoeleitoral\/\",\"https:\/\/www.youtube.com\/ocanalpanke\"]},{\"@type\":\"Person\",\"@id\":\"https:\/\/comunicacaoeleitoral.ufpr.br\/#\/schema\/person\/1f1b0fa714b592dcfee89e9824953d93\",\"name\":\"CEL UFPR\",\"image\":{\"@type\":\"ImageObject\",\"inLanguage\":\"pt-BR\",\"@id\":\"https:\/\/comunicacaoeleitoral.ufpr.br\/#\/schema\/person\/image\/\",\"url\":\"https:\/\/secure.gravatar.com\/avatar\/e73476db3cc561f956c8814cbc15a40e?s=96&d=mm&r=g\",\"contentUrl\":\"https:\/\/secure.gravatar.com\/avatar\/e73476db3cc561f956c8814cbc15a40e?s=96&d=mm&r=g\",\"caption\":\"CEL UFPR\"},\"url\":\"https:\/\/comunicacaoeleitoral.ufpr.br\/index.php\/author\/cel-ufpr\/\"}]}<\/script>\n<!-- \/ Yoast SEO plugin. -->","yoast_head_json":{"title":"Cristina Fernandez podr\u00eda enfrentar prisi\u00f3n preventiva por corrupci\u00f3n - Comunica\u00e7\u00e3o Eleitoral","description":"Grupo de pesquisa ligado \u00e0 linha de Comunica\u00e7\u00e3o, Pol\u00edtica e Atores Coletivos do Programa de P\u00f3s-gradua\u00e7\u00e3o em Comunica\u00e7\u00e3o da Universidade Federal do Paran\u00e1 (UFPR)","robots":{"index":"index","follow":"follow","max-snippet":"max-snippet:-1","max-image-preview":"max-image-preview:large","max-video-preview":"max-video-preview:-1"},"canonical":"https:\/\/comunicacaoeleitoral.ufpr.br\/index.php\/2016\/12\/31\/cristina-fernandez-podria-enfrentar-prision-preventiva-por-corrupcion\/","og_locale":"pt_BR","og_type":"article","og_title":"Cristina Fernandez podr\u00eda enfrentar prisi\u00f3n preventiva por corrupci\u00f3n - Comunica\u00e7\u00e3o Eleitoral","og_description":"Grupo de pesquisa ligado \u00e0 linha de Comunica\u00e7\u00e3o, Pol\u00edtica e Atores Coletivos do Programa de P\u00f3s-gradua\u00e7\u00e3o em Comunica\u00e7\u00e3o da Universidade Federal do Paran\u00e1 (UFPR)","og_url":"https:\/\/comunicacaoeleitoral.ufpr.br\/index.php\/2016\/12\/31\/cristina-fernandez-podria-enfrentar-prision-preventiva-por-corrupcion\/","og_site_name":"Comunica\u00e7\u00e3o Eleitoral","article_publisher":"https:\/\/www.facebook.com\/Comunica%c3%a7%c3%a3o-Eleitoral-564214587069724\/","article_published_time":"2016-12-31T18:03:38+00:00","article_modified_time":"2017-04-25T12:52:35+00:00","author":"CEL UFPR","twitter_card":"summary_large_image","twitter_misc":{"Escrito por":"CEL UFPR","Est. tempo de leitura":"2 minutos"},"schema":{"@context":"https:\/\/schema.org","@graph":[{"@type":"Article","@id":"https:\/\/comunicacaoeleitoral.ufpr.br\/index.php\/2016\/12\/31\/cristina-fernandez-podria-enfrentar-prision-preventiva-por-corrupcion\/#article","isPartOf":{"@id":"https:\/\/comunicacaoeleitoral.ufpr.br\/index.php\/2016\/12\/31\/cristina-fernandez-podria-enfrentar-prision-preventiva-por-corrupcion\/"},"author":{"name":"CEL UFPR","@id":"https:\/\/comunicacaoeleitoral.ufpr.br\/#\/schema\/person\/1f1b0fa714b592dcfee89e9824953d93"},"headline":"Cristina Fernandez podr\u00eda enfrentar prisi\u00f3n preventiva por corrupci\u00f3n","datePublished":"2016-12-31T18:03:38+00:00","dateModified":"2017-04-25T12:52:35+00:00","mainEntityOfPage":{"@id":"https:\/\/comunicacaoeleitoral.ufpr.br\/index.php\/2016\/12\/31\/cristina-fernandez-podria-enfrentar-prision-preventiva-por-corrupcion\/"},"wordCount":361,"publisher":{"@id":"https:\/\/comunicacaoeleitoral.ufpr.br\/#organization"},"articleSection":["Not\u00edcias"],"inLanguage":"pt-BR"},{"@type":"WebPage","@id":"https:\/\/comunicacaoeleitoral.ufpr.br\/index.php\/2016\/12\/31\/cristina-fernandez-podria-enfrentar-prision-preventiva-por-corrupcion\/","url":"https:\/\/comunicacaoeleitoral.ufpr.br\/index.php\/2016\/12\/31\/cristina-fernandez-podria-enfrentar-prision-preventiva-por-corrupcion\/","name":"Cristina Fernandez podr\u00eda enfrentar prisi\u00f3n preventiva por corrupci\u00f3n - Comunica\u00e7\u00e3o Eleitoral","isPartOf":{"@id":"https:\/\/comunicacaoeleitoral.ufpr.br\/#website"},"datePublished":"2016-12-31T18:03:38+00:00","dateModified":"2017-04-25T12:52:35+00:00","description":"Grupo de pesquisa ligado \u00e0 linha de Comunica\u00e7\u00e3o, Pol\u00edtica e Atores Coletivos do Programa de P\u00f3s-gradua\u00e7\u00e3o em Comunica\u00e7\u00e3o da Universidade Federal do Paran\u00e1 (UFPR)","breadcrumb":{"@id":"https:\/\/comunicacaoeleitoral.ufpr.br\/index.php\/2016\/12\/31\/cristina-fernandez-podria-enfrentar-prision-preventiva-por-corrupcion\/#breadcrumb"},"inLanguage":"pt-BR","potentialAction":[{"@type":"ReadAction","target":["https:\/\/comunicacaoeleitoral.ufpr.br\/index.php\/2016\/12\/31\/cristina-fernandez-podria-enfrentar-prision-preventiva-por-corrupcion\/"]}]},{"@type":"BreadcrumbList","@id":"https:\/\/comunicacaoeleitoral.ufpr.br\/index.php\/2016\/12\/31\/cristina-fernandez-podria-enfrentar-prision-preventiva-por-corrupcion\/#breadcrumb","itemListElement":[{"@type":"ListItem","position":1,"name":"In\u00edcio","item":"https:\/\/comunicacaoeleitoral.ufpr.br\/"},{"@type":"ListItem","position":2,"name":"Cristina Fernandez podr\u00eda enfrentar prisi\u00f3n preventiva por corrupci\u00f3n"}]},{"@type":"WebSite","@id":"https:\/\/comunicacaoeleitoral.ufpr.br\/#website","url":"https:\/\/comunicacaoeleitoral.ufpr.br\/","name":"Comunica\u00e7\u00e3o Eleitoral","description":"Grupo de pesquisa ligado \u00e0 linha de Comunica\u00e7\u00e3o e Pol\u00edtica do Programa de P\u00f3s-gradua\u00e7\u00e3o em Comunica\u00e7\u00e3o da Universidade Federal do Paran\u00e1.","publisher":{"@id":"https:\/\/comunicacaoeleitoral.ufpr.br\/#organization"},"potentialAction":[{"@type":"SearchAction","target":{"@type":"EntryPoint","urlTemplate":"https:\/\/comunicacaoeleitoral.ufpr.br\/?s={search_term_string}"},"query-input":"required name=search_term_string"}],"inLanguage":"pt-BR"},{"@type":"Organization","@id":"https:\/\/comunicacaoeleitoral.ufpr.br\/#organization","name":"Comunica\u00e7\u00e3o Eleitoral","url":"https:\/\/comunicacaoeleitoral.ufpr.br\/","logo":{"@type":"ImageObject","inLanguage":"pt-BR","@id":"https:\/\/comunicacaoeleitoral.ufpr.br\/#\/schema\/logo\/image\/","url":"https:\/\/comunicacaoeleitoral.ufpr.br\/wp-content\/uploads\/2015\/05\/header2c_celtalks.png","contentUrl":"https:\/\/comunicacaoeleitoral.ufpr.br\/wp-content\/uploads\/2015\/05\/header2c_celtalks.png","width":1800,"height":674,"caption":"Comunica\u00e7\u00e3o Eleitoral"},"image":{"@id":"https:\/\/comunicacaoeleitoral.ufpr.br\/#\/schema\/logo\/image\/"},"sameAs":["https:\/\/www.facebook.com\/Comunica\u00e7\u00e3o-Eleitoral-564214587069724\/","https:\/\/www.instagram.com\/comunicacaoeleitoral\/","https:\/\/www.youtube.com\/ocanalpanke"]},{"@type":"Person","@id":"https:\/\/comunicacaoeleitoral.ufpr.br\/#\/schema\/person\/1f1b0fa714b592dcfee89e9824953d93","name":"CEL UFPR","image":{"@type":"ImageObject","inLanguage":"pt-BR","@id":"https:\/\/comunicacaoeleitoral.ufpr.br\/#\/schema\/person\/image\/","url":"https:\/\/secure.gravatar.com\/avatar\/e73476db3cc561f956c8814cbc15a40e?s=96&d=mm&r=g","contentUrl":"https:\/\/secure.gravatar.com\/avatar\/e73476db3cc561f956c8814cbc15a40e?s=96&d=mm&r=g","caption":"CEL UFPR"},"url":"https:\/\/comunicacaoeleitoral.ufpr.br\/index.php\/author\/cel-ufpr\/"}]}},"_links":{"self":[{"href":"https:\/\/comunicacaoeleitoral.ufpr.br\/index.php\/wp-json\/wp\/v2\/posts\/1841"}],"collection":[{"href":"https:\/\/comunicacaoeleitoral.ufpr.br\/index.php\/wp-json\/wp\/v2\/posts"}],"about":[{"href":"https:\/\/comunicacaoeleitoral.ufpr.br\/index.php\/wp-json\/wp\/v2\/types\/post"}],"author":[{"embeddable":true,"href":"https:\/\/comunicacaoeleitoral.ufpr.br\/index.php\/wp-json\/wp\/v2\/users\/29"}],"replies":[{"embeddable":true,"href":"https:\/\/comunicacaoeleitoral.ufpr.br\/index.php\/wp-json\/wp\/v2\/comments?post=1841"}],"version-history":[{"count":2,"href":"https:\/\/comunicacaoeleitoral.ufpr.br\/index.php\/wp-json\/wp\/v2\/posts\/1841\/revisions"}],"predecessor-version":[{"id":1844,"href":"https:\/\/comunicacaoeleitoral.ufpr.br\/index.php\/wp-json\/wp\/v2\/posts\/1841\/revisions\/1844"}],"wp:attachment":[{"href":"https:\/\/comunicacaoeleitoral.ufpr.br\/index.php\/wp-json\/wp\/v2\/media?parent=1841"}],"wp:term":[{"taxonomy":"category","embeddable":true,"href":"https:\/\/comunicacaoeleitoral.ufpr.br\/index.php\/wp-json\/wp\/v2\/categories?post=1841"},{"taxonomy":"post_tag","embeddable":true,"href":"https:\/\/comunicacaoeleitoral.ufpr.br\/index.php\/wp-json\/wp\/v2\/tags?post=1841"}],"curies":[{"name":"wp","href":"https:\/\/api.w.org\/{rel}","templated":true}]}}