{"id":1837,"date":"2016-12-28T17:52:05","date_gmt":"2016-12-28T17:52:05","guid":{"rendered":"https:\/\/comunicacaoeleitoral.ufpr.br\/?p=1837"},"modified":"2016-12-28T17:52:05","modified_gmt":"2016-12-28T17:52:05","slug":"maia-governo-pode-instituir-por-decreto-contrapartidas-dos-governos-estaduais","status":"publish","type":"post","link":"https:\/\/comunicacaoeleitoral.ufpr.br\/index.php\/2016\/12\/28\/maia-governo-pode-instituir-por-decreto-contrapartidas-dos-governos-estaduais\/","title":{"rendered":"Maia: governo pode instituir por decreto contrapartidas dos governos estaduais"},"content":{"rendered":"<p>&nbsp;<\/p>\n<p>&nbsp;<\/p>\n<div id=\"attachment_1838\" style=\"width: 686px\" class=\"wp-caption aligncenter\"><a href=\"https:\/\/comunicacaoeleitoral.ufpr.br\/wp-content\/uploads\/2016\/12\/imgNoticia-1482850976434.jpg\"><img loading=\"lazy\" decoding=\"async\" aria-describedby=\"caption-attachment-1838\" class=\"size-full wp-image-1838\" src=\"https:\/\/comunicacaoeleitoral.ufpr.br\/wp-content\/uploads\/2016\/12\/imgNoticia-1482850976434.jpg\" alt=\"Leonardo Prado \/ C\u00e2mara dos Deputados\" width=\"676\" height=\"338\" srcset=\"https:\/\/comunicacaoeleitoral.ufpr.br\/wp-content\/uploads\/2016\/12\/imgNoticia-1482850976434.jpg 676w, https:\/\/comunicacaoeleitoral.ufpr.br\/wp-content\/uploads\/2016\/12\/imgNoticia-1482850976434-300x150.jpg 300w\" sizes=\"(max-width: 676px) 100vw, 676px\" \/><\/a><p id=\"caption-attachment-1838\" class=\"wp-caption-text\">Leonardo Prado \/ C\u00e2mara dos Deputados<\/p><\/div>\n<p>O presidente da C\u00e2mara, deputado Rodrigo Maia, disse nesta ter\u00e7a-feira (27) ao ministro interino da Fazenda, Eduardo Guardia, que acredita que o governo poder\u00e1 instituir as contrapartidas dos governos estaduais ao refinanciamento de suas d\u00favidas com a Uni\u00e3o por decreto.<\/p>\n<p>Segundo Maia, existem d\u00favidas nas \u00e1reas t\u00e9cnicas do governo sobre qual seria o melhor caminho para rediscutir a quest\u00e3o das contrapartidas, rejeitadas pelos deputados na vota\u00e7\u00e3o do projeto de renegocia\u00e7\u00e3o no \u00faltimo dia 20.<\/p>\n<p>Maia tem dito que a C\u00e2mara aprovou um projeto de lei complementar que autoriza Uni\u00e3o e os estados a firmarem novos contratos, mas que n\u00e3o poderia fixar contrapartidas. Ele lembrou que, em 97, quando foram feitas as primeiras negocia\u00e7\u00f5es, cada estado assinou um contrato particular com o governo,<\/p>\n<p>\u201cEspecificar as contrapartidas \u00e9 transformar a C\u00e2mara dos Deputados numa grande assembleia legislativa. O que h\u00e1 d\u00favida \u00e9 se precisa de lei para delegar ao Minist\u00e9rio da Fazenda, ao governo, a possibilidade da decis\u00e3o das contrapartidas sem nenhum embate judicial futuro com outros estados. Acho que essa \u00e9 a d\u00favida do Minist\u00e9rio da Fazenda e ela \u00e9 leg\u00edtima. Ent\u00e3o eu acho que vamos construir isso juntos\u201d, afirmou.<\/p>\n<p>Maia disse ainda entender que a lei que foi aprovada \u00e9 autorizativa e que um decreto presidencial resolveria as contrapartidas. \u201cMas esse \u00e9 um debate que o governo tem que fazer. N\u00e3o d\u00e1 para n\u00f3s, porque temos uma posi\u00e7\u00e3o, a gente n\u00e3o pode impor isso a outro poder\u201d, acrescentou<\/p>\n<p>Como Rio de Janeiro, Minas Gerais e Rio Grande do Sul est\u00e3o em situa\u00e7\u00e3o mais dif\u00edcil e o Congresso est\u00e1 em recesso at\u00e9 fevereiro, n\u00e3o est\u00e1 descartada inclusive, segundo Maia, a hip\u00f3tese de uma medida provis\u00f3ria caso seja necess\u00e1ria uma lei.<\/p>\n<p><strong>Contrapartidas aprovadas<br \/>\n<\/strong>O ministro interino da Fazenda, Eduardo Guardia, defendeu as contrapartidas que haviam sido aprovadas pelo Senado. De acordo com ele, n\u00e3o adianta s\u00f3 alongar as d\u00edvidas sem resolver a quest\u00e3o estrutural; ou seja, o equil\u00edbrio entre receitas e despesas nos estados.<\/p>\n<p>Ele n\u00e3o v\u00ea sentido em diferir pagamento de d\u00edvida, sem uma solu\u00e7\u00e3o duradoura por tr\u00e1s deste tipo de acordo. \u201cEnt\u00e3o, o que a gente est\u00e1 buscando \u00e9: se n\u00e3o tem mais este instrumento na lei complementar, a gente consegue ou n\u00e3o reintroduzir por lei ordin\u00e1ria? Que instrumentos a gente conseguiria, que instrumentos a gente n\u00e3o conseguiria?\u201d, questionou.<\/p>\n<p><strong>Texto aprovado<br \/>\n<\/strong>Pela proposta aprovada, os estados poder\u00e3o ter o pagamento de d\u00e9bitos alongados por mais 20 anos, com descontos nas parcelas at\u00e9 julho de 2018 e novos indexadores. Os deputados aprovaram ainda a cria\u00e7\u00e3o de um regime especial para estados em calamidade financeira. Esses estados poder\u00e3o, depois de aprovado um plano de recupera\u00e7\u00e3o por meio de lei estadual, ter as obriga\u00e7\u00f5es com a Uni\u00e3o suspensas por tr\u00eas anos.<\/p>\n<p>Os deputados passaram para as assembleias estaduais o debate de contrapartidas como o aumento da contribui\u00e7\u00e3o previdenci\u00e1ria paga por servidores estaduais e a proibi\u00e7\u00e3o de novos cargos e de aumentos salariais.<\/p>\n<p>Fonte: <a href=\"http:\/\/www2.camara.leg.br\/camaranoticias\/noticias\/ECONOMIA\/521755-MAIA-GOVERNO-PODE-INSTITUIR-POR-DECRETO-CONTRAPARTIDAS-DOS-GOVERNOS-ESTADUAIS.html\">Ag\u00eancia C\u00e2mara de Not\u00edcias<\/a><\/p>\n","protected":false},"excerpt":{"rendered":"<p>&nbsp; &nbsp; O presidente da C\u00e2mara, deputado Rodrigo Maia, disse nesta ter\u00e7a-feira (27) ao ministro interino da Fazenda, Eduardo Guardia, que acredita que o governo poder\u00e1 instituir as contrapartidas dos governos estaduais ao refinanciamento de suas d\u00favidas com a Uni\u00e3o por decreto. Segundo Maia, existem d\u00favidas nas \u00e1reas t\u00e9cnicas do governo sobre qual seria o [&hellip;]<\/p>\n","protected":false},"author":14,"featured_media":0,"comment_status":"closed","ping_status":"closed","sticky":false,"template":"","format":"standard","meta":{"_monsterinsights_skip_tracking":false,"_monsterinsights_sitenote_active":false,"_monsterinsights_sitenote_note":"","_monsterinsights_sitenote_category":0,"footnotes":""},"categories":[68],"tags":[],"yoast_head":"<!-- This site is optimized with the Yoast SEO plugin v22.2 - https:\/\/yoast.com\/wordpress\/plugins\/seo\/ -->\n<title>Maia: governo pode instituir por decreto contrapartidas dos governos estaduais - Comunica\u00e7\u00e3o Eleitoral<\/title>\n<meta name=\"description\" content=\"Grupo de pesquisa ligado \u00e0 linha de Comunica\u00e7\u00e3o, Pol\u00edtica e Atores Coletivos do Programa de P\u00f3s-gradua\u00e7\u00e3o em Comunica\u00e7\u00e3o da Universidade Federal do Paran\u00e1 (UFPR)\" \/>\n<meta name=\"robots\" content=\"index, follow, max-snippet:-1, max-image-preview:large, max-video-preview:-1\" \/>\n<link rel=\"canonical\" href=\"https:\/\/comunicacaoeleitoral.ufpr.br\/index.php\/2016\/12\/28\/maia-governo-pode-instituir-por-decreto-contrapartidas-dos-governos-estaduais\/\" \/>\n<meta property=\"og:locale\" content=\"pt_BR\" \/>\n<meta property=\"og:type\" content=\"article\" \/>\n<meta property=\"og:title\" content=\"Maia: governo pode instituir por decreto contrapartidas dos governos estaduais - Comunica\u00e7\u00e3o Eleitoral\" \/>\n<meta property=\"og:description\" content=\"Grupo de pesquisa ligado \u00e0 linha de Comunica\u00e7\u00e3o, Pol\u00edtica e Atores Coletivos do Programa de P\u00f3s-gradua\u00e7\u00e3o em Comunica\u00e7\u00e3o da Universidade Federal do Paran\u00e1 (UFPR)\" \/>\n<meta property=\"og:url\" content=\"https:\/\/comunicacaoeleitoral.ufpr.br\/index.php\/2016\/12\/28\/maia-governo-pode-instituir-por-decreto-contrapartidas-dos-governos-estaduais\/\" \/>\n<meta property=\"og:site_name\" content=\"Comunica\u00e7\u00e3o Eleitoral\" \/>\n<meta property=\"article:publisher\" content=\"https:\/\/www.facebook.com\/Comunica%c3%a7%c3%a3o-Eleitoral-564214587069724\/\" \/>\n<meta property=\"article:published_time\" content=\"2016-12-28T17:52:05+00:00\" \/>\n<meta property=\"og:image\" content=\"https:\/\/comunicacaoeleitoral.ufpr.br\/wp-content\/uploads\/2016\/12\/imgNoticia-1482850976434.jpg\" \/>\n<meta name=\"author\" content=\"Bruno\" \/>\n<meta name=\"twitter:card\" content=\"summary_large_image\" \/>\n<meta name=\"twitter:creator\" content=\"@brunonichols\" \/>\n<meta name=\"twitter:label1\" content=\"Escrito por\" \/>\n\t<meta name=\"twitter:data1\" content=\"Bruno\" \/>\n\t<meta name=\"twitter:label2\" content=\"Est. tempo de leitura\" \/>\n\t<meta name=\"twitter:data2\" content=\"3 minutos\" \/>\n<script type=\"application\/ld+json\" class=\"yoast-schema-graph\">{\"@context\":\"https:\/\/schema.org\",\"@graph\":[{\"@type\":\"Article\",\"@id\":\"https:\/\/comunicacaoeleitoral.ufpr.br\/index.php\/2016\/12\/28\/maia-governo-pode-instituir-por-decreto-contrapartidas-dos-governos-estaduais\/#article\",\"isPartOf\":{\"@id\":\"https:\/\/comunicacaoeleitoral.ufpr.br\/index.php\/2016\/12\/28\/maia-governo-pode-instituir-por-decreto-contrapartidas-dos-governos-estaduais\/\"},\"author\":{\"name\":\"Bruno\",\"@id\":\"https:\/\/comunicacaoeleitoral.ufpr.br\/#\/schema\/person\/01c9821415d77ed29d6e5f18970d6818\"},\"headline\":\"Maia: governo pode instituir por decreto contrapartidas dos governos estaduais\",\"datePublished\":\"2016-12-28T17:52:05+00:00\",\"dateModified\":\"2016-12-28T17:52:05+00:00\",\"mainEntityOfPage\":{\"@id\":\"https:\/\/comunicacaoeleitoral.ufpr.br\/index.php\/2016\/12\/28\/maia-governo-pode-instituir-por-decreto-contrapartidas-dos-governos-estaduais\/\"},\"wordCount\":556,\"publisher\":{\"@id\":\"https:\/\/comunicacaoeleitoral.ufpr.br\/#organization\"},\"image\":{\"@id\":\"https:\/\/comunicacaoeleitoral.ufpr.br\/index.php\/2016\/12\/28\/maia-governo-pode-instituir-por-decreto-contrapartidas-dos-governos-estaduais\/#primaryimage\"},\"thumbnailUrl\":\"https:\/\/comunicacaoeleitoral.ufpr.br\/wp-content\/uploads\/2016\/12\/imgNoticia-1482850976434.jpg\",\"articleSection\":[\"Not\u00edcias\"],\"inLanguage\":\"pt-BR\"},{\"@type\":\"WebPage\",\"@id\":\"https:\/\/comunicacaoeleitoral.ufpr.br\/index.php\/2016\/12\/28\/maia-governo-pode-instituir-por-decreto-contrapartidas-dos-governos-estaduais\/\",\"url\":\"https:\/\/comunicacaoeleitoral.ufpr.br\/index.php\/2016\/12\/28\/maia-governo-pode-instituir-por-decreto-contrapartidas-dos-governos-estaduais\/\",\"name\":\"Maia: governo pode instituir por decreto contrapartidas dos governos estaduais - Comunica\u00e7\u00e3o Eleitoral\",\"isPartOf\":{\"@id\":\"https:\/\/comunicacaoeleitoral.ufpr.br\/#website\"},\"primaryImageOfPage\":{\"@id\":\"https:\/\/comunicacaoeleitoral.ufpr.br\/index.php\/2016\/12\/28\/maia-governo-pode-instituir-por-decreto-contrapartidas-dos-governos-estaduais\/#primaryimage\"},\"image\":{\"@id\":\"https:\/\/comunicacaoeleitoral.ufpr.br\/index.php\/2016\/12\/28\/maia-governo-pode-instituir-por-decreto-contrapartidas-dos-governos-estaduais\/#primaryimage\"},\"thumbnailUrl\":\"https:\/\/comunicacaoeleitoral.ufpr.br\/wp-content\/uploads\/2016\/12\/imgNoticia-1482850976434.jpg\",\"datePublished\":\"2016-12-28T17:52:05+00:00\",\"dateModified\":\"2016-12-28T17:52:05+00:00\",\"description\":\"Grupo de pesquisa ligado \u00e0 linha de Comunica\u00e7\u00e3o, Pol\u00edtica e Atores Coletivos do Programa de P\u00f3s-gradua\u00e7\u00e3o em Comunica\u00e7\u00e3o da Universidade Federal do Paran\u00e1 (UFPR)\",\"breadcrumb\":{\"@id\":\"https:\/\/comunicacaoeleitoral.ufpr.br\/index.php\/2016\/12\/28\/maia-governo-pode-instituir-por-decreto-contrapartidas-dos-governos-estaduais\/#breadcrumb\"},\"inLanguage\":\"pt-BR\",\"potentialAction\":[{\"@type\":\"ReadAction\",\"target\":[\"https:\/\/comunicacaoeleitoral.ufpr.br\/index.php\/2016\/12\/28\/maia-governo-pode-instituir-por-decreto-contrapartidas-dos-governos-estaduais\/\"]}]},{\"@type\":\"ImageObject\",\"inLanguage\":\"pt-BR\",\"@id\":\"https:\/\/comunicacaoeleitoral.ufpr.br\/index.php\/2016\/12\/28\/maia-governo-pode-instituir-por-decreto-contrapartidas-dos-governos-estaduais\/#primaryimage\",\"url\":\"https:\/\/comunicacaoeleitoral.ufpr.br\/wp-content\/uploads\/2016\/12\/imgNoticia-1482850976434.jpg\",\"contentUrl\":\"https:\/\/comunicacaoeleitoral.ufpr.br\/wp-content\/uploads\/2016\/12\/imgNoticia-1482850976434.jpg\",\"width\":676,\"height\":338,\"caption\":\"Leonardo Prado \/ C\u00e2mara dos Deputados\"},{\"@type\":\"BreadcrumbList\",\"@id\":\"https:\/\/comunicacaoeleitoral.ufpr.br\/index.php\/2016\/12\/28\/maia-governo-pode-instituir-por-decreto-contrapartidas-dos-governos-estaduais\/#breadcrumb\",\"itemListElement\":[{\"@type\":\"ListItem\",\"position\":1,\"name\":\"In\u00edcio\",\"item\":\"https:\/\/comunicacaoeleitoral.ufpr.br\/\"},{\"@type\":\"ListItem\",\"position\":2,\"name\":\"Maia: governo pode instituir por decreto contrapartidas dos governos estaduais\"}]},{\"@type\":\"WebSite\",\"@id\":\"https:\/\/comunicacaoeleitoral.ufpr.br\/#website\",\"url\":\"https:\/\/comunicacaoeleitoral.ufpr.br\/\",\"name\":\"Comunica\u00e7\u00e3o Eleitoral\",\"description\":\"Grupo de pesquisa ligado \u00e0 linha de Comunica\u00e7\u00e3o e Pol\u00edtica do Programa de P\u00f3s-gradua\u00e7\u00e3o em Comunica\u00e7\u00e3o da Universidade Federal do Paran\u00e1.\",\"publisher\":{\"@id\":\"https:\/\/comunicacaoeleitoral.ufpr.br\/#organization\"},\"potentialAction\":[{\"@type\":\"SearchAction\",\"target\":{\"@type\":\"EntryPoint\",\"urlTemplate\":\"https:\/\/comunicacaoeleitoral.ufpr.br\/?s={search_term_string}\"},\"query-input\":\"required name=search_term_string\"}],\"inLanguage\":\"pt-BR\"},{\"@type\":\"Organization\",\"@id\":\"https:\/\/comunicacaoeleitoral.ufpr.br\/#organization\",\"name\":\"Comunica\u00e7\u00e3o Eleitoral\",\"url\":\"https:\/\/comunicacaoeleitoral.ufpr.br\/\",\"logo\":{\"@type\":\"ImageObject\",\"inLanguage\":\"pt-BR\",\"@id\":\"https:\/\/comunicacaoeleitoral.ufpr.br\/#\/schema\/logo\/image\/\",\"url\":\"https:\/\/comunicacaoeleitoral.ufpr.br\/wp-content\/uploads\/2015\/05\/header2c_celtalks.png\",\"contentUrl\":\"https:\/\/comunicacaoeleitoral.ufpr.br\/wp-content\/uploads\/2015\/05\/header2c_celtalks.png\",\"width\":1800,\"height\":674,\"caption\":\"Comunica\u00e7\u00e3o Eleitoral\"},\"image\":{\"@id\":\"https:\/\/comunicacaoeleitoral.ufpr.br\/#\/schema\/logo\/image\/\"},\"sameAs\":[\"https:\/\/www.facebook.com\/Comunica\u00e7\u00e3o-Eleitoral-564214587069724\/\",\"https:\/\/www.instagram.com\/comunicacaoeleitoral\/\",\"https:\/\/www.youtube.com\/ocanalpanke\"]},{\"@type\":\"Person\",\"@id\":\"https:\/\/comunicacaoeleitoral.ufpr.br\/#\/schema\/person\/01c9821415d77ed29d6e5f18970d6818\",\"name\":\"Bruno\",\"image\":{\"@type\":\"ImageObject\",\"inLanguage\":\"pt-BR\",\"@id\":\"https:\/\/comunicacaoeleitoral.ufpr.br\/#\/schema\/person\/image\/\",\"url\":\"https:\/\/secure.gravatar.com\/avatar\/6db9662033591ec1c413c76e78a9eb7e?s=96&d=mm&r=g\",\"contentUrl\":\"https:\/\/secure.gravatar.com\/avatar\/6db9662033591ec1c413c76e78a9eb7e?s=96&d=mm&r=g\",\"caption\":\"Bruno\"},\"sameAs\":[\"https:\/\/twitter.com\/brunonichols\"],\"url\":\"https:\/\/comunicacaoeleitoral.ufpr.br\/index.php\/author\/bruno\/\"}]}<\/script>\n<!-- \/ Yoast SEO plugin. -->","yoast_head_json":{"title":"Maia: governo pode instituir por decreto contrapartidas dos governos estaduais - Comunica\u00e7\u00e3o Eleitoral","description":"Grupo de pesquisa ligado \u00e0 linha de Comunica\u00e7\u00e3o, Pol\u00edtica e Atores Coletivos do Programa de P\u00f3s-gradua\u00e7\u00e3o em Comunica\u00e7\u00e3o da Universidade Federal do Paran\u00e1 (UFPR)","robots":{"index":"index","follow":"follow","max-snippet":"max-snippet:-1","max-image-preview":"max-image-preview:large","max-video-preview":"max-video-preview:-1"},"canonical":"https:\/\/comunicacaoeleitoral.ufpr.br\/index.php\/2016\/12\/28\/maia-governo-pode-instituir-por-decreto-contrapartidas-dos-governos-estaduais\/","og_locale":"pt_BR","og_type":"article","og_title":"Maia: governo pode instituir por decreto contrapartidas dos governos estaduais - Comunica\u00e7\u00e3o Eleitoral","og_description":"Grupo de pesquisa ligado \u00e0 linha de Comunica\u00e7\u00e3o, Pol\u00edtica e Atores Coletivos do Programa de P\u00f3s-gradua\u00e7\u00e3o em Comunica\u00e7\u00e3o da Universidade Federal do Paran\u00e1 (UFPR)","og_url":"https:\/\/comunicacaoeleitoral.ufpr.br\/index.php\/2016\/12\/28\/maia-governo-pode-instituir-por-decreto-contrapartidas-dos-governos-estaduais\/","og_site_name":"Comunica\u00e7\u00e3o Eleitoral","article_publisher":"https:\/\/www.facebook.com\/Comunica%c3%a7%c3%a3o-Eleitoral-564214587069724\/","article_published_time":"2016-12-28T17:52:05+00:00","og_image":[{"url":"https:\/\/comunicacaoeleitoral.ufpr.br\/wp-content\/uploads\/2016\/12\/imgNoticia-1482850976434.jpg"}],"author":"Bruno","twitter_card":"summary_large_image","twitter_creator":"@brunonichols","twitter_misc":{"Escrito por":"Bruno","Est. tempo de leitura":"3 minutos"},"schema":{"@context":"https:\/\/schema.org","@graph":[{"@type":"Article","@id":"https:\/\/comunicacaoeleitoral.ufpr.br\/index.php\/2016\/12\/28\/maia-governo-pode-instituir-por-decreto-contrapartidas-dos-governos-estaduais\/#article","isPartOf":{"@id":"https:\/\/comunicacaoeleitoral.ufpr.br\/index.php\/2016\/12\/28\/maia-governo-pode-instituir-por-decreto-contrapartidas-dos-governos-estaduais\/"},"author":{"name":"Bruno","@id":"https:\/\/comunicacaoeleitoral.ufpr.br\/#\/schema\/person\/01c9821415d77ed29d6e5f18970d6818"},"headline":"Maia: governo pode instituir por decreto contrapartidas dos governos estaduais","datePublished":"2016-12-28T17:52:05+00:00","dateModified":"2016-12-28T17:52:05+00:00","mainEntityOfPage":{"@id":"https:\/\/comunicacaoeleitoral.ufpr.br\/index.php\/2016\/12\/28\/maia-governo-pode-instituir-por-decreto-contrapartidas-dos-governos-estaduais\/"},"wordCount":556,"publisher":{"@id":"https:\/\/comunicacaoeleitoral.ufpr.br\/#organization"},"image":{"@id":"https:\/\/comunicacaoeleitoral.ufpr.br\/index.php\/2016\/12\/28\/maia-governo-pode-instituir-por-decreto-contrapartidas-dos-governos-estaduais\/#primaryimage"},"thumbnailUrl":"https:\/\/comunicacaoeleitoral.ufpr.br\/wp-content\/uploads\/2016\/12\/imgNoticia-1482850976434.jpg","articleSection":["Not\u00edcias"],"inLanguage":"pt-BR"},{"@type":"WebPage","@id":"https:\/\/comunicacaoeleitoral.ufpr.br\/index.php\/2016\/12\/28\/maia-governo-pode-instituir-por-decreto-contrapartidas-dos-governos-estaduais\/","url":"https:\/\/comunicacaoeleitoral.ufpr.br\/index.php\/2016\/12\/28\/maia-governo-pode-instituir-por-decreto-contrapartidas-dos-governos-estaduais\/","name":"Maia: governo pode instituir por decreto contrapartidas dos governos estaduais - Comunica\u00e7\u00e3o Eleitoral","isPartOf":{"@id":"https:\/\/comunicacaoeleitoral.ufpr.br\/#website"},"primaryImageOfPage":{"@id":"https:\/\/comunicacaoeleitoral.ufpr.br\/index.php\/2016\/12\/28\/maia-governo-pode-instituir-por-decreto-contrapartidas-dos-governos-estaduais\/#primaryimage"},"image":{"@id":"https:\/\/comunicacaoeleitoral.ufpr.br\/index.php\/2016\/12\/28\/maia-governo-pode-instituir-por-decreto-contrapartidas-dos-governos-estaduais\/#primaryimage"},"thumbnailUrl":"https:\/\/comunicacaoeleitoral.ufpr.br\/wp-content\/uploads\/2016\/12\/imgNoticia-1482850976434.jpg","datePublished":"2016-12-28T17:52:05+00:00","dateModified":"2016-12-28T17:52:05+00:00","description":"Grupo de pesquisa ligado \u00e0 linha de Comunica\u00e7\u00e3o, Pol\u00edtica e Atores Coletivos do Programa de P\u00f3s-gradua\u00e7\u00e3o em Comunica\u00e7\u00e3o da Universidade Federal do Paran\u00e1 (UFPR)","breadcrumb":{"@id":"https:\/\/comunicacaoeleitoral.ufpr.br\/index.php\/2016\/12\/28\/maia-governo-pode-instituir-por-decreto-contrapartidas-dos-governos-estaduais\/#breadcrumb"},"inLanguage":"pt-BR","potentialAction":[{"@type":"ReadAction","target":["https:\/\/comunicacaoeleitoral.ufpr.br\/index.php\/2016\/12\/28\/maia-governo-pode-instituir-por-decreto-contrapartidas-dos-governos-estaduais\/"]}]},{"@type":"ImageObject","inLanguage":"pt-BR","@id":"https:\/\/comunicacaoeleitoral.ufpr.br\/index.php\/2016\/12\/28\/maia-governo-pode-instituir-por-decreto-contrapartidas-dos-governos-estaduais\/#primaryimage","url":"https:\/\/comunicacaoeleitoral.ufpr.br\/wp-content\/uploads\/2016\/12\/imgNoticia-1482850976434.jpg","contentUrl":"https:\/\/comunicacaoeleitoral.ufpr.br\/wp-content\/uploads\/2016\/12\/imgNoticia-1482850976434.jpg","width":676,"height":338,"caption":"Leonardo Prado \/ C\u00e2mara dos Deputados"},{"@type":"BreadcrumbList","@id":"https:\/\/comunicacaoeleitoral.ufpr.br\/index.php\/2016\/12\/28\/maia-governo-pode-instituir-por-decreto-contrapartidas-dos-governos-estaduais\/#breadcrumb","itemListElement":[{"@type":"ListItem","position":1,"name":"In\u00edcio","item":"https:\/\/comunicacaoeleitoral.ufpr.br\/"},{"@type":"ListItem","position":2,"name":"Maia: governo pode instituir por decreto contrapartidas dos governos estaduais"}]},{"@type":"WebSite","@id":"https:\/\/comunicacaoeleitoral.ufpr.br\/#website","url":"https:\/\/comunicacaoeleitoral.ufpr.br\/","name":"Comunica\u00e7\u00e3o Eleitoral","description":"Grupo de pesquisa ligado \u00e0 linha de Comunica\u00e7\u00e3o e Pol\u00edtica do Programa de P\u00f3s-gradua\u00e7\u00e3o em Comunica\u00e7\u00e3o da Universidade Federal do Paran\u00e1.","publisher":{"@id":"https:\/\/comunicacaoeleitoral.ufpr.br\/#organization"},"potentialAction":[{"@type":"SearchAction","target":{"@type":"EntryPoint","urlTemplate":"https:\/\/comunicacaoeleitoral.ufpr.br\/?s={search_term_string}"},"query-input":"required name=search_term_string"}],"inLanguage":"pt-BR"},{"@type":"Organization","@id":"https:\/\/comunicacaoeleitoral.ufpr.br\/#organization","name":"Comunica\u00e7\u00e3o Eleitoral","url":"https:\/\/comunicacaoeleitoral.ufpr.br\/","logo":{"@type":"ImageObject","inLanguage":"pt-BR","@id":"https:\/\/comunicacaoeleitoral.ufpr.br\/#\/schema\/logo\/image\/","url":"https:\/\/comunicacaoeleitoral.ufpr.br\/wp-content\/uploads\/2015\/05\/header2c_celtalks.png","contentUrl":"https:\/\/comunicacaoeleitoral.ufpr.br\/wp-content\/uploads\/2015\/05\/header2c_celtalks.png","width":1800,"height":674,"caption":"Comunica\u00e7\u00e3o Eleitoral"},"image":{"@id":"https:\/\/comunicacaoeleitoral.ufpr.br\/#\/schema\/logo\/image\/"},"sameAs":["https:\/\/www.facebook.com\/Comunica\u00e7\u00e3o-Eleitoral-564214587069724\/","https:\/\/www.instagram.com\/comunicacaoeleitoral\/","https:\/\/www.youtube.com\/ocanalpanke"]},{"@type":"Person","@id":"https:\/\/comunicacaoeleitoral.ufpr.br\/#\/schema\/person\/01c9821415d77ed29d6e5f18970d6818","name":"Bruno","image":{"@type":"ImageObject","inLanguage":"pt-BR","@id":"https:\/\/comunicacaoeleitoral.ufpr.br\/#\/schema\/person\/image\/","url":"https:\/\/secure.gravatar.com\/avatar\/6db9662033591ec1c413c76e78a9eb7e?s=96&d=mm&r=g","contentUrl":"https:\/\/secure.gravatar.com\/avatar\/6db9662033591ec1c413c76e78a9eb7e?s=96&d=mm&r=g","caption":"Bruno"},"sameAs":["https:\/\/twitter.com\/brunonichols"],"url":"https:\/\/comunicacaoeleitoral.ufpr.br\/index.php\/author\/bruno\/"}]}},"_links":{"self":[{"href":"https:\/\/comunicacaoeleitoral.ufpr.br\/index.php\/wp-json\/wp\/v2\/posts\/1837"}],"collection":[{"href":"https:\/\/comunicacaoeleitoral.ufpr.br\/index.php\/wp-json\/wp\/v2\/posts"}],"about":[{"href":"https:\/\/comunicacaoeleitoral.ufpr.br\/index.php\/wp-json\/wp\/v2\/types\/post"}],"author":[{"embeddable":true,"href":"https:\/\/comunicacaoeleitoral.ufpr.br\/index.php\/wp-json\/wp\/v2\/users\/14"}],"replies":[{"embeddable":true,"href":"https:\/\/comunicacaoeleitoral.ufpr.br\/index.php\/wp-json\/wp\/v2\/comments?post=1837"}],"version-history":[{"count":1,"href":"https:\/\/comunicacaoeleitoral.ufpr.br\/index.php\/wp-json\/wp\/v2\/posts\/1837\/revisions"}],"predecessor-version":[{"id":1839,"href":"https:\/\/comunicacaoeleitoral.ufpr.br\/index.php\/wp-json\/wp\/v2\/posts\/1837\/revisions\/1839"}],"wp:attachment":[{"href":"https:\/\/comunicacaoeleitoral.ufpr.br\/index.php\/wp-json\/wp\/v2\/media?parent=1837"}],"wp:term":[{"taxonomy":"category","embeddable":true,"href":"https:\/\/comunicacaoeleitoral.ufpr.br\/index.php\/wp-json\/wp\/v2\/categories?post=1837"},{"taxonomy":"post_tag","embeddable":true,"href":"https:\/\/comunicacaoeleitoral.ufpr.br\/index.php\/wp-json\/wp\/v2\/tags?post=1837"}],"curies":[{"name":"wp","href":"https:\/\/api.w.org\/{rel}","templated":true}]}}