{"id":1827,"date":"2016-12-20T13:54:57","date_gmt":"2016-12-20T13:54:57","guid":{"rendered":"https:\/\/comunicacaoeleitoral.ufpr.br\/?p=1827"},"modified":"2016-12-20T13:54:57","modified_gmt":"2016-12-20T13:54:57","slug":"prisoes-de-tres-prefeitos-eleitos-levam-incerteza-a-municipios-paulistas","status":"publish","type":"post","link":"https:\/\/comunicacaoeleitoral.ufpr.br\/index.php\/2016\/12\/20\/prisoes-de-tres-prefeitos-eleitos-levam-incerteza-a-municipios-paulistas\/","title":{"rendered":"Pris\u00f5es de tr\u00eas prefeitos eleitos levam incerteza a munic\u00edpios paulistas"},"content":{"rendered":"<p style=\"text-align: justify;\"><a href=\"https:\/\/comunicacaoeleitoral.ufpr.br\/wp-content\/uploads\/2016\/12\/Fat-tony-bribes-the-mayor.png\"><img loading=\"lazy\" decoding=\"async\" class=\" size-medium wp-image-1829 aligncenter\" src=\"https:\/\/comunicacaoeleitoral.ufpr.br\/wp-content\/uploads\/2016\/12\/Fat-tony-bribes-the-mayor-300x225.png\" alt=\"Fat-tony-bribes-the-mayor\" width=\"300\" height=\"225\" srcset=\"https:\/\/comunicacaoeleitoral.ufpr.br\/wp-content\/uploads\/2016\/12\/Fat-tony-bribes-the-mayor-300x225.png 300w, https:\/\/comunicacaoeleitoral.ufpr.br\/wp-content\/uploads\/2016\/12\/Fat-tony-bribes-the-mayor.png 1024w\" sizes=\"(max-width: 300px) 100vw, 300px\" \/><\/a><a href=\"https:\/\/comunicacaoeleitoral.ufpr.br\/wp-content\/uploads\/2016\/12\/policia-federal-2017.jpg\"><br \/>\n<\/a>Pris\u00f5es decretadas contra os prefeitos eleitos de Osasco, Embu das Artes e Presidente Bernardes, no estado de S\u00e3o Paulo, causaram indefini\u00e7\u00e3o nestes munic\u00edpios em rela\u00e7\u00e3o \u00e0 posse. A diploma\u00e7\u00e3o no caso de Embu das Artes, do prefeito eleito Claudinei Alves dos Santos, conhecido como Ney Santos, foi suspensa pela Justi\u00e7a Eleitoral, ap\u00f3s pedido do Minist\u00e9rio P\u00fablico (MP) de S\u00e3o Paulo.<\/p>\n<p style=\"text-align: justify;\">O pol\u00edtico \u00e9 considerado foragido desde a deflagra\u00e7\u00e3o da <a href=\"http:\/\/agenciabrasil.ebc.com.br\/politica\/noticia\/2016-12\/justica-suspende-diplomacao-do-prefeito-eleito-de-embu-das-artes\" target=\"_blank\">Opera\u00e7\u00e3o Xibalba<\/a>, no \u00faltimo dia 9, quando foram cumpridos 49 mandados de busca e cumpridos 14 mandados de pris\u00e3o preventiva. Sete pessoas continuam foragidas, incluindo Ney Santos.<\/p>\n<p style=\"text-align: justify;\">As investiga\u00e7\u00f5es conduzidas pelo promotor de Justi\u00e7a Est\u00eav\u00e3o Lu\u00eds Lemos Jorge identificaram uma organiza\u00e7\u00e3o criminosa para lavagem de dinheiro do tr\u00e1fico de drogas, supostamente liderada pelo prefeito eleito de Embu, segundo o MP.<\/p>\n<p style=\"text-align: justify;\">O prefeito eleito de <a href=\"http:\/\/agenciabrasil.ebc.com.br\/geral\/noticia\/2016-12\/tres-vereadores-acusados-de-ter-funcionarios-fantasmas-em-osasco-estao\" target=\"_blank\">Osasco<\/a>, Rog\u00e9rio Lins, teve a pris\u00e3o preventiva decretada em 6 de dezembro e est\u00e1 em viagem ao exterior. A Justi\u00e7a suspendeu, neste caso, somente a cerim\u00f4nia de diploma\u00e7\u00e3o, mantendo a possibilidade de retirada do diploma. Na sexta-feira (16), o advogado de Lins, Benjamin Ramos Junior, retirou o diploma no cart\u00f3rio da 213\u00aa zona eleitoral, por meio de uma procura\u00e7\u00e3o. As informa\u00e7\u00f5es s\u00e3o do pr\u00f3prio cart\u00f3rio.<\/p>\n<p style=\"text-align: justify;\">A pris\u00e3o \u00e9 parte da Opera\u00e7\u00e3o Ca\u00e7a-Fantasma, deflagrada em agosto de 2015 pelo MP. S\u00e3o 14 vereadores, incluindo Lins, suspeitos de manter um esquema de funcion\u00e1rios fantasmas, al\u00e9m de captar parte do sal\u00e1rio de assessores. O MP estima que R$ 21 milh\u00f5es foram desviados com as fraudes.<\/p>\n<p style=\"text-align: justify;\">O prefeito eleito de Presidente Bernardes teve a pris\u00e3o decretada e chegou a ser preso no \u00faltimo dia 10. Segundo informa\u00e7\u00f5es do cart\u00f3rio da 165\u00aa zona eleitoral, ele foi solto e compareceu na quarta-feira (14) para a diploma\u00e7\u00e3o.<\/p>\n<p style=\"text-align: justify;\">De acordo com o Tribunal Regional Eleitoral (TRE) de S\u00e3o Paulo, a diploma\u00e7\u00e3o marca o encerramento do processo eleitoral, com a entrega do documento que habilita os pol\u00edticos a tomarem posse nos seus respectivos cargos.<\/p>\n<p style=\"text-align: justify;\">Ontem (19), a Justi\u00e7a Eleitoral encerrou o processo das elei\u00e7\u00f5es de 2016 com a cerim\u00f4nia de diploma\u00e7\u00e3o da capital paulista. Na ocasi\u00e3o, foram diplomados o prefeito Jo\u00e3o D\u00f3ria e seu vice, Bruno Covas, al\u00e9m de 55 vereadores. O evento ocorreu na Sala S\u00e3o Paulo, na regi\u00e3o central da cidade, e foi conduzida pelo juiz da 1\u00aa Zona Eleitoral da capital, Sidney da Silva Braga, respons\u00e1vel pelas elei\u00e7\u00f5es na cidade.<\/p>\n<p style=\"text-align: justify;\"><strong>Camila Boehm \u2013 Rep\u00f3rter da Ag\u00eancia Brasil<\/strong><\/p>\n<p style=\"text-align: justify;\">Edi\u00e7\u00e3o: <strong>Val\u00e9ria Aguiar<\/strong><\/p>\n<p style=\"text-align: justify;\">Fonte: <a href=\"http:\/\/agenciabrasil.ebc.com.br\/\" target=\"_blank\">EBC &#8211; Ag\u00eancia Brasil<\/a><\/p>\n","protected":false},"excerpt":{"rendered":"<p>Pris\u00f5es decretadas contra os prefeitos eleitos de Osasco, Embu das Artes e Presidente Bernardes, no estado de S\u00e3o Paulo, causaram indefini\u00e7\u00e3o nestes munic\u00edpios em rela\u00e7\u00e3o \u00e0 posse. A diploma\u00e7\u00e3o no caso de Embu das Artes, do prefeito eleito Claudinei Alves dos Santos, conhecido como Ney Santos, foi suspensa pela Justi\u00e7a Eleitoral, ap\u00f3s pedido do Minist\u00e9rio [&hellip;]<\/p>\n","protected":false},"author":28,"featured_media":0,"comment_status":"closed","ping_status":"closed","sticky":false,"template":"","format":"standard","meta":{"_monsterinsights_skip_tracking":false,"_monsterinsights_sitenote_active":false,"_monsterinsights_sitenote_note":"","_monsterinsights_sitenote_category":0,"footnotes":""},"categories":[68,12],"tags":[352,355,354,327,356,353,192],"yoast_head":"<!-- This site is optimized with the Yoast SEO plugin v22.2 - https:\/\/yoast.com\/wordpress\/plugins\/seo\/ -->\n<title>Pris\u00f5es de prefeitos levam incerteza a munic\u00edpios paulistas<\/title>\n<meta name=\"description\" content=\"Pris\u00f5es decretadas contra os prefeitos eleitos de Osasco, Embu das Artes e Presidente Bernardes causaram indefini\u00e7\u00e3o nestes munic\u00edpios em rela\u00e7\u00e3o \u00e0 posse.\" \/>\n<meta name=\"robots\" content=\"index, follow, max-snippet:-1, max-image-preview:large, max-video-preview:-1\" \/>\n<link rel=\"canonical\" href=\"https:\/\/comunicacaoeleitoral.ufpr.br\/index.php\/2016\/12\/20\/prisoes-de-tres-prefeitos-eleitos-levam-incerteza-a-municipios-paulistas\/\" \/>\n<meta property=\"og:locale\" content=\"pt_BR\" \/>\n<meta property=\"og:type\" content=\"article\" \/>\n<meta property=\"og:title\" content=\"Pris\u00f5es de prefeitos levam incerteza a munic\u00edpios paulistas\" \/>\n<meta property=\"og:description\" content=\"Pris\u00f5es decretadas contra os prefeitos eleitos de Osasco, Embu das Artes e Presidente Bernardes causaram indefini\u00e7\u00e3o nestes munic\u00edpios em rela\u00e7\u00e3o \u00e0 posse.\" \/>\n<meta property=\"og:url\" content=\"https:\/\/comunicacaoeleitoral.ufpr.br\/index.php\/2016\/12\/20\/prisoes-de-tres-prefeitos-eleitos-levam-incerteza-a-municipios-paulistas\/\" \/>\n<meta property=\"og:site_name\" content=\"Comunica\u00e7\u00e3o Eleitoral\" \/>\n<meta property=\"article:publisher\" content=\"https:\/\/www.facebook.com\/Comunica%c3%a7%c3%a3o-Eleitoral-564214587069724\/\" \/>\n<meta property=\"article:published_time\" content=\"2016-12-20T13:54:57+00:00\" \/>\n<meta property=\"og:image\" content=\"https:\/\/comunicacaoeleitoral.ufpr.br\/wp-content\/uploads\/2016\/12\/Fat-tony-bribes-the-mayor-300x225.png\" \/>\n<meta name=\"author\" content=\"Vivian Lemos\" \/>\n<meta name=\"twitter:card\" content=\"summary_large_image\" \/>\n<meta name=\"twitter:label1\" content=\"Escrito por\" \/>\n\t<meta name=\"twitter:data1\" content=\"Vivian Lemos\" \/>\n\t<meta name=\"twitter:label2\" content=\"Est. tempo de leitura\" \/>\n\t<meta name=\"twitter:data2\" content=\"2 minutos\" \/>\n<script type=\"application\/ld+json\" class=\"yoast-schema-graph\">{\"@context\":\"https:\/\/schema.org\",\"@graph\":[{\"@type\":\"Article\",\"@id\":\"https:\/\/comunicacaoeleitoral.ufpr.br\/index.php\/2016\/12\/20\/prisoes-de-tres-prefeitos-eleitos-levam-incerteza-a-municipios-paulistas\/#article\",\"isPartOf\":{\"@id\":\"https:\/\/comunicacaoeleitoral.ufpr.br\/index.php\/2016\/12\/20\/prisoes-de-tres-prefeitos-eleitos-levam-incerteza-a-municipios-paulistas\/\"},\"author\":{\"name\":\"Vivian Lemos\",\"@id\":\"https:\/\/comunicacaoeleitoral.ufpr.br\/#\/schema\/person\/877ba45697f2179310c85ad2f43514af\"},\"headline\":\"Pris\u00f5es de tr\u00eas prefeitos eleitos levam incerteza a munic\u00edpios paulistas\",\"datePublished\":\"2016-12-20T13:54:57+00:00\",\"dateModified\":\"2016-12-20T13:54:57+00:00\",\"mainEntityOfPage\":{\"@id\":\"https:\/\/comunicacaoeleitoral.ufpr.br\/index.php\/2016\/12\/20\/prisoes-de-tres-prefeitos-eleitos-levam-incerteza-a-municipios-paulistas\/\"},\"wordCount\":460,\"publisher\":{\"@id\":\"https:\/\/comunicacaoeleitoral.ufpr.br\/#organization\"},\"image\":{\"@id\":\"https:\/\/comunicacaoeleitoral.ufpr.br\/index.php\/2016\/12\/20\/prisoes-de-tres-prefeitos-eleitos-levam-incerteza-a-municipios-paulistas\/#primaryimage\"},\"thumbnailUrl\":\"https:\/\/comunicacaoeleitoral.ufpr.br\/wp-content\/uploads\/2016\/12\/Fat-tony-bribes-the-mayor-300x225.png\",\"keywords\":[\"corrup\u00e7\u00e3o\",\"embu das artes\",\"osasco\",\"prefeitos\",\"presidente bernardes\",\"s\u00e3o paulo\",\"tre\"],\"articleSection\":[\"Not\u00edcias\",\"Pol\u00edtica em foco\"],\"inLanguage\":\"pt-BR\"},{\"@type\":\"WebPage\",\"@id\":\"https:\/\/comunicacaoeleitoral.ufpr.br\/index.php\/2016\/12\/20\/prisoes-de-tres-prefeitos-eleitos-levam-incerteza-a-municipios-paulistas\/\",\"url\":\"https:\/\/comunicacaoeleitoral.ufpr.br\/index.php\/2016\/12\/20\/prisoes-de-tres-prefeitos-eleitos-levam-incerteza-a-municipios-paulistas\/\",\"name\":\"Pris\u00f5es de prefeitos levam incerteza a munic\u00edpios paulistas\",\"isPartOf\":{\"@id\":\"https:\/\/comunicacaoeleitoral.ufpr.br\/#website\"},\"primaryImageOfPage\":{\"@id\":\"https:\/\/comunicacaoeleitoral.ufpr.br\/index.php\/2016\/12\/20\/prisoes-de-tres-prefeitos-eleitos-levam-incerteza-a-municipios-paulistas\/#primaryimage\"},\"image\":{\"@id\":\"https:\/\/comunicacaoeleitoral.ufpr.br\/index.php\/2016\/12\/20\/prisoes-de-tres-prefeitos-eleitos-levam-incerteza-a-municipios-paulistas\/#primaryimage\"},\"thumbnailUrl\":\"https:\/\/comunicacaoeleitoral.ufpr.br\/wp-content\/uploads\/2016\/12\/Fat-tony-bribes-the-mayor-300x225.png\",\"datePublished\":\"2016-12-20T13:54:57+00:00\",\"dateModified\":\"2016-12-20T13:54:57+00:00\",\"description\":\"Pris\u00f5es decretadas contra os prefeitos eleitos de Osasco, Embu das Artes e Presidente Bernardes causaram indefini\u00e7\u00e3o nestes munic\u00edpios em rela\u00e7\u00e3o \u00e0 posse.\",\"breadcrumb\":{\"@id\":\"https:\/\/comunicacaoeleitoral.ufpr.br\/index.php\/2016\/12\/20\/prisoes-de-tres-prefeitos-eleitos-levam-incerteza-a-municipios-paulistas\/#breadcrumb\"},\"inLanguage\":\"pt-BR\",\"potentialAction\":[{\"@type\":\"ReadAction\",\"target\":[\"https:\/\/comunicacaoeleitoral.ufpr.br\/index.php\/2016\/12\/20\/prisoes-de-tres-prefeitos-eleitos-levam-incerteza-a-municipios-paulistas\/\"]}]},{\"@type\":\"ImageObject\",\"inLanguage\":\"pt-BR\",\"@id\":\"https:\/\/comunicacaoeleitoral.ufpr.br\/index.php\/2016\/12\/20\/prisoes-de-tres-prefeitos-eleitos-levam-incerteza-a-municipios-paulistas\/#primaryimage\",\"url\":\"https:\/\/comunicacaoeleitoral.ufpr.br\/wp-content\/uploads\/2016\/12\/Fat-tony-bribes-the-mayor.png\",\"contentUrl\":\"https:\/\/comunicacaoeleitoral.ufpr.br\/wp-content\/uploads\/2016\/12\/Fat-tony-bribes-the-mayor.png\",\"width\":1024,\"height\":768},{\"@type\":\"BreadcrumbList\",\"@id\":\"https:\/\/comunicacaoeleitoral.ufpr.br\/index.php\/2016\/12\/20\/prisoes-de-tres-prefeitos-eleitos-levam-incerteza-a-municipios-paulistas\/#breadcrumb\",\"itemListElement\":[{\"@type\":\"ListItem\",\"position\":1,\"name\":\"In\u00edcio\",\"item\":\"https:\/\/comunicacaoeleitoral.ufpr.br\/\"},{\"@type\":\"ListItem\",\"position\":2,\"name\":\"Pris\u00f5es de tr\u00eas prefeitos eleitos levam incerteza a munic\u00edpios paulistas\"}]},{\"@type\":\"WebSite\",\"@id\":\"https:\/\/comunicacaoeleitoral.ufpr.br\/#website\",\"url\":\"https:\/\/comunicacaoeleitoral.ufpr.br\/\",\"name\":\"Comunica\u00e7\u00e3o Eleitoral\",\"description\":\"Grupo de pesquisa ligado \u00e0 linha de Comunica\u00e7\u00e3o e Pol\u00edtica do Programa de P\u00f3s-gradua\u00e7\u00e3o em Comunica\u00e7\u00e3o da Universidade Federal do Paran\u00e1.\",\"publisher\":{\"@id\":\"https:\/\/comunicacaoeleitoral.ufpr.br\/#organization\"},\"potentialAction\":[{\"@type\":\"SearchAction\",\"target\":{\"@type\":\"EntryPoint\",\"urlTemplate\":\"https:\/\/comunicacaoeleitoral.ufpr.br\/?s={search_term_string}\"},\"query-input\":\"required name=search_term_string\"}],\"inLanguage\":\"pt-BR\"},{\"@type\":\"Organization\",\"@id\":\"https:\/\/comunicacaoeleitoral.ufpr.br\/#organization\",\"name\":\"Comunica\u00e7\u00e3o Eleitoral\",\"url\":\"https:\/\/comunicacaoeleitoral.ufpr.br\/\",\"logo\":{\"@type\":\"ImageObject\",\"inLanguage\":\"pt-BR\",\"@id\":\"https:\/\/comunicacaoeleitoral.ufpr.br\/#\/schema\/logo\/image\/\",\"url\":\"https:\/\/comunicacaoeleitoral.ufpr.br\/wp-content\/uploads\/2015\/05\/header2c_celtalks.png\",\"contentUrl\":\"https:\/\/comunicacaoeleitoral.ufpr.br\/wp-content\/uploads\/2015\/05\/header2c_celtalks.png\",\"width\":1800,\"height\":674,\"caption\":\"Comunica\u00e7\u00e3o Eleitoral\"},\"image\":{\"@id\":\"https:\/\/comunicacaoeleitoral.ufpr.br\/#\/schema\/logo\/image\/\"},\"sameAs\":[\"https:\/\/www.facebook.com\/Comunica\u00e7\u00e3o-Eleitoral-564214587069724\/\",\"https:\/\/www.instagram.com\/comunicacaoeleitoral\/\",\"https:\/\/www.youtube.com\/ocanalpanke\"]},{\"@type\":\"Person\",\"@id\":\"https:\/\/comunicacaoeleitoral.ufpr.br\/#\/schema\/person\/877ba45697f2179310c85ad2f43514af\",\"name\":\"Vivian Lemos\",\"image\":{\"@type\":\"ImageObject\",\"inLanguage\":\"pt-BR\",\"@id\":\"https:\/\/comunicacaoeleitoral.ufpr.br\/#\/schema\/person\/image\/\",\"url\":\"https:\/\/secure.gravatar.com\/avatar\/b2a4a041bee382da046e85d3060b128c?s=96&d=mm&r=g\",\"contentUrl\":\"https:\/\/secure.gravatar.com\/avatar\/b2a4a041bee382da046e85d3060b128c?s=96&d=mm&r=g\",\"caption\":\"Vivian Lemos\"},\"url\":\"https:\/\/comunicacaoeleitoral.ufpr.br\/index.php\/author\/vivian-lemos\/\"}]}<\/script>\n<!-- \/ Yoast SEO plugin. -->","yoast_head_json":{"title":"Pris\u00f5es de prefeitos levam incerteza a munic\u00edpios paulistas","description":"Pris\u00f5es decretadas contra os prefeitos eleitos de Osasco, Embu das Artes e Presidente Bernardes causaram indefini\u00e7\u00e3o nestes munic\u00edpios em rela\u00e7\u00e3o \u00e0 posse.","robots":{"index":"index","follow":"follow","max-snippet":"max-snippet:-1","max-image-preview":"max-image-preview:large","max-video-preview":"max-video-preview:-1"},"canonical":"https:\/\/comunicacaoeleitoral.ufpr.br\/index.php\/2016\/12\/20\/prisoes-de-tres-prefeitos-eleitos-levam-incerteza-a-municipios-paulistas\/","og_locale":"pt_BR","og_type":"article","og_title":"Pris\u00f5es de prefeitos levam incerteza a munic\u00edpios paulistas","og_description":"Pris\u00f5es decretadas contra os prefeitos eleitos de Osasco, Embu das Artes e Presidente Bernardes causaram indefini\u00e7\u00e3o nestes munic\u00edpios em rela\u00e7\u00e3o \u00e0 posse.","og_url":"https:\/\/comunicacaoeleitoral.ufpr.br\/index.php\/2016\/12\/20\/prisoes-de-tres-prefeitos-eleitos-levam-incerteza-a-municipios-paulistas\/","og_site_name":"Comunica\u00e7\u00e3o Eleitoral","article_publisher":"https:\/\/www.facebook.com\/Comunica%c3%a7%c3%a3o-Eleitoral-564214587069724\/","article_published_time":"2016-12-20T13:54:57+00:00","og_image":[{"url":"https:\/\/comunicacaoeleitoral.ufpr.br\/wp-content\/uploads\/2016\/12\/Fat-tony-bribes-the-mayor-300x225.png"}],"author":"Vivian Lemos","twitter_card":"summary_large_image","twitter_misc":{"Escrito por":"Vivian Lemos","Est. tempo de leitura":"2 minutos"},"schema":{"@context":"https:\/\/schema.org","@graph":[{"@type":"Article","@id":"https:\/\/comunicacaoeleitoral.ufpr.br\/index.php\/2016\/12\/20\/prisoes-de-tres-prefeitos-eleitos-levam-incerteza-a-municipios-paulistas\/#article","isPartOf":{"@id":"https:\/\/comunicacaoeleitoral.ufpr.br\/index.php\/2016\/12\/20\/prisoes-de-tres-prefeitos-eleitos-levam-incerteza-a-municipios-paulistas\/"},"author":{"name":"Vivian Lemos","@id":"https:\/\/comunicacaoeleitoral.ufpr.br\/#\/schema\/person\/877ba45697f2179310c85ad2f43514af"},"headline":"Pris\u00f5es de tr\u00eas prefeitos eleitos levam incerteza a munic\u00edpios paulistas","datePublished":"2016-12-20T13:54:57+00:00","dateModified":"2016-12-20T13:54:57+00:00","mainEntityOfPage":{"@id":"https:\/\/comunicacaoeleitoral.ufpr.br\/index.php\/2016\/12\/20\/prisoes-de-tres-prefeitos-eleitos-levam-incerteza-a-municipios-paulistas\/"},"wordCount":460,"publisher":{"@id":"https:\/\/comunicacaoeleitoral.ufpr.br\/#organization"},"image":{"@id":"https:\/\/comunicacaoeleitoral.ufpr.br\/index.php\/2016\/12\/20\/prisoes-de-tres-prefeitos-eleitos-levam-incerteza-a-municipios-paulistas\/#primaryimage"},"thumbnailUrl":"https:\/\/comunicacaoeleitoral.ufpr.br\/wp-content\/uploads\/2016\/12\/Fat-tony-bribes-the-mayor-300x225.png","keywords":["corrup\u00e7\u00e3o","embu das artes","osasco","prefeitos","presidente bernardes","s\u00e3o paulo","tre"],"articleSection":["Not\u00edcias","Pol\u00edtica em foco"],"inLanguage":"pt-BR"},{"@type":"WebPage","@id":"https:\/\/comunicacaoeleitoral.ufpr.br\/index.php\/2016\/12\/20\/prisoes-de-tres-prefeitos-eleitos-levam-incerteza-a-municipios-paulistas\/","url":"https:\/\/comunicacaoeleitoral.ufpr.br\/index.php\/2016\/12\/20\/prisoes-de-tres-prefeitos-eleitos-levam-incerteza-a-municipios-paulistas\/","name":"Pris\u00f5es de prefeitos levam incerteza a munic\u00edpios paulistas","isPartOf":{"@id":"https:\/\/comunicacaoeleitoral.ufpr.br\/#website"},"primaryImageOfPage":{"@id":"https:\/\/comunicacaoeleitoral.ufpr.br\/index.php\/2016\/12\/20\/prisoes-de-tres-prefeitos-eleitos-levam-incerteza-a-municipios-paulistas\/#primaryimage"},"image":{"@id":"https:\/\/comunicacaoeleitoral.ufpr.br\/index.php\/2016\/12\/20\/prisoes-de-tres-prefeitos-eleitos-levam-incerteza-a-municipios-paulistas\/#primaryimage"},"thumbnailUrl":"https:\/\/comunicacaoeleitoral.ufpr.br\/wp-content\/uploads\/2016\/12\/Fat-tony-bribes-the-mayor-300x225.png","datePublished":"2016-12-20T13:54:57+00:00","dateModified":"2016-12-20T13:54:57+00:00","description":"Pris\u00f5es decretadas contra os prefeitos eleitos de Osasco, Embu das Artes e Presidente Bernardes causaram indefini\u00e7\u00e3o nestes munic\u00edpios em rela\u00e7\u00e3o \u00e0 posse.","breadcrumb":{"@id":"https:\/\/comunicacaoeleitoral.ufpr.br\/index.php\/2016\/12\/20\/prisoes-de-tres-prefeitos-eleitos-levam-incerteza-a-municipios-paulistas\/#breadcrumb"},"inLanguage":"pt-BR","potentialAction":[{"@type":"ReadAction","target":["https:\/\/comunicacaoeleitoral.ufpr.br\/index.php\/2016\/12\/20\/prisoes-de-tres-prefeitos-eleitos-levam-incerteza-a-municipios-paulistas\/"]}]},{"@type":"ImageObject","inLanguage":"pt-BR","@id":"https:\/\/comunicacaoeleitoral.ufpr.br\/index.php\/2016\/12\/20\/prisoes-de-tres-prefeitos-eleitos-levam-incerteza-a-municipios-paulistas\/#primaryimage","url":"https:\/\/comunicacaoeleitoral.ufpr.br\/wp-content\/uploads\/2016\/12\/Fat-tony-bribes-the-mayor.png","contentUrl":"https:\/\/comunicacaoeleitoral.ufpr.br\/wp-content\/uploads\/2016\/12\/Fat-tony-bribes-the-mayor.png","width":1024,"height":768},{"@type":"BreadcrumbList","@id":"https:\/\/comunicacaoeleitoral.ufpr.br\/index.php\/2016\/12\/20\/prisoes-de-tres-prefeitos-eleitos-levam-incerteza-a-municipios-paulistas\/#breadcrumb","itemListElement":[{"@type":"ListItem","position":1,"name":"In\u00edcio","item":"https:\/\/comunicacaoeleitoral.ufpr.br\/"},{"@type":"ListItem","position":2,"name":"Pris\u00f5es de tr\u00eas prefeitos eleitos levam incerteza a munic\u00edpios paulistas"}]},{"@type":"WebSite","@id":"https:\/\/comunicacaoeleitoral.ufpr.br\/#website","url":"https:\/\/comunicacaoeleitoral.ufpr.br\/","name":"Comunica\u00e7\u00e3o Eleitoral","description":"Grupo de pesquisa ligado \u00e0 linha de Comunica\u00e7\u00e3o e Pol\u00edtica do Programa de P\u00f3s-gradua\u00e7\u00e3o em Comunica\u00e7\u00e3o da Universidade Federal do Paran\u00e1.","publisher":{"@id":"https:\/\/comunicacaoeleitoral.ufpr.br\/#organization"},"potentialAction":[{"@type":"SearchAction","target":{"@type":"EntryPoint","urlTemplate":"https:\/\/comunicacaoeleitoral.ufpr.br\/?s={search_term_string}"},"query-input":"required name=search_term_string"}],"inLanguage":"pt-BR"},{"@type":"Organization","@id":"https:\/\/comunicacaoeleitoral.ufpr.br\/#organization","name":"Comunica\u00e7\u00e3o Eleitoral","url":"https:\/\/comunicacaoeleitoral.ufpr.br\/","logo":{"@type":"ImageObject","inLanguage":"pt-BR","@id":"https:\/\/comunicacaoeleitoral.ufpr.br\/#\/schema\/logo\/image\/","url":"https:\/\/comunicacaoeleitoral.ufpr.br\/wp-content\/uploads\/2015\/05\/header2c_celtalks.png","contentUrl":"https:\/\/comunicacaoeleitoral.ufpr.br\/wp-content\/uploads\/2015\/05\/header2c_celtalks.png","width":1800,"height":674,"caption":"Comunica\u00e7\u00e3o Eleitoral"},"image":{"@id":"https:\/\/comunicacaoeleitoral.ufpr.br\/#\/schema\/logo\/image\/"},"sameAs":["https:\/\/www.facebook.com\/Comunica\u00e7\u00e3o-Eleitoral-564214587069724\/","https:\/\/www.instagram.com\/comunicacaoeleitoral\/","https:\/\/www.youtube.com\/ocanalpanke"]},{"@type":"Person","@id":"https:\/\/comunicacaoeleitoral.ufpr.br\/#\/schema\/person\/877ba45697f2179310c85ad2f43514af","name":"Vivian Lemos","image":{"@type":"ImageObject","inLanguage":"pt-BR","@id":"https:\/\/comunicacaoeleitoral.ufpr.br\/#\/schema\/person\/image\/","url":"https:\/\/secure.gravatar.com\/avatar\/b2a4a041bee382da046e85d3060b128c?s=96&d=mm&r=g","contentUrl":"https:\/\/secure.gravatar.com\/avatar\/b2a4a041bee382da046e85d3060b128c?s=96&d=mm&r=g","caption":"Vivian Lemos"},"url":"https:\/\/comunicacaoeleitoral.ufpr.br\/index.php\/author\/vivian-lemos\/"}]}},"_links":{"self":[{"href":"https:\/\/comunicacaoeleitoral.ufpr.br\/index.php\/wp-json\/wp\/v2\/posts\/1827"}],"collection":[{"href":"https:\/\/comunicacaoeleitoral.ufpr.br\/index.php\/wp-json\/wp\/v2\/posts"}],"about":[{"href":"https:\/\/comunicacaoeleitoral.ufpr.br\/index.php\/wp-json\/wp\/v2\/types\/post"}],"author":[{"embeddable":true,"href":"https:\/\/comunicacaoeleitoral.ufpr.br\/index.php\/wp-json\/wp\/v2\/users\/28"}],"replies":[{"embeddable":true,"href":"https:\/\/comunicacaoeleitoral.ufpr.br\/index.php\/wp-json\/wp\/v2\/comments?post=1827"}],"version-history":[{"count":1,"href":"https:\/\/comunicacaoeleitoral.ufpr.br\/index.php\/wp-json\/wp\/v2\/posts\/1827\/revisions"}],"predecessor-version":[{"id":1830,"href":"https:\/\/comunicacaoeleitoral.ufpr.br\/index.php\/wp-json\/wp\/v2\/posts\/1827\/revisions\/1830"}],"wp:attachment":[{"href":"https:\/\/comunicacaoeleitoral.ufpr.br\/index.php\/wp-json\/wp\/v2\/media?parent=1827"}],"wp:term":[{"taxonomy":"category","embeddable":true,"href":"https:\/\/comunicacaoeleitoral.ufpr.br\/index.php\/wp-json\/wp\/v2\/categories?post=1827"},{"taxonomy":"post_tag","embeddable":true,"href":"https:\/\/comunicacaoeleitoral.ufpr.br\/index.php\/wp-json\/wp\/v2\/tags?post=1827"}],"curies":[{"name":"wp","href":"https:\/\/api.w.org\/{rel}","templated":true}]}}