{"id":1801,"date":"2016-12-10T13:53:24","date_gmt":"2016-12-10T13:53:24","guid":{"rendered":"https:\/\/comunicacaoeleitoral.ufpr.br\/?p=1801"},"modified":"2017-04-25T12:52:28","modified_gmt":"2017-04-25T12:52:28","slug":"seminario-propoe-pauta-de-interesse-das-mulheres-ao-congresso-nacional-em-2017","status":"publish","type":"post","link":"https:\/\/comunicacaoeleitoral.ufpr.br\/index.php\/2016\/12\/10\/seminario-propoe-pauta-de-interesse-das-mulheres-ao-congresso-nacional-em-2017\/","title":{"rendered":"Semin\u00e1rio prop\u00f5e pauta de interesse das mulheres ao Congresso Nacional em 2017"},"content":{"rendered":"<p style=\"text-align: justify;\"><a href=\"https:\/\/comunicacaoeleitoral.ufpr.br\/wp-content\/uploads\/2016\/12\/mulheres_poder.png\"><img loading=\"lazy\" decoding=\"async\" class=\"alignnone size-medium wp-image-1802\" src=\"https:\/\/comunicacaoeleitoral.ufpr.br\/wp-content\/uploads\/2016\/12\/mulheres_poder-300x115.png\" alt=\"mulheres_poder\" width=\"300\" height=\"115\" srcset=\"https:\/\/comunicacaoeleitoral.ufpr.br\/wp-content\/uploads\/2016\/12\/mulheres_poder-300x115.png 300w, https:\/\/comunicacaoeleitoral.ufpr.br\/wp-content\/uploads\/2016\/12\/mulheres_poder.png 1000w\" sizes=\"(max-width: 300px) 100vw, 300px\" \/><\/a><\/p>\n<p style=\"text-align: justify;\">O combate \u00e0 viol\u00eancia e a elabora\u00e7\u00e3o de uma proposta de agenda de interesse das mulheres ao Congresso Nacional estar\u00e3o em debate no semin\u00e1rio Mulheres no Poder: Di\u00e1logos sobre Empoderamento Pol\u00edtico, Econ\u00f4mico e Social e Enfrentamento \u00e0 Viol\u00eancia, que ser\u00e1 realizado de 13 a 15 de dezembro em Bras\u00edlia. Organizado pela Procuradoria Especial da Mulher do Senado Federal, em parceria com o Banco Mundial e a ONU Mulheres, o encontro reunir\u00e1 legisladoras, legisladores, representantes dos setores p\u00fablico e privado, entidades do movimento organizado de mulheres e organismos internacionais.<\/p>\n<p style=\"text-align: justify;\">De acordo com a senadora Vanessa Grazziotin (PCdoB-AM), procuradora especial da mulher do Senado, a inten\u00e7\u00e3o da bancada feminina \u00e9 divulgar iniciativas legislativas em an\u00e1lise no Congresso e colher propostas dos movimentos organizados de mulheres para fortalecer a a\u00e7\u00e3o da bancada. \u201cQueremos encerrar 2016 com sugest\u00f5es ao Parlamento brasileiro de compromisso pela manuten\u00e7\u00e3o e aumento dos direitos das mulheres em 2017\u201d, explica a procuradora.<\/p>\n<p style=\"text-align: justify;\">\u201cPrecisamos fazer avan\u00e7ar a agenda de direitos das mulheres brasileiras, na sua diversidade, garantindo o aumento da participa\u00e7\u00e3o pol\u00edtica delas nas tomadas de decis\u00e3o, enfrentar as desigualdades de g\u00eanero e ra\u00e7a que se acentuam nas crises econ\u00f4micas e incentivar mais compromisso das autoridades e institui\u00e7\u00f5es com as pol\u00edticas para as mulheres e or\u00e7amento para as pol\u00edticas p\u00fablicas\u201d, afirma Nadine Gasman, representante da ONU Mulheres Brasil.<\/p>\n<p style=\"text-align: justify;\">Segundo Martin Raiser, diretor do Banco Mundial no Brasil, \u201ca legisla\u00e7\u00e3o brasileira em defesa dos direitos das mulheres e da igualdade entre os g\u00eaneros est\u00e1 entre as mais avan\u00e7adas do mundo, mas muito ainda precisa ser feito para fazer valer a lei, a come\u00e7ar por uma maior participa\u00e7\u00e3o de mulheres nos parlamentos, onde as brasileiras ainda possuem baixa representa\u00e7\u00e3o quando comparadas a outros pa\u00edses da Am\u00e9rica Latina\u201d. Para Raiser, \u201ca igualdade de g\u00eanero, enquanto direito humano e pol\u00edtica de desenvolvimento sustent\u00e1vel, \u00e9 compromisso do Banco Mundial, que tem apoiado a Procuradoria Especial da Mulher do Senado Federal e da C\u00e2mara dos Deputados em seus esfor\u00e7os para promover uma legisla\u00e7\u00e3o que leve em conta as quest\u00f5es de g\u00eanero e o seu monitoramento\u201d.<\/p>\n<p style=\"text-align: justify;\">O encontro ser\u00e1 dividido em quatro pain\u00e9is tem\u00e1ticos onde ser\u00e3o discutidos indicadores de viol\u00eancia contra a mulher, por meio de experi\u00eancias nacionais e internacionais de Observat\u00f3rios de Monitoramento da Viol\u00eancia de G\u00eanero; a presen\u00e7a das mulheres no universo pol\u00edtico; o empoderamento feminino no setor privado; e a pauta de reivindica\u00e7\u00f5es do movimento organizado de mulheres e entidades do terceiro setor.<\/p>\n<p style=\"text-align: justify;\">Uma palestra sobre or\u00e7amentos sens\u00edveis a g\u00eanero, na qual ser\u00e3o conhecidas iniciativas referentes \u00e0 dota\u00e7\u00e3o eficiente de recursos p\u00fablicos e transpar\u00eancia na presta\u00e7\u00e3o de contas em favor da equidade g\u00eanero, encerrar\u00e1 o evento.<\/p>\n<p style=\"text-align: justify;\">Todas as mesas contar\u00e3o com a presen\u00e7a de parlamentares, mediadoras(es) e relatoras(es), que dever\u00e3o sistematizar a discuss\u00e3o de cada painel e produzir o documento final, a ser apresentado \u00e0s lideran\u00e7as do Congresso Nacional em favor da promo\u00e7\u00e3o do empoderamento feminino em todos os setores da sociedade.<\/p>\n<p style=\"text-align: justify;\">Solenidade de abertura \u2013 O semin\u00e1rio ter\u00e1 in\u00edcio no dia 13 de dezembro (ter\u00e7a-feira), \u00e0s 19h, no Museu da Rep\u00fablica.<\/p>\n<p style=\"text-align: justify;\">Na oportunidade, entidades e \u00f3rg\u00e3os promotores, autoridades e lideran\u00e7as dar\u00e3o boas-vindas \u00e0s delega\u00e7\u00f5es. A abertura do evento tamb\u00e9m ser\u00e1 palco para o lan\u00e7amento de quatro livros de mulheres estudiosas do tema de igualdade de g\u00eanero e empoderamento feminino.<\/p>\n<p style=\"text-align: justify;\">Ap\u00f3s o ato, ocorrer\u00e1 a premia\u00e7\u00e3o do concurso de v\u00eddeos por celular \u201cUm minuto contra a viol\u00eancia\u201d, promovido pela Comiss\u00e3o Permanente Mista da Combate \u00e0 Viol\u00eancia contra a Mulher. A cermim\u00f4nia ser\u00e1 encerrada com uma apresenta\u00e7\u00e3o cultural para celebra\u00e7\u00e3o e congra\u00e7amento entre participantes.<\/p>\n<p style=\"text-align: justify;\">Os trabalhos dos pain\u00e9is ocorrer\u00e3o nos dias 14 e 15 de dezembro no Audit\u00f3rio Petr\u00f4nio Portella do Senado Federal, nos per\u00edodos da manh\u00e3 e da tarde.<\/p>\n<p style=\"text-align: justify;\">A programa\u00e7\u00e3o completa pode ser acessada na p\u00e1gina do Semin\u00e1rio: www.seminariomulheresnopoder.com.br<\/p>\n","protected":false},"excerpt":{"rendered":"<p>O combate \u00e0 viol\u00eancia e a elabora\u00e7\u00e3o de uma proposta de agenda de interesse das mulheres ao Congresso Nacional estar\u00e3o em debate no semin\u00e1rio Mulheres no Poder: Di\u00e1logos sobre Empoderamento Pol\u00edtico, Econ\u00f4mico e Social e Enfrentamento \u00e0 Viol\u00eancia, que ser\u00e1 realizado de 13 a 15 de dezembro em Bras\u00edlia. Organizado pela Procuradoria Especial da Mulher [&hellip;]<\/p>\n","protected":false},"author":29,"featured_media":0,"comment_status":"closed","ping_status":"closed","sticky":false,"template":"","format":"standard","meta":{"_monsterinsights_skip_tracking":false,"_monsterinsights_sitenote_active":false,"_monsterinsights_sitenote_note":"","_monsterinsights_sitenote_category":0,"footnotes":""},"categories":[6],"tags":[],"yoast_head":"<!-- This site is optimized with the Yoast SEO plugin v22.2 - https:\/\/yoast.com\/wordpress\/plugins\/seo\/ -->\n<title>Semin\u00e1rio prop\u00f5e pauta de interesse das mulheres ao Congresso Nacional em 2017 - Comunica\u00e7\u00e3o Eleitoral<\/title>\n<meta name=\"description\" content=\"Grupo de pesquisa ligado \u00e0 linha de Comunica\u00e7\u00e3o, Pol\u00edtica e Atores Coletivos do Programa de P\u00f3s-gradua\u00e7\u00e3o em Comunica\u00e7\u00e3o da Universidade Federal do Paran\u00e1 (UFPR)\" \/>\n<meta name=\"robots\" content=\"index, follow, max-snippet:-1, max-image-preview:large, max-video-preview:-1\" \/>\n<link rel=\"canonical\" href=\"https:\/\/comunicacaoeleitoral.ufpr.br\/index.php\/2016\/12\/10\/seminario-propoe-pauta-de-interesse-das-mulheres-ao-congresso-nacional-em-2017\/\" \/>\n<meta property=\"og:locale\" content=\"pt_BR\" \/>\n<meta property=\"og:type\" content=\"article\" \/>\n<meta property=\"og:title\" content=\"Semin\u00e1rio prop\u00f5e pauta de interesse das mulheres ao Congresso Nacional em 2017 - Comunica\u00e7\u00e3o Eleitoral\" \/>\n<meta property=\"og:description\" content=\"Grupo de pesquisa ligado \u00e0 linha de Comunica\u00e7\u00e3o, Pol\u00edtica e Atores Coletivos do Programa de P\u00f3s-gradua\u00e7\u00e3o em Comunica\u00e7\u00e3o da Universidade Federal do Paran\u00e1 (UFPR)\" \/>\n<meta property=\"og:url\" content=\"https:\/\/comunicacaoeleitoral.ufpr.br\/index.php\/2016\/12\/10\/seminario-propoe-pauta-de-interesse-das-mulheres-ao-congresso-nacional-em-2017\/\" \/>\n<meta property=\"og:site_name\" content=\"Comunica\u00e7\u00e3o Eleitoral\" \/>\n<meta property=\"article:publisher\" content=\"https:\/\/www.facebook.com\/Comunica%c3%a7%c3%a3o-Eleitoral-564214587069724\/\" \/>\n<meta property=\"article:published_time\" content=\"2016-12-10T13:53:24+00:00\" \/>\n<meta property=\"article:modified_time\" content=\"2017-04-25T12:52:28+00:00\" \/>\n<meta property=\"og:image\" content=\"https:\/\/comunicacaoeleitoral.ufpr.br\/wp-content\/uploads\/2016\/12\/mulheres_poder-300x115.png\" \/>\n<meta name=\"author\" content=\"CEL UFPR\" \/>\n<meta name=\"twitter:card\" content=\"summary_large_image\" \/>\n<meta name=\"twitter:label1\" content=\"Escrito por\" \/>\n\t<meta name=\"twitter:data1\" content=\"CEL UFPR\" \/>\n\t<meta name=\"twitter:label2\" content=\"Est. tempo de leitura\" \/>\n\t<meta name=\"twitter:data2\" content=\"4 minutos\" \/>\n<script type=\"application\/ld+json\" class=\"yoast-schema-graph\">{\"@context\":\"https:\/\/schema.org\",\"@graph\":[{\"@type\":\"Article\",\"@id\":\"https:\/\/comunicacaoeleitoral.ufpr.br\/index.php\/2016\/12\/10\/seminario-propoe-pauta-de-interesse-das-mulheres-ao-congresso-nacional-em-2017\/#article\",\"isPartOf\":{\"@id\":\"https:\/\/comunicacaoeleitoral.ufpr.br\/index.php\/2016\/12\/10\/seminario-propoe-pauta-de-interesse-das-mulheres-ao-congresso-nacional-em-2017\/\"},\"author\":{\"name\":\"CEL UFPR\",\"@id\":\"https:\/\/comunicacaoeleitoral.ufpr.br\/#\/schema\/person\/1f1b0fa714b592dcfee89e9824953d93\"},\"headline\":\"Semin\u00e1rio prop\u00f5e pauta de interesse das mulheres ao Congresso Nacional em 2017\",\"datePublished\":\"2016-12-10T13:53:24+00:00\",\"dateModified\":\"2017-04-25T12:52:28+00:00\",\"mainEntityOfPage\":{\"@id\":\"https:\/\/comunicacaoeleitoral.ufpr.br\/index.php\/2016\/12\/10\/seminario-propoe-pauta-de-interesse-das-mulheres-ao-congresso-nacional-em-2017\/\"},\"wordCount\":717,\"publisher\":{\"@id\":\"https:\/\/comunicacaoeleitoral.ufpr.br\/#organization\"},\"image\":{\"@id\":\"https:\/\/comunicacaoeleitoral.ufpr.br\/index.php\/2016\/12\/10\/seminario-propoe-pauta-de-interesse-das-mulheres-ao-congresso-nacional-em-2017\/#primaryimage\"},\"thumbnailUrl\":\"https:\/\/comunicacaoeleitoral.ufpr.br\/wp-content\/uploads\/2016\/12\/mulheres_poder-300x115.png\",\"articleSection\":[\"Eventos\"],\"inLanguage\":\"pt-BR\"},{\"@type\":\"WebPage\",\"@id\":\"https:\/\/comunicacaoeleitoral.ufpr.br\/index.php\/2016\/12\/10\/seminario-propoe-pauta-de-interesse-das-mulheres-ao-congresso-nacional-em-2017\/\",\"url\":\"https:\/\/comunicacaoeleitoral.ufpr.br\/index.php\/2016\/12\/10\/seminario-propoe-pauta-de-interesse-das-mulheres-ao-congresso-nacional-em-2017\/\",\"name\":\"Semin\u00e1rio prop\u00f5e pauta de interesse das mulheres ao Congresso Nacional em 2017 - Comunica\u00e7\u00e3o Eleitoral\",\"isPartOf\":{\"@id\":\"https:\/\/comunicacaoeleitoral.ufpr.br\/#website\"},\"primaryImageOfPage\":{\"@id\":\"https:\/\/comunicacaoeleitoral.ufpr.br\/index.php\/2016\/12\/10\/seminario-propoe-pauta-de-interesse-das-mulheres-ao-congresso-nacional-em-2017\/#primaryimage\"},\"image\":{\"@id\":\"https:\/\/comunicacaoeleitoral.ufpr.br\/index.php\/2016\/12\/10\/seminario-propoe-pauta-de-interesse-das-mulheres-ao-congresso-nacional-em-2017\/#primaryimage\"},\"thumbnailUrl\":\"https:\/\/comunicacaoeleitoral.ufpr.br\/wp-content\/uploads\/2016\/12\/mulheres_poder-300x115.png\",\"datePublished\":\"2016-12-10T13:53:24+00:00\",\"dateModified\":\"2017-04-25T12:52:28+00:00\",\"description\":\"Grupo de pesquisa ligado \u00e0 linha de Comunica\u00e7\u00e3o, Pol\u00edtica e Atores Coletivos do Programa de P\u00f3s-gradua\u00e7\u00e3o em Comunica\u00e7\u00e3o da Universidade Federal do Paran\u00e1 (UFPR)\",\"breadcrumb\":{\"@id\":\"https:\/\/comunicacaoeleitoral.ufpr.br\/index.php\/2016\/12\/10\/seminario-propoe-pauta-de-interesse-das-mulheres-ao-congresso-nacional-em-2017\/#breadcrumb\"},\"inLanguage\":\"pt-BR\",\"potentialAction\":[{\"@type\":\"ReadAction\",\"target\":[\"https:\/\/comunicacaoeleitoral.ufpr.br\/index.php\/2016\/12\/10\/seminario-propoe-pauta-de-interesse-das-mulheres-ao-congresso-nacional-em-2017\/\"]}]},{\"@type\":\"ImageObject\",\"inLanguage\":\"pt-BR\",\"@id\":\"https:\/\/comunicacaoeleitoral.ufpr.br\/index.php\/2016\/12\/10\/seminario-propoe-pauta-de-interesse-das-mulheres-ao-congresso-nacional-em-2017\/#primaryimage\",\"url\":\"https:\/\/comunicacaoeleitoral.ufpr.br\/wp-content\/uploads\/2016\/12\/mulheres_poder.png\",\"contentUrl\":\"https:\/\/comunicacaoeleitoral.ufpr.br\/wp-content\/uploads\/2016\/12\/mulheres_poder.png\",\"width\":1000,\"height\":383},{\"@type\":\"BreadcrumbList\",\"@id\":\"https:\/\/comunicacaoeleitoral.ufpr.br\/index.php\/2016\/12\/10\/seminario-propoe-pauta-de-interesse-das-mulheres-ao-congresso-nacional-em-2017\/#breadcrumb\",\"itemListElement\":[{\"@type\":\"ListItem\",\"position\":1,\"name\":\"In\u00edcio\",\"item\":\"https:\/\/comunicacaoeleitoral.ufpr.br\/\"},{\"@type\":\"ListItem\",\"position\":2,\"name\":\"Semin\u00e1rio prop\u00f5e pauta de interesse das mulheres ao Congresso Nacional em 2017\"}]},{\"@type\":\"WebSite\",\"@id\":\"https:\/\/comunicacaoeleitoral.ufpr.br\/#website\",\"url\":\"https:\/\/comunicacaoeleitoral.ufpr.br\/\",\"name\":\"Comunica\u00e7\u00e3o Eleitoral\",\"description\":\"Grupo de pesquisa ligado \u00e0 linha de Comunica\u00e7\u00e3o e Pol\u00edtica do Programa de P\u00f3s-gradua\u00e7\u00e3o em Comunica\u00e7\u00e3o da Universidade Federal do Paran\u00e1.\",\"publisher\":{\"@id\":\"https:\/\/comunicacaoeleitoral.ufpr.br\/#organization\"},\"potentialAction\":[{\"@type\":\"SearchAction\",\"target\":{\"@type\":\"EntryPoint\",\"urlTemplate\":\"https:\/\/comunicacaoeleitoral.ufpr.br\/?s={search_term_string}\"},\"query-input\":\"required name=search_term_string\"}],\"inLanguage\":\"pt-BR\"},{\"@type\":\"Organization\",\"@id\":\"https:\/\/comunicacaoeleitoral.ufpr.br\/#organization\",\"name\":\"Comunica\u00e7\u00e3o Eleitoral\",\"url\":\"https:\/\/comunicacaoeleitoral.ufpr.br\/\",\"logo\":{\"@type\":\"ImageObject\",\"inLanguage\":\"pt-BR\",\"@id\":\"https:\/\/comunicacaoeleitoral.ufpr.br\/#\/schema\/logo\/image\/\",\"url\":\"https:\/\/comunicacaoeleitoral.ufpr.br\/wp-content\/uploads\/2015\/05\/header2c_celtalks.png\",\"contentUrl\":\"https:\/\/comunicacaoeleitoral.ufpr.br\/wp-content\/uploads\/2015\/05\/header2c_celtalks.png\",\"width\":1800,\"height\":674,\"caption\":\"Comunica\u00e7\u00e3o Eleitoral\"},\"image\":{\"@id\":\"https:\/\/comunicacaoeleitoral.ufpr.br\/#\/schema\/logo\/image\/\"},\"sameAs\":[\"https:\/\/www.facebook.com\/Comunica\u00e7\u00e3o-Eleitoral-564214587069724\/\",\"https:\/\/www.instagram.com\/comunicacaoeleitoral\/\",\"https:\/\/www.youtube.com\/ocanalpanke\"]},{\"@type\":\"Person\",\"@id\":\"https:\/\/comunicacaoeleitoral.ufpr.br\/#\/schema\/person\/1f1b0fa714b592dcfee89e9824953d93\",\"name\":\"CEL UFPR\",\"image\":{\"@type\":\"ImageObject\",\"inLanguage\":\"pt-BR\",\"@id\":\"https:\/\/comunicacaoeleitoral.ufpr.br\/#\/schema\/person\/image\/\",\"url\":\"https:\/\/secure.gravatar.com\/avatar\/e73476db3cc561f956c8814cbc15a40e?s=96&d=mm&r=g\",\"contentUrl\":\"https:\/\/secure.gravatar.com\/avatar\/e73476db3cc561f956c8814cbc15a40e?s=96&d=mm&r=g\",\"caption\":\"CEL UFPR\"},\"url\":\"https:\/\/comunicacaoeleitoral.ufpr.br\/index.php\/author\/cel-ufpr\/\"}]}<\/script>\n<!-- \/ Yoast SEO plugin. -->","yoast_head_json":{"title":"Semin\u00e1rio prop\u00f5e pauta de interesse das mulheres ao Congresso Nacional em 2017 - Comunica\u00e7\u00e3o Eleitoral","description":"Grupo de pesquisa ligado \u00e0 linha de Comunica\u00e7\u00e3o, Pol\u00edtica e Atores Coletivos do Programa de P\u00f3s-gradua\u00e7\u00e3o em Comunica\u00e7\u00e3o da Universidade Federal do Paran\u00e1 (UFPR)","robots":{"index":"index","follow":"follow","max-snippet":"max-snippet:-1","max-image-preview":"max-image-preview:large","max-video-preview":"max-video-preview:-1"},"canonical":"https:\/\/comunicacaoeleitoral.ufpr.br\/index.php\/2016\/12\/10\/seminario-propoe-pauta-de-interesse-das-mulheres-ao-congresso-nacional-em-2017\/","og_locale":"pt_BR","og_type":"article","og_title":"Semin\u00e1rio prop\u00f5e pauta de interesse das mulheres ao Congresso Nacional em 2017 - Comunica\u00e7\u00e3o Eleitoral","og_description":"Grupo de pesquisa ligado \u00e0 linha de Comunica\u00e7\u00e3o, Pol\u00edtica e Atores Coletivos do Programa de P\u00f3s-gradua\u00e7\u00e3o em Comunica\u00e7\u00e3o da Universidade Federal do Paran\u00e1 (UFPR)","og_url":"https:\/\/comunicacaoeleitoral.ufpr.br\/index.php\/2016\/12\/10\/seminario-propoe-pauta-de-interesse-das-mulheres-ao-congresso-nacional-em-2017\/","og_site_name":"Comunica\u00e7\u00e3o Eleitoral","article_publisher":"https:\/\/www.facebook.com\/Comunica%c3%a7%c3%a3o-Eleitoral-564214587069724\/","article_published_time":"2016-12-10T13:53:24+00:00","article_modified_time":"2017-04-25T12:52:28+00:00","og_image":[{"url":"https:\/\/comunicacaoeleitoral.ufpr.br\/wp-content\/uploads\/2016\/12\/mulheres_poder-300x115.png"}],"author":"CEL UFPR","twitter_card":"summary_large_image","twitter_misc":{"Escrito por":"CEL UFPR","Est. tempo de leitura":"4 minutos"},"schema":{"@context":"https:\/\/schema.org","@graph":[{"@type":"Article","@id":"https:\/\/comunicacaoeleitoral.ufpr.br\/index.php\/2016\/12\/10\/seminario-propoe-pauta-de-interesse-das-mulheres-ao-congresso-nacional-em-2017\/#article","isPartOf":{"@id":"https:\/\/comunicacaoeleitoral.ufpr.br\/index.php\/2016\/12\/10\/seminario-propoe-pauta-de-interesse-das-mulheres-ao-congresso-nacional-em-2017\/"},"author":{"name":"CEL UFPR","@id":"https:\/\/comunicacaoeleitoral.ufpr.br\/#\/schema\/person\/1f1b0fa714b592dcfee89e9824953d93"},"headline":"Semin\u00e1rio prop\u00f5e pauta de interesse das mulheres ao Congresso Nacional em 2017","datePublished":"2016-12-10T13:53:24+00:00","dateModified":"2017-04-25T12:52:28+00:00","mainEntityOfPage":{"@id":"https:\/\/comunicacaoeleitoral.ufpr.br\/index.php\/2016\/12\/10\/seminario-propoe-pauta-de-interesse-das-mulheres-ao-congresso-nacional-em-2017\/"},"wordCount":717,"publisher":{"@id":"https:\/\/comunicacaoeleitoral.ufpr.br\/#organization"},"image":{"@id":"https:\/\/comunicacaoeleitoral.ufpr.br\/index.php\/2016\/12\/10\/seminario-propoe-pauta-de-interesse-das-mulheres-ao-congresso-nacional-em-2017\/#primaryimage"},"thumbnailUrl":"https:\/\/comunicacaoeleitoral.ufpr.br\/wp-content\/uploads\/2016\/12\/mulheres_poder-300x115.png","articleSection":["Eventos"],"inLanguage":"pt-BR"},{"@type":"WebPage","@id":"https:\/\/comunicacaoeleitoral.ufpr.br\/index.php\/2016\/12\/10\/seminario-propoe-pauta-de-interesse-das-mulheres-ao-congresso-nacional-em-2017\/","url":"https:\/\/comunicacaoeleitoral.ufpr.br\/index.php\/2016\/12\/10\/seminario-propoe-pauta-de-interesse-das-mulheres-ao-congresso-nacional-em-2017\/","name":"Semin\u00e1rio prop\u00f5e pauta de interesse das mulheres ao Congresso Nacional em 2017 - Comunica\u00e7\u00e3o Eleitoral","isPartOf":{"@id":"https:\/\/comunicacaoeleitoral.ufpr.br\/#website"},"primaryImageOfPage":{"@id":"https:\/\/comunicacaoeleitoral.ufpr.br\/index.php\/2016\/12\/10\/seminario-propoe-pauta-de-interesse-das-mulheres-ao-congresso-nacional-em-2017\/#primaryimage"},"image":{"@id":"https:\/\/comunicacaoeleitoral.ufpr.br\/index.php\/2016\/12\/10\/seminario-propoe-pauta-de-interesse-das-mulheres-ao-congresso-nacional-em-2017\/#primaryimage"},"thumbnailUrl":"https:\/\/comunicacaoeleitoral.ufpr.br\/wp-content\/uploads\/2016\/12\/mulheres_poder-300x115.png","datePublished":"2016-12-10T13:53:24+00:00","dateModified":"2017-04-25T12:52:28+00:00","description":"Grupo de pesquisa ligado \u00e0 linha de Comunica\u00e7\u00e3o, Pol\u00edtica e Atores Coletivos do Programa de P\u00f3s-gradua\u00e7\u00e3o em Comunica\u00e7\u00e3o da Universidade Federal do Paran\u00e1 (UFPR)","breadcrumb":{"@id":"https:\/\/comunicacaoeleitoral.ufpr.br\/index.php\/2016\/12\/10\/seminario-propoe-pauta-de-interesse-das-mulheres-ao-congresso-nacional-em-2017\/#breadcrumb"},"inLanguage":"pt-BR","potentialAction":[{"@type":"ReadAction","target":["https:\/\/comunicacaoeleitoral.ufpr.br\/index.php\/2016\/12\/10\/seminario-propoe-pauta-de-interesse-das-mulheres-ao-congresso-nacional-em-2017\/"]}]},{"@type":"ImageObject","inLanguage":"pt-BR","@id":"https:\/\/comunicacaoeleitoral.ufpr.br\/index.php\/2016\/12\/10\/seminario-propoe-pauta-de-interesse-das-mulheres-ao-congresso-nacional-em-2017\/#primaryimage","url":"https:\/\/comunicacaoeleitoral.ufpr.br\/wp-content\/uploads\/2016\/12\/mulheres_poder.png","contentUrl":"https:\/\/comunicacaoeleitoral.ufpr.br\/wp-content\/uploads\/2016\/12\/mulheres_poder.png","width":1000,"height":383},{"@type":"BreadcrumbList","@id":"https:\/\/comunicacaoeleitoral.ufpr.br\/index.php\/2016\/12\/10\/seminario-propoe-pauta-de-interesse-das-mulheres-ao-congresso-nacional-em-2017\/#breadcrumb","itemListElement":[{"@type":"ListItem","position":1,"name":"In\u00edcio","item":"https:\/\/comunicacaoeleitoral.ufpr.br\/"},{"@type":"ListItem","position":2,"name":"Semin\u00e1rio prop\u00f5e pauta de interesse das mulheres ao Congresso Nacional em 2017"}]},{"@type":"WebSite","@id":"https:\/\/comunicacaoeleitoral.ufpr.br\/#website","url":"https:\/\/comunicacaoeleitoral.ufpr.br\/","name":"Comunica\u00e7\u00e3o Eleitoral","description":"Grupo de pesquisa ligado \u00e0 linha de Comunica\u00e7\u00e3o e Pol\u00edtica do Programa de P\u00f3s-gradua\u00e7\u00e3o em Comunica\u00e7\u00e3o da Universidade Federal do Paran\u00e1.","publisher":{"@id":"https:\/\/comunicacaoeleitoral.ufpr.br\/#organization"},"potentialAction":[{"@type":"SearchAction","target":{"@type":"EntryPoint","urlTemplate":"https:\/\/comunicacaoeleitoral.ufpr.br\/?s={search_term_string}"},"query-input":"required name=search_term_string"}],"inLanguage":"pt-BR"},{"@type":"Organization","@id":"https:\/\/comunicacaoeleitoral.ufpr.br\/#organization","name":"Comunica\u00e7\u00e3o Eleitoral","url":"https:\/\/comunicacaoeleitoral.ufpr.br\/","logo":{"@type":"ImageObject","inLanguage":"pt-BR","@id":"https:\/\/comunicacaoeleitoral.ufpr.br\/#\/schema\/logo\/image\/","url":"https:\/\/comunicacaoeleitoral.ufpr.br\/wp-content\/uploads\/2015\/05\/header2c_celtalks.png","contentUrl":"https:\/\/comunicacaoeleitoral.ufpr.br\/wp-content\/uploads\/2015\/05\/header2c_celtalks.png","width":1800,"height":674,"caption":"Comunica\u00e7\u00e3o Eleitoral"},"image":{"@id":"https:\/\/comunicacaoeleitoral.ufpr.br\/#\/schema\/logo\/image\/"},"sameAs":["https:\/\/www.facebook.com\/Comunica\u00e7\u00e3o-Eleitoral-564214587069724\/","https:\/\/www.instagram.com\/comunicacaoeleitoral\/","https:\/\/www.youtube.com\/ocanalpanke"]},{"@type":"Person","@id":"https:\/\/comunicacaoeleitoral.ufpr.br\/#\/schema\/person\/1f1b0fa714b592dcfee89e9824953d93","name":"CEL UFPR","image":{"@type":"ImageObject","inLanguage":"pt-BR","@id":"https:\/\/comunicacaoeleitoral.ufpr.br\/#\/schema\/person\/image\/","url":"https:\/\/secure.gravatar.com\/avatar\/e73476db3cc561f956c8814cbc15a40e?s=96&d=mm&r=g","contentUrl":"https:\/\/secure.gravatar.com\/avatar\/e73476db3cc561f956c8814cbc15a40e?s=96&d=mm&r=g","caption":"CEL UFPR"},"url":"https:\/\/comunicacaoeleitoral.ufpr.br\/index.php\/author\/cel-ufpr\/"}]}},"_links":{"self":[{"href":"https:\/\/comunicacaoeleitoral.ufpr.br\/index.php\/wp-json\/wp\/v2\/posts\/1801"}],"collection":[{"href":"https:\/\/comunicacaoeleitoral.ufpr.br\/index.php\/wp-json\/wp\/v2\/posts"}],"about":[{"href":"https:\/\/comunicacaoeleitoral.ufpr.br\/index.php\/wp-json\/wp\/v2\/types\/post"}],"author":[{"embeddable":true,"href":"https:\/\/comunicacaoeleitoral.ufpr.br\/index.php\/wp-json\/wp\/v2\/users\/29"}],"replies":[{"embeddable":true,"href":"https:\/\/comunicacaoeleitoral.ufpr.br\/index.php\/wp-json\/wp\/v2\/comments?post=1801"}],"version-history":[{"count":1,"href":"https:\/\/comunicacaoeleitoral.ufpr.br\/index.php\/wp-json\/wp\/v2\/posts\/1801\/revisions"}],"predecessor-version":[{"id":1803,"href":"https:\/\/comunicacaoeleitoral.ufpr.br\/index.php\/wp-json\/wp\/v2\/posts\/1801\/revisions\/1803"}],"wp:attachment":[{"href":"https:\/\/comunicacaoeleitoral.ufpr.br\/index.php\/wp-json\/wp\/v2\/media?parent=1801"}],"wp:term":[{"taxonomy":"category","embeddable":true,"href":"https:\/\/comunicacaoeleitoral.ufpr.br\/index.php\/wp-json\/wp\/v2\/categories?post=1801"},{"taxonomy":"post_tag","embeddable":true,"href":"https:\/\/comunicacaoeleitoral.ufpr.br\/index.php\/wp-json\/wp\/v2\/tags?post=1801"}],"curies":[{"name":"wp","href":"https:\/\/api.w.org\/{rel}","templated":true}]}}