{"id":1797,"date":"2016-12-08T22:55:26","date_gmt":"2016-12-08T22:55:26","guid":{"rendered":"https:\/\/comunicacaoeleitoral.ufpr.br\/?p=1797"},"modified":"2016-12-08T22:55:52","modified_gmt":"2016-12-08T22:55:52","slug":"setor-privado-tem-papel-essencial-no-combate-as-desigualdades-de-genero-diz-onu-mulheres-no-brasil","status":"publish","type":"post","link":"https:\/\/comunicacaoeleitoral.ufpr.br\/index.php\/2016\/12\/08\/setor-privado-tem-papel-essencial-no-combate-as-desigualdades-de-genero-diz-onu-mulheres-no-brasil\/","title":{"rendered":"Setor privado tem papel essencial no combate \u00e0s desigualdades de g\u00eanero, diz ONU Mulheres no Brasil"},"content":{"rendered":"<p style=\"text-align: justify;\">O setor privado tem papel essencial no combate \u00e0s desigualdades entre homens e mulheres na sociedade e na consolida\u00e7\u00e3o de pol\u00edticas voltadas para a diversidade de g\u00eanero, afirmou a representante da ONU Mulheres no Brasil, Nadine Gasman, durante v\u00eddeo-palestra da Plataforma Lideran\u00e7a Sustent\u00e1vel, criada para educar jovens l\u00edderes para o tema da sustentabilidade.<\/p>\n<p style=\"text-align: justify;\">O setor privado tem papel essencial no combate \u00e0s desigualdades entre homens e mulheres na sociedade e na consolida\u00e7\u00e3o de pol\u00edticas voltadas para a diversidade de g\u00eanero, afirmou a representante da ONU Mulheres no Brasil, Nadine Gasman, durante v\u00eddeo-palestra da Plataforma Lideran\u00e7a Sustent\u00e1vel, criada pela consultoria Ideia Sustent\u00e1vel com o objetivo de <a href=\"http:\/\/www.onumulheres.org.br\/noticias\/esforcos-por-um-planeta-diverso-e-igualitario-por-nadine-gasman-representante-da-onu-mulheres\/\">educar jovens l\u00edderes para o tema da sustentabilidade<\/a>.<\/p>\n<p style=\"text-align: justify;\">\u201cOs empres\u00e1rios precisam entender como podem ser lideran\u00e7as que fa\u00e7am a diferen\u00e7a por um mundo mais diverso e igualit\u00e1rio\u201d, disse Nadine.<\/p>\n<p style=\"text-align: justify;\">O combate \u00e0 viol\u00eancia contra as mulheres tamb\u00e9m \u00e9 central na busca por uma sociedade mais igualit\u00e1ria, disse ela, lembrando que o Brasil est\u00e1 em quinto lugar em um ranking de 83 pa\u00edses com a maior incid\u00eancia de viol\u00eancia de g\u00eanero. O pa\u00eds tamb\u00e9m tem altos \u00edndices de assassinatos de negras e transexuais.<\/p>\n<p><a href=\"https:\/\/comunicacaoeleitoral.ufpr.br\/wp-content\/uploads\/2016\/12\/ge\u0302nero.jpeg\"><img loading=\"lazy\" decoding=\"async\" class=\"alignnone size-medium wp-image-1798\" src=\"https:\/\/comunicacaoeleitoral.ufpr.br\/wp-content\/uploads\/2016\/12\/ge\u0302nero-300x188.jpeg\" alt=\"ge\u0302nero\" width=\"300\" height=\"188\" srcset=\"https:\/\/comunicacaoeleitoral.ufpr.br\/wp-content\/uploads\/2016\/12\/ge\u0302nero-300x188.jpeg 300w, https:\/\/comunicacaoeleitoral.ufpr.br\/wp-content\/uploads\/2016\/12\/ge\u0302nero.jpeg 768w\" sizes=\"(max-width: 300px) 100vw, 300px\" \/><\/a><\/p>\n<p style=\"text-align: justify;\">Nivelar as condi\u00e7\u00f5es e oportunidades de uma sociedade t\u00e3o heterog\u00eanea n\u00e3o \u00e9 tarefa f\u00e1cil. Por isso, Nadine lembrou que se trata de trabalho para todos: \u201co esfor\u00e7o nos pr\u00f3ximos 15 anos para ter um planeta 50-50 e consolidar a igualdade de g\u00eanero, \u00e9 uma mudan\u00e7a que come\u00e7a com cada um de n\u00f3s, homens e mulheres, fazendo o que for necess\u00e1rio para mudar a situa\u00e7\u00e3o\u201d.<\/p>\n<p style=\"text-align: justify;\">Segundo ela, no Brasil, as mulheres ganham, em m\u00e9dia, 25% a menos do que os homens fazendo o mesmo trabalho. E uma mulher negra ganha 300% menos do que um homem branco. Portanto, \u00e9 um trabalho que precisa de engajamento e passa por uma educa\u00e7\u00e3o interna, familiar, social e, at\u00e9 mesmo, empresarial, afirmou.<\/p>\n<p style=\"text-align: justify;\">Fonte: ONU Mulheres<\/p>\n","protected":false},"excerpt":{"rendered":"<p>O setor privado tem papel essencial no combate \u00e0s desigualdades entre homens e mulheres na sociedade e na consolida\u00e7\u00e3o de pol\u00edticas voltadas para a diversidade de g\u00eanero, afirmou a representante da ONU Mulheres no Brasil, Nadine Gasman, durante v\u00eddeo-palestra da Plataforma Lideran\u00e7a Sustent\u00e1vel, criada para educar jovens l\u00edderes para o tema da sustentabilidade. O setor [&hellip;]<\/p>\n","protected":false},"author":29,"featured_media":1798,"comment_status":"closed","ping_status":"closed","sticky":false,"template":"","format":"standard","meta":{"_monsterinsights_skip_tracking":false,"_monsterinsights_sitenote_active":false,"_monsterinsights_sitenote_note":"","_monsterinsights_sitenote_category":0,"footnotes":""},"categories":[68,12],"tags":[9,16,347],"yoast_head":"<!-- This site is optimized with the Yoast SEO plugin v22.2 - https:\/\/yoast.com\/wordpress\/plugins\/seo\/ -->\n<title>Setor privado tem papel essencial no combate \u00e0s desigualdades de g\u00eanero, diz ONU Mulheres no Brasil - Comunica\u00e7\u00e3o Eleitoral<\/title>\n<meta name=\"description\" content=\"O setor privado deve combate \u00e0s desigualdades entre homens e mulheres na sociedade e na consolida\u00e7\u00e3o de pol\u00edticas voltadas para a diversidade de g\u00eanero\" \/>\n<meta name=\"robots\" content=\"index, follow, max-snippet:-1, max-image-preview:large, max-video-preview:-1\" \/>\n<link rel=\"canonical\" href=\"https:\/\/comunicacaoeleitoral.ufpr.br\/index.php\/2016\/12\/08\/setor-privado-tem-papel-essencial-no-combate-as-desigualdades-de-genero-diz-onu-mulheres-no-brasil\/\" \/>\n<meta property=\"og:locale\" content=\"pt_BR\" \/>\n<meta property=\"og:type\" content=\"article\" \/>\n<meta property=\"og:title\" content=\"Setor privado tem papel essencial no combate \u00e0s desigualdades de g\u00eanero, diz ONU Mulheres no Brasil\" \/>\n<meta property=\"og:description\" content=\"O setor privado deve combate \u00e0s desigualdades entre homens e mulheres na sociedade e na consolida\u00e7\u00e3o de pol\u00edticas voltadas para a diversidade de g\u00eanero\" \/>\n<meta property=\"og:url\" content=\"https:\/\/comunicacaoeleitoral.ufpr.br\/index.php\/2016\/12\/08\/setor-privado-tem-papel-essencial-no-combate-as-desigualdades-de-genero-diz-onu-mulheres-no-brasil\/\" \/>\n<meta property=\"og:site_name\" content=\"Comunica\u00e7\u00e3o Eleitoral\" \/>\n<meta property=\"article:publisher\" content=\"https:\/\/www.facebook.com\/Comunica%c3%a7%c3%a3o-Eleitoral-564214587069724\/\" \/>\n<meta property=\"article:published_time\" content=\"2016-12-08T22:55:26+00:00\" \/>\n<meta property=\"article:modified_time\" content=\"2016-12-08T22:55:52+00:00\" \/>\n<meta property=\"og:image\" content=\"https:\/\/comunicacaoeleitoral.ufpr.br\/wp-content\/uploads\/2016\/12\/ge\u0302nero.jpeg\" \/>\n<meta name=\"author\" content=\"CEL UFPR\" \/>\n<meta name=\"twitter:card\" content=\"summary_large_image\" \/>\n<meta name=\"twitter:title\" content=\"Setor privado tem papel essencial no combate \u00e0s desigualdades de g\u00eanero, diz ONU Mulheres no Brasil\" \/>\n<meta name=\"twitter:description\" content=\"O setor privado deve combate \u00e0s desigualdades entre homens e mulheres na sociedade e na consolida\u00e7\u00e3o de pol\u00edticas voltadas para a diversidade de g\u00eanero\" \/>\n<meta name=\"twitter:image\" content=\"https:\/\/comunicacaoeleitoral.ufpr.br\/wp-content\/uploads\/2016\/12\/ge\u0302nero.jpeg\" \/>\n<meta name=\"twitter:label1\" content=\"Escrito por\" \/>\n\t<meta name=\"twitter:data1\" content=\"CEL UFPR\" \/>\n\t<meta name=\"twitter:label2\" content=\"Est. tempo de leitura\" \/>\n\t<meta name=\"twitter:data2\" content=\"2 minutos\" \/>\n<script type=\"application\/ld+json\" class=\"yoast-schema-graph\">{\"@context\":\"https:\/\/schema.org\",\"@graph\":[{\"@type\":\"Article\",\"@id\":\"https:\/\/comunicacaoeleitoral.ufpr.br\/index.php\/2016\/12\/08\/setor-privado-tem-papel-essencial-no-combate-as-desigualdades-de-genero-diz-onu-mulheres-no-brasil\/#article\",\"isPartOf\":{\"@id\":\"https:\/\/comunicacaoeleitoral.ufpr.br\/index.php\/2016\/12\/08\/setor-privado-tem-papel-essencial-no-combate-as-desigualdades-de-genero-diz-onu-mulheres-no-brasil\/\"},\"author\":{\"name\":\"CEL UFPR\",\"@id\":\"https:\/\/comunicacaoeleitoral.ufpr.br\/#\/schema\/person\/1f1b0fa714b592dcfee89e9824953d93\"},\"headline\":\"Setor privado tem papel essencial no combate \u00e0s desigualdades de g\u00eanero, diz ONU Mulheres no Brasil\",\"datePublished\":\"2016-12-08T22:55:26+00:00\",\"dateModified\":\"2016-12-08T22:55:52+00:00\",\"mainEntityOfPage\":{\"@id\":\"https:\/\/comunicacaoeleitoral.ufpr.br\/index.php\/2016\/12\/08\/setor-privado-tem-papel-essencial-no-combate-as-desigualdades-de-genero-diz-onu-mulheres-no-brasil\/\"},\"wordCount\":359,\"publisher\":{\"@id\":\"https:\/\/comunicacaoeleitoral.ufpr.br\/#organization\"},\"image\":{\"@id\":\"https:\/\/comunicacaoeleitoral.ufpr.br\/index.php\/2016\/12\/08\/setor-privado-tem-papel-essencial-no-combate-as-desigualdades-de-genero-diz-onu-mulheres-no-brasil\/#primaryimage\"},\"thumbnailUrl\":\"https:\/\/comunicacaoeleitoral.ufpr.br\/wp-content\/uploads\/2016\/12\/ge\u0302nero.jpeg\",\"keywords\":[\"G\u00eanero\",\"pol\u00edtica\",\"setor privado\"],\"articleSection\":[\"Not\u00edcias\",\"Pol\u00edtica em foco\"],\"inLanguage\":\"pt-BR\"},{\"@type\":\"WebPage\",\"@id\":\"https:\/\/comunicacaoeleitoral.ufpr.br\/index.php\/2016\/12\/08\/setor-privado-tem-papel-essencial-no-combate-as-desigualdades-de-genero-diz-onu-mulheres-no-brasil\/\",\"url\":\"https:\/\/comunicacaoeleitoral.ufpr.br\/index.php\/2016\/12\/08\/setor-privado-tem-papel-essencial-no-combate-as-desigualdades-de-genero-diz-onu-mulheres-no-brasil\/\",\"name\":\"Setor privado tem papel essencial no combate \u00e0s desigualdades de g\u00eanero, diz ONU Mulheres no Brasil - Comunica\u00e7\u00e3o Eleitoral\",\"isPartOf\":{\"@id\":\"https:\/\/comunicacaoeleitoral.ufpr.br\/#website\"},\"primaryImageOfPage\":{\"@id\":\"https:\/\/comunicacaoeleitoral.ufpr.br\/index.php\/2016\/12\/08\/setor-privado-tem-papel-essencial-no-combate-as-desigualdades-de-genero-diz-onu-mulheres-no-brasil\/#primaryimage\"},\"image\":{\"@id\":\"https:\/\/comunicacaoeleitoral.ufpr.br\/index.php\/2016\/12\/08\/setor-privado-tem-papel-essencial-no-combate-as-desigualdades-de-genero-diz-onu-mulheres-no-brasil\/#primaryimage\"},\"thumbnailUrl\":\"https:\/\/comunicacaoeleitoral.ufpr.br\/wp-content\/uploads\/2016\/12\/ge\u0302nero.jpeg\",\"datePublished\":\"2016-12-08T22:55:26+00:00\",\"dateModified\":\"2016-12-08T22:55:52+00:00\",\"description\":\"O setor privado deve combate \u00e0s desigualdades entre homens e mulheres na sociedade e na consolida\u00e7\u00e3o de pol\u00edticas voltadas para a diversidade de g\u00eanero\",\"breadcrumb\":{\"@id\":\"https:\/\/comunicacaoeleitoral.ufpr.br\/index.php\/2016\/12\/08\/setor-privado-tem-papel-essencial-no-combate-as-desigualdades-de-genero-diz-onu-mulheres-no-brasil\/#breadcrumb\"},\"inLanguage\":\"pt-BR\",\"potentialAction\":[{\"@type\":\"ReadAction\",\"target\":[\"https:\/\/comunicacaoeleitoral.ufpr.br\/index.php\/2016\/12\/08\/setor-privado-tem-papel-essencial-no-combate-as-desigualdades-de-genero-diz-onu-mulheres-no-brasil\/\"]}]},{\"@type\":\"ImageObject\",\"inLanguage\":\"pt-BR\",\"@id\":\"https:\/\/comunicacaoeleitoral.ufpr.br\/index.php\/2016\/12\/08\/setor-privado-tem-papel-essencial-no-combate-as-desigualdades-de-genero-diz-onu-mulheres-no-brasil\/#primaryimage\",\"url\":\"https:\/\/comunicacaoeleitoral.ufpr.br\/wp-content\/uploads\/2016\/12\/ge\u0302nero.jpeg\",\"contentUrl\":\"https:\/\/comunicacaoeleitoral.ufpr.br\/wp-content\/uploads\/2016\/12\/ge\u0302nero.jpeg\",\"width\":768,\"height\":482},{\"@type\":\"BreadcrumbList\",\"@id\":\"https:\/\/comunicacaoeleitoral.ufpr.br\/index.php\/2016\/12\/08\/setor-privado-tem-papel-essencial-no-combate-as-desigualdades-de-genero-diz-onu-mulheres-no-brasil\/#breadcrumb\",\"itemListElement\":[{\"@type\":\"ListItem\",\"position\":1,\"name\":\"In\u00edcio\",\"item\":\"https:\/\/comunicacaoeleitoral.ufpr.br\/\"},{\"@type\":\"ListItem\",\"position\":2,\"name\":\"Setor privado tem papel essencial no combate \u00e0s desigualdades de g\u00eanero, diz ONU Mulheres no Brasil\"}]},{\"@type\":\"WebSite\",\"@id\":\"https:\/\/comunicacaoeleitoral.ufpr.br\/#website\",\"url\":\"https:\/\/comunicacaoeleitoral.ufpr.br\/\",\"name\":\"Comunica\u00e7\u00e3o Eleitoral\",\"description\":\"Grupo de pesquisa ligado \u00e0 linha de Comunica\u00e7\u00e3o e Pol\u00edtica do Programa de P\u00f3s-gradua\u00e7\u00e3o em Comunica\u00e7\u00e3o da Universidade Federal do Paran\u00e1.\",\"publisher\":{\"@id\":\"https:\/\/comunicacaoeleitoral.ufpr.br\/#organization\"},\"potentialAction\":[{\"@type\":\"SearchAction\",\"target\":{\"@type\":\"EntryPoint\",\"urlTemplate\":\"https:\/\/comunicacaoeleitoral.ufpr.br\/?s={search_term_string}\"},\"query-input\":\"required name=search_term_string\"}],\"inLanguage\":\"pt-BR\"},{\"@type\":\"Organization\",\"@id\":\"https:\/\/comunicacaoeleitoral.ufpr.br\/#organization\",\"name\":\"Comunica\u00e7\u00e3o Eleitoral\",\"url\":\"https:\/\/comunicacaoeleitoral.ufpr.br\/\",\"logo\":{\"@type\":\"ImageObject\",\"inLanguage\":\"pt-BR\",\"@id\":\"https:\/\/comunicacaoeleitoral.ufpr.br\/#\/schema\/logo\/image\/\",\"url\":\"https:\/\/comunicacaoeleitoral.ufpr.br\/wp-content\/uploads\/2015\/05\/header2c_celtalks.png\",\"contentUrl\":\"https:\/\/comunicacaoeleitoral.ufpr.br\/wp-content\/uploads\/2015\/05\/header2c_celtalks.png\",\"width\":1800,\"height\":674,\"caption\":\"Comunica\u00e7\u00e3o Eleitoral\"},\"image\":{\"@id\":\"https:\/\/comunicacaoeleitoral.ufpr.br\/#\/schema\/logo\/image\/\"},\"sameAs\":[\"https:\/\/www.facebook.com\/Comunica\u00e7\u00e3o-Eleitoral-564214587069724\/\",\"https:\/\/www.instagram.com\/comunicacaoeleitoral\/\",\"https:\/\/www.youtube.com\/ocanalpanke\"]},{\"@type\":\"Person\",\"@id\":\"https:\/\/comunicacaoeleitoral.ufpr.br\/#\/schema\/person\/1f1b0fa714b592dcfee89e9824953d93\",\"name\":\"CEL UFPR\",\"image\":{\"@type\":\"ImageObject\",\"inLanguage\":\"pt-BR\",\"@id\":\"https:\/\/comunicacaoeleitoral.ufpr.br\/#\/schema\/person\/image\/\",\"url\":\"https:\/\/secure.gravatar.com\/avatar\/e73476db3cc561f956c8814cbc15a40e?s=96&d=mm&r=g\",\"contentUrl\":\"https:\/\/secure.gravatar.com\/avatar\/e73476db3cc561f956c8814cbc15a40e?s=96&d=mm&r=g\",\"caption\":\"CEL UFPR\"},\"url\":\"https:\/\/comunicacaoeleitoral.ufpr.br\/index.php\/author\/cel-ufpr\/\"}]}<\/script>\n<!-- \/ Yoast SEO plugin. -->","yoast_head_json":{"title":"Setor privado tem papel essencial no combate \u00e0s desigualdades de g\u00eanero, diz ONU Mulheres no Brasil - Comunica\u00e7\u00e3o Eleitoral","description":"O setor privado deve combate \u00e0s desigualdades entre homens e mulheres na sociedade e na consolida\u00e7\u00e3o de pol\u00edticas voltadas para a diversidade de g\u00eanero","robots":{"index":"index","follow":"follow","max-snippet":"max-snippet:-1","max-image-preview":"max-image-preview:large","max-video-preview":"max-video-preview:-1"},"canonical":"https:\/\/comunicacaoeleitoral.ufpr.br\/index.php\/2016\/12\/08\/setor-privado-tem-papel-essencial-no-combate-as-desigualdades-de-genero-diz-onu-mulheres-no-brasil\/","og_locale":"pt_BR","og_type":"article","og_title":"Setor privado tem papel essencial no combate \u00e0s desigualdades de g\u00eanero, diz ONU Mulheres no Brasil","og_description":"O setor privado deve combate \u00e0s desigualdades entre homens e mulheres na sociedade e na consolida\u00e7\u00e3o de pol\u00edticas voltadas para a diversidade de g\u00eanero","og_url":"https:\/\/comunicacaoeleitoral.ufpr.br\/index.php\/2016\/12\/08\/setor-privado-tem-papel-essencial-no-combate-as-desigualdades-de-genero-diz-onu-mulheres-no-brasil\/","og_site_name":"Comunica\u00e7\u00e3o Eleitoral","article_publisher":"https:\/\/www.facebook.com\/Comunica%c3%a7%c3%a3o-Eleitoral-564214587069724\/","article_published_time":"2016-12-08T22:55:26+00:00","article_modified_time":"2016-12-08T22:55:52+00:00","og_image":[{"url":"https:\/\/comunicacaoeleitoral.ufpr.br\/wp-content\/uploads\/2016\/12\/ge\u0302nero.jpeg"}],"author":"CEL UFPR","twitter_card":"summary_large_image","twitter_title":"Setor privado tem papel essencial no combate \u00e0s desigualdades de g\u00eanero, diz ONU Mulheres no Brasil","twitter_description":"O setor privado deve combate \u00e0s desigualdades entre homens e mulheres na sociedade e na consolida\u00e7\u00e3o de pol\u00edticas voltadas para a diversidade de g\u00eanero","twitter_image":"https:\/\/comunicacaoeleitoral.ufpr.br\/wp-content\/uploads\/2016\/12\/ge\u0302nero.jpeg","twitter_misc":{"Escrito por":"CEL UFPR","Est. tempo de leitura":"2 minutos"},"schema":{"@context":"https:\/\/schema.org","@graph":[{"@type":"Article","@id":"https:\/\/comunicacaoeleitoral.ufpr.br\/index.php\/2016\/12\/08\/setor-privado-tem-papel-essencial-no-combate-as-desigualdades-de-genero-diz-onu-mulheres-no-brasil\/#article","isPartOf":{"@id":"https:\/\/comunicacaoeleitoral.ufpr.br\/index.php\/2016\/12\/08\/setor-privado-tem-papel-essencial-no-combate-as-desigualdades-de-genero-diz-onu-mulheres-no-brasil\/"},"author":{"name":"CEL UFPR","@id":"https:\/\/comunicacaoeleitoral.ufpr.br\/#\/schema\/person\/1f1b0fa714b592dcfee89e9824953d93"},"headline":"Setor privado tem papel essencial no combate \u00e0s desigualdades de g\u00eanero, diz ONU Mulheres no Brasil","datePublished":"2016-12-08T22:55:26+00:00","dateModified":"2016-12-08T22:55:52+00:00","mainEntityOfPage":{"@id":"https:\/\/comunicacaoeleitoral.ufpr.br\/index.php\/2016\/12\/08\/setor-privado-tem-papel-essencial-no-combate-as-desigualdades-de-genero-diz-onu-mulheres-no-brasil\/"},"wordCount":359,"publisher":{"@id":"https:\/\/comunicacaoeleitoral.ufpr.br\/#organization"},"image":{"@id":"https:\/\/comunicacaoeleitoral.ufpr.br\/index.php\/2016\/12\/08\/setor-privado-tem-papel-essencial-no-combate-as-desigualdades-de-genero-diz-onu-mulheres-no-brasil\/#primaryimage"},"thumbnailUrl":"https:\/\/comunicacaoeleitoral.ufpr.br\/wp-content\/uploads\/2016\/12\/ge\u0302nero.jpeg","keywords":["G\u00eanero","pol\u00edtica","setor privado"],"articleSection":["Not\u00edcias","Pol\u00edtica em foco"],"inLanguage":"pt-BR"},{"@type":"WebPage","@id":"https:\/\/comunicacaoeleitoral.ufpr.br\/index.php\/2016\/12\/08\/setor-privado-tem-papel-essencial-no-combate-as-desigualdades-de-genero-diz-onu-mulheres-no-brasil\/","url":"https:\/\/comunicacaoeleitoral.ufpr.br\/index.php\/2016\/12\/08\/setor-privado-tem-papel-essencial-no-combate-as-desigualdades-de-genero-diz-onu-mulheres-no-brasil\/","name":"Setor privado tem papel essencial no combate \u00e0s desigualdades de g\u00eanero, diz ONU Mulheres no Brasil - Comunica\u00e7\u00e3o Eleitoral","isPartOf":{"@id":"https:\/\/comunicacaoeleitoral.ufpr.br\/#website"},"primaryImageOfPage":{"@id":"https:\/\/comunicacaoeleitoral.ufpr.br\/index.php\/2016\/12\/08\/setor-privado-tem-papel-essencial-no-combate-as-desigualdades-de-genero-diz-onu-mulheres-no-brasil\/#primaryimage"},"image":{"@id":"https:\/\/comunicacaoeleitoral.ufpr.br\/index.php\/2016\/12\/08\/setor-privado-tem-papel-essencial-no-combate-as-desigualdades-de-genero-diz-onu-mulheres-no-brasil\/#primaryimage"},"thumbnailUrl":"https:\/\/comunicacaoeleitoral.ufpr.br\/wp-content\/uploads\/2016\/12\/ge\u0302nero.jpeg","datePublished":"2016-12-08T22:55:26+00:00","dateModified":"2016-12-08T22:55:52+00:00","description":"O setor privado deve combate \u00e0s desigualdades entre homens e mulheres na sociedade e na consolida\u00e7\u00e3o de pol\u00edticas voltadas para a diversidade de g\u00eanero","breadcrumb":{"@id":"https:\/\/comunicacaoeleitoral.ufpr.br\/index.php\/2016\/12\/08\/setor-privado-tem-papel-essencial-no-combate-as-desigualdades-de-genero-diz-onu-mulheres-no-brasil\/#breadcrumb"},"inLanguage":"pt-BR","potentialAction":[{"@type":"ReadAction","target":["https:\/\/comunicacaoeleitoral.ufpr.br\/index.php\/2016\/12\/08\/setor-privado-tem-papel-essencial-no-combate-as-desigualdades-de-genero-diz-onu-mulheres-no-brasil\/"]}]},{"@type":"ImageObject","inLanguage":"pt-BR","@id":"https:\/\/comunicacaoeleitoral.ufpr.br\/index.php\/2016\/12\/08\/setor-privado-tem-papel-essencial-no-combate-as-desigualdades-de-genero-diz-onu-mulheres-no-brasil\/#primaryimage","url":"https:\/\/comunicacaoeleitoral.ufpr.br\/wp-content\/uploads\/2016\/12\/ge\u0302nero.jpeg","contentUrl":"https:\/\/comunicacaoeleitoral.ufpr.br\/wp-content\/uploads\/2016\/12\/ge\u0302nero.jpeg","width":768,"height":482},{"@type":"BreadcrumbList","@id":"https:\/\/comunicacaoeleitoral.ufpr.br\/index.php\/2016\/12\/08\/setor-privado-tem-papel-essencial-no-combate-as-desigualdades-de-genero-diz-onu-mulheres-no-brasil\/#breadcrumb","itemListElement":[{"@type":"ListItem","position":1,"name":"In\u00edcio","item":"https:\/\/comunicacaoeleitoral.ufpr.br\/"},{"@type":"ListItem","position":2,"name":"Setor privado tem papel essencial no combate \u00e0s desigualdades de g\u00eanero, diz ONU Mulheres no Brasil"}]},{"@type":"WebSite","@id":"https:\/\/comunicacaoeleitoral.ufpr.br\/#website","url":"https:\/\/comunicacaoeleitoral.ufpr.br\/","name":"Comunica\u00e7\u00e3o Eleitoral","description":"Grupo de pesquisa ligado \u00e0 linha de Comunica\u00e7\u00e3o e Pol\u00edtica do Programa de P\u00f3s-gradua\u00e7\u00e3o em Comunica\u00e7\u00e3o da Universidade Federal do Paran\u00e1.","publisher":{"@id":"https:\/\/comunicacaoeleitoral.ufpr.br\/#organization"},"potentialAction":[{"@type":"SearchAction","target":{"@type":"EntryPoint","urlTemplate":"https:\/\/comunicacaoeleitoral.ufpr.br\/?s={search_term_string}"},"query-input":"required name=search_term_string"}],"inLanguage":"pt-BR"},{"@type":"Organization","@id":"https:\/\/comunicacaoeleitoral.ufpr.br\/#organization","name":"Comunica\u00e7\u00e3o Eleitoral","url":"https:\/\/comunicacaoeleitoral.ufpr.br\/","logo":{"@type":"ImageObject","inLanguage":"pt-BR","@id":"https:\/\/comunicacaoeleitoral.ufpr.br\/#\/schema\/logo\/image\/","url":"https:\/\/comunicacaoeleitoral.ufpr.br\/wp-content\/uploads\/2015\/05\/header2c_celtalks.png","contentUrl":"https:\/\/comunicacaoeleitoral.ufpr.br\/wp-content\/uploads\/2015\/05\/header2c_celtalks.png","width":1800,"height":674,"caption":"Comunica\u00e7\u00e3o Eleitoral"},"image":{"@id":"https:\/\/comunicacaoeleitoral.ufpr.br\/#\/schema\/logo\/image\/"},"sameAs":["https:\/\/www.facebook.com\/Comunica\u00e7\u00e3o-Eleitoral-564214587069724\/","https:\/\/www.instagram.com\/comunicacaoeleitoral\/","https:\/\/www.youtube.com\/ocanalpanke"]},{"@type":"Person","@id":"https:\/\/comunicacaoeleitoral.ufpr.br\/#\/schema\/person\/1f1b0fa714b592dcfee89e9824953d93","name":"CEL UFPR","image":{"@type":"ImageObject","inLanguage":"pt-BR","@id":"https:\/\/comunicacaoeleitoral.ufpr.br\/#\/schema\/person\/image\/","url":"https:\/\/secure.gravatar.com\/avatar\/e73476db3cc561f956c8814cbc15a40e?s=96&d=mm&r=g","contentUrl":"https:\/\/secure.gravatar.com\/avatar\/e73476db3cc561f956c8814cbc15a40e?s=96&d=mm&r=g","caption":"CEL UFPR"},"url":"https:\/\/comunicacaoeleitoral.ufpr.br\/index.php\/author\/cel-ufpr\/"}]}},"_links":{"self":[{"href":"https:\/\/comunicacaoeleitoral.ufpr.br\/index.php\/wp-json\/wp\/v2\/posts\/1797"}],"collection":[{"href":"https:\/\/comunicacaoeleitoral.ufpr.br\/index.php\/wp-json\/wp\/v2\/posts"}],"about":[{"href":"https:\/\/comunicacaoeleitoral.ufpr.br\/index.php\/wp-json\/wp\/v2\/types\/post"}],"author":[{"embeddable":true,"href":"https:\/\/comunicacaoeleitoral.ufpr.br\/index.php\/wp-json\/wp\/v2\/users\/29"}],"replies":[{"embeddable":true,"href":"https:\/\/comunicacaoeleitoral.ufpr.br\/index.php\/wp-json\/wp\/v2\/comments?post=1797"}],"version-history":[{"count":1,"href":"https:\/\/comunicacaoeleitoral.ufpr.br\/index.php\/wp-json\/wp\/v2\/posts\/1797\/revisions"}],"predecessor-version":[{"id":1799,"href":"https:\/\/comunicacaoeleitoral.ufpr.br\/index.php\/wp-json\/wp\/v2\/posts\/1797\/revisions\/1799"}],"wp:featuredmedia":[{"embeddable":true,"href":"https:\/\/comunicacaoeleitoral.ufpr.br\/index.php\/wp-json\/wp\/v2\/media\/1798"}],"wp:attachment":[{"href":"https:\/\/comunicacaoeleitoral.ufpr.br\/index.php\/wp-json\/wp\/v2\/media?parent=1797"}],"wp:term":[{"taxonomy":"category","embeddable":true,"href":"https:\/\/comunicacaoeleitoral.ufpr.br\/index.php\/wp-json\/wp\/v2\/categories?post=1797"},{"taxonomy":"post_tag","embeddable":true,"href":"https:\/\/comunicacaoeleitoral.ufpr.br\/index.php\/wp-json\/wp\/v2\/tags?post=1797"}],"curies":[{"name":"wp","href":"https:\/\/api.w.org\/{rel}","templated":true}]}}