{"id":1742,"date":"2016-11-11T13:06:39","date_gmt":"2016-11-11T13:06:39","guid":{"rendered":"https:\/\/comunicacaoeleitoral.ufpr.br\/?p=1742"},"modified":"2016-11-11T13:06:39","modified_gmt":"2016-11-11T13:06:39","slug":"bancada-feminina-no-congresso-vai-discutir-presenca-da-mulher-na-politica","status":"publish","type":"post","link":"https:\/\/comunicacaoeleitoral.ufpr.br\/index.php\/2016\/11\/11\/bancada-feminina-no-congresso-vai-discutir-presenca-da-mulher-na-politica\/","title":{"rendered":"Bancada feminina no Congresso vai discutir presen\u00e7a da mulher na pol\u00edtica"},"content":{"rendered":"<div id=\"resumoNoticia\">\n<p style=\"text-align: justify;\">Semin\u00e1rio internacional a ser realizado em dezembro abordar\u00e1 tamb\u00e9m combate \u00e0 viol\u00eancia contra mulheres, equidade de g\u00eanero no mercado de trabalho e protagonismo feminino em movimentos sociais<\/p>\n<\/div>\n<div id=\"conteudoNoticia\">\n<p style=\"text-align: justify;\">Um semin\u00e1rio internacional sobre a participa\u00e7\u00e3o pol\u00edtica, econ\u00f4mica e social das mulheres marcar\u00e1 o encerramento das a\u00e7\u00f5es das deputadas e senadores em 2016. O an\u00fancio foi feito no caf\u00e9 da manh\u00e3 da bancada feminina no Congresso, realizado na quarta-feira (9), no gabinete da senadora Vanessa Grazziotin (PCdoB-AM), procuradora da Mulher do Senado.<\/p>\n<p style=\"text-align: justify;\">O semin\u00e1rio \u201cMulheres no Poder: Di\u00e1logos sobre Empoderamento Pol\u00edtico, Econ\u00f4mico e Social\u201d est\u00e1 previsto para o per\u00edodo de 13 a 15 de dezembro, em Bras\u00edlia. Em quatro pain\u00e9is programados, ser\u00e3o abordados temas da pauta feminina e elaborado um documento pela manuten\u00e7\u00e3o dos direitos das mulheres a ser dirigido \u00e0s lideran\u00e7as pol\u00edticas nos legislativos federal, estaduais e municipais em 2017.<\/p>\n<div id=\"fotoNoticia\" class=\"aDireita margemEsquerda imagemHorizontalP\">\n<div class=\"excluirVideo\"><\/div>\n<div class=\"creditoFoto\" contenteditable=\"false\">Luis Macedo \/ C\u00e2mara dos Deputados<\/div>\n<div class=\"imagem\"><img decoding=\"async\" src=\"http:\/\/www.camara.gov.br\/internet\/bancoimagem\/banco\/img20161108193437044364.jpg\" alt=\"Reuni\u00e3o da Secretaria da Mulher. Dep. Ana Perugini (PT-SP)\" border=\"0\" data-width=\"672\" data-height=\"440\" \/><\/div>\n<div class=\"legenda\">Ana Perugini: \u00e9 preciso discutir a desigualdade de oportunidades entre homens e mulheres<\/div>\n<\/div>\n<p style=\"text-align: justify;\">A deputada Ana Perugini (PT-SP), coordenadora-geral da <span class=\"termoGlossario\">Frente Parlamentar<\/span> Mista em Defesa dos Direitos Humanos das Mulheres, defendeu a necessidade de abordar no semin\u00e1rio a desigualdade de oportunidades entre homens e mulheres nas mais diversas \u00e1reas.<\/p>\n<p style=\"text-align: justify;\">A parlamentar participou da 13\u00aa Confer\u00eancia Regional sobre a Mulher da Am\u00e9rica Latina e Caribe, entre os dias 25 e 28 de outubro, em Montevid\u00e9u, no Uruguai. No encontro, foi aprovada a Estrat\u00e9gia de Montevid\u00e9u para alcan\u00e7ar a igualdade de g\u00eanero na regi\u00e3o at\u00e9 2030.<\/p>\n<p style=\"text-align: justify;\"><strong>Pain\u00e9is<\/strong><br \/>\nO primeiro painel do semin\u00e1rio de dezembro abordar\u00e1 as experi\u00eancias internacionais de observat\u00f3rios de viol\u00eancia contra as mulheres, com a presen\u00e7a de representantes de Portugal, Peru, Espanha e M\u00e9xico.<\/p>\n<p style=\"text-align: justify;\">O segundo discutir\u00e1 a presen\u00e7a das mulheres no Poder Legislativo. Senadoras, deputadas federais, distritais e vereadoras refor\u00e7ar\u00e3o a campanha \u201cMais Mulheres na Pol\u00edtica\u201d, em defesa da proposta (PEC 134\/15), <a href=\"http:\/\/www2.camara.leg.br\/camaranoticias\/noticias\/POLITICA\/519108-COMISSAO-ESPECIAL-APROVA-RESERVA-DE-VAGAS-PARA-MULHERES-NO-LEGISLATIVO.html\" target=\"_blank\">aprovada<\/a> ontem em <span class=\"termoGlossario\">comiss\u00e3o especial<\/span> da C\u00e2mara, que reserva vagas para mulheres nos legislativos federal, estaduais e municipais.<\/p>\n<p style=\"text-align: justify;\">O terceiro painel debater\u00e1 o empoderamento da mulher nas empresas e abordar\u00e1 experi\u00eancias vitoriosas realizadas em corpora\u00e7\u00f5es que respeitam a equidade de g\u00eanero no trabalho.<\/p>\n<p style=\"text-align: justify;\">No quarto e \u00faltimo painel, entidades de segmentos de mulheres de todo o Brasil debater\u00e3o o protagonismo feminino na lideran\u00e7a do movimento organizado, com destaque para negras, estudantes, ind\u00edgenas, LGBTs, sindicalistas, jovens e idosas.<\/p>\n<\/div>\n<div class=\"divBlocoContinuacao\">\n<div id=\"creditosMateria\">Da Reda\u00e7\u00e3o \u2013 MO<br \/>\nCom informa\u00e7\u00f5es da Ag\u00eancia Senado<\/p>\n<div style=\"text-align: justify;\">\nA reprodu\u00e7\u00e3o das not\u00edcias \u00e9 autorizada desde que contenha a assinatura &#8216;<a title=\"Ag\u00eancia C\u00e2mara de Not\u00edticas\" href=\"http:\/\/www2.camara.leg.br\/camaranoticias\">Ag\u00eancia C\u00e2mara Not\u00edcias<\/a>&#8216;<\/p>\n<\/div>\n<\/div>\n<\/div>\n<div class=\"clear\"><\/div>\n","protected":false},"excerpt":{"rendered":"<p>Semin\u00e1rio internacional a ser realizado em dezembro abordar\u00e1 tamb\u00e9m combate \u00e0 viol\u00eancia contra mulheres, equidade de g\u00eanero no mercado de trabalho e protagonismo feminino em movimentos sociais Um semin\u00e1rio internacional sobre a participa\u00e7\u00e3o pol\u00edtica, econ\u00f4mica e social das mulheres marcar\u00e1 o encerramento das a\u00e7\u00f5es das deputadas e senadores em 2016. O an\u00fancio foi feito no [&hellip;]<\/p>\n","protected":false},"author":29,"featured_media":0,"comment_status":"closed","ping_status":"closed","sticky":false,"template":"","format":"standard","meta":{"_monsterinsights_skip_tracking":false,"_monsterinsights_sitenote_active":false,"_monsterinsights_sitenote_note":"","_monsterinsights_sitenote_category":0,"footnotes":""},"categories":[6,68],"tags":[337,248,336],"yoast_head":"<!-- This site is optimized with the Yoast SEO plugin v22.2 - https:\/\/yoast.com\/wordpress\/plugins\/seo\/ -->\n<title>Bancada feminina no Congresso vai discutir presen\u00e7a da mulher na pol\u00edtica - Comunica\u00e7\u00e3o Eleitoral<\/title>\n<meta name=\"description\" content=\"O semin\u00e1rio \u201cMulheres no Poder: Di\u00e1logos sobre Empoderamento Pol\u00edtico, Econ\u00f4mico e Social\u201d est\u00e1 previsto para dezembro e foi proposta pela bancada feminina\" \/>\n<meta name=\"robots\" content=\"index, follow, max-snippet:-1, max-image-preview:large, max-video-preview:-1\" \/>\n<link rel=\"canonical\" href=\"https:\/\/comunicacaoeleitoral.ufpr.br\/index.php\/2016\/11\/11\/bancada-feminina-no-congresso-vai-discutir-presenca-da-mulher-na-politica\/\" \/>\n<meta property=\"og:locale\" content=\"pt_BR\" \/>\n<meta property=\"og:type\" content=\"article\" \/>\n<meta property=\"og:title\" content=\"Bancada feminina no Congresso vai discutir presen\u00e7a da mulher na pol\u00edtica\" \/>\n<meta property=\"og:description\" content=\"O semin\u00e1rio \u201cMulheres no Poder: Di\u00e1logos sobre Empoderamento Pol\u00edtico, Econ\u00f4mico e Social\u201d est\u00e1 previsto para dezembro e foi proposta pela bancada feminina\" \/>\n<meta property=\"og:url\" content=\"https:\/\/comunicacaoeleitoral.ufpr.br\/index.php\/2016\/11\/11\/bancada-feminina-no-congresso-vai-discutir-presenca-da-mulher-na-politica\/\" \/>\n<meta property=\"og:site_name\" content=\"Comunica\u00e7\u00e3o Eleitoral\" \/>\n<meta property=\"article:publisher\" content=\"https:\/\/www.facebook.com\/Comunica%c3%a7%c3%a3o-Eleitoral-564214587069724\/\" \/>\n<meta property=\"article:published_time\" content=\"2016-11-11T13:06:39+00:00\" \/>\n<meta property=\"og:image\" content=\"http:\/\/www.camara.gov.br\/internet\/bancoimagem\/banco\/img20161108193437044364.jpg\" \/>\n<meta name=\"author\" content=\"CEL UFPR\" \/>\n<meta name=\"twitter:card\" content=\"summary_large_image\" \/>\n<meta name=\"twitter:title\" content=\"Bancada feminina no Congresso vai discutir presen\u00e7a da mulher na pol\u00edtica\" \/>\n<meta name=\"twitter:description\" content=\"O semin\u00e1rio \u201cMulheres no Poder: Di\u00e1logos sobre Empoderamento Pol\u00edtico, Econ\u00f4mico e Social\u201d est\u00e1 previsto para dezembro e foi proposta pela bancada feminina\" \/>\n<meta name=\"twitter:label1\" content=\"Escrito por\" \/>\n\t<meta name=\"twitter:data1\" content=\"CEL UFPR\" \/>\n\t<meta name=\"twitter:label2\" content=\"Est. tempo de leitura\" \/>\n\t<meta name=\"twitter:data2\" content=\"2 minutos\" \/>\n<script type=\"application\/ld+json\" class=\"yoast-schema-graph\">{\"@context\":\"https:\/\/schema.org\",\"@graph\":[{\"@type\":\"Article\",\"@id\":\"https:\/\/comunicacaoeleitoral.ufpr.br\/index.php\/2016\/11\/11\/bancada-feminina-no-congresso-vai-discutir-presenca-da-mulher-na-politica\/#article\",\"isPartOf\":{\"@id\":\"https:\/\/comunicacaoeleitoral.ufpr.br\/index.php\/2016\/11\/11\/bancada-feminina-no-congresso-vai-discutir-presenca-da-mulher-na-politica\/\"},\"author\":{\"name\":\"CEL UFPR\",\"@id\":\"https:\/\/comunicacaoeleitoral.ufpr.br\/#\/schema\/person\/1f1b0fa714b592dcfee89e9824953d93\"},\"headline\":\"Bancada feminina no Congresso vai discutir presen\u00e7a da mulher na pol\u00edtica\",\"datePublished\":\"2016-11-11T13:06:39+00:00\",\"dateModified\":\"2016-11-11T13:06:39+00:00\",\"mainEntityOfPage\":{\"@id\":\"https:\/\/comunicacaoeleitoral.ufpr.br\/index.php\/2016\/11\/11\/bancada-feminina-no-congresso-vai-discutir-presenca-da-mulher-na-politica\/\"},\"wordCount\":453,\"publisher\":{\"@id\":\"https:\/\/comunicacaoeleitoral.ufpr.br\/#organization\"},\"image\":{\"@id\":\"https:\/\/comunicacaoeleitoral.ufpr.br\/index.php\/2016\/11\/11\/bancada-feminina-no-congresso-vai-discutir-presenca-da-mulher-na-politica\/#primaryimage\"},\"thumbnailUrl\":\"http:\/\/www.camara.gov.br\/internet\/bancoimagem\/banco\/img20161108193437044364.jpg\",\"keywords\":[\"Bancada feminina\",\"mulher\",\"Participa\u00e7\u00e3o\"],\"articleSection\":[\"Eventos\",\"Not\u00edcias\"],\"inLanguage\":\"pt-BR\"},{\"@type\":\"WebPage\",\"@id\":\"https:\/\/comunicacaoeleitoral.ufpr.br\/index.php\/2016\/11\/11\/bancada-feminina-no-congresso-vai-discutir-presenca-da-mulher-na-politica\/\",\"url\":\"https:\/\/comunicacaoeleitoral.ufpr.br\/index.php\/2016\/11\/11\/bancada-feminina-no-congresso-vai-discutir-presenca-da-mulher-na-politica\/\",\"name\":\"Bancada feminina no Congresso vai discutir presen\u00e7a da mulher na pol\u00edtica - Comunica\u00e7\u00e3o Eleitoral\",\"isPartOf\":{\"@id\":\"https:\/\/comunicacaoeleitoral.ufpr.br\/#website\"},\"primaryImageOfPage\":{\"@id\":\"https:\/\/comunicacaoeleitoral.ufpr.br\/index.php\/2016\/11\/11\/bancada-feminina-no-congresso-vai-discutir-presenca-da-mulher-na-politica\/#primaryimage\"},\"image\":{\"@id\":\"https:\/\/comunicacaoeleitoral.ufpr.br\/index.php\/2016\/11\/11\/bancada-feminina-no-congresso-vai-discutir-presenca-da-mulher-na-politica\/#primaryimage\"},\"thumbnailUrl\":\"http:\/\/www.camara.gov.br\/internet\/bancoimagem\/banco\/img20161108193437044364.jpg\",\"datePublished\":\"2016-11-11T13:06:39+00:00\",\"dateModified\":\"2016-11-11T13:06:39+00:00\",\"description\":\"O semin\u00e1rio \u201cMulheres no Poder: Di\u00e1logos sobre Empoderamento Pol\u00edtico, Econ\u00f4mico e Social\u201d est\u00e1 previsto para dezembro e foi proposta pela bancada feminina\",\"breadcrumb\":{\"@id\":\"https:\/\/comunicacaoeleitoral.ufpr.br\/index.php\/2016\/11\/11\/bancada-feminina-no-congresso-vai-discutir-presenca-da-mulher-na-politica\/#breadcrumb\"},\"inLanguage\":\"pt-BR\",\"potentialAction\":[{\"@type\":\"ReadAction\",\"target\":[\"https:\/\/comunicacaoeleitoral.ufpr.br\/index.php\/2016\/11\/11\/bancada-feminina-no-congresso-vai-discutir-presenca-da-mulher-na-politica\/\"]}]},{\"@type\":\"ImageObject\",\"inLanguage\":\"pt-BR\",\"@id\":\"https:\/\/comunicacaoeleitoral.ufpr.br\/index.php\/2016\/11\/11\/bancada-feminina-no-congresso-vai-discutir-presenca-da-mulher-na-politica\/#primaryimage\",\"url\":\"http:\/\/www.camara.gov.br\/internet\/bancoimagem\/banco\/img20161108193437044364.jpg\",\"contentUrl\":\"http:\/\/www.camara.gov.br\/internet\/bancoimagem\/banco\/img20161108193437044364.jpg\"},{\"@type\":\"BreadcrumbList\",\"@id\":\"https:\/\/comunicacaoeleitoral.ufpr.br\/index.php\/2016\/11\/11\/bancada-feminina-no-congresso-vai-discutir-presenca-da-mulher-na-politica\/#breadcrumb\",\"itemListElement\":[{\"@type\":\"ListItem\",\"position\":1,\"name\":\"In\u00edcio\",\"item\":\"https:\/\/comunicacaoeleitoral.ufpr.br\/\"},{\"@type\":\"ListItem\",\"position\":2,\"name\":\"Bancada feminina no Congresso vai discutir presen\u00e7a da mulher na pol\u00edtica\"}]},{\"@type\":\"WebSite\",\"@id\":\"https:\/\/comunicacaoeleitoral.ufpr.br\/#website\",\"url\":\"https:\/\/comunicacaoeleitoral.ufpr.br\/\",\"name\":\"Comunica\u00e7\u00e3o Eleitoral\",\"description\":\"Grupo de pesquisa ligado \u00e0 linha de Comunica\u00e7\u00e3o e Pol\u00edtica do Programa de P\u00f3s-gradua\u00e7\u00e3o em Comunica\u00e7\u00e3o da Universidade Federal do Paran\u00e1.\",\"publisher\":{\"@id\":\"https:\/\/comunicacaoeleitoral.ufpr.br\/#organization\"},\"potentialAction\":[{\"@type\":\"SearchAction\",\"target\":{\"@type\":\"EntryPoint\",\"urlTemplate\":\"https:\/\/comunicacaoeleitoral.ufpr.br\/?s={search_term_string}\"},\"query-input\":\"required name=search_term_string\"}],\"inLanguage\":\"pt-BR\"},{\"@type\":\"Organization\",\"@id\":\"https:\/\/comunicacaoeleitoral.ufpr.br\/#organization\",\"name\":\"Comunica\u00e7\u00e3o Eleitoral\",\"url\":\"https:\/\/comunicacaoeleitoral.ufpr.br\/\",\"logo\":{\"@type\":\"ImageObject\",\"inLanguage\":\"pt-BR\",\"@id\":\"https:\/\/comunicacaoeleitoral.ufpr.br\/#\/schema\/logo\/image\/\",\"url\":\"https:\/\/comunicacaoeleitoral.ufpr.br\/wp-content\/uploads\/2015\/05\/header2c_celtalks.png\",\"contentUrl\":\"https:\/\/comunicacaoeleitoral.ufpr.br\/wp-content\/uploads\/2015\/05\/header2c_celtalks.png\",\"width\":1800,\"height\":674,\"caption\":\"Comunica\u00e7\u00e3o Eleitoral\"},\"image\":{\"@id\":\"https:\/\/comunicacaoeleitoral.ufpr.br\/#\/schema\/logo\/image\/\"},\"sameAs\":[\"https:\/\/www.facebook.com\/Comunica\u00e7\u00e3o-Eleitoral-564214587069724\/\",\"https:\/\/www.instagram.com\/comunicacaoeleitoral\/\",\"https:\/\/www.youtube.com\/ocanalpanke\"]},{\"@type\":\"Person\",\"@id\":\"https:\/\/comunicacaoeleitoral.ufpr.br\/#\/schema\/person\/1f1b0fa714b592dcfee89e9824953d93\",\"name\":\"CEL UFPR\",\"image\":{\"@type\":\"ImageObject\",\"inLanguage\":\"pt-BR\",\"@id\":\"https:\/\/comunicacaoeleitoral.ufpr.br\/#\/schema\/person\/image\/\",\"url\":\"https:\/\/secure.gravatar.com\/avatar\/e73476db3cc561f956c8814cbc15a40e?s=96&d=mm&r=g\",\"contentUrl\":\"https:\/\/secure.gravatar.com\/avatar\/e73476db3cc561f956c8814cbc15a40e?s=96&d=mm&r=g\",\"caption\":\"CEL UFPR\"},\"url\":\"https:\/\/comunicacaoeleitoral.ufpr.br\/index.php\/author\/cel-ufpr\/\"}]}<\/script>\n<!-- \/ Yoast SEO plugin. -->","yoast_head_json":{"title":"Bancada feminina no Congresso vai discutir presen\u00e7a da mulher na pol\u00edtica - Comunica\u00e7\u00e3o Eleitoral","description":"O semin\u00e1rio \u201cMulheres no Poder: Di\u00e1logos sobre Empoderamento Pol\u00edtico, Econ\u00f4mico e Social\u201d est\u00e1 previsto para dezembro e foi proposta pela bancada feminina","robots":{"index":"index","follow":"follow","max-snippet":"max-snippet:-1","max-image-preview":"max-image-preview:large","max-video-preview":"max-video-preview:-1"},"canonical":"https:\/\/comunicacaoeleitoral.ufpr.br\/index.php\/2016\/11\/11\/bancada-feminina-no-congresso-vai-discutir-presenca-da-mulher-na-politica\/","og_locale":"pt_BR","og_type":"article","og_title":"Bancada feminina no Congresso vai discutir presen\u00e7a da mulher na pol\u00edtica","og_description":"O semin\u00e1rio \u201cMulheres no Poder: Di\u00e1logos sobre Empoderamento Pol\u00edtico, Econ\u00f4mico e Social\u201d est\u00e1 previsto para dezembro e foi proposta pela bancada feminina","og_url":"https:\/\/comunicacaoeleitoral.ufpr.br\/index.php\/2016\/11\/11\/bancada-feminina-no-congresso-vai-discutir-presenca-da-mulher-na-politica\/","og_site_name":"Comunica\u00e7\u00e3o Eleitoral","article_publisher":"https:\/\/www.facebook.com\/Comunica%c3%a7%c3%a3o-Eleitoral-564214587069724\/","article_published_time":"2016-11-11T13:06:39+00:00","og_image":[{"url":"http:\/\/www.camara.gov.br\/internet\/bancoimagem\/banco\/img20161108193437044364.jpg"}],"author":"CEL UFPR","twitter_card":"summary_large_image","twitter_title":"Bancada feminina no Congresso vai discutir presen\u00e7a da mulher na pol\u00edtica","twitter_description":"O semin\u00e1rio \u201cMulheres no Poder: Di\u00e1logos sobre Empoderamento Pol\u00edtico, Econ\u00f4mico e Social\u201d est\u00e1 previsto para dezembro e foi proposta pela bancada feminina","twitter_misc":{"Escrito por":"CEL UFPR","Est. tempo de leitura":"2 minutos"},"schema":{"@context":"https:\/\/schema.org","@graph":[{"@type":"Article","@id":"https:\/\/comunicacaoeleitoral.ufpr.br\/index.php\/2016\/11\/11\/bancada-feminina-no-congresso-vai-discutir-presenca-da-mulher-na-politica\/#article","isPartOf":{"@id":"https:\/\/comunicacaoeleitoral.ufpr.br\/index.php\/2016\/11\/11\/bancada-feminina-no-congresso-vai-discutir-presenca-da-mulher-na-politica\/"},"author":{"name":"CEL UFPR","@id":"https:\/\/comunicacaoeleitoral.ufpr.br\/#\/schema\/person\/1f1b0fa714b592dcfee89e9824953d93"},"headline":"Bancada feminina no Congresso vai discutir presen\u00e7a da mulher na pol\u00edtica","datePublished":"2016-11-11T13:06:39+00:00","dateModified":"2016-11-11T13:06:39+00:00","mainEntityOfPage":{"@id":"https:\/\/comunicacaoeleitoral.ufpr.br\/index.php\/2016\/11\/11\/bancada-feminina-no-congresso-vai-discutir-presenca-da-mulher-na-politica\/"},"wordCount":453,"publisher":{"@id":"https:\/\/comunicacaoeleitoral.ufpr.br\/#organization"},"image":{"@id":"https:\/\/comunicacaoeleitoral.ufpr.br\/index.php\/2016\/11\/11\/bancada-feminina-no-congresso-vai-discutir-presenca-da-mulher-na-politica\/#primaryimage"},"thumbnailUrl":"http:\/\/www.camara.gov.br\/internet\/bancoimagem\/banco\/img20161108193437044364.jpg","keywords":["Bancada feminina","mulher","Participa\u00e7\u00e3o"],"articleSection":["Eventos","Not\u00edcias"],"inLanguage":"pt-BR"},{"@type":"WebPage","@id":"https:\/\/comunicacaoeleitoral.ufpr.br\/index.php\/2016\/11\/11\/bancada-feminina-no-congresso-vai-discutir-presenca-da-mulher-na-politica\/","url":"https:\/\/comunicacaoeleitoral.ufpr.br\/index.php\/2016\/11\/11\/bancada-feminina-no-congresso-vai-discutir-presenca-da-mulher-na-politica\/","name":"Bancada feminina no Congresso vai discutir presen\u00e7a da mulher na pol\u00edtica - Comunica\u00e7\u00e3o Eleitoral","isPartOf":{"@id":"https:\/\/comunicacaoeleitoral.ufpr.br\/#website"},"primaryImageOfPage":{"@id":"https:\/\/comunicacaoeleitoral.ufpr.br\/index.php\/2016\/11\/11\/bancada-feminina-no-congresso-vai-discutir-presenca-da-mulher-na-politica\/#primaryimage"},"image":{"@id":"https:\/\/comunicacaoeleitoral.ufpr.br\/index.php\/2016\/11\/11\/bancada-feminina-no-congresso-vai-discutir-presenca-da-mulher-na-politica\/#primaryimage"},"thumbnailUrl":"http:\/\/www.camara.gov.br\/internet\/bancoimagem\/banco\/img20161108193437044364.jpg","datePublished":"2016-11-11T13:06:39+00:00","dateModified":"2016-11-11T13:06:39+00:00","description":"O semin\u00e1rio \u201cMulheres no Poder: Di\u00e1logos sobre Empoderamento Pol\u00edtico, Econ\u00f4mico e Social\u201d est\u00e1 previsto para dezembro e foi proposta pela bancada feminina","breadcrumb":{"@id":"https:\/\/comunicacaoeleitoral.ufpr.br\/index.php\/2016\/11\/11\/bancada-feminina-no-congresso-vai-discutir-presenca-da-mulher-na-politica\/#breadcrumb"},"inLanguage":"pt-BR","potentialAction":[{"@type":"ReadAction","target":["https:\/\/comunicacaoeleitoral.ufpr.br\/index.php\/2016\/11\/11\/bancada-feminina-no-congresso-vai-discutir-presenca-da-mulher-na-politica\/"]}]},{"@type":"ImageObject","inLanguage":"pt-BR","@id":"https:\/\/comunicacaoeleitoral.ufpr.br\/index.php\/2016\/11\/11\/bancada-feminina-no-congresso-vai-discutir-presenca-da-mulher-na-politica\/#primaryimage","url":"http:\/\/www.camara.gov.br\/internet\/bancoimagem\/banco\/img20161108193437044364.jpg","contentUrl":"http:\/\/www.camara.gov.br\/internet\/bancoimagem\/banco\/img20161108193437044364.jpg"},{"@type":"BreadcrumbList","@id":"https:\/\/comunicacaoeleitoral.ufpr.br\/index.php\/2016\/11\/11\/bancada-feminina-no-congresso-vai-discutir-presenca-da-mulher-na-politica\/#breadcrumb","itemListElement":[{"@type":"ListItem","position":1,"name":"In\u00edcio","item":"https:\/\/comunicacaoeleitoral.ufpr.br\/"},{"@type":"ListItem","position":2,"name":"Bancada feminina no Congresso vai discutir presen\u00e7a da mulher na pol\u00edtica"}]},{"@type":"WebSite","@id":"https:\/\/comunicacaoeleitoral.ufpr.br\/#website","url":"https:\/\/comunicacaoeleitoral.ufpr.br\/","name":"Comunica\u00e7\u00e3o Eleitoral","description":"Grupo de pesquisa ligado \u00e0 linha de Comunica\u00e7\u00e3o e Pol\u00edtica do Programa de P\u00f3s-gradua\u00e7\u00e3o em Comunica\u00e7\u00e3o da Universidade Federal do Paran\u00e1.","publisher":{"@id":"https:\/\/comunicacaoeleitoral.ufpr.br\/#organization"},"potentialAction":[{"@type":"SearchAction","target":{"@type":"EntryPoint","urlTemplate":"https:\/\/comunicacaoeleitoral.ufpr.br\/?s={search_term_string}"},"query-input":"required name=search_term_string"}],"inLanguage":"pt-BR"},{"@type":"Organization","@id":"https:\/\/comunicacaoeleitoral.ufpr.br\/#organization","name":"Comunica\u00e7\u00e3o Eleitoral","url":"https:\/\/comunicacaoeleitoral.ufpr.br\/","logo":{"@type":"ImageObject","inLanguage":"pt-BR","@id":"https:\/\/comunicacaoeleitoral.ufpr.br\/#\/schema\/logo\/image\/","url":"https:\/\/comunicacaoeleitoral.ufpr.br\/wp-content\/uploads\/2015\/05\/header2c_celtalks.png","contentUrl":"https:\/\/comunicacaoeleitoral.ufpr.br\/wp-content\/uploads\/2015\/05\/header2c_celtalks.png","width":1800,"height":674,"caption":"Comunica\u00e7\u00e3o Eleitoral"},"image":{"@id":"https:\/\/comunicacaoeleitoral.ufpr.br\/#\/schema\/logo\/image\/"},"sameAs":["https:\/\/www.facebook.com\/Comunica\u00e7\u00e3o-Eleitoral-564214587069724\/","https:\/\/www.instagram.com\/comunicacaoeleitoral\/","https:\/\/www.youtube.com\/ocanalpanke"]},{"@type":"Person","@id":"https:\/\/comunicacaoeleitoral.ufpr.br\/#\/schema\/person\/1f1b0fa714b592dcfee89e9824953d93","name":"CEL UFPR","image":{"@type":"ImageObject","inLanguage":"pt-BR","@id":"https:\/\/comunicacaoeleitoral.ufpr.br\/#\/schema\/person\/image\/","url":"https:\/\/secure.gravatar.com\/avatar\/e73476db3cc561f956c8814cbc15a40e?s=96&d=mm&r=g","contentUrl":"https:\/\/secure.gravatar.com\/avatar\/e73476db3cc561f956c8814cbc15a40e?s=96&d=mm&r=g","caption":"CEL UFPR"},"url":"https:\/\/comunicacaoeleitoral.ufpr.br\/index.php\/author\/cel-ufpr\/"}]}},"_links":{"self":[{"href":"https:\/\/comunicacaoeleitoral.ufpr.br\/index.php\/wp-json\/wp\/v2\/posts\/1742"}],"collection":[{"href":"https:\/\/comunicacaoeleitoral.ufpr.br\/index.php\/wp-json\/wp\/v2\/posts"}],"about":[{"href":"https:\/\/comunicacaoeleitoral.ufpr.br\/index.php\/wp-json\/wp\/v2\/types\/post"}],"author":[{"embeddable":true,"href":"https:\/\/comunicacaoeleitoral.ufpr.br\/index.php\/wp-json\/wp\/v2\/users\/29"}],"replies":[{"embeddable":true,"href":"https:\/\/comunicacaoeleitoral.ufpr.br\/index.php\/wp-json\/wp\/v2\/comments?post=1742"}],"version-history":[{"count":1,"href":"https:\/\/comunicacaoeleitoral.ufpr.br\/index.php\/wp-json\/wp\/v2\/posts\/1742\/revisions"}],"predecessor-version":[{"id":1743,"href":"https:\/\/comunicacaoeleitoral.ufpr.br\/index.php\/wp-json\/wp\/v2\/posts\/1742\/revisions\/1743"}],"wp:attachment":[{"href":"https:\/\/comunicacaoeleitoral.ufpr.br\/index.php\/wp-json\/wp\/v2\/media?parent=1742"}],"wp:term":[{"taxonomy":"category","embeddable":true,"href":"https:\/\/comunicacaoeleitoral.ufpr.br\/index.php\/wp-json\/wp\/v2\/categories?post=1742"},{"taxonomy":"post_tag","embeddable":true,"href":"https:\/\/comunicacaoeleitoral.ufpr.br\/index.php\/wp-json\/wp\/v2\/tags?post=1742"}],"curies":[{"name":"wp","href":"https:\/\/api.w.org\/{rel}","templated":true}]}}