{"id":1722,"date":"2016-11-01T11:23:56","date_gmt":"2016-11-01T11:23:56","guid":{"rendered":"https:\/\/comunicacaoeleitoral.ufpr.br\/?p=1722"},"modified":"2017-04-25T12:52:43","modified_gmt":"2017-04-25T12:52:43","slug":"eleicoes-2016-18-deputados-federais-sao-eleitos-e-deixarao-camara","status":"publish","type":"post","link":"https:\/\/comunicacaoeleitoral.ufpr.br\/index.php\/2016\/11\/01\/eleicoes-2016-18-deputados-federais-sao-eleitos-e-deixarao-camara\/","title":{"rendered":"Elei\u00e7\u00f5es 2016: 18 deputados federais s\u00e3o eleitos e deixar\u00e3o C\u00e2mara"},"content":{"rendered":"<p style=\"text-align: justify;\"><a href=\"https:\/\/comunicacaoeleitoral.ufpr.br\/wp-content\/uploads\/2016\/11\/camara.jpg\"><img loading=\"lazy\" decoding=\"async\" class=\"wp-image-1719 aligncenter\" src=\"https:\/\/comunicacaoeleitoral.ufpr.br\/wp-content\/uploads\/2016\/11\/camara-1024x672.jpg\" alt=\"camara\" width=\"562\" height=\"551\" srcset=\"https:\/\/comunicacaoeleitoral.ufpr.br\/wp-content\/uploads\/2016\/11\/camara-50x50.jpg 50w, https:\/\/comunicacaoeleitoral.ufpr.br\/wp-content\/uploads\/2016\/11\/camara-57x57.jpg 57w\" sizes=\"(max-width: 562px) 100vw, 562px\" \/><\/a><a href=\"https:\/\/comunicacaoeleitoral.ufpr.br\/wp-content\/uploads\/2016\/11\/senado-not6067.jpg\"><br \/>\n<\/a>Dos 80 deputados federais que concorreram nas elei\u00e7\u00f5es municipais deste ano, 18 foram eleitos e deixar\u00e3o a C\u00e2mara dos Deputados nos pr\u00f3ximos meses. Desses, 14 assumir\u00e3o as chefias dos Executivos locais e quatro as vice-prefeituras.<\/p>\n<p style=\"text-align: justify;\">O n\u00famero de deputados eleitos no pleito municipal deste ano \u00e9 menor que o verificado na elei\u00e7\u00e3o municipal de 2012, quando 26 deputados se elegeram prefeitos. Na ocasi\u00e3o, 87 concorreram ao cargo.<\/p>\n<p style=\"text-align: justify;\">Na disputa em segundo turno, dos 16 concorrentes, seis foram eleitos prefeitos: Nelson Marchezan J\u00fanior (PSDB), Porto Alegre; Lu\u00eds Carlos Busato (PTB), Canoas (RS); Duarte Nogueira (PSDB), Ribeir\u00e3o Preto (SP); Max Filho (PSDB), Vila Velha (ES); Washington Reis (PMDB), Duque de Caxias (RJ); Anderson Ferreira (PR), Jaboat\u00e3o dos Guararapes (PE). Dois se elegeram vices: Marcos Rotta (PMDB), Manaus (AM); e Moroni Torgan (DEM), Fortaleza (CE).<\/p>\n<p style=\"text-align: justify;\">Outros dez deputados j\u00e1 tinham sido eleitos no primeiro turno, sendo oito a prefeitos: Marcelo Belinati (PP), Londrina (PR); Odelmo Le\u00e3o (PP), Uberl\u00e2ndia (MG); Dr. Jo\u00e3o (PR), S\u00e3o Jo\u00e3o do Meriti (RJ); Edinho Ara\u00fajo (PMDB), S\u00e3o Jos\u00e9 do Rio Preto (SP); Fabiano Horta (PT), Maric\u00e1 (RJ); Fernando Jord\u00e3o (PMDB), Angra dos Reis (RJ); Moema Gramacho (PT), Lauro de Freitas (BA); e Arnon Bezerra (PTB) em Juazeiro do Norte (CE). A vice foram eleitos Bruno Covas (PSDB), S\u00e3o Paulo; e Manoel J\u00fanior (PMDB), Jo\u00e3o Pessoa.<\/p>\n<p style=\"text-align: justify;\"><strong>Senado<\/strong><\/p>\n<p style=\"text-align: justify;\">No Senado, apenas o senador Marcelo Crivella (PRB-RJ) foi eleito prefeito ontem (30), em segundo turno. Ele vai assumir a prefeitura do Rio de Janeiro. Assumir\u00e1 a vaga dele, o suplente Eduardo Lopes, tamb\u00e9m do PRB. A senadora Marta Suplicy (PMDB-SP) tamb\u00e9m disputou a elei\u00e7\u00e3o municipal, mas foi derrotada na capital paulista.<\/p>\n<p style=\"text-align: justify;\">Fonte:\u00a0Iolando Louren\u00e7o &#8211;<a href=\"http:\/\/agenciabrasil.ebc.com.br\/\" target=\"_blank\"> Rep\u00f3rter da Ag\u00eancia Brasil<\/a><\/p>\n","protected":false},"excerpt":{"rendered":"<p>Dos 80 deputados federais que concorreram nas elei\u00e7\u00f5es municipais deste ano, 18 foram eleitos e deixar\u00e3o a C\u00e2mara dos Deputados nos pr\u00f3ximos meses. Desses, 14 assumir\u00e3o as chefias dos Executivos locais e quatro as vice-prefeituras. O n\u00famero de deputados eleitos no pleito municipal deste ano \u00e9 menor que o verificado na elei\u00e7\u00e3o municipal de 2012, [&hellip;]<\/p>\n","protected":false},"author":28,"featured_media":0,"comment_status":"closed","ping_status":"closed","sticky":false,"template":"","format":"standard","meta":{"_monsterinsights_skip_tracking":false,"_monsterinsights_sitenote_active":false,"_monsterinsights_sitenote_note":"","_monsterinsights_sitenote_category":0,"footnotes":""},"categories":[12],"tags":[28,40,33,122,331],"yoast_head":"<!-- This site is optimized with the Yoast SEO plugin v22.2 - https:\/\/yoast.com\/wordpress\/plugins\/seo\/ -->\n<title>18 deputados federais s\u00e3o eleitos e deixar\u00e3o C\u00e2mara<\/title>\n<meta name=\"description\" content=\"Dos 80 deputados federais que concorreram nas elei\u00e7\u00f5es municipais deste ano, 18 foram eleitos e deixar\u00e3o a C\u00e2mara dos Deputados nos pr\u00f3ximos meses.\" \/>\n<meta name=\"robots\" content=\"index, follow, max-snippet:-1, max-image-preview:large, max-video-preview:-1\" \/>\n<link rel=\"canonical\" href=\"https:\/\/comunicacaoeleitoral.ufpr.br\/index.php\/2016\/11\/01\/eleicoes-2016-18-deputados-federais-sao-eleitos-e-deixarao-camara\/\" \/>\n<meta property=\"og:locale\" content=\"pt_BR\" \/>\n<meta property=\"og:type\" content=\"article\" \/>\n<meta property=\"og:title\" content=\"18 deputados federais s\u00e3o eleitos e deixar\u00e3o C\u00e2mara\" \/>\n<meta property=\"og:description\" content=\"Dos 80 deputados federais que concorreram nas elei\u00e7\u00f5es municipais deste ano, 18 foram eleitos e deixar\u00e3o a C\u00e2mara dos Deputados nos pr\u00f3ximos meses.\" \/>\n<meta property=\"og:url\" content=\"https:\/\/comunicacaoeleitoral.ufpr.br\/index.php\/2016\/11\/01\/eleicoes-2016-18-deputados-federais-sao-eleitos-e-deixarao-camara\/\" \/>\n<meta property=\"og:site_name\" content=\"Comunica\u00e7\u00e3o Eleitoral\" \/>\n<meta property=\"article:publisher\" content=\"https:\/\/www.facebook.com\/Comunica%c3%a7%c3%a3o-Eleitoral-564214587069724\/\" \/>\n<meta property=\"article:published_time\" content=\"2016-11-01T11:23:56+00:00\" \/>\n<meta property=\"article:modified_time\" content=\"2017-04-25T12:52:43+00:00\" \/>\n<meta property=\"og:image\" content=\"https:\/\/comunicacaoeleitoral.ufpr.br\/wp-content\/uploads\/2016\/11\/camara-1024x672.jpg\" \/>\n<meta name=\"author\" content=\"Vivian Lemos\" \/>\n<meta name=\"twitter:card\" content=\"summary_large_image\" \/>\n<meta name=\"twitter:label1\" content=\"Escrito por\" \/>\n\t<meta name=\"twitter:data1\" content=\"Vivian Lemos\" \/>\n\t<meta name=\"twitter:label2\" content=\"Est. tempo de leitura\" \/>\n\t<meta name=\"twitter:data2\" content=\"1 minuto\" \/>\n<script type=\"application\/ld+json\" class=\"yoast-schema-graph\">{\"@context\":\"https:\/\/schema.org\",\"@graph\":[{\"@type\":\"Article\",\"@id\":\"https:\/\/comunicacaoeleitoral.ufpr.br\/index.php\/2016\/11\/01\/eleicoes-2016-18-deputados-federais-sao-eleitos-e-deixarao-camara\/#article\",\"isPartOf\":{\"@id\":\"https:\/\/comunicacaoeleitoral.ufpr.br\/index.php\/2016\/11\/01\/eleicoes-2016-18-deputados-federais-sao-eleitos-e-deixarao-camara\/\"},\"author\":{\"name\":\"Vivian Lemos\",\"@id\":\"https:\/\/comunicacaoeleitoral.ufpr.br\/#\/schema\/person\/877ba45697f2179310c85ad2f43514af\"},\"headline\":\"Elei\u00e7\u00f5es 2016: 18 deputados federais s\u00e3o eleitos e deixar\u00e3o C\u00e2mara\",\"datePublished\":\"2016-11-01T11:23:56+00:00\",\"dateModified\":\"2017-04-25T12:52:43+00:00\",\"mainEntityOfPage\":{\"@id\":\"https:\/\/comunicacaoeleitoral.ufpr.br\/index.php\/2016\/11\/01\/eleicoes-2016-18-deputados-federais-sao-eleitos-e-deixarao-camara\/\"},\"wordCount\":309,\"publisher\":{\"@id\":\"https:\/\/comunicacaoeleitoral.ufpr.br\/#organization\"},\"image\":{\"@id\":\"https:\/\/comunicacaoeleitoral.ufpr.br\/index.php\/2016\/11\/01\/eleicoes-2016-18-deputados-federais-sao-eleitos-e-deixarao-camara\/#primaryimage\"},\"thumbnailUrl\":\"https:\/\/comunicacaoeleitoral.ufpr.br\/wp-content\/uploads\/2016\/11\/camara-1024x672.jpg\",\"keywords\":[\"c\u00e2mara\",\"deputados\",\"elei\u00e7\u00f5es\",\"senado\",\"senadores\"],\"articleSection\":[\"Pol\u00edtica em foco\"],\"inLanguage\":\"pt-BR\"},{\"@type\":\"WebPage\",\"@id\":\"https:\/\/comunicacaoeleitoral.ufpr.br\/index.php\/2016\/11\/01\/eleicoes-2016-18-deputados-federais-sao-eleitos-e-deixarao-camara\/\",\"url\":\"https:\/\/comunicacaoeleitoral.ufpr.br\/index.php\/2016\/11\/01\/eleicoes-2016-18-deputados-federais-sao-eleitos-e-deixarao-camara\/\",\"name\":\"18 deputados federais s\u00e3o eleitos e deixar\u00e3o C\u00e2mara\",\"isPartOf\":{\"@id\":\"https:\/\/comunicacaoeleitoral.ufpr.br\/#website\"},\"primaryImageOfPage\":{\"@id\":\"https:\/\/comunicacaoeleitoral.ufpr.br\/index.php\/2016\/11\/01\/eleicoes-2016-18-deputados-federais-sao-eleitos-e-deixarao-camara\/#primaryimage\"},\"image\":{\"@id\":\"https:\/\/comunicacaoeleitoral.ufpr.br\/index.php\/2016\/11\/01\/eleicoes-2016-18-deputados-federais-sao-eleitos-e-deixarao-camara\/#primaryimage\"},\"thumbnailUrl\":\"https:\/\/comunicacaoeleitoral.ufpr.br\/wp-content\/uploads\/2016\/11\/camara-1024x672.jpg\",\"datePublished\":\"2016-11-01T11:23:56+00:00\",\"dateModified\":\"2017-04-25T12:52:43+00:00\",\"description\":\"Dos 80 deputados federais que concorreram nas elei\u00e7\u00f5es municipais deste ano, 18 foram eleitos e deixar\u00e3o a C\u00e2mara dos Deputados nos pr\u00f3ximos meses.\",\"breadcrumb\":{\"@id\":\"https:\/\/comunicacaoeleitoral.ufpr.br\/index.php\/2016\/11\/01\/eleicoes-2016-18-deputados-federais-sao-eleitos-e-deixarao-camara\/#breadcrumb\"},\"inLanguage\":\"pt-BR\",\"potentialAction\":[{\"@type\":\"ReadAction\",\"target\":[\"https:\/\/comunicacaoeleitoral.ufpr.br\/index.php\/2016\/11\/01\/eleicoes-2016-18-deputados-federais-sao-eleitos-e-deixarao-camara\/\"]}]},{\"@type\":\"ImageObject\",\"inLanguage\":\"pt-BR\",\"@id\":\"https:\/\/comunicacaoeleitoral.ufpr.br\/index.php\/2016\/11\/01\/eleicoes-2016-18-deputados-federais-sao-eleitos-e-deixarao-camara\/#primaryimage\",\"url\":\"https:\/\/comunicacaoeleitoral.ufpr.br\/wp-content\/uploads\/2016\/11\/camara.jpg\",\"contentUrl\":\"https:\/\/comunicacaoeleitoral.ufpr.br\/wp-content\/uploads\/2016\/11\/camara.jpg\",\"width\":1600,\"height\":1050},{\"@type\":\"BreadcrumbList\",\"@id\":\"https:\/\/comunicacaoeleitoral.ufpr.br\/index.php\/2016\/11\/01\/eleicoes-2016-18-deputados-federais-sao-eleitos-e-deixarao-camara\/#breadcrumb\",\"itemListElement\":[{\"@type\":\"ListItem\",\"position\":1,\"name\":\"In\u00edcio\",\"item\":\"https:\/\/comunicacaoeleitoral.ufpr.br\/\"},{\"@type\":\"ListItem\",\"position\":2,\"name\":\"Elei\u00e7\u00f5es 2016: 18 deputados federais s\u00e3o eleitos e deixar\u00e3o C\u00e2mara\"}]},{\"@type\":\"WebSite\",\"@id\":\"https:\/\/comunicacaoeleitoral.ufpr.br\/#website\",\"url\":\"https:\/\/comunicacaoeleitoral.ufpr.br\/\",\"name\":\"Comunica\u00e7\u00e3o Eleitoral\",\"description\":\"Grupo de pesquisa ligado \u00e0 linha de Comunica\u00e7\u00e3o e Pol\u00edtica do Programa de P\u00f3s-gradua\u00e7\u00e3o em Comunica\u00e7\u00e3o da Universidade Federal do Paran\u00e1.\",\"publisher\":{\"@id\":\"https:\/\/comunicacaoeleitoral.ufpr.br\/#organization\"},\"potentialAction\":[{\"@type\":\"SearchAction\",\"target\":{\"@type\":\"EntryPoint\",\"urlTemplate\":\"https:\/\/comunicacaoeleitoral.ufpr.br\/?s={search_term_string}\"},\"query-input\":\"required name=search_term_string\"}],\"inLanguage\":\"pt-BR\"},{\"@type\":\"Organization\",\"@id\":\"https:\/\/comunicacaoeleitoral.ufpr.br\/#organization\",\"name\":\"Comunica\u00e7\u00e3o Eleitoral\",\"url\":\"https:\/\/comunicacaoeleitoral.ufpr.br\/\",\"logo\":{\"@type\":\"ImageObject\",\"inLanguage\":\"pt-BR\",\"@id\":\"https:\/\/comunicacaoeleitoral.ufpr.br\/#\/schema\/logo\/image\/\",\"url\":\"https:\/\/comunicacaoeleitoral.ufpr.br\/wp-content\/uploads\/2015\/05\/header2c_celtalks.png\",\"contentUrl\":\"https:\/\/comunicacaoeleitoral.ufpr.br\/wp-content\/uploads\/2015\/05\/header2c_celtalks.png\",\"width\":1800,\"height\":674,\"caption\":\"Comunica\u00e7\u00e3o Eleitoral\"},\"image\":{\"@id\":\"https:\/\/comunicacaoeleitoral.ufpr.br\/#\/schema\/logo\/image\/\"},\"sameAs\":[\"https:\/\/www.facebook.com\/Comunica\u00e7\u00e3o-Eleitoral-564214587069724\/\",\"https:\/\/www.instagram.com\/comunicacaoeleitoral\/\",\"https:\/\/www.youtube.com\/ocanalpanke\"]},{\"@type\":\"Person\",\"@id\":\"https:\/\/comunicacaoeleitoral.ufpr.br\/#\/schema\/person\/877ba45697f2179310c85ad2f43514af\",\"name\":\"Vivian Lemos\",\"image\":{\"@type\":\"ImageObject\",\"inLanguage\":\"pt-BR\",\"@id\":\"https:\/\/comunicacaoeleitoral.ufpr.br\/#\/schema\/person\/image\/\",\"url\":\"https:\/\/secure.gravatar.com\/avatar\/b2a4a041bee382da046e85d3060b128c?s=96&d=mm&r=g\",\"contentUrl\":\"https:\/\/secure.gravatar.com\/avatar\/b2a4a041bee382da046e85d3060b128c?s=96&d=mm&r=g\",\"caption\":\"Vivian Lemos\"},\"url\":\"https:\/\/comunicacaoeleitoral.ufpr.br\/index.php\/author\/vivian-lemos\/\"}]}<\/script>\n<!-- \/ Yoast SEO plugin. -->","yoast_head_json":{"title":"18 deputados federais s\u00e3o eleitos e deixar\u00e3o C\u00e2mara","description":"Dos 80 deputados federais que concorreram nas elei\u00e7\u00f5es municipais deste ano, 18 foram eleitos e deixar\u00e3o a C\u00e2mara dos Deputados nos pr\u00f3ximos meses.","robots":{"index":"index","follow":"follow","max-snippet":"max-snippet:-1","max-image-preview":"max-image-preview:large","max-video-preview":"max-video-preview:-1"},"canonical":"https:\/\/comunicacaoeleitoral.ufpr.br\/index.php\/2016\/11\/01\/eleicoes-2016-18-deputados-federais-sao-eleitos-e-deixarao-camara\/","og_locale":"pt_BR","og_type":"article","og_title":"18 deputados federais s\u00e3o eleitos e deixar\u00e3o C\u00e2mara","og_description":"Dos 80 deputados federais que concorreram nas elei\u00e7\u00f5es municipais deste ano, 18 foram eleitos e deixar\u00e3o a C\u00e2mara dos Deputados nos pr\u00f3ximos meses.","og_url":"https:\/\/comunicacaoeleitoral.ufpr.br\/index.php\/2016\/11\/01\/eleicoes-2016-18-deputados-federais-sao-eleitos-e-deixarao-camara\/","og_site_name":"Comunica\u00e7\u00e3o Eleitoral","article_publisher":"https:\/\/www.facebook.com\/Comunica%c3%a7%c3%a3o-Eleitoral-564214587069724\/","article_published_time":"2016-11-01T11:23:56+00:00","article_modified_time":"2017-04-25T12:52:43+00:00","og_image":[{"url":"https:\/\/comunicacaoeleitoral.ufpr.br\/wp-content\/uploads\/2016\/11\/camara-1024x672.jpg"}],"author":"Vivian Lemos","twitter_card":"summary_large_image","twitter_misc":{"Escrito por":"Vivian Lemos","Est. tempo de leitura":"1 minuto"},"schema":{"@context":"https:\/\/schema.org","@graph":[{"@type":"Article","@id":"https:\/\/comunicacaoeleitoral.ufpr.br\/index.php\/2016\/11\/01\/eleicoes-2016-18-deputados-federais-sao-eleitos-e-deixarao-camara\/#article","isPartOf":{"@id":"https:\/\/comunicacaoeleitoral.ufpr.br\/index.php\/2016\/11\/01\/eleicoes-2016-18-deputados-federais-sao-eleitos-e-deixarao-camara\/"},"author":{"name":"Vivian Lemos","@id":"https:\/\/comunicacaoeleitoral.ufpr.br\/#\/schema\/person\/877ba45697f2179310c85ad2f43514af"},"headline":"Elei\u00e7\u00f5es 2016: 18 deputados federais s\u00e3o eleitos e deixar\u00e3o C\u00e2mara","datePublished":"2016-11-01T11:23:56+00:00","dateModified":"2017-04-25T12:52:43+00:00","mainEntityOfPage":{"@id":"https:\/\/comunicacaoeleitoral.ufpr.br\/index.php\/2016\/11\/01\/eleicoes-2016-18-deputados-federais-sao-eleitos-e-deixarao-camara\/"},"wordCount":309,"publisher":{"@id":"https:\/\/comunicacaoeleitoral.ufpr.br\/#organization"},"image":{"@id":"https:\/\/comunicacaoeleitoral.ufpr.br\/index.php\/2016\/11\/01\/eleicoes-2016-18-deputados-federais-sao-eleitos-e-deixarao-camara\/#primaryimage"},"thumbnailUrl":"https:\/\/comunicacaoeleitoral.ufpr.br\/wp-content\/uploads\/2016\/11\/camara-1024x672.jpg","keywords":["c\u00e2mara","deputados","elei\u00e7\u00f5es","senado","senadores"],"articleSection":["Pol\u00edtica em foco"],"inLanguage":"pt-BR"},{"@type":"WebPage","@id":"https:\/\/comunicacaoeleitoral.ufpr.br\/index.php\/2016\/11\/01\/eleicoes-2016-18-deputados-federais-sao-eleitos-e-deixarao-camara\/","url":"https:\/\/comunicacaoeleitoral.ufpr.br\/index.php\/2016\/11\/01\/eleicoes-2016-18-deputados-federais-sao-eleitos-e-deixarao-camara\/","name":"18 deputados federais s\u00e3o eleitos e deixar\u00e3o C\u00e2mara","isPartOf":{"@id":"https:\/\/comunicacaoeleitoral.ufpr.br\/#website"},"primaryImageOfPage":{"@id":"https:\/\/comunicacaoeleitoral.ufpr.br\/index.php\/2016\/11\/01\/eleicoes-2016-18-deputados-federais-sao-eleitos-e-deixarao-camara\/#primaryimage"},"image":{"@id":"https:\/\/comunicacaoeleitoral.ufpr.br\/index.php\/2016\/11\/01\/eleicoes-2016-18-deputados-federais-sao-eleitos-e-deixarao-camara\/#primaryimage"},"thumbnailUrl":"https:\/\/comunicacaoeleitoral.ufpr.br\/wp-content\/uploads\/2016\/11\/camara-1024x672.jpg","datePublished":"2016-11-01T11:23:56+00:00","dateModified":"2017-04-25T12:52:43+00:00","description":"Dos 80 deputados federais que concorreram nas elei\u00e7\u00f5es municipais deste ano, 18 foram eleitos e deixar\u00e3o a C\u00e2mara dos Deputados nos pr\u00f3ximos meses.","breadcrumb":{"@id":"https:\/\/comunicacaoeleitoral.ufpr.br\/index.php\/2016\/11\/01\/eleicoes-2016-18-deputados-federais-sao-eleitos-e-deixarao-camara\/#breadcrumb"},"inLanguage":"pt-BR","potentialAction":[{"@type":"ReadAction","target":["https:\/\/comunicacaoeleitoral.ufpr.br\/index.php\/2016\/11\/01\/eleicoes-2016-18-deputados-federais-sao-eleitos-e-deixarao-camara\/"]}]},{"@type":"ImageObject","inLanguage":"pt-BR","@id":"https:\/\/comunicacaoeleitoral.ufpr.br\/index.php\/2016\/11\/01\/eleicoes-2016-18-deputados-federais-sao-eleitos-e-deixarao-camara\/#primaryimage","url":"https:\/\/comunicacaoeleitoral.ufpr.br\/wp-content\/uploads\/2016\/11\/camara.jpg","contentUrl":"https:\/\/comunicacaoeleitoral.ufpr.br\/wp-content\/uploads\/2016\/11\/camara.jpg","width":1600,"height":1050},{"@type":"BreadcrumbList","@id":"https:\/\/comunicacaoeleitoral.ufpr.br\/index.php\/2016\/11\/01\/eleicoes-2016-18-deputados-federais-sao-eleitos-e-deixarao-camara\/#breadcrumb","itemListElement":[{"@type":"ListItem","position":1,"name":"In\u00edcio","item":"https:\/\/comunicacaoeleitoral.ufpr.br\/"},{"@type":"ListItem","position":2,"name":"Elei\u00e7\u00f5es 2016: 18 deputados federais s\u00e3o eleitos e deixar\u00e3o C\u00e2mara"}]},{"@type":"WebSite","@id":"https:\/\/comunicacaoeleitoral.ufpr.br\/#website","url":"https:\/\/comunicacaoeleitoral.ufpr.br\/","name":"Comunica\u00e7\u00e3o Eleitoral","description":"Grupo de pesquisa ligado \u00e0 linha de Comunica\u00e7\u00e3o e Pol\u00edtica do Programa de P\u00f3s-gradua\u00e7\u00e3o em Comunica\u00e7\u00e3o da Universidade Federal do Paran\u00e1.","publisher":{"@id":"https:\/\/comunicacaoeleitoral.ufpr.br\/#organization"},"potentialAction":[{"@type":"SearchAction","target":{"@type":"EntryPoint","urlTemplate":"https:\/\/comunicacaoeleitoral.ufpr.br\/?s={search_term_string}"},"query-input":"required name=search_term_string"}],"inLanguage":"pt-BR"},{"@type":"Organization","@id":"https:\/\/comunicacaoeleitoral.ufpr.br\/#organization","name":"Comunica\u00e7\u00e3o Eleitoral","url":"https:\/\/comunicacaoeleitoral.ufpr.br\/","logo":{"@type":"ImageObject","inLanguage":"pt-BR","@id":"https:\/\/comunicacaoeleitoral.ufpr.br\/#\/schema\/logo\/image\/","url":"https:\/\/comunicacaoeleitoral.ufpr.br\/wp-content\/uploads\/2015\/05\/header2c_celtalks.png","contentUrl":"https:\/\/comunicacaoeleitoral.ufpr.br\/wp-content\/uploads\/2015\/05\/header2c_celtalks.png","width":1800,"height":674,"caption":"Comunica\u00e7\u00e3o Eleitoral"},"image":{"@id":"https:\/\/comunicacaoeleitoral.ufpr.br\/#\/schema\/logo\/image\/"},"sameAs":["https:\/\/www.facebook.com\/Comunica\u00e7\u00e3o-Eleitoral-564214587069724\/","https:\/\/www.instagram.com\/comunicacaoeleitoral\/","https:\/\/www.youtube.com\/ocanalpanke"]},{"@type":"Person","@id":"https:\/\/comunicacaoeleitoral.ufpr.br\/#\/schema\/person\/877ba45697f2179310c85ad2f43514af","name":"Vivian Lemos","image":{"@type":"ImageObject","inLanguage":"pt-BR","@id":"https:\/\/comunicacaoeleitoral.ufpr.br\/#\/schema\/person\/image\/","url":"https:\/\/secure.gravatar.com\/avatar\/b2a4a041bee382da046e85d3060b128c?s=96&d=mm&r=g","contentUrl":"https:\/\/secure.gravatar.com\/avatar\/b2a4a041bee382da046e85d3060b128c?s=96&d=mm&r=g","caption":"Vivian Lemos"},"url":"https:\/\/comunicacaoeleitoral.ufpr.br\/index.php\/author\/vivian-lemos\/"}]}},"_links":{"self":[{"href":"https:\/\/comunicacaoeleitoral.ufpr.br\/index.php\/wp-json\/wp\/v2\/posts\/1722"}],"collection":[{"href":"https:\/\/comunicacaoeleitoral.ufpr.br\/index.php\/wp-json\/wp\/v2\/posts"}],"about":[{"href":"https:\/\/comunicacaoeleitoral.ufpr.br\/index.php\/wp-json\/wp\/v2\/types\/post"}],"author":[{"embeddable":true,"href":"https:\/\/comunicacaoeleitoral.ufpr.br\/index.php\/wp-json\/wp\/v2\/users\/28"}],"replies":[{"embeddable":true,"href":"https:\/\/comunicacaoeleitoral.ufpr.br\/index.php\/wp-json\/wp\/v2\/comments?post=1722"}],"version-history":[{"count":2,"href":"https:\/\/comunicacaoeleitoral.ufpr.br\/index.php\/wp-json\/wp\/v2\/posts\/1722\/revisions"}],"predecessor-version":[{"id":1724,"href":"https:\/\/comunicacaoeleitoral.ufpr.br\/index.php\/wp-json\/wp\/v2\/posts\/1722\/revisions\/1724"}],"wp:attachment":[{"href":"https:\/\/comunicacaoeleitoral.ufpr.br\/index.php\/wp-json\/wp\/v2\/media?parent=1722"}],"wp:term":[{"taxonomy":"category","embeddable":true,"href":"https:\/\/comunicacaoeleitoral.ufpr.br\/index.php\/wp-json\/wp\/v2\/categories?post=1722"},{"taxonomy":"post_tag","embeddable":true,"href":"https:\/\/comunicacaoeleitoral.ufpr.br\/index.php\/wp-json\/wp\/v2\/tags?post=1722"}],"curies":[{"name":"wp","href":"https:\/\/api.w.org\/{rel}","templated":true}]}}