{"id":1668,"date":"2016-10-18T11:52:42","date_gmt":"2016-10-18T11:52:42","guid":{"rendered":"https:\/\/comunicacaoeleitoral.ufpr.br\/?p=1668"},"modified":"2016-10-18T11:52:42","modified_gmt":"2016-10-18T11:52:42","slug":"pesquisadores-da-ufpr-lancam-site-sobre-comunicacao-politica-e-tecnologia-ponte","status":"publish","type":"post","link":"https:\/\/comunicacaoeleitoral.ufpr.br\/index.php\/2016\/10\/18\/pesquisadores-da-ufpr-lancam-site-sobre-comunicacao-politica-e-tecnologia-ponte\/","title":{"rendered":"Pesquisadores da UFPR lan\u00e7am site sobre Comunica\u00e7\u00e3o, Pol\u00edtica e Tecnologia (PONTE)"},"content":{"rendered":"<p style=\"text-align: justify;\"><em><a href=\"https:\/\/comunicacaoeleitoral.ufpr.br\/wp-content\/uploads\/2016\/10\/ponte.png\"><img loading=\"lazy\" decoding=\"async\" class=\"  wp-image-1669 aligncenter\" src=\"https:\/\/comunicacaoeleitoral.ufpr.br\/wp-content\/uploads\/2016\/10\/ponte.png\" alt=\"ponte\" width=\"236\" height=\"88\" \/><\/a>Novo site do PONTE, com vers\u00f5es em ingl\u00eas e portugu\u00eas, re\u00fane publica\u00e7\u00f5es cient\u00edficas e not\u00edcias da \u00e1rea de Comunica\u00e7\u00e3o e Pol\u00edtica<\/em><\/p>\n<p style=\"text-align: justify;\">O <strong><a href=\"http:\/\/www.ponte.ufpr.br\/\" target=\"_blank\">Grupo de Pesquisa em Comunica\u00e7\u00e3o, Pol\u00edtica e Tecnologia (PONTE)<\/a><\/strong> acaba de lan\u00e7ar um novo site. De acordo com o professor Jamil Marques, l\u00edder do Grupo, o objetivo da iniciativa \u00e9 dar visibilidade aos projetos desenvolvidos por investigadores vinculados ao Programa de P\u00f3s-Gradua\u00e7\u00e3o em Ci\u00eancia Pol\u00edtica e ao Programa de P\u00f3s-Gradua\u00e7\u00e3o em Comunica\u00e7\u00e3o da UFPR.<\/p>\n<p style=\"text-align: justify;\">Al\u00e9m de contar com um blog que divulga not\u00edcias sobre Comunica\u00e7\u00e3o e Pol\u00edtica, o site (com vers\u00f5es em portugu\u00eas &#8211; <a href=\"http:\/\/www.ponte.ufpr.br\/\" data-saferedirecturl=\"https:\/\/www.google.com\/url?hl=pt-BR&amp;q=http:\/\/www.ponte.ufpr.br\/&amp;source=gmail&amp;ust=1476877653824000&amp;usg=AFQjCNFelVCAHTz0icuVh_NVl989hWRhUA\">http:\/\/www.ponte.ufpr.br\/<\/a> &#8211; e em ingl\u00eas &#8211; <a href=\"http:\/\/www.ponte.ufpr.br\/en\/\" data-saferedirecturl=\"https:\/\/www.google.com\/url?hl=pt-BR&amp;q=http:\/\/www.ponte.ufpr.br\/en\/&amp;source=gmail&amp;ust=1476877653824000&amp;usg=AFQjCNEw4PlXQXdYhO-ve_t2kidaRQYEJg\">http:\/\/www.ponte.ufpr.br\/en\/<\/a>) permite o acompanhamento das produ\u00e7\u00f5es cient\u00edficas mais recentes dos pesquisadores do Grupo. Al\u00e9m disso, a p\u00e1gina lista os trabalhos lidos nas reuni\u00f5es quinzenais do PONTEe informa sobre eventos da \u00e1rea.<\/p>\n<p style=\"text-align: justify;\">\n<p style=\"text-align: justify;\"><strong>Sobre o PONTE<\/strong><\/p>\n<p style=\"text-align: justify;\">Criado em 2010 e inicialmente sediado na Universidade Federal do Cear\u00e1 (UFC), o PONTE teve suas atividades transferidas para a UFPR em julho de 2015. Os integrantes do PONTE se dedicam ao estudo de temas relacionados \u00e0 interface entre Comunica\u00e7\u00e3o e Pol\u00edtica, com \u00eanfase em Jornalismo Pol\u00edtico e Democracia Digital. Tamb\u00e9m s\u00e3o objetos de an\u00e1lise assuntos relacionados \u00e0 Propaganda Eleitoral e \u00e0 Comunica\u00e7\u00e3o Institucional.<\/p>\n<p style=\"text-align: justify;\">Al\u00e9m do v\u00ednculo com o Programa de P\u00f3s-Gradua\u00e7\u00e3o em Comunica\u00e7\u00e3o, com o Programa de P\u00f3s-Gradua\u00e7\u00e3o em Ci\u00eancia Pol\u00edtica e com o Departamento de Ci\u00eancia Pol\u00edtica (todos da UFPR), o PONTE mant\u00e9m registro formal junto ao Diret\u00f3rio de Grupos do CNPq. O grupo conta tamb\u00e9m com projetos financiados pela referida ag\u00eancia de fomento.<\/p>\n<p style=\"text-align: justify;\">\n<p style=\"text-align: justify;\"><strong>PONTE \u2013 Universidade Federal do Paran\u00e1<\/strong><\/p>\n<p style=\"text-align: justify;\">Facebook: <a href=\"https:\/\/www.facebook.com\/PONTE-UFPR-677182742434603\/\" data-saferedirecturl=\"https:\/\/www.google.com\/url?hl=pt-BR&amp;q=https:\/\/www.facebook.com\/PONTE-UFPR-677182742434603\/&amp;source=gmail&amp;ust=1476877653824000&amp;usg=AFQjCNGRqvZwYzIYDJ5-Z53jUIkqdA0Kaw\">www.facebook.com\/ponteufpr\u00a0<\/a><\/p>\n<p style=\"text-align: justify;\">Twitter: <a href=\"https:\/\/twitter.com\/ponteufpr\" data-saferedirecturl=\"https:\/\/www.google.com\/url?hl=pt-BR&amp;q=https:\/\/twitter.com\/ponteufpr&amp;source=gmail&amp;ust=1476877653824000&amp;usg=AFQjCNG2avIS4eRfSEOTWBCd6MBsqx5LFQ\">https:\/\/twitter.com\/ponteufpr<\/a><\/p>\n<p style=\"text-align: justify;\">Site (vers\u00e3o em portugu\u00eas): <a href=\"http:\/\/www.ponte.ufpr.br\/\" data-saferedirecturl=\"https:\/\/www.google.com\/url?hl=pt-BR&amp;q=http:\/\/www.ponte.ufpr.br\/&amp;source=gmail&amp;ust=1476877653825000&amp;usg=AFQjCNFE2yQPp0cphs9_xRFC6BfknaGuaw\">http:\/\/www.ponte.ufpr.br\/<\/a><\/p>\n<p style=\"text-align: justify;\">Site (vers\u00e3o em ingl\u00eas): <a href=\"http:\/\/www.ponte.ufpr.br\/en\/\" data-saferedirecturl=\"https:\/\/www.google.com\/url?hl=pt-BR&amp;q=http:\/\/www.ponte.ufpr.br\/en\/&amp;source=gmail&amp;ust=1476877653825000&amp;usg=AFQjCNFaKgE0W8hshhpBvUGpdChkDubQTw\">http:\/\/www.ponte.ufpr.br\/en\/<\/a><\/p>\n<p style=\"text-align: justify;\">E-mail: <a href=\"mailto:ponte@ufpr.br\">ponte@ufpr.br<\/a><\/p>\n<p style=\"text-align: justify;\">Diret\u00f3rio do CNPq: <a href=\"http:\/\/dgp.cnpq.br\/dgp\/espelhogrupo\/3217887721052025\" data-saferedirecturl=\"https:\/\/www.google.com\/url?hl=pt-BR&amp;q=http:\/\/dgp.cnpq.br\/dgp\/espelhogrupo\/3217887721052025&amp;source=gmail&amp;ust=1476877653825000&amp;usg=AFQjCNEoIyI1axtXZRbb7uawalhS_w2--Q\">http:\/\/dgp.cnpq.br\/dgp\/espelhogrupo\/3217887721052025<\/a><\/p>\n<p style=\"text-align: justify;\"><strong>\u00a0<\/strong><strong>Endere\u00e7o: Rua General Carneiro, 460, Ed. Dom Pedro I, 9\u00b0 andar, sala 907<\/strong><strong><br \/>\n<strong>CEP: 80060-150, Curitiba, Paran\u00e1, Brasil<\/strong><\/strong><\/p>\n","protected":false},"excerpt":{"rendered":"<p>Novo site do PONTE, com vers\u00f5es em ingl\u00eas e portugu\u00eas, re\u00fane publica\u00e7\u00f5es cient\u00edficas e not\u00edcias da \u00e1rea de Comunica\u00e7\u00e3o e Pol\u00edtica O Grupo de Pesquisa em Comunica\u00e7\u00e3o, Pol\u00edtica e Tecnologia (PONTE) acaba de lan\u00e7ar um novo site. De acordo com o professor Jamil Marques, l\u00edder do Grupo, o objetivo da iniciativa \u00e9 dar visibilidade aos [&hellip;]<\/p>\n","protected":false},"author":28,"featured_media":0,"comment_status":"closed","ping_status":"closed","sticky":false,"template":"","format":"standard","meta":{"_monsterinsights_skip_tracking":false,"_monsterinsights_sitenote_active":false,"_monsterinsights_sitenote_note":"","_monsterinsights_sitenote_category":0,"footnotes":""},"categories":[4],"tags":[17,19,16,321],"yoast_head":"<!-- This site is optimized with the Yoast SEO plugin v22.2 - https:\/\/yoast.com\/wordpress\/plugins\/seo\/ -->\n<title>Novo site sobre Comunica\u00e7\u00e3o, Pol\u00edtica e Tecnologia<\/title>\n<meta name=\"description\" content=\"Pesquisadores da UFPR lan\u00e7am o novo site do PONTE re\u00fane publica\u00e7\u00f5es cient\u00edficas e not\u00edcias da \u00e1rea de Comunica\u00e7\u00e3o e Pol\u00edtica\" \/>\n<meta name=\"robots\" content=\"index, follow, max-snippet:-1, max-image-preview:large, max-video-preview:-1\" \/>\n<link rel=\"canonical\" href=\"https:\/\/comunicacaoeleitoral.ufpr.br\/index.php\/2016\/10\/18\/pesquisadores-da-ufpr-lancam-site-sobre-comunicacao-politica-e-tecnologia-ponte\/\" \/>\n<meta property=\"og:locale\" content=\"pt_BR\" \/>\n<meta property=\"og:type\" content=\"article\" \/>\n<meta property=\"og:title\" content=\"Novo site sobre Comunica\u00e7\u00e3o, Pol\u00edtica e Tecnologia\" \/>\n<meta property=\"og:description\" content=\"Pesquisadores da UFPR lan\u00e7am o novo site do PONTE re\u00fane publica\u00e7\u00f5es cient\u00edficas e not\u00edcias da \u00e1rea de Comunica\u00e7\u00e3o e Pol\u00edtica\" \/>\n<meta property=\"og:url\" content=\"https:\/\/comunicacaoeleitoral.ufpr.br\/index.php\/2016\/10\/18\/pesquisadores-da-ufpr-lancam-site-sobre-comunicacao-politica-e-tecnologia-ponte\/\" \/>\n<meta property=\"og:site_name\" content=\"Comunica\u00e7\u00e3o Eleitoral\" \/>\n<meta property=\"article:publisher\" content=\"https:\/\/www.facebook.com\/Comunica%c3%a7%c3%a3o-Eleitoral-564214587069724\/\" \/>\n<meta property=\"article:published_time\" content=\"2016-10-18T11:52:42+00:00\" \/>\n<meta property=\"og:image\" content=\"https:\/\/comunicacaoeleitoral.ufpr.br\/wp-content\/uploads\/2016\/10\/ponte.png\" \/>\n<meta name=\"author\" content=\"Vivian Lemos\" \/>\n<meta name=\"twitter:card\" content=\"summary_large_image\" \/>\n<meta name=\"twitter:label1\" content=\"Escrito por\" \/>\n\t<meta name=\"twitter:data1\" content=\"Vivian Lemos\" \/>\n\t<meta name=\"twitter:label2\" content=\"Est. tempo de leitura\" \/>\n\t<meta name=\"twitter:data2\" content=\"2 minutos\" \/>\n<script type=\"application\/ld+json\" class=\"yoast-schema-graph\">{\"@context\":\"https:\/\/schema.org\",\"@graph\":[{\"@type\":\"Article\",\"@id\":\"https:\/\/comunicacaoeleitoral.ufpr.br\/index.php\/2016\/10\/18\/pesquisadores-da-ufpr-lancam-site-sobre-comunicacao-politica-e-tecnologia-ponte\/#article\",\"isPartOf\":{\"@id\":\"https:\/\/comunicacaoeleitoral.ufpr.br\/index.php\/2016\/10\/18\/pesquisadores-da-ufpr-lancam-site-sobre-comunicacao-politica-e-tecnologia-ponte\/\"},\"author\":{\"name\":\"Vivian Lemos\",\"@id\":\"https:\/\/comunicacaoeleitoral.ufpr.br\/#\/schema\/person\/877ba45697f2179310c85ad2f43514af\"},\"headline\":\"Pesquisadores da UFPR lan\u00e7am site sobre Comunica\u00e7\u00e3o, Pol\u00edtica e Tecnologia (PONTE)\",\"datePublished\":\"2016-10-18T11:52:42+00:00\",\"dateModified\":\"2016-10-18T11:52:42+00:00\",\"mainEntityOfPage\":{\"@id\":\"https:\/\/comunicacaoeleitoral.ufpr.br\/index.php\/2016\/10\/18\/pesquisadores-da-ufpr-lancam-site-sobre-comunicacao-politica-e-tecnologia-ponte\/\"},\"wordCount\":391,\"publisher\":{\"@id\":\"https:\/\/comunicacaoeleitoral.ufpr.br\/#organization\"},\"image\":{\"@id\":\"https:\/\/comunicacaoeleitoral.ufpr.br\/index.php\/2016\/10\/18\/pesquisadores-da-ufpr-lancam-site-sobre-comunicacao-politica-e-tecnologia-ponte\/#primaryimage\"},\"thumbnailUrl\":\"https:\/\/comunicacaoeleitoral.ufpr.br\/wp-content\/uploads\/2016\/10\/ponte.png\",\"keywords\":[\"comunica\u00e7\u00e3o\",\"comunica\u00e7\u00e3o pol\u00edtica\",\"pol\u00edtica\",\"Tecnologia\"],\"articleSection\":[\"Release de Imprensa\"],\"inLanguage\":\"pt-BR\"},{\"@type\":\"WebPage\",\"@id\":\"https:\/\/comunicacaoeleitoral.ufpr.br\/index.php\/2016\/10\/18\/pesquisadores-da-ufpr-lancam-site-sobre-comunicacao-politica-e-tecnologia-ponte\/\",\"url\":\"https:\/\/comunicacaoeleitoral.ufpr.br\/index.php\/2016\/10\/18\/pesquisadores-da-ufpr-lancam-site-sobre-comunicacao-politica-e-tecnologia-ponte\/\",\"name\":\"Novo site sobre Comunica\u00e7\u00e3o, Pol\u00edtica e Tecnologia\",\"isPartOf\":{\"@id\":\"https:\/\/comunicacaoeleitoral.ufpr.br\/#website\"},\"primaryImageOfPage\":{\"@id\":\"https:\/\/comunicacaoeleitoral.ufpr.br\/index.php\/2016\/10\/18\/pesquisadores-da-ufpr-lancam-site-sobre-comunicacao-politica-e-tecnologia-ponte\/#primaryimage\"},\"image\":{\"@id\":\"https:\/\/comunicacaoeleitoral.ufpr.br\/index.php\/2016\/10\/18\/pesquisadores-da-ufpr-lancam-site-sobre-comunicacao-politica-e-tecnologia-ponte\/#primaryimage\"},\"thumbnailUrl\":\"https:\/\/comunicacaoeleitoral.ufpr.br\/wp-content\/uploads\/2016\/10\/ponte.png\",\"datePublished\":\"2016-10-18T11:52:42+00:00\",\"dateModified\":\"2016-10-18T11:52:42+00:00\",\"description\":\"Pesquisadores da UFPR lan\u00e7am o novo site do PONTE re\u00fane publica\u00e7\u00f5es cient\u00edficas e not\u00edcias da \u00e1rea de Comunica\u00e7\u00e3o e Pol\u00edtica\",\"breadcrumb\":{\"@id\":\"https:\/\/comunicacaoeleitoral.ufpr.br\/index.php\/2016\/10\/18\/pesquisadores-da-ufpr-lancam-site-sobre-comunicacao-politica-e-tecnologia-ponte\/#breadcrumb\"},\"inLanguage\":\"pt-BR\",\"potentialAction\":[{\"@type\":\"ReadAction\",\"target\":[\"https:\/\/comunicacaoeleitoral.ufpr.br\/index.php\/2016\/10\/18\/pesquisadores-da-ufpr-lancam-site-sobre-comunicacao-politica-e-tecnologia-ponte\/\"]}]},{\"@type\":\"ImageObject\",\"inLanguage\":\"pt-BR\",\"@id\":\"https:\/\/comunicacaoeleitoral.ufpr.br\/index.php\/2016\/10\/18\/pesquisadores-da-ufpr-lancam-site-sobre-comunicacao-politica-e-tecnologia-ponte\/#primaryimage\",\"url\":\"https:\/\/comunicacaoeleitoral.ufpr.br\/wp-content\/uploads\/2016\/10\/ponte.png\",\"contentUrl\":\"https:\/\/comunicacaoeleitoral.ufpr.br\/wp-content\/uploads\/2016\/10\/ponte.png\",\"width\":150,\"height\":56},{\"@type\":\"BreadcrumbList\",\"@id\":\"https:\/\/comunicacaoeleitoral.ufpr.br\/index.php\/2016\/10\/18\/pesquisadores-da-ufpr-lancam-site-sobre-comunicacao-politica-e-tecnologia-ponte\/#breadcrumb\",\"itemListElement\":[{\"@type\":\"ListItem\",\"position\":1,\"name\":\"In\u00edcio\",\"item\":\"https:\/\/comunicacaoeleitoral.ufpr.br\/\"},{\"@type\":\"ListItem\",\"position\":2,\"name\":\"Pesquisadores da UFPR lan\u00e7am site sobre Comunica\u00e7\u00e3o, Pol\u00edtica e Tecnologia (PONTE)\"}]},{\"@type\":\"WebSite\",\"@id\":\"https:\/\/comunicacaoeleitoral.ufpr.br\/#website\",\"url\":\"https:\/\/comunicacaoeleitoral.ufpr.br\/\",\"name\":\"Comunica\u00e7\u00e3o Eleitoral\",\"description\":\"Grupo de pesquisa ligado \u00e0 linha de Comunica\u00e7\u00e3o e Pol\u00edtica do Programa de P\u00f3s-gradua\u00e7\u00e3o em Comunica\u00e7\u00e3o da Universidade Federal do Paran\u00e1.\",\"publisher\":{\"@id\":\"https:\/\/comunicacaoeleitoral.ufpr.br\/#organization\"},\"potentialAction\":[{\"@type\":\"SearchAction\",\"target\":{\"@type\":\"EntryPoint\",\"urlTemplate\":\"https:\/\/comunicacaoeleitoral.ufpr.br\/?s={search_term_string}\"},\"query-input\":\"required name=search_term_string\"}],\"inLanguage\":\"pt-BR\"},{\"@type\":\"Organization\",\"@id\":\"https:\/\/comunicacaoeleitoral.ufpr.br\/#organization\",\"name\":\"Comunica\u00e7\u00e3o Eleitoral\",\"url\":\"https:\/\/comunicacaoeleitoral.ufpr.br\/\",\"logo\":{\"@type\":\"ImageObject\",\"inLanguage\":\"pt-BR\",\"@id\":\"https:\/\/comunicacaoeleitoral.ufpr.br\/#\/schema\/logo\/image\/\",\"url\":\"https:\/\/comunicacaoeleitoral.ufpr.br\/wp-content\/uploads\/2015\/05\/header2c_celtalks.png\",\"contentUrl\":\"https:\/\/comunicacaoeleitoral.ufpr.br\/wp-content\/uploads\/2015\/05\/header2c_celtalks.png\",\"width\":1800,\"height\":674,\"caption\":\"Comunica\u00e7\u00e3o Eleitoral\"},\"image\":{\"@id\":\"https:\/\/comunicacaoeleitoral.ufpr.br\/#\/schema\/logo\/image\/\"},\"sameAs\":[\"https:\/\/www.facebook.com\/Comunica\u00e7\u00e3o-Eleitoral-564214587069724\/\",\"https:\/\/www.instagram.com\/comunicacaoeleitoral\/\",\"https:\/\/www.youtube.com\/ocanalpanke\"]},{\"@type\":\"Person\",\"@id\":\"https:\/\/comunicacaoeleitoral.ufpr.br\/#\/schema\/person\/877ba45697f2179310c85ad2f43514af\",\"name\":\"Vivian Lemos\",\"image\":{\"@type\":\"ImageObject\",\"inLanguage\":\"pt-BR\",\"@id\":\"https:\/\/comunicacaoeleitoral.ufpr.br\/#\/schema\/person\/image\/\",\"url\":\"https:\/\/secure.gravatar.com\/avatar\/b2a4a041bee382da046e85d3060b128c?s=96&d=mm&r=g\",\"contentUrl\":\"https:\/\/secure.gravatar.com\/avatar\/b2a4a041bee382da046e85d3060b128c?s=96&d=mm&r=g\",\"caption\":\"Vivian Lemos\"},\"url\":\"https:\/\/comunicacaoeleitoral.ufpr.br\/index.php\/author\/vivian-lemos\/\"}]}<\/script>\n<!-- \/ Yoast SEO plugin. -->","yoast_head_json":{"title":"Novo site sobre Comunica\u00e7\u00e3o, Pol\u00edtica e Tecnologia","description":"Pesquisadores da UFPR lan\u00e7am o novo site do PONTE re\u00fane publica\u00e7\u00f5es cient\u00edficas e not\u00edcias da \u00e1rea de Comunica\u00e7\u00e3o e Pol\u00edtica","robots":{"index":"index","follow":"follow","max-snippet":"max-snippet:-1","max-image-preview":"max-image-preview:large","max-video-preview":"max-video-preview:-1"},"canonical":"https:\/\/comunicacaoeleitoral.ufpr.br\/index.php\/2016\/10\/18\/pesquisadores-da-ufpr-lancam-site-sobre-comunicacao-politica-e-tecnologia-ponte\/","og_locale":"pt_BR","og_type":"article","og_title":"Novo site sobre Comunica\u00e7\u00e3o, Pol\u00edtica e Tecnologia","og_description":"Pesquisadores da UFPR lan\u00e7am o novo site do PONTE re\u00fane publica\u00e7\u00f5es cient\u00edficas e not\u00edcias da \u00e1rea de Comunica\u00e7\u00e3o e Pol\u00edtica","og_url":"https:\/\/comunicacaoeleitoral.ufpr.br\/index.php\/2016\/10\/18\/pesquisadores-da-ufpr-lancam-site-sobre-comunicacao-politica-e-tecnologia-ponte\/","og_site_name":"Comunica\u00e7\u00e3o Eleitoral","article_publisher":"https:\/\/www.facebook.com\/Comunica%c3%a7%c3%a3o-Eleitoral-564214587069724\/","article_published_time":"2016-10-18T11:52:42+00:00","og_image":[{"url":"https:\/\/comunicacaoeleitoral.ufpr.br\/wp-content\/uploads\/2016\/10\/ponte.png"}],"author":"Vivian Lemos","twitter_card":"summary_large_image","twitter_misc":{"Escrito por":"Vivian Lemos","Est. tempo de leitura":"2 minutos"},"schema":{"@context":"https:\/\/schema.org","@graph":[{"@type":"Article","@id":"https:\/\/comunicacaoeleitoral.ufpr.br\/index.php\/2016\/10\/18\/pesquisadores-da-ufpr-lancam-site-sobre-comunicacao-politica-e-tecnologia-ponte\/#article","isPartOf":{"@id":"https:\/\/comunicacaoeleitoral.ufpr.br\/index.php\/2016\/10\/18\/pesquisadores-da-ufpr-lancam-site-sobre-comunicacao-politica-e-tecnologia-ponte\/"},"author":{"name":"Vivian Lemos","@id":"https:\/\/comunicacaoeleitoral.ufpr.br\/#\/schema\/person\/877ba45697f2179310c85ad2f43514af"},"headline":"Pesquisadores da UFPR lan\u00e7am site sobre Comunica\u00e7\u00e3o, Pol\u00edtica e Tecnologia (PONTE)","datePublished":"2016-10-18T11:52:42+00:00","dateModified":"2016-10-18T11:52:42+00:00","mainEntityOfPage":{"@id":"https:\/\/comunicacaoeleitoral.ufpr.br\/index.php\/2016\/10\/18\/pesquisadores-da-ufpr-lancam-site-sobre-comunicacao-politica-e-tecnologia-ponte\/"},"wordCount":391,"publisher":{"@id":"https:\/\/comunicacaoeleitoral.ufpr.br\/#organization"},"image":{"@id":"https:\/\/comunicacaoeleitoral.ufpr.br\/index.php\/2016\/10\/18\/pesquisadores-da-ufpr-lancam-site-sobre-comunicacao-politica-e-tecnologia-ponte\/#primaryimage"},"thumbnailUrl":"https:\/\/comunicacaoeleitoral.ufpr.br\/wp-content\/uploads\/2016\/10\/ponte.png","keywords":["comunica\u00e7\u00e3o","comunica\u00e7\u00e3o pol\u00edtica","pol\u00edtica","Tecnologia"],"articleSection":["Release de Imprensa"],"inLanguage":"pt-BR"},{"@type":"WebPage","@id":"https:\/\/comunicacaoeleitoral.ufpr.br\/index.php\/2016\/10\/18\/pesquisadores-da-ufpr-lancam-site-sobre-comunicacao-politica-e-tecnologia-ponte\/","url":"https:\/\/comunicacaoeleitoral.ufpr.br\/index.php\/2016\/10\/18\/pesquisadores-da-ufpr-lancam-site-sobre-comunicacao-politica-e-tecnologia-ponte\/","name":"Novo site sobre Comunica\u00e7\u00e3o, Pol\u00edtica e Tecnologia","isPartOf":{"@id":"https:\/\/comunicacaoeleitoral.ufpr.br\/#website"},"primaryImageOfPage":{"@id":"https:\/\/comunicacaoeleitoral.ufpr.br\/index.php\/2016\/10\/18\/pesquisadores-da-ufpr-lancam-site-sobre-comunicacao-politica-e-tecnologia-ponte\/#primaryimage"},"image":{"@id":"https:\/\/comunicacaoeleitoral.ufpr.br\/index.php\/2016\/10\/18\/pesquisadores-da-ufpr-lancam-site-sobre-comunicacao-politica-e-tecnologia-ponte\/#primaryimage"},"thumbnailUrl":"https:\/\/comunicacaoeleitoral.ufpr.br\/wp-content\/uploads\/2016\/10\/ponte.png","datePublished":"2016-10-18T11:52:42+00:00","dateModified":"2016-10-18T11:52:42+00:00","description":"Pesquisadores da UFPR lan\u00e7am o novo site do PONTE re\u00fane publica\u00e7\u00f5es cient\u00edficas e not\u00edcias da \u00e1rea de Comunica\u00e7\u00e3o e Pol\u00edtica","breadcrumb":{"@id":"https:\/\/comunicacaoeleitoral.ufpr.br\/index.php\/2016\/10\/18\/pesquisadores-da-ufpr-lancam-site-sobre-comunicacao-politica-e-tecnologia-ponte\/#breadcrumb"},"inLanguage":"pt-BR","potentialAction":[{"@type":"ReadAction","target":["https:\/\/comunicacaoeleitoral.ufpr.br\/index.php\/2016\/10\/18\/pesquisadores-da-ufpr-lancam-site-sobre-comunicacao-politica-e-tecnologia-ponte\/"]}]},{"@type":"ImageObject","inLanguage":"pt-BR","@id":"https:\/\/comunicacaoeleitoral.ufpr.br\/index.php\/2016\/10\/18\/pesquisadores-da-ufpr-lancam-site-sobre-comunicacao-politica-e-tecnologia-ponte\/#primaryimage","url":"https:\/\/comunicacaoeleitoral.ufpr.br\/wp-content\/uploads\/2016\/10\/ponte.png","contentUrl":"https:\/\/comunicacaoeleitoral.ufpr.br\/wp-content\/uploads\/2016\/10\/ponte.png","width":150,"height":56},{"@type":"BreadcrumbList","@id":"https:\/\/comunicacaoeleitoral.ufpr.br\/index.php\/2016\/10\/18\/pesquisadores-da-ufpr-lancam-site-sobre-comunicacao-politica-e-tecnologia-ponte\/#breadcrumb","itemListElement":[{"@type":"ListItem","position":1,"name":"In\u00edcio","item":"https:\/\/comunicacaoeleitoral.ufpr.br\/"},{"@type":"ListItem","position":2,"name":"Pesquisadores da UFPR lan\u00e7am site sobre Comunica\u00e7\u00e3o, Pol\u00edtica e Tecnologia (PONTE)"}]},{"@type":"WebSite","@id":"https:\/\/comunicacaoeleitoral.ufpr.br\/#website","url":"https:\/\/comunicacaoeleitoral.ufpr.br\/","name":"Comunica\u00e7\u00e3o Eleitoral","description":"Grupo de pesquisa ligado \u00e0 linha de Comunica\u00e7\u00e3o e Pol\u00edtica do Programa de P\u00f3s-gradua\u00e7\u00e3o em Comunica\u00e7\u00e3o da Universidade Federal do Paran\u00e1.","publisher":{"@id":"https:\/\/comunicacaoeleitoral.ufpr.br\/#organization"},"potentialAction":[{"@type":"SearchAction","target":{"@type":"EntryPoint","urlTemplate":"https:\/\/comunicacaoeleitoral.ufpr.br\/?s={search_term_string}"},"query-input":"required name=search_term_string"}],"inLanguage":"pt-BR"},{"@type":"Organization","@id":"https:\/\/comunicacaoeleitoral.ufpr.br\/#organization","name":"Comunica\u00e7\u00e3o Eleitoral","url":"https:\/\/comunicacaoeleitoral.ufpr.br\/","logo":{"@type":"ImageObject","inLanguage":"pt-BR","@id":"https:\/\/comunicacaoeleitoral.ufpr.br\/#\/schema\/logo\/image\/","url":"https:\/\/comunicacaoeleitoral.ufpr.br\/wp-content\/uploads\/2015\/05\/header2c_celtalks.png","contentUrl":"https:\/\/comunicacaoeleitoral.ufpr.br\/wp-content\/uploads\/2015\/05\/header2c_celtalks.png","width":1800,"height":674,"caption":"Comunica\u00e7\u00e3o Eleitoral"},"image":{"@id":"https:\/\/comunicacaoeleitoral.ufpr.br\/#\/schema\/logo\/image\/"},"sameAs":["https:\/\/www.facebook.com\/Comunica\u00e7\u00e3o-Eleitoral-564214587069724\/","https:\/\/www.instagram.com\/comunicacaoeleitoral\/","https:\/\/www.youtube.com\/ocanalpanke"]},{"@type":"Person","@id":"https:\/\/comunicacaoeleitoral.ufpr.br\/#\/schema\/person\/877ba45697f2179310c85ad2f43514af","name":"Vivian Lemos","image":{"@type":"ImageObject","inLanguage":"pt-BR","@id":"https:\/\/comunicacaoeleitoral.ufpr.br\/#\/schema\/person\/image\/","url":"https:\/\/secure.gravatar.com\/avatar\/b2a4a041bee382da046e85d3060b128c?s=96&d=mm&r=g","contentUrl":"https:\/\/secure.gravatar.com\/avatar\/b2a4a041bee382da046e85d3060b128c?s=96&d=mm&r=g","caption":"Vivian Lemos"},"url":"https:\/\/comunicacaoeleitoral.ufpr.br\/index.php\/author\/vivian-lemos\/"}]}},"_links":{"self":[{"href":"https:\/\/comunicacaoeleitoral.ufpr.br\/index.php\/wp-json\/wp\/v2\/posts\/1668"}],"collection":[{"href":"https:\/\/comunicacaoeleitoral.ufpr.br\/index.php\/wp-json\/wp\/v2\/posts"}],"about":[{"href":"https:\/\/comunicacaoeleitoral.ufpr.br\/index.php\/wp-json\/wp\/v2\/types\/post"}],"author":[{"embeddable":true,"href":"https:\/\/comunicacaoeleitoral.ufpr.br\/index.php\/wp-json\/wp\/v2\/users\/28"}],"replies":[{"embeddable":true,"href":"https:\/\/comunicacaoeleitoral.ufpr.br\/index.php\/wp-json\/wp\/v2\/comments?post=1668"}],"version-history":[{"count":1,"href":"https:\/\/comunicacaoeleitoral.ufpr.br\/index.php\/wp-json\/wp\/v2\/posts\/1668\/revisions"}],"predecessor-version":[{"id":1670,"href":"https:\/\/comunicacaoeleitoral.ufpr.br\/index.php\/wp-json\/wp\/v2\/posts\/1668\/revisions\/1670"}],"wp:attachment":[{"href":"https:\/\/comunicacaoeleitoral.ufpr.br\/index.php\/wp-json\/wp\/v2\/media?parent=1668"}],"wp:term":[{"taxonomy":"category","embeddable":true,"href":"https:\/\/comunicacaoeleitoral.ufpr.br\/index.php\/wp-json\/wp\/v2\/categories?post=1668"},{"taxonomy":"post_tag","embeddable":true,"href":"https:\/\/comunicacaoeleitoral.ufpr.br\/index.php\/wp-json\/wp\/v2\/tags?post=1668"}],"curies":[{"name":"wp","href":"https:\/\/api.w.org\/{rel}","templated":true}]}}