{"id":1630,"date":"2016-09-27T12:21:10","date_gmt":"2016-09-27T12:21:10","guid":{"rendered":"https:\/\/comunicacaoeleitoral.ufpr.br\/?p=1630"},"modified":"2016-09-27T12:21:10","modified_gmt":"2016-09-27T12:21:10","slug":"faltam-5-dias-eleitores-nao-podem-ser-presos-a-partir-de-hoje-27","status":"publish","type":"post","link":"https:\/\/comunicacaoeleitoral.ufpr.br\/index.php\/2016\/09\/27\/faltam-5-dias-eleitores-nao-podem-ser-presos-a-partir-de-hoje-27\/","title":{"rendered":"Faltam 5 dias: eleitores n\u00e3o podem ser presos a partir de hoje (27)"},"content":{"rendered":"<p><img loading=\"lazy\" decoding=\"async\" class=\" size-medium wp-image-1631 aligncenter\" src=\"https:\/\/comunicacaoeleitoral.ufpr.br\/wp-content\/uploads\/2016\/09\/eleicoes-2016-300x145.jpeg\" alt=\"eleicoes 2016\" width=\"300\" height=\"145\" srcset=\"https:\/\/comunicacaoeleitoral.ufpr.br\/wp-content\/uploads\/2016\/09\/eleicoes-2016-300x145.jpeg 300w, https:\/\/comunicacaoeleitoral.ufpr.br\/wp-content\/uploads\/2016\/09\/eleicoes-2016.jpeg 543w\" sizes=\"(max-width: 300px) 100vw, 300px\" \/><\/p>\n<p style=\"text-align: justify;\">A partir desta ter\u00e7a-feira (27) e at\u00e9 48 horas depois do encerramento da vota\u00e7\u00e3o, nenhum eleitor poder\u00e1 ser preso ou detido, salvo em flagrante delito, ou em virtude de senten\u00e7a criminal condenat\u00f3ria por crime inafian\u00e7\u00e1vel, ou, ainda, por desrespeito a salvo-conduto. A determina\u00e7\u00e3o consta do C\u00f3digo Eleitoral (artigo 236).<\/p>\n<p style=\"text-align: justify;\">No entanto, o eleitor poder\u00e1 ser preso em flagrante delito se arregimentar outros eleitores ou fizer propaganda de boca de urna no dia da elei\u00e7\u00e3o. Tamb\u00e9m constitui crime usar alto-falante e amplificador de som, promover com\u00edcio ou carreata e divulgar qualquer esp\u00e9cie de propaganda de partido pol\u00edtico ou candidato.<\/p>\n<p style=\"text-align: justify;\">O eleitor que for flagrado praticando tais crimes ser\u00e1 punido com deten\u00e7\u00e3o de seis meses a um ano, com a alternativa de presta\u00e7\u00e3o de servi\u00e7os \u00e0 comunidade pelo mesmo per\u00edodo, e multa no valor de 5 mil a 15 mil UFIR.<\/p>\n<p style=\"text-align: justify;\">\n<p style=\"text-align: justify;\">Fonte: <a href=\"http:\/\/www.tse.jus.br\/\" target=\"_blank\">Tribunal Superior Eleitoral<\/a><\/p>\n","protected":false},"excerpt":{"rendered":"<p>A partir desta ter\u00e7a-feira (27) e at\u00e9 48 horas depois do encerramento da vota\u00e7\u00e3o, nenhum eleitor poder\u00e1 ser preso ou detido, salvo em flagrante delito, ou em virtude de senten\u00e7a criminal condenat\u00f3ria por crime inafian\u00e7\u00e1vel, ou, ainda, por desrespeito a salvo-conduto. A determina\u00e7\u00e3o consta do C\u00f3digo Eleitoral (artigo 236). No entanto, o eleitor poder\u00e1 ser [&hellip;]<\/p>\n","protected":false},"author":28,"featured_media":0,"comment_status":"closed","ping_status":"closed","sticky":false,"template":"","format":"standard","meta":{"_monsterinsights_skip_tracking":false,"_monsterinsights_sitenote_active":false,"_monsterinsights_sitenote_note":"","_monsterinsights_sitenote_category":0,"footnotes":""},"categories":[12],"tags":[307,305,306],"yoast_head":"<!-- This site is optimized with the Yoast SEO plugin v22.2 - https:\/\/yoast.com\/wordpress\/plugins\/seo\/ -->\n<title>Eleitores n\u00e3o podem ser presos a partir de hoje<\/title>\n<meta name=\"description\" content=\"Saiba quais s\u00e3o as restri\u00e7\u00f5es para a pris\u00e3o ou deten\u00e7\u00e3o de eleitores entre o dia de hoje e at\u00e9 48 horas depois do encerramento da vota\u00e7\u00e3o\" \/>\n<meta name=\"robots\" content=\"index, follow, max-snippet:-1, max-image-preview:large, max-video-preview:-1\" \/>\n<link rel=\"canonical\" href=\"https:\/\/comunicacaoeleitoral.ufpr.br\/index.php\/2016\/09\/27\/faltam-5-dias-eleitores-nao-podem-ser-presos-a-partir-de-hoje-27\/\" \/>\n<meta property=\"og:locale\" content=\"pt_BR\" \/>\n<meta property=\"og:type\" content=\"article\" \/>\n<meta property=\"og:title\" content=\"Eleitores n\u00e3o podem ser presos a partir de hoje\" \/>\n<meta property=\"og:description\" content=\"Saiba quais s\u00e3o as restri\u00e7\u00f5es para a pris\u00e3o ou deten\u00e7\u00e3o de eleitores entre o dia de hoje e at\u00e9 48 horas depois do encerramento da vota\u00e7\u00e3o\" \/>\n<meta property=\"og:url\" content=\"https:\/\/comunicacaoeleitoral.ufpr.br\/index.php\/2016\/09\/27\/faltam-5-dias-eleitores-nao-podem-ser-presos-a-partir-de-hoje-27\/\" \/>\n<meta property=\"og:site_name\" content=\"Comunica\u00e7\u00e3o Eleitoral\" \/>\n<meta property=\"article:publisher\" content=\"https:\/\/www.facebook.com\/Comunica%c3%a7%c3%a3o-Eleitoral-564214587069724\/\" \/>\n<meta property=\"article:published_time\" content=\"2016-09-27T12:21:10+00:00\" \/>\n<meta property=\"og:image\" content=\"https:\/\/comunicacaoeleitoral.ufpr.br\/wp-content\/uploads\/2016\/09\/eleicoes-2016-300x145.jpeg\" \/>\n<meta name=\"author\" content=\"Vivian Lemos\" \/>\n<meta name=\"twitter:card\" content=\"summary_large_image\" \/>\n<meta name=\"twitter:label1\" content=\"Escrito por\" \/>\n\t<meta name=\"twitter:data1\" content=\"Vivian Lemos\" \/>\n\t<meta name=\"twitter:label2\" content=\"Est. tempo de leitura\" \/>\n\t<meta name=\"twitter:data2\" content=\"1 minuto\" \/>\n<script type=\"application\/ld+json\" class=\"yoast-schema-graph\">{\"@context\":\"https:\/\/schema.org\",\"@graph\":[{\"@type\":\"Article\",\"@id\":\"https:\/\/comunicacaoeleitoral.ufpr.br\/index.php\/2016\/09\/27\/faltam-5-dias-eleitores-nao-podem-ser-presos-a-partir-de-hoje-27\/#article\",\"isPartOf\":{\"@id\":\"https:\/\/comunicacaoeleitoral.ufpr.br\/index.php\/2016\/09\/27\/faltam-5-dias-eleitores-nao-podem-ser-presos-a-partir-de-hoje-27\/\"},\"author\":{\"name\":\"Vivian Lemos\",\"@id\":\"https:\/\/comunicacaoeleitoral.ufpr.br\/#\/schema\/person\/877ba45697f2179310c85ad2f43514af\"},\"headline\":\"Faltam 5 dias: eleitores n\u00e3o podem ser presos a partir de hoje (27)\",\"datePublished\":\"2016-09-27T12:21:10+00:00\",\"dateModified\":\"2016-09-27T12:21:10+00:00\",\"mainEntityOfPage\":{\"@id\":\"https:\/\/comunicacaoeleitoral.ufpr.br\/index.php\/2016\/09\/27\/faltam-5-dias-eleitores-nao-podem-ser-presos-a-partir-de-hoje-27\/\"},\"wordCount\":165,\"publisher\":{\"@id\":\"https:\/\/comunicacaoeleitoral.ufpr.br\/#organization\"},\"image\":{\"@id\":\"https:\/\/comunicacaoeleitoral.ufpr.br\/index.php\/2016\/09\/27\/faltam-5-dias-eleitores-nao-podem-ser-presos-a-partir-de-hoje-27\/#primaryimage\"},\"thumbnailUrl\":\"https:\/\/comunicacaoeleitoral.ufpr.br\/wp-content\/uploads\/2016\/09\/eleicoes-2016-300x145.jpeg\",\"keywords\":[\"deten\u00e7\u00e3o\",\"eleitores\",\"pris\u00e3o\"],\"articleSection\":[\"Pol\u00edtica em foco\"],\"inLanguage\":\"pt-BR\"},{\"@type\":\"WebPage\",\"@id\":\"https:\/\/comunicacaoeleitoral.ufpr.br\/index.php\/2016\/09\/27\/faltam-5-dias-eleitores-nao-podem-ser-presos-a-partir-de-hoje-27\/\",\"url\":\"https:\/\/comunicacaoeleitoral.ufpr.br\/index.php\/2016\/09\/27\/faltam-5-dias-eleitores-nao-podem-ser-presos-a-partir-de-hoje-27\/\",\"name\":\"Eleitores n\u00e3o podem ser presos a partir de hoje\",\"isPartOf\":{\"@id\":\"https:\/\/comunicacaoeleitoral.ufpr.br\/#website\"},\"primaryImageOfPage\":{\"@id\":\"https:\/\/comunicacaoeleitoral.ufpr.br\/index.php\/2016\/09\/27\/faltam-5-dias-eleitores-nao-podem-ser-presos-a-partir-de-hoje-27\/#primaryimage\"},\"image\":{\"@id\":\"https:\/\/comunicacaoeleitoral.ufpr.br\/index.php\/2016\/09\/27\/faltam-5-dias-eleitores-nao-podem-ser-presos-a-partir-de-hoje-27\/#primaryimage\"},\"thumbnailUrl\":\"https:\/\/comunicacaoeleitoral.ufpr.br\/wp-content\/uploads\/2016\/09\/eleicoes-2016-300x145.jpeg\",\"datePublished\":\"2016-09-27T12:21:10+00:00\",\"dateModified\":\"2016-09-27T12:21:10+00:00\",\"description\":\"Saiba quais s\u00e3o as restri\u00e7\u00f5es para a pris\u00e3o ou deten\u00e7\u00e3o de eleitores entre o dia de hoje e at\u00e9 48 horas depois do encerramento da vota\u00e7\u00e3o\",\"breadcrumb\":{\"@id\":\"https:\/\/comunicacaoeleitoral.ufpr.br\/index.php\/2016\/09\/27\/faltam-5-dias-eleitores-nao-podem-ser-presos-a-partir-de-hoje-27\/#breadcrumb\"},\"inLanguage\":\"pt-BR\",\"potentialAction\":[{\"@type\":\"ReadAction\",\"target\":[\"https:\/\/comunicacaoeleitoral.ufpr.br\/index.php\/2016\/09\/27\/faltam-5-dias-eleitores-nao-podem-ser-presos-a-partir-de-hoje-27\/\"]}]},{\"@type\":\"ImageObject\",\"inLanguage\":\"pt-BR\",\"@id\":\"https:\/\/comunicacaoeleitoral.ufpr.br\/index.php\/2016\/09\/27\/faltam-5-dias-eleitores-nao-podem-ser-presos-a-partir-de-hoje-27\/#primaryimage\",\"url\":\"https:\/\/comunicacaoeleitoral.ufpr.br\/wp-content\/uploads\/2016\/09\/eleicoes-2016.jpeg\",\"contentUrl\":\"https:\/\/comunicacaoeleitoral.ufpr.br\/wp-content\/uploads\/2016\/09\/eleicoes-2016.jpeg\",\"width\":543,\"height\":263},{\"@type\":\"BreadcrumbList\",\"@id\":\"https:\/\/comunicacaoeleitoral.ufpr.br\/index.php\/2016\/09\/27\/faltam-5-dias-eleitores-nao-podem-ser-presos-a-partir-de-hoje-27\/#breadcrumb\",\"itemListElement\":[{\"@type\":\"ListItem\",\"position\":1,\"name\":\"In\u00edcio\",\"item\":\"https:\/\/comunicacaoeleitoral.ufpr.br\/\"},{\"@type\":\"ListItem\",\"position\":2,\"name\":\"Faltam 5 dias: eleitores n\u00e3o podem ser presos a partir de hoje (27)\"}]},{\"@type\":\"WebSite\",\"@id\":\"https:\/\/comunicacaoeleitoral.ufpr.br\/#website\",\"url\":\"https:\/\/comunicacaoeleitoral.ufpr.br\/\",\"name\":\"Comunica\u00e7\u00e3o Eleitoral\",\"description\":\"Grupo de pesquisa ligado \u00e0 linha de Comunica\u00e7\u00e3o e Pol\u00edtica do Programa de P\u00f3s-gradua\u00e7\u00e3o em Comunica\u00e7\u00e3o da Universidade Federal do Paran\u00e1.\",\"publisher\":{\"@id\":\"https:\/\/comunicacaoeleitoral.ufpr.br\/#organization\"},\"potentialAction\":[{\"@type\":\"SearchAction\",\"target\":{\"@type\":\"EntryPoint\",\"urlTemplate\":\"https:\/\/comunicacaoeleitoral.ufpr.br\/?s={search_term_string}\"},\"query-input\":\"required name=search_term_string\"}],\"inLanguage\":\"pt-BR\"},{\"@type\":\"Organization\",\"@id\":\"https:\/\/comunicacaoeleitoral.ufpr.br\/#organization\",\"name\":\"Comunica\u00e7\u00e3o Eleitoral\",\"url\":\"https:\/\/comunicacaoeleitoral.ufpr.br\/\",\"logo\":{\"@type\":\"ImageObject\",\"inLanguage\":\"pt-BR\",\"@id\":\"https:\/\/comunicacaoeleitoral.ufpr.br\/#\/schema\/logo\/image\/\",\"url\":\"https:\/\/comunicacaoeleitoral.ufpr.br\/wp-content\/uploads\/2015\/05\/header2c_celtalks.png\",\"contentUrl\":\"https:\/\/comunicacaoeleitoral.ufpr.br\/wp-content\/uploads\/2015\/05\/header2c_celtalks.png\",\"width\":1800,\"height\":674,\"caption\":\"Comunica\u00e7\u00e3o Eleitoral\"},\"image\":{\"@id\":\"https:\/\/comunicacaoeleitoral.ufpr.br\/#\/schema\/logo\/image\/\"},\"sameAs\":[\"https:\/\/www.facebook.com\/Comunica\u00e7\u00e3o-Eleitoral-564214587069724\/\",\"https:\/\/www.instagram.com\/comunicacaoeleitoral\/\",\"https:\/\/www.youtube.com\/ocanalpanke\"]},{\"@type\":\"Person\",\"@id\":\"https:\/\/comunicacaoeleitoral.ufpr.br\/#\/schema\/person\/877ba45697f2179310c85ad2f43514af\",\"name\":\"Vivian Lemos\",\"image\":{\"@type\":\"ImageObject\",\"inLanguage\":\"pt-BR\",\"@id\":\"https:\/\/comunicacaoeleitoral.ufpr.br\/#\/schema\/person\/image\/\",\"url\":\"https:\/\/secure.gravatar.com\/avatar\/b2a4a041bee382da046e85d3060b128c?s=96&d=mm&r=g\",\"contentUrl\":\"https:\/\/secure.gravatar.com\/avatar\/b2a4a041bee382da046e85d3060b128c?s=96&d=mm&r=g\",\"caption\":\"Vivian Lemos\"},\"url\":\"https:\/\/comunicacaoeleitoral.ufpr.br\/index.php\/author\/vivian-lemos\/\"}]}<\/script>\n<!-- \/ Yoast SEO plugin. -->","yoast_head_json":{"title":"Eleitores n\u00e3o podem ser presos a partir de hoje","description":"Saiba quais s\u00e3o as restri\u00e7\u00f5es para a pris\u00e3o ou deten\u00e7\u00e3o de eleitores entre o dia de hoje e at\u00e9 48 horas depois do encerramento da vota\u00e7\u00e3o","robots":{"index":"index","follow":"follow","max-snippet":"max-snippet:-1","max-image-preview":"max-image-preview:large","max-video-preview":"max-video-preview:-1"},"canonical":"https:\/\/comunicacaoeleitoral.ufpr.br\/index.php\/2016\/09\/27\/faltam-5-dias-eleitores-nao-podem-ser-presos-a-partir-de-hoje-27\/","og_locale":"pt_BR","og_type":"article","og_title":"Eleitores n\u00e3o podem ser presos a partir de hoje","og_description":"Saiba quais s\u00e3o as restri\u00e7\u00f5es para a pris\u00e3o ou deten\u00e7\u00e3o de eleitores entre o dia de hoje e at\u00e9 48 horas depois do encerramento da vota\u00e7\u00e3o","og_url":"https:\/\/comunicacaoeleitoral.ufpr.br\/index.php\/2016\/09\/27\/faltam-5-dias-eleitores-nao-podem-ser-presos-a-partir-de-hoje-27\/","og_site_name":"Comunica\u00e7\u00e3o Eleitoral","article_publisher":"https:\/\/www.facebook.com\/Comunica%c3%a7%c3%a3o-Eleitoral-564214587069724\/","article_published_time":"2016-09-27T12:21:10+00:00","og_image":[{"url":"https:\/\/comunicacaoeleitoral.ufpr.br\/wp-content\/uploads\/2016\/09\/eleicoes-2016-300x145.jpeg"}],"author":"Vivian Lemos","twitter_card":"summary_large_image","twitter_misc":{"Escrito por":"Vivian Lemos","Est. tempo de leitura":"1 minuto"},"schema":{"@context":"https:\/\/schema.org","@graph":[{"@type":"Article","@id":"https:\/\/comunicacaoeleitoral.ufpr.br\/index.php\/2016\/09\/27\/faltam-5-dias-eleitores-nao-podem-ser-presos-a-partir-de-hoje-27\/#article","isPartOf":{"@id":"https:\/\/comunicacaoeleitoral.ufpr.br\/index.php\/2016\/09\/27\/faltam-5-dias-eleitores-nao-podem-ser-presos-a-partir-de-hoje-27\/"},"author":{"name":"Vivian Lemos","@id":"https:\/\/comunicacaoeleitoral.ufpr.br\/#\/schema\/person\/877ba45697f2179310c85ad2f43514af"},"headline":"Faltam 5 dias: eleitores n\u00e3o podem ser presos a partir de hoje (27)","datePublished":"2016-09-27T12:21:10+00:00","dateModified":"2016-09-27T12:21:10+00:00","mainEntityOfPage":{"@id":"https:\/\/comunicacaoeleitoral.ufpr.br\/index.php\/2016\/09\/27\/faltam-5-dias-eleitores-nao-podem-ser-presos-a-partir-de-hoje-27\/"},"wordCount":165,"publisher":{"@id":"https:\/\/comunicacaoeleitoral.ufpr.br\/#organization"},"image":{"@id":"https:\/\/comunicacaoeleitoral.ufpr.br\/index.php\/2016\/09\/27\/faltam-5-dias-eleitores-nao-podem-ser-presos-a-partir-de-hoje-27\/#primaryimage"},"thumbnailUrl":"https:\/\/comunicacaoeleitoral.ufpr.br\/wp-content\/uploads\/2016\/09\/eleicoes-2016-300x145.jpeg","keywords":["deten\u00e7\u00e3o","eleitores","pris\u00e3o"],"articleSection":["Pol\u00edtica em foco"],"inLanguage":"pt-BR"},{"@type":"WebPage","@id":"https:\/\/comunicacaoeleitoral.ufpr.br\/index.php\/2016\/09\/27\/faltam-5-dias-eleitores-nao-podem-ser-presos-a-partir-de-hoje-27\/","url":"https:\/\/comunicacaoeleitoral.ufpr.br\/index.php\/2016\/09\/27\/faltam-5-dias-eleitores-nao-podem-ser-presos-a-partir-de-hoje-27\/","name":"Eleitores n\u00e3o podem ser presos a partir de hoje","isPartOf":{"@id":"https:\/\/comunicacaoeleitoral.ufpr.br\/#website"},"primaryImageOfPage":{"@id":"https:\/\/comunicacaoeleitoral.ufpr.br\/index.php\/2016\/09\/27\/faltam-5-dias-eleitores-nao-podem-ser-presos-a-partir-de-hoje-27\/#primaryimage"},"image":{"@id":"https:\/\/comunicacaoeleitoral.ufpr.br\/index.php\/2016\/09\/27\/faltam-5-dias-eleitores-nao-podem-ser-presos-a-partir-de-hoje-27\/#primaryimage"},"thumbnailUrl":"https:\/\/comunicacaoeleitoral.ufpr.br\/wp-content\/uploads\/2016\/09\/eleicoes-2016-300x145.jpeg","datePublished":"2016-09-27T12:21:10+00:00","dateModified":"2016-09-27T12:21:10+00:00","description":"Saiba quais s\u00e3o as restri\u00e7\u00f5es para a pris\u00e3o ou deten\u00e7\u00e3o de eleitores entre o dia de hoje e at\u00e9 48 horas depois do encerramento da vota\u00e7\u00e3o","breadcrumb":{"@id":"https:\/\/comunicacaoeleitoral.ufpr.br\/index.php\/2016\/09\/27\/faltam-5-dias-eleitores-nao-podem-ser-presos-a-partir-de-hoje-27\/#breadcrumb"},"inLanguage":"pt-BR","potentialAction":[{"@type":"ReadAction","target":["https:\/\/comunicacaoeleitoral.ufpr.br\/index.php\/2016\/09\/27\/faltam-5-dias-eleitores-nao-podem-ser-presos-a-partir-de-hoje-27\/"]}]},{"@type":"ImageObject","inLanguage":"pt-BR","@id":"https:\/\/comunicacaoeleitoral.ufpr.br\/index.php\/2016\/09\/27\/faltam-5-dias-eleitores-nao-podem-ser-presos-a-partir-de-hoje-27\/#primaryimage","url":"https:\/\/comunicacaoeleitoral.ufpr.br\/wp-content\/uploads\/2016\/09\/eleicoes-2016.jpeg","contentUrl":"https:\/\/comunicacaoeleitoral.ufpr.br\/wp-content\/uploads\/2016\/09\/eleicoes-2016.jpeg","width":543,"height":263},{"@type":"BreadcrumbList","@id":"https:\/\/comunicacaoeleitoral.ufpr.br\/index.php\/2016\/09\/27\/faltam-5-dias-eleitores-nao-podem-ser-presos-a-partir-de-hoje-27\/#breadcrumb","itemListElement":[{"@type":"ListItem","position":1,"name":"In\u00edcio","item":"https:\/\/comunicacaoeleitoral.ufpr.br\/"},{"@type":"ListItem","position":2,"name":"Faltam 5 dias: eleitores n\u00e3o podem ser presos a partir de hoje (27)"}]},{"@type":"WebSite","@id":"https:\/\/comunicacaoeleitoral.ufpr.br\/#website","url":"https:\/\/comunicacaoeleitoral.ufpr.br\/","name":"Comunica\u00e7\u00e3o Eleitoral","description":"Grupo de pesquisa ligado \u00e0 linha de Comunica\u00e7\u00e3o e Pol\u00edtica do Programa de P\u00f3s-gradua\u00e7\u00e3o em Comunica\u00e7\u00e3o da Universidade Federal do Paran\u00e1.","publisher":{"@id":"https:\/\/comunicacaoeleitoral.ufpr.br\/#organization"},"potentialAction":[{"@type":"SearchAction","target":{"@type":"EntryPoint","urlTemplate":"https:\/\/comunicacaoeleitoral.ufpr.br\/?s={search_term_string}"},"query-input":"required name=search_term_string"}],"inLanguage":"pt-BR"},{"@type":"Organization","@id":"https:\/\/comunicacaoeleitoral.ufpr.br\/#organization","name":"Comunica\u00e7\u00e3o Eleitoral","url":"https:\/\/comunicacaoeleitoral.ufpr.br\/","logo":{"@type":"ImageObject","inLanguage":"pt-BR","@id":"https:\/\/comunicacaoeleitoral.ufpr.br\/#\/schema\/logo\/image\/","url":"https:\/\/comunicacaoeleitoral.ufpr.br\/wp-content\/uploads\/2015\/05\/header2c_celtalks.png","contentUrl":"https:\/\/comunicacaoeleitoral.ufpr.br\/wp-content\/uploads\/2015\/05\/header2c_celtalks.png","width":1800,"height":674,"caption":"Comunica\u00e7\u00e3o Eleitoral"},"image":{"@id":"https:\/\/comunicacaoeleitoral.ufpr.br\/#\/schema\/logo\/image\/"},"sameAs":["https:\/\/www.facebook.com\/Comunica\u00e7\u00e3o-Eleitoral-564214587069724\/","https:\/\/www.instagram.com\/comunicacaoeleitoral\/","https:\/\/www.youtube.com\/ocanalpanke"]},{"@type":"Person","@id":"https:\/\/comunicacaoeleitoral.ufpr.br\/#\/schema\/person\/877ba45697f2179310c85ad2f43514af","name":"Vivian Lemos","image":{"@type":"ImageObject","inLanguage":"pt-BR","@id":"https:\/\/comunicacaoeleitoral.ufpr.br\/#\/schema\/person\/image\/","url":"https:\/\/secure.gravatar.com\/avatar\/b2a4a041bee382da046e85d3060b128c?s=96&d=mm&r=g","contentUrl":"https:\/\/secure.gravatar.com\/avatar\/b2a4a041bee382da046e85d3060b128c?s=96&d=mm&r=g","caption":"Vivian Lemos"},"url":"https:\/\/comunicacaoeleitoral.ufpr.br\/index.php\/author\/vivian-lemos\/"}]}},"_links":{"self":[{"href":"https:\/\/comunicacaoeleitoral.ufpr.br\/index.php\/wp-json\/wp\/v2\/posts\/1630"}],"collection":[{"href":"https:\/\/comunicacaoeleitoral.ufpr.br\/index.php\/wp-json\/wp\/v2\/posts"}],"about":[{"href":"https:\/\/comunicacaoeleitoral.ufpr.br\/index.php\/wp-json\/wp\/v2\/types\/post"}],"author":[{"embeddable":true,"href":"https:\/\/comunicacaoeleitoral.ufpr.br\/index.php\/wp-json\/wp\/v2\/users\/28"}],"replies":[{"embeddable":true,"href":"https:\/\/comunicacaoeleitoral.ufpr.br\/index.php\/wp-json\/wp\/v2\/comments?post=1630"}],"version-history":[{"count":1,"href":"https:\/\/comunicacaoeleitoral.ufpr.br\/index.php\/wp-json\/wp\/v2\/posts\/1630\/revisions"}],"predecessor-version":[{"id":1632,"href":"https:\/\/comunicacaoeleitoral.ufpr.br\/index.php\/wp-json\/wp\/v2\/posts\/1630\/revisions\/1632"}],"wp:attachment":[{"href":"https:\/\/comunicacaoeleitoral.ufpr.br\/index.php\/wp-json\/wp\/v2\/media?parent=1630"}],"wp:term":[{"taxonomy":"category","embeddable":true,"href":"https:\/\/comunicacaoeleitoral.ufpr.br\/index.php\/wp-json\/wp\/v2\/categories?post=1630"},{"taxonomy":"post_tag","embeddable":true,"href":"https:\/\/comunicacaoeleitoral.ufpr.br\/index.php\/wp-json\/wp\/v2\/tags?post=1630"}],"curies":[{"name":"wp","href":"https:\/\/api.w.org\/{rel}","templated":true}]}}