{"id":1557,"date":"2016-09-05T01:47:45","date_gmt":"2016-09-05T01:47:45","guid":{"rendered":"https:\/\/comunicacaoeleitoral.ufpr.br\/?p=1557"},"modified":"2016-09-05T01:53:08","modified_gmt":"2016-09-05T01:53:08","slug":"a-defesa-de-dilma-rousseff-no-senado-um-discurso-para-entrar-na-historia-2","status":"publish","type":"post","link":"https:\/\/comunicacaoeleitoral.ufpr.br\/index.php\/2016\/09\/05\/a-defesa-de-dilma-rousseff-no-senado-um-discurso-para-entrar-na-historia-2\/","title":{"rendered":"A defesa de Dilma Rousseff no Senado: um discurso para entrar na hist\u00f3ria"},"content":{"rendered":"<div id=\"attachment_1548\" style=\"width: 310px\" class=\"wp-caption alignright\"><a href=\"https:\/\/comunicacaoeleitoral.ufpr.br\/wp-content\/uploads\/2016\/09\/dilma-senado.jpg\"><img loading=\"lazy\" decoding=\"async\" aria-describedby=\"caption-attachment-1548\" class=\"wp-image-1548 size-medium\" src=\"https:\/\/comunicacaoeleitoral.ufpr.br\/wp-content\/uploads\/2016\/09\/dilma-senado-300x200.jpg\" alt=\"Foto: EVARISTO SA \/ AFP\" width=\"300\" height=\"200\" srcset=\"https:\/\/comunicacaoeleitoral.ufpr.br\/wp-content\/uploads\/2016\/09\/dilma-senado-300x200.jpg 300w, https:\/\/comunicacaoeleitoral.ufpr.br\/wp-content\/uploads\/2016\/09\/dilma-senado.jpg 660w\" sizes=\"(max-width: 300px) 100vw, 300px\" \/><\/a><p id=\"caption-attachment-1548\" class=\"wp-caption-text\">Foto: EVARISTO SA \/ AFP<\/p><\/div>\n<p style=\"text-align: justify;\">No dia 29 de agosto\u00a0de 2016, a presidente afastada Dilma Rousseff fez o seu <a href=\"http:\/\/g1.globo.com\/politica\/processo-de-impeachment-de-dilma\/noticia\/2016\/08\/veja-e-leia-integra-do-discurso-de-dilma-no-senado.html\" target=\"_blank\">discurso de defesa no Senado Federal <\/a>contra o processo de <em>impeachment. <\/em>Processo este iniciado em dezembro de 2015, quando o ent\u00e3o presidente do Congresso Nacional, o deputado Eduardo Cunha acolheu o controverso pedido de afastamento da presidente Dilma. De fato, \u201cn\u00e3o h\u00e1 como fazer pol\u00edtica sem discurso. O espa\u00e7o privilegiado da fala constitui uma das raz\u00f5es para a luta simb\u00f3lica pelo poder\u201d (PANKE, 2010, p. 19). Se por vezes Dilma Rousseff deu a entender em seu discurso que todo o processo de <em>impeachment<\/em> seria um jogo de cartas marcadas, fez dele o espa\u00e7o para denunciar ataques n\u00e3o \u00e0 si mesma, mas \u00e0 democracia pela qual tanto lutou em seu passado e presente.<\/p>\n<p style=\"text-align: justify;\">Assim, como proposta de an\u00e1lise, dividimos o discurso de Rousseff a partir dos vocativos utilizados, o que resultou em cinco blocos direcionados por vezes, mas n\u00e3o exclusivamente, ao presidente do Supremo Tribunal Federal, Ricardo Lewandowski, \u00e0 Renan Calheiros, presidente do Senado Federal, \u00e0s Senadoras e Senadores, e \u00e0s cidad\u00e3s e cidad\u00e3os brasileiros.<\/p>\n<p style=\"text-align: justify;\">Dilma Rousseff inicia seu discurso de forma ampla, dirigindo-se a quatro p\u00fablicos distintos: Ricardo Lewandowski, Renan Calheiros, Senadoras e Senadores, e as cidad\u00e3s e os cidad\u00e3os brasileiros. Logo em seguida, a ent\u00e3o presidente coloca-se como presidente democraticamente eleita, fazendo men\u00e7\u00e3o a recursos de maioria. Ou seja, o voto da maioria da popula\u00e7\u00e3o, 54 milh\u00f5es de pessoas, n\u00e3o poderia ser desconsiderado naquele momento. Embora afirme em seu discurso que acredita na democracia e no Estado de Direito, ela segmenta seu governo exclusivamente em prol daqueles que a elegeram ao afirmar que \u201cjamais (&#8230;) praticaria atos contr\u00e1rios aos interesses daqueles que me elegeram\u201d. Dilma assume, ainda, ter cometido erros sem descrev\u00ea-los e em seguida caracteriza que seus erros s\u00e3o menos graves do que a covardia e a deslealdade de seus algozes, afirma de forma indireta a sua honestidade.<\/p>\n<p style=\"text-align: justify;\">O segundo bloco foi direcionado especificamente \u00e0s Senadoras e aos Senadores, respons\u00e1veis pelo julgamento do processo de impeachment, afirmando que n\u00e3o haveria crime de responsabilidade e que seu afastamento, caso concretizado, seria ileg\u00edtimo. Nesta linha, lembra que somente o povo, por meio de elei\u00e7\u00f5es democr\u00e1ticas, tem poder para afastar um presidente. Ataca o governo interino sem mencionar o nome de Michel Temer, alegando que ele representa uma amea\u00e7a \u00e0s conquistas dos \u00faltimos anos, um apelo \u00e0s minorias. Ao fim deste bloco, destaca que essas amea\u00e7as podem acarretar em vinte anos de preju\u00edzos futuros para a popula\u00e7\u00e3o, coincidentemente, o mesmo per\u00edodo de dura\u00e7\u00e3o da ditadura militar, vinte anos completos.<\/p>\n<p style=\"text-align: justify;\">O terceiro bloco, direcionado ao ministro Ricardo Lewandowski e \u00e0s Senadoras e Senadores, ataca um inimigo criado pelos governos de esquerda, a \u201celite conservadora\u201d. Para Dilma, a crise iniciada em 2015 n\u00e3o era resultado de equ\u00edvocos de seu governo, e sim da instabilidade pol\u00edtica decorrente de uma alian\u00e7a golpista encabe\u00e7ada pelo ex-presidente da C\u00e2mara dos Deputados, Eduardo Cunha, nome mencionado tr\u00eas vezes. Em contrapartida, o ex-presidente Lula \u00e9 mencionado, possivelmente com o intuito de frisar idoneidade, uma vez que ambos propuseram leis que colaboraram com \u00f3rg\u00e3os competentes a investigar e punir os perpetradores de crimes fiscais. Michel Temer n\u00e3o \u00e9 citado diretamente, mas a ent\u00e3o presidente induz-nos a enxergar a figura do vice quando afirma que \u201cquem se acumplicia ao imoral e ao il\u00edcito, n\u00e3o tem respeitabilidade para governar o Brasil\u201d.<\/p>\n<p style=\"text-align: justify;\">No quarto bloco, Rousseff volta a direcionar sua fala aos Senadores e Senadoras na tentava de desconstruir a tese pela qual estaria sendo acusada. Sua inoc\u00eancia residiria no fato de que as acusa\u00e7\u00f5es contra ela se pautam em mudan\u00e7as de interpreta\u00e7\u00e3o <em>ex-post facto<\/em>. Neste momento, ela afirma que ainda que estivesse exercendo seu direito de defesa, o resultado do processo de julgamento do impeachment j\u00e1 estava decidido, seria um jogo de cartas marcadas. Para a ent\u00e3o presidente \u201co direito de defesa ser\u00e1 exercido apenas formalmente, mas n\u00e3o ser\u00e1 apreciado substantivamente nos seus argumentos e nas suas provas. A forma existir\u00e1 apenas para dar apar\u00eancia de legitimidade ao que \u00e9 ileg\u00edtimo na ess\u00eancia\u201d.<\/p>\n<p style=\"text-align: justify;\">No quinto e \u00faltimo bloco, Dilma apela novamente aos Senadores e Senadoras afirmando que ainda recebia apoio popular. Embora diga que o apoio venha especialmente das mulheres, todo o povo estaria contra o dito golpe. Este julgamento \u00e9 comparado \u00e0quele sofrido por ela durante a ditadura militar, mas desta vez ele decretaria sua \u201cmorte pol\u00edtica\u201d. Ainda, a condena\u00e7\u00e3o seria da democracia, e n\u00e3o dela. Ser a favor do impeachment significaria ser contra a democracia.<\/p>\n<p style=\"text-align: justify;\">Em linhas gerais, Rousseff utilizou diferentes recursos de ret\u00f3rica, como as met\u00e1foras \u201co peso da injusti\u00e7a\u201d e \u201co gosto \u00e1spero e amargo da injusti\u00e7a e do arb\u00edtrio\u201d para defender-se de um processo que, seguindo ela, teve como base a ret\u00f3rica jur\u00eddica. Cunha, o estopim do processo de impeachment, \u00e9 colocado como parte de um outro lado, do qual Dilma n\u00e3o faz parte. Ainda, a presidente buscou legitimar seu governo relacionando-o ao apelo popular do ex-presidente Lula, citando este nome e mencionando os anos de avan\u00e7o do Brasil se deram em 13 anos de governo do Partido dos Trabalhadores. Contudo, seu discurso acaba sendo segmentado, uma vez que ela coloca a base de legitimidade de seu mandato apenas nos 54 milh\u00f5es de votos, e n\u00e3o necessariamente em toda a popula\u00e7\u00e3o brasileira. Finalmente, Dilma relaciona o processo de <em>impeachment<\/em>, caso condenada, com a morte da democracia, pois ela estaria junto com a presidente no banco dos r\u00e9us. De fato, se este julgamente foi apenas um jogo de cartas marcadas, o discurso de Rousseff se revelou, em grande parte, uma fala para entrar na hist\u00f3ria.<\/p>\n<p style=\"text-align: justify;\"><strong>Ensaio escrito por:<\/strong><\/p>\n<p style=\"text-align: justify;\">* Pedro Chapaval Pimentel \u00e9 especialista em Rela\u00e7\u00f5es Internacionais e Diplomacia com mestrado em andamento em Comunica\u00e7\u00e3o pela Universidade Federal do Paran\u00e1, na linha Comunica\u00e7\u00e3o, Pol\u00edtica e Atores Coletivos.<\/p>\n<p style=\"text-align: justify;\">** Bruno Washington Nichols \u00e9 cientista pol\u00edtico com mestrado em andamento em Comunica\u00e7\u00e3o pela Universidade Federal do Paran\u00e1, na linha Comunica\u00e7\u00e3o, Pol\u00edtica e Atores Coletivos.<\/p>\n<p style=\"text-align: justify;\">Ambos os autores fazem parte do Grupo de Pesquisa Comunica\u00e7\u00e3o Eleitoral (CEL) da UFPR.<\/p>\n<p style=\"text-align: justify;\"><strong>Refer\u00eancia bibliogr\u00e1fica:<\/strong><\/p>\n<p style=\"text-align: justify;\">* PANKE, Luciana. Lula, do sindicalismo \u00e0 reelei\u00e7\u00e3o: um caso de comunica\u00e7\u00e3o, pol\u00edtica e discurso. Guarapuava : Unicentro; S\u00e3o Paulo : Horizonte, 2010.<\/p>\n","protected":false},"excerpt":{"rendered":"<p>No dia 29 de agosto\u00a0de 2016, a presidente afastada Dilma Rousseff fez o seu discurso de defesa no Senado Federal contra o processo de impeachment. Processo este iniciado em dezembro de 2015, quando o ent\u00e3o presidente do Congresso Nacional, o deputado Eduardo Cunha acolheu o controverso pedido de afastamento da presidente Dilma. De fato, \u201cn\u00e3o [&hellip;]<\/p>\n","protected":false},"author":28,"featured_media":0,"comment_status":"closed","ping_status":"closed","sticky":false,"template":"","format":"standard","meta":{"_monsterinsights_skip_tracking":false,"_monsterinsights_sitenote_active":false,"_monsterinsights_sitenote_note":"","_monsterinsights_sitenote_category":0,"footnotes":""},"categories":[13,12],"tags":[137,55,14,274,84,122,275],"yoast_head":"<!-- This site is optimized with the Yoast SEO plugin v22.2 - https:\/\/yoast.com\/wordpress\/plugins\/seo\/ -->\n<title>A defesa de Dilma Rousseff no Senado<\/title>\n<meta name=\"description\" content=\"No dia 29 de agosto de 2016, a presidente afastada Dilma Rousseff fez o seu discurso de defesa no Senado Federal contra o processo de impeachment.\" \/>\n<meta name=\"robots\" content=\"index, follow, max-snippet:-1, max-image-preview:large, max-video-preview:-1\" \/>\n<link rel=\"canonical\" href=\"https:\/\/comunicacaoeleitoral.ufpr.br\/index.php\/2016\/09\/05\/a-defesa-de-dilma-rousseff-no-senado-um-discurso-para-entrar-na-historia-2\/\" \/>\n<meta property=\"og:locale\" content=\"pt_BR\" \/>\n<meta property=\"og:type\" content=\"article\" \/>\n<meta property=\"og:title\" content=\"A defesa de Dilma Rousseff no Senado\" \/>\n<meta property=\"og:description\" content=\"No dia 29 de agosto de 2016, a presidente afastada Dilma Rousseff fez o seu discurso de defesa no Senado Federal contra o processo de impeachment.\" \/>\n<meta property=\"og:url\" content=\"https:\/\/comunicacaoeleitoral.ufpr.br\/index.php\/2016\/09\/05\/a-defesa-de-dilma-rousseff-no-senado-um-discurso-para-entrar-na-historia-2\/\" \/>\n<meta property=\"og:site_name\" content=\"Comunica\u00e7\u00e3o Eleitoral\" \/>\n<meta property=\"article:publisher\" content=\"https:\/\/www.facebook.com\/Comunica%c3%a7%c3%a3o-Eleitoral-564214587069724\/\" \/>\n<meta property=\"article:published_time\" content=\"2016-09-05T01:47:45+00:00\" \/>\n<meta property=\"article:modified_time\" content=\"2016-09-05T01:53:08+00:00\" \/>\n<meta property=\"og:image\" content=\"https:\/\/comunicacaoeleitoral.ufpr.br\/wp-content\/uploads\/2016\/09\/dilma-senado-300x200.jpg\" \/>\n<meta name=\"author\" content=\"Vivian Lemos\" \/>\n<meta name=\"twitter:card\" content=\"summary_large_image\" \/>\n<meta name=\"twitter:label1\" content=\"Escrito por\" \/>\n\t<meta name=\"twitter:data1\" content=\"Vivian Lemos\" \/>\n\t<meta name=\"twitter:label2\" content=\"Est. tempo de leitura\" \/>\n\t<meta name=\"twitter:data2\" content=\"5 minutos\" \/>\n<script type=\"application\/ld+json\" class=\"yoast-schema-graph\">{\"@context\":\"https:\/\/schema.org\",\"@graph\":[{\"@type\":\"Article\",\"@id\":\"https:\/\/comunicacaoeleitoral.ufpr.br\/index.php\/2016\/09\/05\/a-defesa-de-dilma-rousseff-no-senado-um-discurso-para-entrar-na-historia-2\/#article\",\"isPartOf\":{\"@id\":\"https:\/\/comunicacaoeleitoral.ufpr.br\/index.php\/2016\/09\/05\/a-defesa-de-dilma-rousseff-no-senado-um-discurso-para-entrar-na-historia-2\/\"},\"author\":{\"name\":\"Vivian Lemos\",\"@id\":\"https:\/\/comunicacaoeleitoral.ufpr.br\/#\/schema\/person\/877ba45697f2179310c85ad2f43514af\"},\"headline\":\"A defesa de Dilma Rousseff no Senado: um discurso para entrar na hist\u00f3ria\",\"datePublished\":\"2016-09-05T01:47:45+00:00\",\"dateModified\":\"2016-09-05T01:53:08+00:00\",\"mainEntityOfPage\":{\"@id\":\"https:\/\/comunicacaoeleitoral.ufpr.br\/index.php\/2016\/09\/05\/a-defesa-de-dilma-rousseff-no-senado-um-discurso-para-entrar-na-historia-2\/\"},\"wordCount\":1103,\"publisher\":{\"@id\":\"https:\/\/comunicacaoeleitoral.ufpr.br\/#organization\"},\"image\":{\"@id\":\"https:\/\/comunicacaoeleitoral.ufpr.br\/index.php\/2016\/09\/05\/a-defesa-de-dilma-rousseff-no-senado-um-discurso-para-entrar-na-historia-2\/#primaryimage\"},\"thumbnailUrl\":\"https:\/\/comunicacaoeleitoral.ufpr.br\/wp-content\/uploads\/2016\/09\/dilma-senado-300x200.jpg\",\"keywords\":[\"dilma rousseff\",\"eduardo cunha\",\"Impeachment\",\"Lula\",\"renan calheiros\",\"senado\",\"STF\"],\"articleSection\":[\"Ensaios\",\"Pol\u00edtica em foco\"],\"inLanguage\":\"pt-BR\"},{\"@type\":\"WebPage\",\"@id\":\"https:\/\/comunicacaoeleitoral.ufpr.br\/index.php\/2016\/09\/05\/a-defesa-de-dilma-rousseff-no-senado-um-discurso-para-entrar-na-historia-2\/\",\"url\":\"https:\/\/comunicacaoeleitoral.ufpr.br\/index.php\/2016\/09\/05\/a-defesa-de-dilma-rousseff-no-senado-um-discurso-para-entrar-na-historia-2\/\",\"name\":\"A defesa de Dilma Rousseff no Senado\",\"isPartOf\":{\"@id\":\"https:\/\/comunicacaoeleitoral.ufpr.br\/#website\"},\"primaryImageOfPage\":{\"@id\":\"https:\/\/comunicacaoeleitoral.ufpr.br\/index.php\/2016\/09\/05\/a-defesa-de-dilma-rousseff-no-senado-um-discurso-para-entrar-na-historia-2\/#primaryimage\"},\"image\":{\"@id\":\"https:\/\/comunicacaoeleitoral.ufpr.br\/index.php\/2016\/09\/05\/a-defesa-de-dilma-rousseff-no-senado-um-discurso-para-entrar-na-historia-2\/#primaryimage\"},\"thumbnailUrl\":\"https:\/\/comunicacaoeleitoral.ufpr.br\/wp-content\/uploads\/2016\/09\/dilma-senado-300x200.jpg\",\"datePublished\":\"2016-09-05T01:47:45+00:00\",\"dateModified\":\"2016-09-05T01:53:08+00:00\",\"description\":\"No dia 29 de agosto de 2016, a presidente afastada Dilma Rousseff fez o seu discurso de defesa no Senado Federal contra o processo de impeachment.\",\"breadcrumb\":{\"@id\":\"https:\/\/comunicacaoeleitoral.ufpr.br\/index.php\/2016\/09\/05\/a-defesa-de-dilma-rousseff-no-senado-um-discurso-para-entrar-na-historia-2\/#breadcrumb\"},\"inLanguage\":\"pt-BR\",\"potentialAction\":[{\"@type\":\"ReadAction\",\"target\":[\"https:\/\/comunicacaoeleitoral.ufpr.br\/index.php\/2016\/09\/05\/a-defesa-de-dilma-rousseff-no-senado-um-discurso-para-entrar-na-historia-2\/\"]}]},{\"@type\":\"ImageObject\",\"inLanguage\":\"pt-BR\",\"@id\":\"https:\/\/comunicacaoeleitoral.ufpr.br\/index.php\/2016\/09\/05\/a-defesa-de-dilma-rousseff-no-senado-um-discurso-para-entrar-na-historia-2\/#primaryimage\",\"url\":\"https:\/\/comunicacaoeleitoral.ufpr.br\/wp-content\/uploads\/2016\/09\/dilma-senado.jpg\",\"contentUrl\":\"https:\/\/comunicacaoeleitoral.ufpr.br\/wp-content\/uploads\/2016\/09\/dilma-senado.jpg\",\"width\":660,\"height\":439,\"caption\":\"Foto: EVARISTO SA \/ AFP\"},{\"@type\":\"BreadcrumbList\",\"@id\":\"https:\/\/comunicacaoeleitoral.ufpr.br\/index.php\/2016\/09\/05\/a-defesa-de-dilma-rousseff-no-senado-um-discurso-para-entrar-na-historia-2\/#breadcrumb\",\"itemListElement\":[{\"@type\":\"ListItem\",\"position\":1,\"name\":\"In\u00edcio\",\"item\":\"https:\/\/comunicacaoeleitoral.ufpr.br\/\"},{\"@type\":\"ListItem\",\"position\":2,\"name\":\"A defesa de Dilma Rousseff no Senado: um discurso para entrar na hist\u00f3ria\"}]},{\"@type\":\"WebSite\",\"@id\":\"https:\/\/comunicacaoeleitoral.ufpr.br\/#website\",\"url\":\"https:\/\/comunicacaoeleitoral.ufpr.br\/\",\"name\":\"Comunica\u00e7\u00e3o Eleitoral\",\"description\":\"Grupo de pesquisa ligado \u00e0 linha de Comunica\u00e7\u00e3o e Pol\u00edtica do Programa de P\u00f3s-gradua\u00e7\u00e3o em Comunica\u00e7\u00e3o da Universidade Federal do Paran\u00e1.\",\"publisher\":{\"@id\":\"https:\/\/comunicacaoeleitoral.ufpr.br\/#organization\"},\"potentialAction\":[{\"@type\":\"SearchAction\",\"target\":{\"@type\":\"EntryPoint\",\"urlTemplate\":\"https:\/\/comunicacaoeleitoral.ufpr.br\/?s={search_term_string}\"},\"query-input\":\"required name=search_term_string\"}],\"inLanguage\":\"pt-BR\"},{\"@type\":\"Organization\",\"@id\":\"https:\/\/comunicacaoeleitoral.ufpr.br\/#organization\",\"name\":\"Comunica\u00e7\u00e3o Eleitoral\",\"url\":\"https:\/\/comunicacaoeleitoral.ufpr.br\/\",\"logo\":{\"@type\":\"ImageObject\",\"inLanguage\":\"pt-BR\",\"@id\":\"https:\/\/comunicacaoeleitoral.ufpr.br\/#\/schema\/logo\/image\/\",\"url\":\"https:\/\/comunicacaoeleitoral.ufpr.br\/wp-content\/uploads\/2015\/05\/header2c_celtalks.png\",\"contentUrl\":\"https:\/\/comunicacaoeleitoral.ufpr.br\/wp-content\/uploads\/2015\/05\/header2c_celtalks.png\",\"width\":1800,\"height\":674,\"caption\":\"Comunica\u00e7\u00e3o Eleitoral\"},\"image\":{\"@id\":\"https:\/\/comunicacaoeleitoral.ufpr.br\/#\/schema\/logo\/image\/\"},\"sameAs\":[\"https:\/\/www.facebook.com\/Comunica\u00e7\u00e3o-Eleitoral-564214587069724\/\",\"https:\/\/www.instagram.com\/comunicacaoeleitoral\/\",\"https:\/\/www.youtube.com\/ocanalpanke\"]},{\"@type\":\"Person\",\"@id\":\"https:\/\/comunicacaoeleitoral.ufpr.br\/#\/schema\/person\/877ba45697f2179310c85ad2f43514af\",\"name\":\"Vivian Lemos\",\"image\":{\"@type\":\"ImageObject\",\"inLanguage\":\"pt-BR\",\"@id\":\"https:\/\/comunicacaoeleitoral.ufpr.br\/#\/schema\/person\/image\/\",\"url\":\"https:\/\/secure.gravatar.com\/avatar\/b2a4a041bee382da046e85d3060b128c?s=96&d=mm&r=g\",\"contentUrl\":\"https:\/\/secure.gravatar.com\/avatar\/b2a4a041bee382da046e85d3060b128c?s=96&d=mm&r=g\",\"caption\":\"Vivian Lemos\"},\"url\":\"https:\/\/comunicacaoeleitoral.ufpr.br\/index.php\/author\/vivian-lemos\/\"}]}<\/script>\n<!-- \/ Yoast SEO plugin. -->","yoast_head_json":{"title":"A defesa de Dilma Rousseff no Senado","description":"No dia 29 de agosto de 2016, a presidente afastada Dilma Rousseff fez o seu discurso de defesa no Senado Federal contra o processo de impeachment.","robots":{"index":"index","follow":"follow","max-snippet":"max-snippet:-1","max-image-preview":"max-image-preview:large","max-video-preview":"max-video-preview:-1"},"canonical":"https:\/\/comunicacaoeleitoral.ufpr.br\/index.php\/2016\/09\/05\/a-defesa-de-dilma-rousseff-no-senado-um-discurso-para-entrar-na-historia-2\/","og_locale":"pt_BR","og_type":"article","og_title":"A defesa de Dilma Rousseff no Senado","og_description":"No dia 29 de agosto de 2016, a presidente afastada Dilma Rousseff fez o seu discurso de defesa no Senado Federal contra o processo de impeachment.","og_url":"https:\/\/comunicacaoeleitoral.ufpr.br\/index.php\/2016\/09\/05\/a-defesa-de-dilma-rousseff-no-senado-um-discurso-para-entrar-na-historia-2\/","og_site_name":"Comunica\u00e7\u00e3o Eleitoral","article_publisher":"https:\/\/www.facebook.com\/Comunica%c3%a7%c3%a3o-Eleitoral-564214587069724\/","article_published_time":"2016-09-05T01:47:45+00:00","article_modified_time":"2016-09-05T01:53:08+00:00","og_image":[{"url":"https:\/\/comunicacaoeleitoral.ufpr.br\/wp-content\/uploads\/2016\/09\/dilma-senado-300x200.jpg"}],"author":"Vivian Lemos","twitter_card":"summary_large_image","twitter_misc":{"Escrito por":"Vivian Lemos","Est. tempo de leitura":"5 minutos"},"schema":{"@context":"https:\/\/schema.org","@graph":[{"@type":"Article","@id":"https:\/\/comunicacaoeleitoral.ufpr.br\/index.php\/2016\/09\/05\/a-defesa-de-dilma-rousseff-no-senado-um-discurso-para-entrar-na-historia-2\/#article","isPartOf":{"@id":"https:\/\/comunicacaoeleitoral.ufpr.br\/index.php\/2016\/09\/05\/a-defesa-de-dilma-rousseff-no-senado-um-discurso-para-entrar-na-historia-2\/"},"author":{"name":"Vivian Lemos","@id":"https:\/\/comunicacaoeleitoral.ufpr.br\/#\/schema\/person\/877ba45697f2179310c85ad2f43514af"},"headline":"A defesa de Dilma Rousseff no Senado: um discurso para entrar na hist\u00f3ria","datePublished":"2016-09-05T01:47:45+00:00","dateModified":"2016-09-05T01:53:08+00:00","mainEntityOfPage":{"@id":"https:\/\/comunicacaoeleitoral.ufpr.br\/index.php\/2016\/09\/05\/a-defesa-de-dilma-rousseff-no-senado-um-discurso-para-entrar-na-historia-2\/"},"wordCount":1103,"publisher":{"@id":"https:\/\/comunicacaoeleitoral.ufpr.br\/#organization"},"image":{"@id":"https:\/\/comunicacaoeleitoral.ufpr.br\/index.php\/2016\/09\/05\/a-defesa-de-dilma-rousseff-no-senado-um-discurso-para-entrar-na-historia-2\/#primaryimage"},"thumbnailUrl":"https:\/\/comunicacaoeleitoral.ufpr.br\/wp-content\/uploads\/2016\/09\/dilma-senado-300x200.jpg","keywords":["dilma rousseff","eduardo cunha","Impeachment","Lula","renan calheiros","senado","STF"],"articleSection":["Ensaios","Pol\u00edtica em foco"],"inLanguage":"pt-BR"},{"@type":"WebPage","@id":"https:\/\/comunicacaoeleitoral.ufpr.br\/index.php\/2016\/09\/05\/a-defesa-de-dilma-rousseff-no-senado-um-discurso-para-entrar-na-historia-2\/","url":"https:\/\/comunicacaoeleitoral.ufpr.br\/index.php\/2016\/09\/05\/a-defesa-de-dilma-rousseff-no-senado-um-discurso-para-entrar-na-historia-2\/","name":"A defesa de Dilma Rousseff no Senado","isPartOf":{"@id":"https:\/\/comunicacaoeleitoral.ufpr.br\/#website"},"primaryImageOfPage":{"@id":"https:\/\/comunicacaoeleitoral.ufpr.br\/index.php\/2016\/09\/05\/a-defesa-de-dilma-rousseff-no-senado-um-discurso-para-entrar-na-historia-2\/#primaryimage"},"image":{"@id":"https:\/\/comunicacaoeleitoral.ufpr.br\/index.php\/2016\/09\/05\/a-defesa-de-dilma-rousseff-no-senado-um-discurso-para-entrar-na-historia-2\/#primaryimage"},"thumbnailUrl":"https:\/\/comunicacaoeleitoral.ufpr.br\/wp-content\/uploads\/2016\/09\/dilma-senado-300x200.jpg","datePublished":"2016-09-05T01:47:45+00:00","dateModified":"2016-09-05T01:53:08+00:00","description":"No dia 29 de agosto de 2016, a presidente afastada Dilma Rousseff fez o seu discurso de defesa no Senado Federal contra o processo de impeachment.","breadcrumb":{"@id":"https:\/\/comunicacaoeleitoral.ufpr.br\/index.php\/2016\/09\/05\/a-defesa-de-dilma-rousseff-no-senado-um-discurso-para-entrar-na-historia-2\/#breadcrumb"},"inLanguage":"pt-BR","potentialAction":[{"@type":"ReadAction","target":["https:\/\/comunicacaoeleitoral.ufpr.br\/index.php\/2016\/09\/05\/a-defesa-de-dilma-rousseff-no-senado-um-discurso-para-entrar-na-historia-2\/"]}]},{"@type":"ImageObject","inLanguage":"pt-BR","@id":"https:\/\/comunicacaoeleitoral.ufpr.br\/index.php\/2016\/09\/05\/a-defesa-de-dilma-rousseff-no-senado-um-discurso-para-entrar-na-historia-2\/#primaryimage","url":"https:\/\/comunicacaoeleitoral.ufpr.br\/wp-content\/uploads\/2016\/09\/dilma-senado.jpg","contentUrl":"https:\/\/comunicacaoeleitoral.ufpr.br\/wp-content\/uploads\/2016\/09\/dilma-senado.jpg","width":660,"height":439,"caption":"Foto: EVARISTO SA \/ AFP"},{"@type":"BreadcrumbList","@id":"https:\/\/comunicacaoeleitoral.ufpr.br\/index.php\/2016\/09\/05\/a-defesa-de-dilma-rousseff-no-senado-um-discurso-para-entrar-na-historia-2\/#breadcrumb","itemListElement":[{"@type":"ListItem","position":1,"name":"In\u00edcio","item":"https:\/\/comunicacaoeleitoral.ufpr.br\/"},{"@type":"ListItem","position":2,"name":"A defesa de Dilma Rousseff no Senado: um discurso para entrar na hist\u00f3ria"}]},{"@type":"WebSite","@id":"https:\/\/comunicacaoeleitoral.ufpr.br\/#website","url":"https:\/\/comunicacaoeleitoral.ufpr.br\/","name":"Comunica\u00e7\u00e3o Eleitoral","description":"Grupo de pesquisa ligado \u00e0 linha de Comunica\u00e7\u00e3o e Pol\u00edtica do Programa de P\u00f3s-gradua\u00e7\u00e3o em Comunica\u00e7\u00e3o da Universidade Federal do Paran\u00e1.","publisher":{"@id":"https:\/\/comunicacaoeleitoral.ufpr.br\/#organization"},"potentialAction":[{"@type":"SearchAction","target":{"@type":"EntryPoint","urlTemplate":"https:\/\/comunicacaoeleitoral.ufpr.br\/?s={search_term_string}"},"query-input":"required name=search_term_string"}],"inLanguage":"pt-BR"},{"@type":"Organization","@id":"https:\/\/comunicacaoeleitoral.ufpr.br\/#organization","name":"Comunica\u00e7\u00e3o Eleitoral","url":"https:\/\/comunicacaoeleitoral.ufpr.br\/","logo":{"@type":"ImageObject","inLanguage":"pt-BR","@id":"https:\/\/comunicacaoeleitoral.ufpr.br\/#\/schema\/logo\/image\/","url":"https:\/\/comunicacaoeleitoral.ufpr.br\/wp-content\/uploads\/2015\/05\/header2c_celtalks.png","contentUrl":"https:\/\/comunicacaoeleitoral.ufpr.br\/wp-content\/uploads\/2015\/05\/header2c_celtalks.png","width":1800,"height":674,"caption":"Comunica\u00e7\u00e3o Eleitoral"},"image":{"@id":"https:\/\/comunicacaoeleitoral.ufpr.br\/#\/schema\/logo\/image\/"},"sameAs":["https:\/\/www.facebook.com\/Comunica\u00e7\u00e3o-Eleitoral-564214587069724\/","https:\/\/www.instagram.com\/comunicacaoeleitoral\/","https:\/\/www.youtube.com\/ocanalpanke"]},{"@type":"Person","@id":"https:\/\/comunicacaoeleitoral.ufpr.br\/#\/schema\/person\/877ba45697f2179310c85ad2f43514af","name":"Vivian Lemos","image":{"@type":"ImageObject","inLanguage":"pt-BR","@id":"https:\/\/comunicacaoeleitoral.ufpr.br\/#\/schema\/person\/image\/","url":"https:\/\/secure.gravatar.com\/avatar\/b2a4a041bee382da046e85d3060b128c?s=96&d=mm&r=g","contentUrl":"https:\/\/secure.gravatar.com\/avatar\/b2a4a041bee382da046e85d3060b128c?s=96&d=mm&r=g","caption":"Vivian Lemos"},"url":"https:\/\/comunicacaoeleitoral.ufpr.br\/index.php\/author\/vivian-lemos\/"}]}},"_links":{"self":[{"href":"https:\/\/comunicacaoeleitoral.ufpr.br\/index.php\/wp-json\/wp\/v2\/posts\/1557"}],"collection":[{"href":"https:\/\/comunicacaoeleitoral.ufpr.br\/index.php\/wp-json\/wp\/v2\/posts"}],"about":[{"href":"https:\/\/comunicacaoeleitoral.ufpr.br\/index.php\/wp-json\/wp\/v2\/types\/post"}],"author":[{"embeddable":true,"href":"https:\/\/comunicacaoeleitoral.ufpr.br\/index.php\/wp-json\/wp\/v2\/users\/28"}],"replies":[{"embeddable":true,"href":"https:\/\/comunicacaoeleitoral.ufpr.br\/index.php\/wp-json\/wp\/v2\/comments?post=1557"}],"version-history":[{"count":3,"href":"https:\/\/comunicacaoeleitoral.ufpr.br\/index.php\/wp-json\/wp\/v2\/posts\/1557\/revisions"}],"predecessor-version":[{"id":1560,"href":"https:\/\/comunicacaoeleitoral.ufpr.br\/index.php\/wp-json\/wp\/v2\/posts\/1557\/revisions\/1560"}],"wp:attachment":[{"href":"https:\/\/comunicacaoeleitoral.ufpr.br\/index.php\/wp-json\/wp\/v2\/media?parent=1557"}],"wp:term":[{"taxonomy":"category","embeddable":true,"href":"https:\/\/comunicacaoeleitoral.ufpr.br\/index.php\/wp-json\/wp\/v2\/categories?post=1557"},{"taxonomy":"post_tag","embeddable":true,"href":"https:\/\/comunicacaoeleitoral.ufpr.br\/index.php\/wp-json\/wp\/v2\/tags?post=1557"}],"curies":[{"name":"wp","href":"https:\/\/api.w.org\/{rel}","templated":true}]}}