{"id":1538,"date":"2016-09-02T14:43:59","date_gmt":"2016-09-02T14:43:59","guid":{"rendered":"https:\/\/comunicacaoeleitoral.ufpr.br\/?p=1538"},"modified":"2016-09-02T14:43:59","modified_gmt":"2016-09-02T14:43:59","slug":"uso-de-cartao-de-credito-e-regulamentado-nas-eleicoes-medida-incrementa-doacoes-pela-internet","status":"publish","type":"post","link":"https:\/\/comunicacaoeleitoral.ufpr.br\/index.php\/2016\/09\/02\/uso-de-cartao-de-credito-e-regulamentado-nas-eleicoes-medida-incrementa-doacoes-pela-internet\/","title":{"rendered":"Uso de cart\u00e3o de cr\u00e9dito \u00e9 regulamentado nas elei\u00e7\u00f5es; Medida incrementa doa\u00e7\u00f5es pela internet"},"content":{"rendered":"<p style=\"text-align: justify;\">O Tribunal Superior Eleitoral (TSE) regulamentou a doa\u00e7\u00e3o por meio de cart\u00e3o de cr\u00e9dito a candidatos e a partidos pol\u00edticos nas elei\u00e7\u00f5es deste ano. O assunto foi objeto da Portaria TSE n\u00ba 930, que cont\u00e9m as orienta\u00e7\u00f5es sobre os procedimentos a serem observados na arrecada\u00e7\u00e3o eleitoral de recursos por meio de cart\u00e3o de cr\u00e9dito.<\/p>\n<p style=\"text-align: justify;\">De acordo com a portaria, a emiss\u00e3o do recibo eleitoral e a verifica\u00e7\u00e3o da origem e da licitude dos recursos doados bem como o limite de doa\u00e7\u00e3o permitido s\u00e3o de exclusiva responsabilidade do candidato (ou do administrador financeiro por ele designado), do presidente e tesoureiro do partido pol\u00edtico, que tamb\u00e9m s\u00e3o respons\u00e1veis por verificar a correla\u00e7\u00e3o entre o doador e o titular do cart\u00e3o. As doa\u00e7\u00f5es realizadas por pessoas f\u00edsicas s\u00e3o limitadas a 10% dos rendimentos brutos do doador no ano-calend\u00e1rio anterior \u00e0 elei\u00e7\u00e3o.<\/p>\n<p style=\"text-align: justify;\">Somente o titular do cart\u00e3o poder\u00e1 fazer a doa\u00e7\u00e3o. Os bancos dever\u00e3o encaminhar \u00e0s empresas respons\u00e1veis\u00a0 por habilitar candidatos e partidos a receberem a doa\u00e7\u00e3o nome e CPF do titular do cart\u00e3o, data, hor\u00e1rio e valor da doa\u00e7\u00e3o, que ser\u00e3o repassadas aos candidatos e aos partidos. A portaria prev\u00ea ainda que eventuais estornos ou desist\u00eancias da despesa do cart\u00e3o de cr\u00e9dito ser\u00e3o informados pela institui\u00e7\u00e3o de pagamento emissora do cart\u00e3o de cr\u00e9dito ao TSE e ao candidato ou partido pol\u00edtico.<\/p>\n<p style=\"text-align: justify;\">As institui\u00e7\u00f5es de pagamento credenciadoras ou emissoras de cart\u00e3o de cr\u00e9dito, conforme o caso, dever\u00e3o apresentar relat\u00f3rio individual das doa\u00e7\u00f5es recebidas a requerimento de candidato, partido pol\u00edtico ou por dilig\u00eancia da Justi\u00e7a Eleitoral.<\/p>\n<p style=\"text-align: justify;\"><a href=\"https:\/\/comunicacaoeleitoral.ufpr.br\/wp-content\/uploads\/2016\/09\/eleic\u0327o\u0303es.jpg\"><img loading=\"lazy\" decoding=\"async\" class=\"alignnone size-medium wp-image-1539\" src=\"https:\/\/comunicacaoeleitoral.ufpr.br\/wp-content\/uploads\/2016\/09\/eleic\u0327o\u0303es-300x169.jpg\" alt=\"eleic\u0327o\u0303es\" width=\"300\" height=\"169\" srcset=\"https:\/\/comunicacaoeleitoral.ufpr.br\/wp-content\/uploads\/2016\/09\/eleic\u0327o\u0303es-300x169.jpg 300w, https:\/\/comunicacaoeleitoral.ufpr.br\/wp-content\/uploads\/2016\/09\/eleic\u0327o\u0303es.jpg 810w\" sizes=\"(max-width: 300px) 100vw, 300px\" \/><\/a><\/p>\n<p><strong>Doa\u00e7\u00e3o pela internet nas elei\u00e7\u00f5es 2016<\/strong><\/p>\n<p style=\"text-align: justify;\">O artigo 20 da Resolu\u00e7\u00e3o n\u00ba 23.463 do TSE estabelece que, para arrecadar recursos pela internet, o partido e o candidato dever\u00e3o tornar dispon\u00edvel mecanismo em p\u00e1gina eletr\u00f4nica, devendo ser observados os seguintes requisitos: identifica\u00e7\u00e3o do doador pelo nome e pelo CPF; emiss\u00e3o de recibo eleitoral para cada doa\u00e7\u00e3o realizada, dispensada a assinatura do doador; e utiliza\u00e7\u00e3o de terminal de captura de transa\u00e7\u00f5es para as doa\u00e7\u00f5es por meio de cart\u00e3o de cr\u00e9dito e de cart\u00e3o de d\u00e9bito.<\/p>\n<p style=\"text-align: justify;\"><b>Leia\u00a0<\/b><a class=\"internal-link\" title=\"Portaria TSE 930\" href=\"http:\/\/www.justicaeleitoral.jus.br\/arquivos\/portaria-tse-930\" target=\"_blank\">a Portaria n\u00ba 930<\/a>, de 1\u00ba de setembro de 2016<\/p>\n<p style=\"text-align: justify;\">Fonte: TSE<\/p>\n<p style=\"text-align: justify;\">\n","protected":false},"excerpt":{"rendered":"<p>O Tribunal Superior Eleitoral (TSE) regulamentou a doa\u00e7\u00e3o por meio de cart\u00e3o de cr\u00e9dito a candidatos e a partidos pol\u00edticos nas elei\u00e7\u00f5es deste ano. O assunto foi objeto da Portaria TSE n\u00ba 930, que cont\u00e9m as orienta\u00e7\u00f5es sobre os procedimentos a serem observados na arrecada\u00e7\u00e3o eleitoral de recursos por meio de cart\u00e3o de cr\u00e9dito. De [&hellip;]<\/p>\n","protected":false},"author":29,"featured_media":1539,"comment_status":"closed","ping_status":"closed","sticky":false,"template":"","format":"standard","meta":{"_monsterinsights_skip_tracking":false,"_monsterinsights_sitenote_active":false,"_monsterinsights_sitenote_note":"","_monsterinsights_sitenote_category":0,"footnotes":""},"categories":[68,12],"tags":[270,268,33,269,271,36],"yoast_head":"<!-- This site is optimized with the Yoast SEO plugin v22.2 - https:\/\/yoast.com\/wordpress\/plugins\/seo\/ -->\n<title>Uso de cart\u00e3o de cr\u00e9dito \u00e9 regulamentado nas elei\u00e7\u00f5es; Medida incrementa doa\u00e7\u00f5es pela internet - Comunica\u00e7\u00e3o Eleitoral<\/title>\n<meta name=\"description\" content=\"A resolu\u00e7\u00e3o estabelece que, para arrecadar recursos pela internet nas elei\u00e7\u00f5es, o partido e o candidato dever\u00e3o tornar dispon\u00edvel mecanismo em seu site.\" \/>\n<meta name=\"robots\" content=\"index, follow, max-snippet:-1, max-image-preview:large, max-video-preview:-1\" \/>\n<link rel=\"canonical\" href=\"https:\/\/comunicacaoeleitoral.ufpr.br\/index.php\/2016\/09\/02\/uso-de-cartao-de-credito-e-regulamentado-nas-eleicoes-medida-incrementa-doacoes-pela-internet\/\" \/>\n<meta property=\"og:locale\" content=\"pt_BR\" \/>\n<meta property=\"og:type\" content=\"article\" \/>\n<meta property=\"og:title\" content=\"Uso de cart\u00e3o de cr\u00e9dito \u00e9 regulamentado nas elei\u00e7\u00f5es; Medida incrementa doa\u00e7\u00f5es pela internet\" \/>\n<meta property=\"og:description\" content=\"A resolu\u00e7\u00e3o estabelece que, para arrecadar recursos pela internet nas elei\u00e7\u00f5es, o partido e o candidato dever\u00e3o tornar dispon\u00edvel mecanismo em seu site.\" \/>\n<meta property=\"og:url\" content=\"https:\/\/comunicacaoeleitoral.ufpr.br\/index.php\/2016\/09\/02\/uso-de-cartao-de-credito-e-regulamentado-nas-eleicoes-medida-incrementa-doacoes-pela-internet\/\" \/>\n<meta property=\"og:site_name\" content=\"Comunica\u00e7\u00e3o Eleitoral\" \/>\n<meta property=\"article:publisher\" content=\"https:\/\/www.facebook.com\/Comunica%c3%a7%c3%a3o-Eleitoral-564214587069724\/\" \/>\n<meta property=\"article:published_time\" content=\"2016-09-02T14:43:59+00:00\" \/>\n<meta property=\"og:image\" content=\"https:\/\/comunicacaoeleitoral.ufpr.br\/wp-content\/uploads\/2016\/09\/eleic\u0327o\u0303es.jpg\" \/>\n<meta name=\"author\" content=\"CEL UFPR\" \/>\n<meta name=\"twitter:card\" content=\"summary_large_image\" \/>\n<meta name=\"twitter:title\" content=\"Uso de cart\u00e3o de cr\u00e9dito \u00e9 regulamentado nas elei\u00e7\u00f5es; Medida incrementa doa\u00e7\u00f5es pela internet\" \/>\n<meta name=\"twitter:description\" content=\"A resolu\u00e7\u00e3o estabelece que, para arrecadar recursos pela internet nas elei\u00e7\u00f5es, o partido e o candidato dever\u00e3o tornar dispon\u00edvel mecanismo em seu site.\" \/>\n<meta name=\"twitter:image\" content=\"https:\/\/comunicacaoeleitoral.ufpr.br\/wp-content\/uploads\/2016\/09\/eleic\u0327o\u0303es.jpg\" \/>\n<meta name=\"twitter:label1\" content=\"Escrito por\" \/>\n\t<meta name=\"twitter:data1\" content=\"CEL UFPR\" \/>\n\t<meta name=\"twitter:label2\" content=\"Est. tempo de leitura\" \/>\n\t<meta name=\"twitter:data2\" content=\"2 minutos\" \/>\n<script type=\"application\/ld+json\" class=\"yoast-schema-graph\">{\"@context\":\"https:\/\/schema.org\",\"@graph\":[{\"@type\":\"Article\",\"@id\":\"https:\/\/comunicacaoeleitoral.ufpr.br\/index.php\/2016\/09\/02\/uso-de-cartao-de-credito-e-regulamentado-nas-eleicoes-medida-incrementa-doacoes-pela-internet\/#article\",\"isPartOf\":{\"@id\":\"https:\/\/comunicacaoeleitoral.ufpr.br\/index.php\/2016\/09\/02\/uso-de-cartao-de-credito-e-regulamentado-nas-eleicoes-medida-incrementa-doacoes-pela-internet\/\"},\"author\":{\"name\":\"CEL UFPR\",\"@id\":\"https:\/\/comunicacaoeleitoral.ufpr.br\/#\/schema\/person\/1f1b0fa714b592dcfee89e9824953d93\"},\"headline\":\"Uso de cart\u00e3o de cr\u00e9dito \u00e9 regulamentado nas elei\u00e7\u00f5es; Medida incrementa doa\u00e7\u00f5es pela internet\",\"datePublished\":\"2016-09-02T14:43:59+00:00\",\"dateModified\":\"2016-09-02T14:43:59+00:00\",\"mainEntityOfPage\":{\"@id\":\"https:\/\/comunicacaoeleitoral.ufpr.br\/index.php\/2016\/09\/02\/uso-de-cartao-de-credito-e-regulamentado-nas-eleicoes-medida-incrementa-doacoes-pela-internet\/\"},\"wordCount\":423,\"publisher\":{\"@id\":\"https:\/\/comunicacaoeleitoral.ufpr.br\/#organization\"},\"image\":{\"@id\":\"https:\/\/comunicacaoeleitoral.ufpr.br\/index.php\/2016\/09\/02\/uso-de-cartao-de-credito-e-regulamentado-nas-eleicoes-medida-incrementa-doacoes-pela-internet\/#primaryimage\"},\"thumbnailUrl\":\"https:\/\/comunicacaoeleitoral.ufpr.br\/wp-content\/uploads\/2016\/09\/eleic\u0327o\u0303es.jpg\",\"keywords\":[\"cart\u00e3o de cr\u00e9dito\",\"doa\u00e7\u00f5es\",\"elei\u00e7\u00f5es\",\"internet\",\"regulamenta\u00e7\u00e3o\",\"tse\"],\"articleSection\":[\"Not\u00edcias\",\"Pol\u00edtica em foco\"],\"inLanguage\":\"pt-BR\"},{\"@type\":\"WebPage\",\"@id\":\"https:\/\/comunicacaoeleitoral.ufpr.br\/index.php\/2016\/09\/02\/uso-de-cartao-de-credito-e-regulamentado-nas-eleicoes-medida-incrementa-doacoes-pela-internet\/\",\"url\":\"https:\/\/comunicacaoeleitoral.ufpr.br\/index.php\/2016\/09\/02\/uso-de-cartao-de-credito-e-regulamentado-nas-eleicoes-medida-incrementa-doacoes-pela-internet\/\",\"name\":\"Uso de cart\u00e3o de cr\u00e9dito \u00e9 regulamentado nas elei\u00e7\u00f5es; Medida incrementa doa\u00e7\u00f5es pela internet - Comunica\u00e7\u00e3o Eleitoral\",\"isPartOf\":{\"@id\":\"https:\/\/comunicacaoeleitoral.ufpr.br\/#website\"},\"primaryImageOfPage\":{\"@id\":\"https:\/\/comunicacaoeleitoral.ufpr.br\/index.php\/2016\/09\/02\/uso-de-cartao-de-credito-e-regulamentado-nas-eleicoes-medida-incrementa-doacoes-pela-internet\/#primaryimage\"},\"image\":{\"@id\":\"https:\/\/comunicacaoeleitoral.ufpr.br\/index.php\/2016\/09\/02\/uso-de-cartao-de-credito-e-regulamentado-nas-eleicoes-medida-incrementa-doacoes-pela-internet\/#primaryimage\"},\"thumbnailUrl\":\"https:\/\/comunicacaoeleitoral.ufpr.br\/wp-content\/uploads\/2016\/09\/eleic\u0327o\u0303es.jpg\",\"datePublished\":\"2016-09-02T14:43:59+00:00\",\"dateModified\":\"2016-09-02T14:43:59+00:00\",\"description\":\"A resolu\u00e7\u00e3o estabelece que, para arrecadar recursos pela internet nas elei\u00e7\u00f5es, o partido e o candidato dever\u00e3o tornar dispon\u00edvel mecanismo em seu site.\",\"breadcrumb\":{\"@id\":\"https:\/\/comunicacaoeleitoral.ufpr.br\/index.php\/2016\/09\/02\/uso-de-cartao-de-credito-e-regulamentado-nas-eleicoes-medida-incrementa-doacoes-pela-internet\/#breadcrumb\"},\"inLanguage\":\"pt-BR\",\"potentialAction\":[{\"@type\":\"ReadAction\",\"target\":[\"https:\/\/comunicacaoeleitoral.ufpr.br\/index.php\/2016\/09\/02\/uso-de-cartao-de-credito-e-regulamentado-nas-eleicoes-medida-incrementa-doacoes-pela-internet\/\"]}]},{\"@type\":\"ImageObject\",\"inLanguage\":\"pt-BR\",\"@id\":\"https:\/\/comunicacaoeleitoral.ufpr.br\/index.php\/2016\/09\/02\/uso-de-cartao-de-credito-e-regulamentado-nas-eleicoes-medida-incrementa-doacoes-pela-internet\/#primaryimage\",\"url\":\"https:\/\/comunicacaoeleitoral.ufpr.br\/wp-content\/uploads\/2016\/09\/eleic\u0327o\u0303es.jpg\",\"contentUrl\":\"https:\/\/comunicacaoeleitoral.ufpr.br\/wp-content\/uploads\/2016\/09\/eleic\u0327o\u0303es.jpg\",\"width\":810,\"height\":455},{\"@type\":\"BreadcrumbList\",\"@id\":\"https:\/\/comunicacaoeleitoral.ufpr.br\/index.php\/2016\/09\/02\/uso-de-cartao-de-credito-e-regulamentado-nas-eleicoes-medida-incrementa-doacoes-pela-internet\/#breadcrumb\",\"itemListElement\":[{\"@type\":\"ListItem\",\"position\":1,\"name\":\"In\u00edcio\",\"item\":\"https:\/\/comunicacaoeleitoral.ufpr.br\/\"},{\"@type\":\"ListItem\",\"position\":2,\"name\":\"Uso de cart\u00e3o de cr\u00e9dito \u00e9 regulamentado nas elei\u00e7\u00f5es; Medida incrementa doa\u00e7\u00f5es pela internet\"}]},{\"@type\":\"WebSite\",\"@id\":\"https:\/\/comunicacaoeleitoral.ufpr.br\/#website\",\"url\":\"https:\/\/comunicacaoeleitoral.ufpr.br\/\",\"name\":\"Comunica\u00e7\u00e3o Eleitoral\",\"description\":\"Grupo de pesquisa ligado \u00e0 linha de Comunica\u00e7\u00e3o e Pol\u00edtica do Programa de P\u00f3s-gradua\u00e7\u00e3o em Comunica\u00e7\u00e3o da Universidade Federal do Paran\u00e1.\",\"publisher\":{\"@id\":\"https:\/\/comunicacaoeleitoral.ufpr.br\/#organization\"},\"potentialAction\":[{\"@type\":\"SearchAction\",\"target\":{\"@type\":\"EntryPoint\",\"urlTemplate\":\"https:\/\/comunicacaoeleitoral.ufpr.br\/?s={search_term_string}\"},\"query-input\":\"required name=search_term_string\"}],\"inLanguage\":\"pt-BR\"},{\"@type\":\"Organization\",\"@id\":\"https:\/\/comunicacaoeleitoral.ufpr.br\/#organization\",\"name\":\"Comunica\u00e7\u00e3o Eleitoral\",\"url\":\"https:\/\/comunicacaoeleitoral.ufpr.br\/\",\"logo\":{\"@type\":\"ImageObject\",\"inLanguage\":\"pt-BR\",\"@id\":\"https:\/\/comunicacaoeleitoral.ufpr.br\/#\/schema\/logo\/image\/\",\"url\":\"https:\/\/comunicacaoeleitoral.ufpr.br\/wp-content\/uploads\/2015\/05\/header2c_celtalks.png\",\"contentUrl\":\"https:\/\/comunicacaoeleitoral.ufpr.br\/wp-content\/uploads\/2015\/05\/header2c_celtalks.png\",\"width\":1800,\"height\":674,\"caption\":\"Comunica\u00e7\u00e3o Eleitoral\"},\"image\":{\"@id\":\"https:\/\/comunicacaoeleitoral.ufpr.br\/#\/schema\/logo\/image\/\"},\"sameAs\":[\"https:\/\/www.facebook.com\/Comunica\u00e7\u00e3o-Eleitoral-564214587069724\/\",\"https:\/\/www.instagram.com\/comunicacaoeleitoral\/\",\"https:\/\/www.youtube.com\/ocanalpanke\"]},{\"@type\":\"Person\",\"@id\":\"https:\/\/comunicacaoeleitoral.ufpr.br\/#\/schema\/person\/1f1b0fa714b592dcfee89e9824953d93\",\"name\":\"CEL UFPR\",\"image\":{\"@type\":\"ImageObject\",\"inLanguage\":\"pt-BR\",\"@id\":\"https:\/\/comunicacaoeleitoral.ufpr.br\/#\/schema\/person\/image\/\",\"url\":\"https:\/\/secure.gravatar.com\/avatar\/e73476db3cc561f956c8814cbc15a40e?s=96&d=mm&r=g\",\"contentUrl\":\"https:\/\/secure.gravatar.com\/avatar\/e73476db3cc561f956c8814cbc15a40e?s=96&d=mm&r=g\",\"caption\":\"CEL UFPR\"},\"url\":\"https:\/\/comunicacaoeleitoral.ufpr.br\/index.php\/author\/cel-ufpr\/\"}]}<\/script>\n<!-- \/ Yoast SEO plugin. -->","yoast_head_json":{"title":"Uso de cart\u00e3o de cr\u00e9dito \u00e9 regulamentado nas elei\u00e7\u00f5es; Medida incrementa doa\u00e7\u00f5es pela internet - Comunica\u00e7\u00e3o Eleitoral","description":"A resolu\u00e7\u00e3o estabelece que, para arrecadar recursos pela internet nas elei\u00e7\u00f5es, o partido e o candidato dever\u00e3o tornar dispon\u00edvel mecanismo em seu site.","robots":{"index":"index","follow":"follow","max-snippet":"max-snippet:-1","max-image-preview":"max-image-preview:large","max-video-preview":"max-video-preview:-1"},"canonical":"https:\/\/comunicacaoeleitoral.ufpr.br\/index.php\/2016\/09\/02\/uso-de-cartao-de-credito-e-regulamentado-nas-eleicoes-medida-incrementa-doacoes-pela-internet\/","og_locale":"pt_BR","og_type":"article","og_title":"Uso de cart\u00e3o de cr\u00e9dito \u00e9 regulamentado nas elei\u00e7\u00f5es; Medida incrementa doa\u00e7\u00f5es pela internet","og_description":"A resolu\u00e7\u00e3o estabelece que, para arrecadar recursos pela internet nas elei\u00e7\u00f5es, o partido e o candidato dever\u00e3o tornar dispon\u00edvel mecanismo em seu site.","og_url":"https:\/\/comunicacaoeleitoral.ufpr.br\/index.php\/2016\/09\/02\/uso-de-cartao-de-credito-e-regulamentado-nas-eleicoes-medida-incrementa-doacoes-pela-internet\/","og_site_name":"Comunica\u00e7\u00e3o Eleitoral","article_publisher":"https:\/\/www.facebook.com\/Comunica%c3%a7%c3%a3o-Eleitoral-564214587069724\/","article_published_time":"2016-09-02T14:43:59+00:00","og_image":[{"url":"https:\/\/comunicacaoeleitoral.ufpr.br\/wp-content\/uploads\/2016\/09\/eleic\u0327o\u0303es.jpg"}],"author":"CEL UFPR","twitter_card":"summary_large_image","twitter_title":"Uso de cart\u00e3o de cr\u00e9dito \u00e9 regulamentado nas elei\u00e7\u00f5es; Medida incrementa doa\u00e7\u00f5es pela internet","twitter_description":"A resolu\u00e7\u00e3o estabelece que, para arrecadar recursos pela internet nas elei\u00e7\u00f5es, o partido e o candidato dever\u00e3o tornar dispon\u00edvel mecanismo em seu site.","twitter_image":"https:\/\/comunicacaoeleitoral.ufpr.br\/wp-content\/uploads\/2016\/09\/eleic\u0327o\u0303es.jpg","twitter_misc":{"Escrito por":"CEL UFPR","Est. tempo de leitura":"2 minutos"},"schema":{"@context":"https:\/\/schema.org","@graph":[{"@type":"Article","@id":"https:\/\/comunicacaoeleitoral.ufpr.br\/index.php\/2016\/09\/02\/uso-de-cartao-de-credito-e-regulamentado-nas-eleicoes-medida-incrementa-doacoes-pela-internet\/#article","isPartOf":{"@id":"https:\/\/comunicacaoeleitoral.ufpr.br\/index.php\/2016\/09\/02\/uso-de-cartao-de-credito-e-regulamentado-nas-eleicoes-medida-incrementa-doacoes-pela-internet\/"},"author":{"name":"CEL UFPR","@id":"https:\/\/comunicacaoeleitoral.ufpr.br\/#\/schema\/person\/1f1b0fa714b592dcfee89e9824953d93"},"headline":"Uso de cart\u00e3o de cr\u00e9dito \u00e9 regulamentado nas elei\u00e7\u00f5es; Medida incrementa doa\u00e7\u00f5es pela internet","datePublished":"2016-09-02T14:43:59+00:00","dateModified":"2016-09-02T14:43:59+00:00","mainEntityOfPage":{"@id":"https:\/\/comunicacaoeleitoral.ufpr.br\/index.php\/2016\/09\/02\/uso-de-cartao-de-credito-e-regulamentado-nas-eleicoes-medida-incrementa-doacoes-pela-internet\/"},"wordCount":423,"publisher":{"@id":"https:\/\/comunicacaoeleitoral.ufpr.br\/#organization"},"image":{"@id":"https:\/\/comunicacaoeleitoral.ufpr.br\/index.php\/2016\/09\/02\/uso-de-cartao-de-credito-e-regulamentado-nas-eleicoes-medida-incrementa-doacoes-pela-internet\/#primaryimage"},"thumbnailUrl":"https:\/\/comunicacaoeleitoral.ufpr.br\/wp-content\/uploads\/2016\/09\/eleic\u0327o\u0303es.jpg","keywords":["cart\u00e3o de cr\u00e9dito","doa\u00e7\u00f5es","elei\u00e7\u00f5es","internet","regulamenta\u00e7\u00e3o","tse"],"articleSection":["Not\u00edcias","Pol\u00edtica em foco"],"inLanguage":"pt-BR"},{"@type":"WebPage","@id":"https:\/\/comunicacaoeleitoral.ufpr.br\/index.php\/2016\/09\/02\/uso-de-cartao-de-credito-e-regulamentado-nas-eleicoes-medida-incrementa-doacoes-pela-internet\/","url":"https:\/\/comunicacaoeleitoral.ufpr.br\/index.php\/2016\/09\/02\/uso-de-cartao-de-credito-e-regulamentado-nas-eleicoes-medida-incrementa-doacoes-pela-internet\/","name":"Uso de cart\u00e3o de cr\u00e9dito \u00e9 regulamentado nas elei\u00e7\u00f5es; Medida incrementa doa\u00e7\u00f5es pela internet - Comunica\u00e7\u00e3o Eleitoral","isPartOf":{"@id":"https:\/\/comunicacaoeleitoral.ufpr.br\/#website"},"primaryImageOfPage":{"@id":"https:\/\/comunicacaoeleitoral.ufpr.br\/index.php\/2016\/09\/02\/uso-de-cartao-de-credito-e-regulamentado-nas-eleicoes-medida-incrementa-doacoes-pela-internet\/#primaryimage"},"image":{"@id":"https:\/\/comunicacaoeleitoral.ufpr.br\/index.php\/2016\/09\/02\/uso-de-cartao-de-credito-e-regulamentado-nas-eleicoes-medida-incrementa-doacoes-pela-internet\/#primaryimage"},"thumbnailUrl":"https:\/\/comunicacaoeleitoral.ufpr.br\/wp-content\/uploads\/2016\/09\/eleic\u0327o\u0303es.jpg","datePublished":"2016-09-02T14:43:59+00:00","dateModified":"2016-09-02T14:43:59+00:00","description":"A resolu\u00e7\u00e3o estabelece que, para arrecadar recursos pela internet nas elei\u00e7\u00f5es, o partido e o candidato dever\u00e3o tornar dispon\u00edvel mecanismo em seu site.","breadcrumb":{"@id":"https:\/\/comunicacaoeleitoral.ufpr.br\/index.php\/2016\/09\/02\/uso-de-cartao-de-credito-e-regulamentado-nas-eleicoes-medida-incrementa-doacoes-pela-internet\/#breadcrumb"},"inLanguage":"pt-BR","potentialAction":[{"@type":"ReadAction","target":["https:\/\/comunicacaoeleitoral.ufpr.br\/index.php\/2016\/09\/02\/uso-de-cartao-de-credito-e-regulamentado-nas-eleicoes-medida-incrementa-doacoes-pela-internet\/"]}]},{"@type":"ImageObject","inLanguage":"pt-BR","@id":"https:\/\/comunicacaoeleitoral.ufpr.br\/index.php\/2016\/09\/02\/uso-de-cartao-de-credito-e-regulamentado-nas-eleicoes-medida-incrementa-doacoes-pela-internet\/#primaryimage","url":"https:\/\/comunicacaoeleitoral.ufpr.br\/wp-content\/uploads\/2016\/09\/eleic\u0327o\u0303es.jpg","contentUrl":"https:\/\/comunicacaoeleitoral.ufpr.br\/wp-content\/uploads\/2016\/09\/eleic\u0327o\u0303es.jpg","width":810,"height":455},{"@type":"BreadcrumbList","@id":"https:\/\/comunicacaoeleitoral.ufpr.br\/index.php\/2016\/09\/02\/uso-de-cartao-de-credito-e-regulamentado-nas-eleicoes-medida-incrementa-doacoes-pela-internet\/#breadcrumb","itemListElement":[{"@type":"ListItem","position":1,"name":"In\u00edcio","item":"https:\/\/comunicacaoeleitoral.ufpr.br\/"},{"@type":"ListItem","position":2,"name":"Uso de cart\u00e3o de cr\u00e9dito \u00e9 regulamentado nas elei\u00e7\u00f5es; Medida incrementa doa\u00e7\u00f5es pela internet"}]},{"@type":"WebSite","@id":"https:\/\/comunicacaoeleitoral.ufpr.br\/#website","url":"https:\/\/comunicacaoeleitoral.ufpr.br\/","name":"Comunica\u00e7\u00e3o Eleitoral","description":"Grupo de pesquisa ligado \u00e0 linha de Comunica\u00e7\u00e3o e Pol\u00edtica do Programa de P\u00f3s-gradua\u00e7\u00e3o em Comunica\u00e7\u00e3o da Universidade Federal do Paran\u00e1.","publisher":{"@id":"https:\/\/comunicacaoeleitoral.ufpr.br\/#organization"},"potentialAction":[{"@type":"SearchAction","target":{"@type":"EntryPoint","urlTemplate":"https:\/\/comunicacaoeleitoral.ufpr.br\/?s={search_term_string}"},"query-input":"required name=search_term_string"}],"inLanguage":"pt-BR"},{"@type":"Organization","@id":"https:\/\/comunicacaoeleitoral.ufpr.br\/#organization","name":"Comunica\u00e7\u00e3o Eleitoral","url":"https:\/\/comunicacaoeleitoral.ufpr.br\/","logo":{"@type":"ImageObject","inLanguage":"pt-BR","@id":"https:\/\/comunicacaoeleitoral.ufpr.br\/#\/schema\/logo\/image\/","url":"https:\/\/comunicacaoeleitoral.ufpr.br\/wp-content\/uploads\/2015\/05\/header2c_celtalks.png","contentUrl":"https:\/\/comunicacaoeleitoral.ufpr.br\/wp-content\/uploads\/2015\/05\/header2c_celtalks.png","width":1800,"height":674,"caption":"Comunica\u00e7\u00e3o Eleitoral"},"image":{"@id":"https:\/\/comunicacaoeleitoral.ufpr.br\/#\/schema\/logo\/image\/"},"sameAs":["https:\/\/www.facebook.com\/Comunica\u00e7\u00e3o-Eleitoral-564214587069724\/","https:\/\/www.instagram.com\/comunicacaoeleitoral\/","https:\/\/www.youtube.com\/ocanalpanke"]},{"@type":"Person","@id":"https:\/\/comunicacaoeleitoral.ufpr.br\/#\/schema\/person\/1f1b0fa714b592dcfee89e9824953d93","name":"CEL UFPR","image":{"@type":"ImageObject","inLanguage":"pt-BR","@id":"https:\/\/comunicacaoeleitoral.ufpr.br\/#\/schema\/person\/image\/","url":"https:\/\/secure.gravatar.com\/avatar\/e73476db3cc561f956c8814cbc15a40e?s=96&d=mm&r=g","contentUrl":"https:\/\/secure.gravatar.com\/avatar\/e73476db3cc561f956c8814cbc15a40e?s=96&d=mm&r=g","caption":"CEL UFPR"},"url":"https:\/\/comunicacaoeleitoral.ufpr.br\/index.php\/author\/cel-ufpr\/"}]}},"_links":{"self":[{"href":"https:\/\/comunicacaoeleitoral.ufpr.br\/index.php\/wp-json\/wp\/v2\/posts\/1538"}],"collection":[{"href":"https:\/\/comunicacaoeleitoral.ufpr.br\/index.php\/wp-json\/wp\/v2\/posts"}],"about":[{"href":"https:\/\/comunicacaoeleitoral.ufpr.br\/index.php\/wp-json\/wp\/v2\/types\/post"}],"author":[{"embeddable":true,"href":"https:\/\/comunicacaoeleitoral.ufpr.br\/index.php\/wp-json\/wp\/v2\/users\/29"}],"replies":[{"embeddable":true,"href":"https:\/\/comunicacaoeleitoral.ufpr.br\/index.php\/wp-json\/wp\/v2\/comments?post=1538"}],"version-history":[{"count":1,"href":"https:\/\/comunicacaoeleitoral.ufpr.br\/index.php\/wp-json\/wp\/v2\/posts\/1538\/revisions"}],"predecessor-version":[{"id":1540,"href":"https:\/\/comunicacaoeleitoral.ufpr.br\/index.php\/wp-json\/wp\/v2\/posts\/1538\/revisions\/1540"}],"wp:featuredmedia":[{"embeddable":true,"href":"https:\/\/comunicacaoeleitoral.ufpr.br\/index.php\/wp-json\/wp\/v2\/media\/1539"}],"wp:attachment":[{"href":"https:\/\/comunicacaoeleitoral.ufpr.br\/index.php\/wp-json\/wp\/v2\/media?parent=1538"}],"wp:term":[{"taxonomy":"category","embeddable":true,"href":"https:\/\/comunicacaoeleitoral.ufpr.br\/index.php\/wp-json\/wp\/v2\/categories?post=1538"},{"taxonomy":"post_tag","embeddable":true,"href":"https:\/\/comunicacaoeleitoral.ufpr.br\/index.php\/wp-json\/wp\/v2\/tags?post=1538"}],"curies":[{"name":"wp","href":"https:\/\/api.w.org\/{rel}","templated":true}]}}