{"id":1445,"date":"2016-08-16T12:46:31","date_gmt":"2016-08-16T12:46:31","guid":{"rendered":"https:\/\/comunicacaoeleitoral.ufpr.br\/?p=1445"},"modified":"2016-08-16T12:46:31","modified_gmt":"2016-08-16T12:46:31","slug":"encerrado-prazo-para-que-partidos-e-coligacoes-apresentem-pedidos-de-registro-de-candidaturas","status":"publish","type":"post","link":"https:\/\/comunicacaoeleitoral.ufpr.br\/index.php\/2016\/08\/16\/encerrado-prazo-para-que-partidos-e-coligacoes-apresentem-pedidos-de-registro-de-candidaturas\/","title":{"rendered":"Encerrado prazo para que partidos e coliga\u00e7\u00f5es apresentem pedidos de registro de candidaturas"},"content":{"rendered":"<p style=\"text-align: justify;\"><a href=\"https:\/\/comunicacaoeleitoral.ufpr.br\/wp-content\/uploads\/2016\/08\/d3c69d1f-d5e7-4b3c-959e-7e97cc4508eb.jpeg\"><img loading=\"lazy\" decoding=\"async\" class=\"size-medium wp-image-1446 aligncenter\" src=\"https:\/\/comunicacaoeleitoral.ufpr.br\/wp-content\/uploads\/2016\/08\/d3c69d1f-d5e7-4b3c-959e-7e97cc4508eb-300x145.jpeg\" alt=\"d3c69d1f-d5e7-4b3c-959e-7e97cc4508eb\" width=\"300\" height=\"145\" srcset=\"https:\/\/comunicacaoeleitoral.ufpr.br\/wp-content\/uploads\/2016\/08\/d3c69d1f-d5e7-4b3c-959e-7e97cc4508eb-300x145.jpeg 300w, https:\/\/comunicacaoeleitoral.ufpr.br\/wp-content\/uploads\/2016\/08\/d3c69d1f-d5e7-4b3c-959e-7e97cc4508eb.jpeg 543w\" sizes=\"(max-width: 300px) 100vw, 300px\" \/><\/a>Terminou \u00e0s 19h desta segunda-feira (15) o prazo para que candidatos, partidos e coliga\u00e7\u00f5es enviassem \u00e0 Justi\u00e7a Eleitoral os pedidos de registro de candidatos a prefeito, vice-prefeito e vereador (Lei n\u00ba 9.504\/1997, art. 11, caput). At\u00e9 o momento, foram recebidos 495.403 requerimentos, sendo 16.818 para prefeito, 16.816 para vice-prefeito e 461.769 para vereador.<\/p>\n<p style=\"text-align: justify;\">O n\u00famero n\u00e3o est\u00e1 fechado, e deve ser atualizado durante toda a noite pelos Tribunais Regionais Eleitorais (TREs). A pr\u00f3xima divulga\u00e7\u00e3o dos dados est\u00e1 prevista para \u00e0s 8h desta ter\u00e7a-feira (16).<b><\/b><\/p>\n<p style=\"text-align: justify;\"><b>Outros prazos<\/b><\/p>\n<p style=\"text-align: justify;\">Se o partido ou a coliga\u00e7\u00e3o n\u00e3o requereu o registro de seus candidatos, estes poder\u00e3o faz\u00ea-lo at\u00e9 o dia 20 de agosto, observado o prazo m\u00e1ximo de 48 horas seguintes \u00e0 publica\u00e7\u00e3o da lista dos candidatos pelo ju\u00edzo eleitoral competente para receber e processar os pedidos de registro.<\/p>\n<p style=\"text-align: justify;\">J\u00e1 2 de setembro \u00e9 o \u00faltimo dia para os \u00f3rg\u00e3os de dire\u00e7\u00e3o dos partidos preencherem as vagas remanescentes para as elei\u00e7\u00f5es proporcionais, observados os percentuais m\u00ednimo e m\u00e1ximo para candidaturas de cada sexo, no caso de as conven\u00e7\u00f5es para a escolha de candidatos n\u00e3o terem indicado o n\u00famero m\u00e1ximo previsto pela Lei das Elei\u00e7\u00f5es (Lei no 9.504\/1997, art. 10, \u00a7 5\u00ba).<\/p>\n<p style=\"text-align: justify;\">Por fim, 12 de setembro \u00e9 o prazo final para fazer o pedido de registro de candidatura \u00e0s elei\u00e7\u00f5es majorit\u00e1rias e proporcionais na hip\u00f3tese de substitui\u00e7\u00e3o, exceto em caso de falecimento de candidato, quando a substitui\u00e7\u00e3o poder\u00e1 ser efetivada ap\u00f3s esta data, observado, em qualquer situa\u00e7\u00e3o, o per\u00edodo de at\u00e9 10 dias contados do fato ou da decis\u00e3o judicial que deu origem \u00e0 substitui\u00e7\u00e3o.<\/p>\n<p style=\"text-align: justify;\">Fonte: <a href=\"http:\/\/www.tse.jus.br\/\" target=\"_blank\">Tribunal Superior Eleitoral<\/a><\/p>\n","protected":false},"excerpt":{"rendered":"<p>Terminou \u00e0s 19h desta segunda-feira (15) o prazo para que candidatos, partidos e coliga\u00e7\u00f5es enviassem \u00e0 Justi\u00e7a Eleitoral os pedidos de registro de candidatos a prefeito, vice-prefeito e vereador (Lei n\u00ba 9.504\/1997, art. 11, caput). At\u00e9 o momento, foram recebidos 495.403 requerimentos, sendo 16.818 para prefeito, 16.816 para vice-prefeito e 461.769 para vereador. O n\u00famero [&hellip;]<\/p>\n","protected":false},"author":28,"featured_media":0,"comment_status":"closed","ping_status":"closed","sticky":false,"template":"","format":"standard","meta":{"_monsterinsights_skip_tracking":false,"_monsterinsights_sitenote_active":false,"_monsterinsights_sitenote_note":"","_monsterinsights_sitenote_category":0,"footnotes":""},"categories":[12],"tags":[],"yoast_head":"<!-- This site is optimized with the Yoast SEO plugin v22.2 - https:\/\/yoast.com\/wordpress\/plugins\/seo\/ -->\n<title>Prazo para registro de candidaturas encerrou ontem<\/title>\n<meta name=\"description\" content=\"At\u00e9 o momento, foram recebidos 495.403 requerimentos de candidaturas, sendo 16.818 para prefeito, 16.816 para vice-prefeito e 461.769 para vereador.\" \/>\n<meta name=\"robots\" content=\"index, follow, max-snippet:-1, max-image-preview:large, max-video-preview:-1\" \/>\n<link rel=\"canonical\" href=\"https:\/\/comunicacaoeleitoral.ufpr.br\/index.php\/2016\/08\/16\/encerrado-prazo-para-que-partidos-e-coligacoes-apresentem-pedidos-de-registro-de-candidaturas\/\" \/>\n<meta property=\"og:locale\" content=\"pt_BR\" \/>\n<meta property=\"og:type\" content=\"article\" \/>\n<meta property=\"og:title\" content=\"Prazo para registro de candidaturas encerrou ontem\" \/>\n<meta property=\"og:description\" content=\"At\u00e9 o momento, foram recebidos 495.403 requerimentos de candidaturas, sendo 16.818 para prefeito, 16.816 para vice-prefeito e 461.769 para vereador.\" \/>\n<meta property=\"og:url\" content=\"https:\/\/comunicacaoeleitoral.ufpr.br\/index.php\/2016\/08\/16\/encerrado-prazo-para-que-partidos-e-coligacoes-apresentem-pedidos-de-registro-de-candidaturas\/\" \/>\n<meta property=\"og:site_name\" content=\"Comunica\u00e7\u00e3o Eleitoral\" \/>\n<meta property=\"article:publisher\" content=\"https:\/\/www.facebook.com\/Comunica%c3%a7%c3%a3o-Eleitoral-564214587069724\/\" \/>\n<meta property=\"article:published_time\" content=\"2016-08-16T12:46:31+00:00\" \/>\n<meta property=\"og:image\" content=\"https:\/\/comunicacaoeleitoral.ufpr.br\/wp-content\/uploads\/2016\/08\/d3c69d1f-d5e7-4b3c-959e-7e97cc4508eb-300x145.jpeg\" \/>\n<meta name=\"author\" content=\"Vivian Lemos\" \/>\n<meta name=\"twitter:card\" content=\"summary_large_image\" \/>\n<meta name=\"twitter:label1\" content=\"Escrito por\" \/>\n\t<meta name=\"twitter:data1\" content=\"Vivian Lemos\" \/>\n\t<meta name=\"twitter:label2\" content=\"Est. tempo de leitura\" \/>\n\t<meta name=\"twitter:data2\" content=\"1 minuto\" \/>\n<script type=\"application\/ld+json\" class=\"yoast-schema-graph\">{\"@context\":\"https:\/\/schema.org\",\"@graph\":[{\"@type\":\"Article\",\"@id\":\"https:\/\/comunicacaoeleitoral.ufpr.br\/index.php\/2016\/08\/16\/encerrado-prazo-para-que-partidos-e-coligacoes-apresentem-pedidos-de-registro-de-candidaturas\/#article\",\"isPartOf\":{\"@id\":\"https:\/\/comunicacaoeleitoral.ufpr.br\/index.php\/2016\/08\/16\/encerrado-prazo-para-que-partidos-e-coligacoes-apresentem-pedidos-de-registro-de-candidaturas\/\"},\"author\":{\"name\":\"Vivian Lemos\",\"@id\":\"https:\/\/comunicacaoeleitoral.ufpr.br\/#\/schema\/person\/877ba45697f2179310c85ad2f43514af\"},\"headline\":\"Encerrado prazo para que partidos e coliga\u00e7\u00f5es apresentem pedidos de registro de candidaturas\",\"datePublished\":\"2016-08-16T12:46:31+00:00\",\"dateModified\":\"2016-08-16T12:46:31+00:00\",\"mainEntityOfPage\":{\"@id\":\"https:\/\/comunicacaoeleitoral.ufpr.br\/index.php\/2016\/08\/16\/encerrado-prazo-para-que-partidos-e-coligacoes-apresentem-pedidos-de-registro-de-candidaturas\/\"},\"wordCount\":290,\"publisher\":{\"@id\":\"https:\/\/comunicacaoeleitoral.ufpr.br\/#organization\"},\"image\":{\"@id\":\"https:\/\/comunicacaoeleitoral.ufpr.br\/index.php\/2016\/08\/16\/encerrado-prazo-para-que-partidos-e-coligacoes-apresentem-pedidos-de-registro-de-candidaturas\/#primaryimage\"},\"thumbnailUrl\":\"https:\/\/comunicacaoeleitoral.ufpr.br\/wp-content\/uploads\/2016\/08\/d3c69d1f-d5e7-4b3c-959e-7e97cc4508eb-300x145.jpeg\",\"articleSection\":[\"Pol\u00edtica em foco\"],\"inLanguage\":\"pt-BR\"},{\"@type\":\"WebPage\",\"@id\":\"https:\/\/comunicacaoeleitoral.ufpr.br\/index.php\/2016\/08\/16\/encerrado-prazo-para-que-partidos-e-coligacoes-apresentem-pedidos-de-registro-de-candidaturas\/\",\"url\":\"https:\/\/comunicacaoeleitoral.ufpr.br\/index.php\/2016\/08\/16\/encerrado-prazo-para-que-partidos-e-coligacoes-apresentem-pedidos-de-registro-de-candidaturas\/\",\"name\":\"Prazo para registro de candidaturas encerrou ontem\",\"isPartOf\":{\"@id\":\"https:\/\/comunicacaoeleitoral.ufpr.br\/#website\"},\"primaryImageOfPage\":{\"@id\":\"https:\/\/comunicacaoeleitoral.ufpr.br\/index.php\/2016\/08\/16\/encerrado-prazo-para-que-partidos-e-coligacoes-apresentem-pedidos-de-registro-de-candidaturas\/#primaryimage\"},\"image\":{\"@id\":\"https:\/\/comunicacaoeleitoral.ufpr.br\/index.php\/2016\/08\/16\/encerrado-prazo-para-que-partidos-e-coligacoes-apresentem-pedidos-de-registro-de-candidaturas\/#primaryimage\"},\"thumbnailUrl\":\"https:\/\/comunicacaoeleitoral.ufpr.br\/wp-content\/uploads\/2016\/08\/d3c69d1f-d5e7-4b3c-959e-7e97cc4508eb-300x145.jpeg\",\"datePublished\":\"2016-08-16T12:46:31+00:00\",\"dateModified\":\"2016-08-16T12:46:31+00:00\",\"description\":\"At\u00e9 o momento, foram recebidos 495.403 requerimentos de candidaturas, sendo 16.818 para prefeito, 16.816 para vice-prefeito e 461.769 para vereador.\",\"breadcrumb\":{\"@id\":\"https:\/\/comunicacaoeleitoral.ufpr.br\/index.php\/2016\/08\/16\/encerrado-prazo-para-que-partidos-e-coligacoes-apresentem-pedidos-de-registro-de-candidaturas\/#breadcrumb\"},\"inLanguage\":\"pt-BR\",\"potentialAction\":[{\"@type\":\"ReadAction\",\"target\":[\"https:\/\/comunicacaoeleitoral.ufpr.br\/index.php\/2016\/08\/16\/encerrado-prazo-para-que-partidos-e-coligacoes-apresentem-pedidos-de-registro-de-candidaturas\/\"]}]},{\"@type\":\"ImageObject\",\"inLanguage\":\"pt-BR\",\"@id\":\"https:\/\/comunicacaoeleitoral.ufpr.br\/index.php\/2016\/08\/16\/encerrado-prazo-para-que-partidos-e-coligacoes-apresentem-pedidos-de-registro-de-candidaturas\/#primaryimage\",\"url\":\"https:\/\/comunicacaoeleitoral.ufpr.br\/wp-content\/uploads\/2016\/08\/d3c69d1f-d5e7-4b3c-959e-7e97cc4508eb.jpeg\",\"contentUrl\":\"https:\/\/comunicacaoeleitoral.ufpr.br\/wp-content\/uploads\/2016\/08\/d3c69d1f-d5e7-4b3c-959e-7e97cc4508eb.jpeg\",\"width\":543,\"height\":263},{\"@type\":\"BreadcrumbList\",\"@id\":\"https:\/\/comunicacaoeleitoral.ufpr.br\/index.php\/2016\/08\/16\/encerrado-prazo-para-que-partidos-e-coligacoes-apresentem-pedidos-de-registro-de-candidaturas\/#breadcrumb\",\"itemListElement\":[{\"@type\":\"ListItem\",\"position\":1,\"name\":\"In\u00edcio\",\"item\":\"https:\/\/comunicacaoeleitoral.ufpr.br\/\"},{\"@type\":\"ListItem\",\"position\":2,\"name\":\"Encerrado prazo para que partidos e coliga\u00e7\u00f5es apresentem pedidos de registro de candidaturas\"}]},{\"@type\":\"WebSite\",\"@id\":\"https:\/\/comunicacaoeleitoral.ufpr.br\/#website\",\"url\":\"https:\/\/comunicacaoeleitoral.ufpr.br\/\",\"name\":\"Comunica\u00e7\u00e3o Eleitoral\",\"description\":\"Grupo de pesquisa ligado \u00e0 linha de Comunica\u00e7\u00e3o e Pol\u00edtica do Programa de P\u00f3s-gradua\u00e7\u00e3o em Comunica\u00e7\u00e3o da Universidade Federal do Paran\u00e1.\",\"publisher\":{\"@id\":\"https:\/\/comunicacaoeleitoral.ufpr.br\/#organization\"},\"potentialAction\":[{\"@type\":\"SearchAction\",\"target\":{\"@type\":\"EntryPoint\",\"urlTemplate\":\"https:\/\/comunicacaoeleitoral.ufpr.br\/?s={search_term_string}\"},\"query-input\":\"required name=search_term_string\"}],\"inLanguage\":\"pt-BR\"},{\"@type\":\"Organization\",\"@id\":\"https:\/\/comunicacaoeleitoral.ufpr.br\/#organization\",\"name\":\"Comunica\u00e7\u00e3o Eleitoral\",\"url\":\"https:\/\/comunicacaoeleitoral.ufpr.br\/\",\"logo\":{\"@type\":\"ImageObject\",\"inLanguage\":\"pt-BR\",\"@id\":\"https:\/\/comunicacaoeleitoral.ufpr.br\/#\/schema\/logo\/image\/\",\"url\":\"https:\/\/comunicacaoeleitoral.ufpr.br\/wp-content\/uploads\/2015\/05\/header2c_celtalks.png\",\"contentUrl\":\"https:\/\/comunicacaoeleitoral.ufpr.br\/wp-content\/uploads\/2015\/05\/header2c_celtalks.png\",\"width\":1800,\"height\":674,\"caption\":\"Comunica\u00e7\u00e3o Eleitoral\"},\"image\":{\"@id\":\"https:\/\/comunicacaoeleitoral.ufpr.br\/#\/schema\/logo\/image\/\"},\"sameAs\":[\"https:\/\/www.facebook.com\/Comunica\u00e7\u00e3o-Eleitoral-564214587069724\/\",\"https:\/\/www.instagram.com\/comunicacaoeleitoral\/\",\"https:\/\/www.youtube.com\/ocanalpanke\"]},{\"@type\":\"Person\",\"@id\":\"https:\/\/comunicacaoeleitoral.ufpr.br\/#\/schema\/person\/877ba45697f2179310c85ad2f43514af\",\"name\":\"Vivian Lemos\",\"image\":{\"@type\":\"ImageObject\",\"inLanguage\":\"pt-BR\",\"@id\":\"https:\/\/comunicacaoeleitoral.ufpr.br\/#\/schema\/person\/image\/\",\"url\":\"https:\/\/secure.gravatar.com\/avatar\/b2a4a041bee382da046e85d3060b128c?s=96&d=mm&r=g\",\"contentUrl\":\"https:\/\/secure.gravatar.com\/avatar\/b2a4a041bee382da046e85d3060b128c?s=96&d=mm&r=g\",\"caption\":\"Vivian Lemos\"},\"url\":\"https:\/\/comunicacaoeleitoral.ufpr.br\/index.php\/author\/vivian-lemos\/\"}]}<\/script>\n<!-- \/ Yoast SEO plugin. -->","yoast_head_json":{"title":"Prazo para registro de candidaturas encerrou ontem","description":"At\u00e9 o momento, foram recebidos 495.403 requerimentos de candidaturas, sendo 16.818 para prefeito, 16.816 para vice-prefeito e 461.769 para vereador.","robots":{"index":"index","follow":"follow","max-snippet":"max-snippet:-1","max-image-preview":"max-image-preview:large","max-video-preview":"max-video-preview:-1"},"canonical":"https:\/\/comunicacaoeleitoral.ufpr.br\/index.php\/2016\/08\/16\/encerrado-prazo-para-que-partidos-e-coligacoes-apresentem-pedidos-de-registro-de-candidaturas\/","og_locale":"pt_BR","og_type":"article","og_title":"Prazo para registro de candidaturas encerrou ontem","og_description":"At\u00e9 o momento, foram recebidos 495.403 requerimentos de candidaturas, sendo 16.818 para prefeito, 16.816 para vice-prefeito e 461.769 para vereador.","og_url":"https:\/\/comunicacaoeleitoral.ufpr.br\/index.php\/2016\/08\/16\/encerrado-prazo-para-que-partidos-e-coligacoes-apresentem-pedidos-de-registro-de-candidaturas\/","og_site_name":"Comunica\u00e7\u00e3o Eleitoral","article_publisher":"https:\/\/www.facebook.com\/Comunica%c3%a7%c3%a3o-Eleitoral-564214587069724\/","article_published_time":"2016-08-16T12:46:31+00:00","og_image":[{"url":"https:\/\/comunicacaoeleitoral.ufpr.br\/wp-content\/uploads\/2016\/08\/d3c69d1f-d5e7-4b3c-959e-7e97cc4508eb-300x145.jpeg"}],"author":"Vivian Lemos","twitter_card":"summary_large_image","twitter_misc":{"Escrito por":"Vivian Lemos","Est. tempo de leitura":"1 minuto"},"schema":{"@context":"https:\/\/schema.org","@graph":[{"@type":"Article","@id":"https:\/\/comunicacaoeleitoral.ufpr.br\/index.php\/2016\/08\/16\/encerrado-prazo-para-que-partidos-e-coligacoes-apresentem-pedidos-de-registro-de-candidaturas\/#article","isPartOf":{"@id":"https:\/\/comunicacaoeleitoral.ufpr.br\/index.php\/2016\/08\/16\/encerrado-prazo-para-que-partidos-e-coligacoes-apresentem-pedidos-de-registro-de-candidaturas\/"},"author":{"name":"Vivian Lemos","@id":"https:\/\/comunicacaoeleitoral.ufpr.br\/#\/schema\/person\/877ba45697f2179310c85ad2f43514af"},"headline":"Encerrado prazo para que partidos e coliga\u00e7\u00f5es apresentem pedidos de registro de candidaturas","datePublished":"2016-08-16T12:46:31+00:00","dateModified":"2016-08-16T12:46:31+00:00","mainEntityOfPage":{"@id":"https:\/\/comunicacaoeleitoral.ufpr.br\/index.php\/2016\/08\/16\/encerrado-prazo-para-que-partidos-e-coligacoes-apresentem-pedidos-de-registro-de-candidaturas\/"},"wordCount":290,"publisher":{"@id":"https:\/\/comunicacaoeleitoral.ufpr.br\/#organization"},"image":{"@id":"https:\/\/comunicacaoeleitoral.ufpr.br\/index.php\/2016\/08\/16\/encerrado-prazo-para-que-partidos-e-coligacoes-apresentem-pedidos-de-registro-de-candidaturas\/#primaryimage"},"thumbnailUrl":"https:\/\/comunicacaoeleitoral.ufpr.br\/wp-content\/uploads\/2016\/08\/d3c69d1f-d5e7-4b3c-959e-7e97cc4508eb-300x145.jpeg","articleSection":["Pol\u00edtica em foco"],"inLanguage":"pt-BR"},{"@type":"WebPage","@id":"https:\/\/comunicacaoeleitoral.ufpr.br\/index.php\/2016\/08\/16\/encerrado-prazo-para-que-partidos-e-coligacoes-apresentem-pedidos-de-registro-de-candidaturas\/","url":"https:\/\/comunicacaoeleitoral.ufpr.br\/index.php\/2016\/08\/16\/encerrado-prazo-para-que-partidos-e-coligacoes-apresentem-pedidos-de-registro-de-candidaturas\/","name":"Prazo para registro de candidaturas encerrou ontem","isPartOf":{"@id":"https:\/\/comunicacaoeleitoral.ufpr.br\/#website"},"primaryImageOfPage":{"@id":"https:\/\/comunicacaoeleitoral.ufpr.br\/index.php\/2016\/08\/16\/encerrado-prazo-para-que-partidos-e-coligacoes-apresentem-pedidos-de-registro-de-candidaturas\/#primaryimage"},"image":{"@id":"https:\/\/comunicacaoeleitoral.ufpr.br\/index.php\/2016\/08\/16\/encerrado-prazo-para-que-partidos-e-coligacoes-apresentem-pedidos-de-registro-de-candidaturas\/#primaryimage"},"thumbnailUrl":"https:\/\/comunicacaoeleitoral.ufpr.br\/wp-content\/uploads\/2016\/08\/d3c69d1f-d5e7-4b3c-959e-7e97cc4508eb-300x145.jpeg","datePublished":"2016-08-16T12:46:31+00:00","dateModified":"2016-08-16T12:46:31+00:00","description":"At\u00e9 o momento, foram recebidos 495.403 requerimentos de candidaturas, sendo 16.818 para prefeito, 16.816 para vice-prefeito e 461.769 para vereador.","breadcrumb":{"@id":"https:\/\/comunicacaoeleitoral.ufpr.br\/index.php\/2016\/08\/16\/encerrado-prazo-para-que-partidos-e-coligacoes-apresentem-pedidos-de-registro-de-candidaturas\/#breadcrumb"},"inLanguage":"pt-BR","potentialAction":[{"@type":"ReadAction","target":["https:\/\/comunicacaoeleitoral.ufpr.br\/index.php\/2016\/08\/16\/encerrado-prazo-para-que-partidos-e-coligacoes-apresentem-pedidos-de-registro-de-candidaturas\/"]}]},{"@type":"ImageObject","inLanguage":"pt-BR","@id":"https:\/\/comunicacaoeleitoral.ufpr.br\/index.php\/2016\/08\/16\/encerrado-prazo-para-que-partidos-e-coligacoes-apresentem-pedidos-de-registro-de-candidaturas\/#primaryimage","url":"https:\/\/comunicacaoeleitoral.ufpr.br\/wp-content\/uploads\/2016\/08\/d3c69d1f-d5e7-4b3c-959e-7e97cc4508eb.jpeg","contentUrl":"https:\/\/comunicacaoeleitoral.ufpr.br\/wp-content\/uploads\/2016\/08\/d3c69d1f-d5e7-4b3c-959e-7e97cc4508eb.jpeg","width":543,"height":263},{"@type":"BreadcrumbList","@id":"https:\/\/comunicacaoeleitoral.ufpr.br\/index.php\/2016\/08\/16\/encerrado-prazo-para-que-partidos-e-coligacoes-apresentem-pedidos-de-registro-de-candidaturas\/#breadcrumb","itemListElement":[{"@type":"ListItem","position":1,"name":"In\u00edcio","item":"https:\/\/comunicacaoeleitoral.ufpr.br\/"},{"@type":"ListItem","position":2,"name":"Encerrado prazo para que partidos e coliga\u00e7\u00f5es apresentem pedidos de registro de candidaturas"}]},{"@type":"WebSite","@id":"https:\/\/comunicacaoeleitoral.ufpr.br\/#website","url":"https:\/\/comunicacaoeleitoral.ufpr.br\/","name":"Comunica\u00e7\u00e3o Eleitoral","description":"Grupo de pesquisa ligado \u00e0 linha de Comunica\u00e7\u00e3o e Pol\u00edtica do Programa de P\u00f3s-gradua\u00e7\u00e3o em Comunica\u00e7\u00e3o da Universidade Federal do Paran\u00e1.","publisher":{"@id":"https:\/\/comunicacaoeleitoral.ufpr.br\/#organization"},"potentialAction":[{"@type":"SearchAction","target":{"@type":"EntryPoint","urlTemplate":"https:\/\/comunicacaoeleitoral.ufpr.br\/?s={search_term_string}"},"query-input":"required name=search_term_string"}],"inLanguage":"pt-BR"},{"@type":"Organization","@id":"https:\/\/comunicacaoeleitoral.ufpr.br\/#organization","name":"Comunica\u00e7\u00e3o Eleitoral","url":"https:\/\/comunicacaoeleitoral.ufpr.br\/","logo":{"@type":"ImageObject","inLanguage":"pt-BR","@id":"https:\/\/comunicacaoeleitoral.ufpr.br\/#\/schema\/logo\/image\/","url":"https:\/\/comunicacaoeleitoral.ufpr.br\/wp-content\/uploads\/2015\/05\/header2c_celtalks.png","contentUrl":"https:\/\/comunicacaoeleitoral.ufpr.br\/wp-content\/uploads\/2015\/05\/header2c_celtalks.png","width":1800,"height":674,"caption":"Comunica\u00e7\u00e3o Eleitoral"},"image":{"@id":"https:\/\/comunicacaoeleitoral.ufpr.br\/#\/schema\/logo\/image\/"},"sameAs":["https:\/\/www.facebook.com\/Comunica\u00e7\u00e3o-Eleitoral-564214587069724\/","https:\/\/www.instagram.com\/comunicacaoeleitoral\/","https:\/\/www.youtube.com\/ocanalpanke"]},{"@type":"Person","@id":"https:\/\/comunicacaoeleitoral.ufpr.br\/#\/schema\/person\/877ba45697f2179310c85ad2f43514af","name":"Vivian Lemos","image":{"@type":"ImageObject","inLanguage":"pt-BR","@id":"https:\/\/comunicacaoeleitoral.ufpr.br\/#\/schema\/person\/image\/","url":"https:\/\/secure.gravatar.com\/avatar\/b2a4a041bee382da046e85d3060b128c?s=96&d=mm&r=g","contentUrl":"https:\/\/secure.gravatar.com\/avatar\/b2a4a041bee382da046e85d3060b128c?s=96&d=mm&r=g","caption":"Vivian Lemos"},"url":"https:\/\/comunicacaoeleitoral.ufpr.br\/index.php\/author\/vivian-lemos\/"}]}},"_links":{"self":[{"href":"https:\/\/comunicacaoeleitoral.ufpr.br\/index.php\/wp-json\/wp\/v2\/posts\/1445"}],"collection":[{"href":"https:\/\/comunicacaoeleitoral.ufpr.br\/index.php\/wp-json\/wp\/v2\/posts"}],"about":[{"href":"https:\/\/comunicacaoeleitoral.ufpr.br\/index.php\/wp-json\/wp\/v2\/types\/post"}],"author":[{"embeddable":true,"href":"https:\/\/comunicacaoeleitoral.ufpr.br\/index.php\/wp-json\/wp\/v2\/users\/28"}],"replies":[{"embeddable":true,"href":"https:\/\/comunicacaoeleitoral.ufpr.br\/index.php\/wp-json\/wp\/v2\/comments?post=1445"}],"version-history":[{"count":1,"href":"https:\/\/comunicacaoeleitoral.ufpr.br\/index.php\/wp-json\/wp\/v2\/posts\/1445\/revisions"}],"predecessor-version":[{"id":1447,"href":"https:\/\/comunicacaoeleitoral.ufpr.br\/index.php\/wp-json\/wp\/v2\/posts\/1445\/revisions\/1447"}],"wp:attachment":[{"href":"https:\/\/comunicacaoeleitoral.ufpr.br\/index.php\/wp-json\/wp\/v2\/media?parent=1445"}],"wp:term":[{"taxonomy":"category","embeddable":true,"href":"https:\/\/comunicacaoeleitoral.ufpr.br\/index.php\/wp-json\/wp\/v2\/categories?post=1445"},{"taxonomy":"post_tag","embeddable":true,"href":"https:\/\/comunicacaoeleitoral.ufpr.br\/index.php\/wp-json\/wp\/v2\/tags?post=1445"}],"curies":[{"name":"wp","href":"https:\/\/api.w.org\/{rel}","templated":true}]}}