{"id":1425,"date":"2016-08-10T13:56:54","date_gmt":"2016-08-10T13:56:54","guid":{"rendered":"https:\/\/comunicacaoeleitoral.ufpr.br\/?p=1425"},"modified":"2016-08-10T13:56:54","modified_gmt":"2016-08-10T13:56:54","slug":"eleitor-pode-propor-noticia-de-inelegibilidade-contra-candidaturas-irregulares","status":"publish","type":"post","link":"https:\/\/comunicacaoeleitoral.ufpr.br\/index.php\/2016\/08\/10\/eleitor-pode-propor-noticia-de-inelegibilidade-contra-candidaturas-irregulares\/","title":{"rendered":"Eleitor pode propor not\u00edcia de inelegibilidade contra candidaturas irregulares"},"content":{"rendered":"<div id=\"attachment_1426\" style=\"width: 553px\" class=\"wp-caption aligncenter\"><a href=\"https:\/\/comunicacaoeleitoral.ufpr.br\/wp-content\/uploads\/2016\/08\/cc05e7d0-dbd8-4783-bcb9-00129fff57d0.jpeg\"><img loading=\"lazy\" decoding=\"async\" aria-describedby=\"caption-attachment-1426\" class=\"size-full wp-image-1426\" src=\"https:\/\/comunicacaoeleitoral.ufpr.br\/wp-content\/uploads\/2016\/08\/cc05e7d0-dbd8-4783-bcb9-00129fff57d0.jpeg\" alt=\"Foto: TSE\" width=\"543\" height=\"263\" srcset=\"https:\/\/comunicacaoeleitoral.ufpr.br\/wp-content\/uploads\/2016\/08\/cc05e7d0-dbd8-4783-bcb9-00129fff57d0.jpeg 543w, https:\/\/comunicacaoeleitoral.ufpr.br\/wp-content\/uploads\/2016\/08\/cc05e7d0-dbd8-4783-bcb9-00129fff57d0-300x145.jpeg 300w\" sizes=\"(max-width: 543px) 100vw, 543px\" \/><\/a><p id=\"caption-attachment-1426\" class=\"wp-caption-text\">Foto: TSE<\/p><\/div>\n<p>A a\u00e7\u00e3o de impugna\u00e7\u00e3o de candidatura pode ser proposta apenas por legitimados, como o Minist\u00e9rio P\u00fablico Eleitoral (MPE), partidos, coliga\u00e7\u00f5es e candidatos. Mas o que poucos sabem \u00e9 que a legisla\u00e7\u00e3o permite ao cidad\u00e3o, no pleno exerc\u00edcio dos direitos pol\u00edticos, propor, sem que seja representado por um advogado, uma not\u00edcia de aus\u00eancia de condi\u00e7\u00e3o de elegibilidade. Tamb\u00e9m pode propor uma not\u00edcia de incid\u00eancia em causa de inelegibilidade.<\/p>\n<p>Na pr\u00e1tica, o cidad\u00e3o que identificar alguma irregularidade na candidatura de um pol\u00edtico pode apresentar \u00e0 Justi\u00e7a Eleitoral uma \u201cpeti\u00e7\u00e3o fundamentada em duas vias, explicando que o candidato x est\u00e1 na lista do TCU [Tribunal de Constas da Uni\u00e3o] ou tem condena\u00e7\u00e3o por improbidade administrativa\u201d, exemplifica o assessor Especial da Presid\u00eancia do Tribunal Superior Eleitoral (TSE) Alfredo Renan Dimas e Oliveira. A peti\u00e7\u00e3o pode ser apresentada tamb\u00e9m ao MPE e, no caso dos munic\u00edpios, aos promotores eleitorais.<\/p>\n<p>Depois de protocolada a not\u00edcia, o juiz que receber o caso dar\u00e1 prosseguimento \u00e0 instaura\u00e7\u00e3o da not\u00edcia. \u201cO juiz junta a not\u00edcia nos autos do pedido de registro [de candidatura] e intima o candidato para manifesta\u00e7\u00e3o. A instru\u00e7\u00e3o do processo segue, no que couber, a regra da a\u00e7\u00e3o de impugna\u00e7\u00e3o do registro\u201d, diz o assessor. O juiz poder\u00e1 pedir ainda alguma dilig\u00eancia para verificar a veracidade do que est\u00e1 sendo alegado na not\u00edcia. Depois, proferir\u00e1 sua senten\u00e7a, pelo deferimento ou indeferimento do registro da candidatura.<\/p>\n<p>Na hip\u00f3tese de n\u00e3o ser aceita a not\u00edcia, n\u00e3o h\u00e1 previs\u00e3o para que o eleitor possa recorrer da senten\u00e7a. No entanto, ao reconhecer repercuss\u00e3o geral no Recurso Extraordin\u00e1rio com Agravo (ARE) n\u00ba 728188, o Supremo Tribunal Federal (TSE) firmou o entendimento de que o MPE, como fiscal da lei, tem legitimidade para recorrer de decis\u00e3o que deferiu o registro de candidatura, mesmo que n\u00e3o tenha apresentado impugna\u00e7\u00e3o. Essa decis\u00e3o j\u00e1 valeu para as Elei\u00e7\u00f5es 2014.<\/p>\n<p>Existe ainda a possibilidade de, mesmo sem a impugna\u00e7\u00e3o ou sem a not\u00edcia, o juiz conhecer, de of\u00edcio, uma causa de inelegibilidade, quando ciente por outra forma. Um exemplo \u00e9 quando a autoridade tem ci\u00eancia pelos jornais de que determinado candidato ao cargo de prefeito tem condena\u00e7\u00e3o criminal proferida por \u00f3rg\u00e3o colegiado.<\/p>\n<p>Fonte: <a href=\"http:\/\/www.tse.jus.br\/imprensa\/noticias-tse\/2016\/Agosto\/eleitor-pode-propor-noticia-de-inelegibilidade-contra-candidaturas-irregulares\" target=\"_blank\">TSE<\/a><\/p>\n","protected":false},"excerpt":{"rendered":"<p>A a\u00e7\u00e3o de impugna\u00e7\u00e3o de candidatura pode ser proposta apenas por legitimados, como o Minist\u00e9rio P\u00fablico Eleitoral (MPE), partidos, coliga\u00e7\u00f5es e candidatos. Mas o que poucos sabem \u00e9 que a legisla\u00e7\u00e3o permite ao cidad\u00e3o, no pleno exerc\u00edcio dos direitos pol\u00edticos, propor, sem que seja representado por um advogado, uma not\u00edcia de aus\u00eancia de condi\u00e7\u00e3o de [&hellip;]<\/p>\n","protected":false},"author":14,"featured_media":0,"comment_status":"closed","ping_status":"closed","sticky":false,"template":"","format":"standard","meta":{"_monsterinsights_skip_tracking":false,"_monsterinsights_sitenote_active":false,"_monsterinsights_sitenote_note":"","_monsterinsights_sitenote_category":0,"footnotes":""},"categories":[68],"tags":[219,231,36],"yoast_head":"<!-- This site is optimized with the Yoast SEO plugin v22.2 - https:\/\/yoast.com\/wordpress\/plugins\/seo\/ -->\n<title>Eleitor pode propor not\u00edcia de inelegibilidade contra candidaturas irregulares - Comunica\u00e7\u00e3o Eleitoral<\/title>\n<meta name=\"description\" content=\"Grupo de pesquisa ligado \u00e0 linha de Comunica\u00e7\u00e3o, Pol\u00edtica e Atores Coletivos do Programa de P\u00f3s-gradua\u00e7\u00e3o em Comunica\u00e7\u00e3o da Universidade Federal do Paran\u00e1 (UFPR)\" \/>\n<meta name=\"robots\" content=\"index, follow, max-snippet:-1, max-image-preview:large, max-video-preview:-1\" \/>\n<link rel=\"canonical\" href=\"https:\/\/comunicacaoeleitoral.ufpr.br\/index.php\/2016\/08\/10\/eleitor-pode-propor-noticia-de-inelegibilidade-contra-candidaturas-irregulares\/\" \/>\n<meta property=\"og:locale\" content=\"pt_BR\" \/>\n<meta property=\"og:type\" content=\"article\" \/>\n<meta property=\"og:title\" content=\"Eleitor pode propor not\u00edcia de inelegibilidade contra candidaturas irregulares - Comunica\u00e7\u00e3o Eleitoral\" \/>\n<meta property=\"og:description\" content=\"Grupo de pesquisa ligado \u00e0 linha de Comunica\u00e7\u00e3o, Pol\u00edtica e Atores Coletivos do Programa de P\u00f3s-gradua\u00e7\u00e3o em Comunica\u00e7\u00e3o da Universidade Federal do Paran\u00e1 (UFPR)\" \/>\n<meta property=\"og:url\" content=\"https:\/\/comunicacaoeleitoral.ufpr.br\/index.php\/2016\/08\/10\/eleitor-pode-propor-noticia-de-inelegibilidade-contra-candidaturas-irregulares\/\" \/>\n<meta property=\"og:site_name\" content=\"Comunica\u00e7\u00e3o Eleitoral\" \/>\n<meta property=\"article:publisher\" content=\"https:\/\/www.facebook.com\/Comunica%c3%a7%c3%a3o-Eleitoral-564214587069724\/\" \/>\n<meta property=\"article:published_time\" content=\"2016-08-10T13:56:54+00:00\" \/>\n<meta property=\"og:image\" content=\"https:\/\/comunicacaoeleitoral.ufpr.br\/wp-content\/uploads\/2016\/08\/cc05e7d0-dbd8-4783-bcb9-00129fff57d0.jpeg\" \/>\n<meta name=\"author\" content=\"Bruno\" \/>\n<meta name=\"twitter:card\" content=\"summary_large_image\" \/>\n<meta name=\"twitter:creator\" content=\"@brunonichols\" \/>\n<meta name=\"twitter:label1\" content=\"Escrito por\" \/>\n\t<meta name=\"twitter:data1\" content=\"Bruno\" \/>\n\t<meta name=\"twitter:label2\" content=\"Est. tempo de leitura\" \/>\n\t<meta name=\"twitter:data2\" content=\"2 minutos\" \/>\n<script type=\"application\/ld+json\" class=\"yoast-schema-graph\">{\"@context\":\"https:\/\/schema.org\",\"@graph\":[{\"@type\":\"Article\",\"@id\":\"https:\/\/comunicacaoeleitoral.ufpr.br\/index.php\/2016\/08\/10\/eleitor-pode-propor-noticia-de-inelegibilidade-contra-candidaturas-irregulares\/#article\",\"isPartOf\":{\"@id\":\"https:\/\/comunicacaoeleitoral.ufpr.br\/index.php\/2016\/08\/10\/eleitor-pode-propor-noticia-de-inelegibilidade-contra-candidaturas-irregulares\/\"},\"author\":{\"name\":\"Bruno\",\"@id\":\"https:\/\/comunicacaoeleitoral.ufpr.br\/#\/schema\/person\/01c9821415d77ed29d6e5f18970d6818\"},\"headline\":\"Eleitor pode propor not\u00edcia de inelegibilidade contra candidaturas irregulares\",\"datePublished\":\"2016-08-10T13:56:54+00:00\",\"dateModified\":\"2016-08-10T13:56:54+00:00\",\"mainEntityOfPage\":{\"@id\":\"https:\/\/comunicacaoeleitoral.ufpr.br\/index.php\/2016\/08\/10\/eleitor-pode-propor-noticia-de-inelegibilidade-contra-candidaturas-irregulares\/\"},\"wordCount\":427,\"publisher\":{\"@id\":\"https:\/\/comunicacaoeleitoral.ufpr.br\/#organization\"},\"image\":{\"@id\":\"https:\/\/comunicacaoeleitoral.ufpr.br\/index.php\/2016\/08\/10\/eleitor-pode-propor-noticia-de-inelegibilidade-contra-candidaturas-irregulares\/#primaryimage\"},\"thumbnailUrl\":\"https:\/\/comunicacaoeleitoral.ufpr.br\/wp-content\/uploads\/2016\/08\/cc05e7d0-dbd8-4783-bcb9-00129fff57d0.jpeg\",\"keywords\":[\"campanhas\",\"candidaturas\",\"tse\"],\"articleSection\":[\"Not\u00edcias\"],\"inLanguage\":\"pt-BR\"},{\"@type\":\"WebPage\",\"@id\":\"https:\/\/comunicacaoeleitoral.ufpr.br\/index.php\/2016\/08\/10\/eleitor-pode-propor-noticia-de-inelegibilidade-contra-candidaturas-irregulares\/\",\"url\":\"https:\/\/comunicacaoeleitoral.ufpr.br\/index.php\/2016\/08\/10\/eleitor-pode-propor-noticia-de-inelegibilidade-contra-candidaturas-irregulares\/\",\"name\":\"Eleitor pode propor not\u00edcia de inelegibilidade contra candidaturas irregulares - Comunica\u00e7\u00e3o Eleitoral\",\"isPartOf\":{\"@id\":\"https:\/\/comunicacaoeleitoral.ufpr.br\/#website\"},\"primaryImageOfPage\":{\"@id\":\"https:\/\/comunicacaoeleitoral.ufpr.br\/index.php\/2016\/08\/10\/eleitor-pode-propor-noticia-de-inelegibilidade-contra-candidaturas-irregulares\/#primaryimage\"},\"image\":{\"@id\":\"https:\/\/comunicacaoeleitoral.ufpr.br\/index.php\/2016\/08\/10\/eleitor-pode-propor-noticia-de-inelegibilidade-contra-candidaturas-irregulares\/#primaryimage\"},\"thumbnailUrl\":\"https:\/\/comunicacaoeleitoral.ufpr.br\/wp-content\/uploads\/2016\/08\/cc05e7d0-dbd8-4783-bcb9-00129fff57d0.jpeg\",\"datePublished\":\"2016-08-10T13:56:54+00:00\",\"dateModified\":\"2016-08-10T13:56:54+00:00\",\"description\":\"Grupo de pesquisa ligado \u00e0 linha de Comunica\u00e7\u00e3o, Pol\u00edtica e Atores Coletivos do Programa de P\u00f3s-gradua\u00e7\u00e3o em Comunica\u00e7\u00e3o da Universidade Federal do Paran\u00e1 (UFPR)\",\"breadcrumb\":{\"@id\":\"https:\/\/comunicacaoeleitoral.ufpr.br\/index.php\/2016\/08\/10\/eleitor-pode-propor-noticia-de-inelegibilidade-contra-candidaturas-irregulares\/#breadcrumb\"},\"inLanguage\":\"pt-BR\",\"potentialAction\":[{\"@type\":\"ReadAction\",\"target\":[\"https:\/\/comunicacaoeleitoral.ufpr.br\/index.php\/2016\/08\/10\/eleitor-pode-propor-noticia-de-inelegibilidade-contra-candidaturas-irregulares\/\"]}]},{\"@type\":\"ImageObject\",\"inLanguage\":\"pt-BR\",\"@id\":\"https:\/\/comunicacaoeleitoral.ufpr.br\/index.php\/2016\/08\/10\/eleitor-pode-propor-noticia-de-inelegibilidade-contra-candidaturas-irregulares\/#primaryimage\",\"url\":\"https:\/\/comunicacaoeleitoral.ufpr.br\/wp-content\/uploads\/2016\/08\/cc05e7d0-dbd8-4783-bcb9-00129fff57d0.jpeg\",\"contentUrl\":\"https:\/\/comunicacaoeleitoral.ufpr.br\/wp-content\/uploads\/2016\/08\/cc05e7d0-dbd8-4783-bcb9-00129fff57d0.jpeg\",\"width\":543,\"height\":263,\"caption\":\"Foto: TSE\"},{\"@type\":\"BreadcrumbList\",\"@id\":\"https:\/\/comunicacaoeleitoral.ufpr.br\/index.php\/2016\/08\/10\/eleitor-pode-propor-noticia-de-inelegibilidade-contra-candidaturas-irregulares\/#breadcrumb\",\"itemListElement\":[{\"@type\":\"ListItem\",\"position\":1,\"name\":\"In\u00edcio\",\"item\":\"https:\/\/comunicacaoeleitoral.ufpr.br\/\"},{\"@type\":\"ListItem\",\"position\":2,\"name\":\"Eleitor pode propor not\u00edcia de inelegibilidade contra candidaturas irregulares\"}]},{\"@type\":\"WebSite\",\"@id\":\"https:\/\/comunicacaoeleitoral.ufpr.br\/#website\",\"url\":\"https:\/\/comunicacaoeleitoral.ufpr.br\/\",\"name\":\"Comunica\u00e7\u00e3o Eleitoral\",\"description\":\"Grupo de pesquisa ligado \u00e0 linha de Comunica\u00e7\u00e3o e Pol\u00edtica do Programa de P\u00f3s-gradua\u00e7\u00e3o em Comunica\u00e7\u00e3o da Universidade Federal do Paran\u00e1.\",\"publisher\":{\"@id\":\"https:\/\/comunicacaoeleitoral.ufpr.br\/#organization\"},\"potentialAction\":[{\"@type\":\"SearchAction\",\"target\":{\"@type\":\"EntryPoint\",\"urlTemplate\":\"https:\/\/comunicacaoeleitoral.ufpr.br\/?s={search_term_string}\"},\"query-input\":\"required name=search_term_string\"}],\"inLanguage\":\"pt-BR\"},{\"@type\":\"Organization\",\"@id\":\"https:\/\/comunicacaoeleitoral.ufpr.br\/#organization\",\"name\":\"Comunica\u00e7\u00e3o Eleitoral\",\"url\":\"https:\/\/comunicacaoeleitoral.ufpr.br\/\",\"logo\":{\"@type\":\"ImageObject\",\"inLanguage\":\"pt-BR\",\"@id\":\"https:\/\/comunicacaoeleitoral.ufpr.br\/#\/schema\/logo\/image\/\",\"url\":\"https:\/\/comunicacaoeleitoral.ufpr.br\/wp-content\/uploads\/2015\/05\/header2c_celtalks.png\",\"contentUrl\":\"https:\/\/comunicacaoeleitoral.ufpr.br\/wp-content\/uploads\/2015\/05\/header2c_celtalks.png\",\"width\":1800,\"height\":674,\"caption\":\"Comunica\u00e7\u00e3o Eleitoral\"},\"image\":{\"@id\":\"https:\/\/comunicacaoeleitoral.ufpr.br\/#\/schema\/logo\/image\/\"},\"sameAs\":[\"https:\/\/www.facebook.com\/Comunica\u00e7\u00e3o-Eleitoral-564214587069724\/\",\"https:\/\/www.instagram.com\/comunicacaoeleitoral\/\",\"https:\/\/www.youtube.com\/ocanalpanke\"]},{\"@type\":\"Person\",\"@id\":\"https:\/\/comunicacaoeleitoral.ufpr.br\/#\/schema\/person\/01c9821415d77ed29d6e5f18970d6818\",\"name\":\"Bruno\",\"image\":{\"@type\":\"ImageObject\",\"inLanguage\":\"pt-BR\",\"@id\":\"https:\/\/comunicacaoeleitoral.ufpr.br\/#\/schema\/person\/image\/\",\"url\":\"https:\/\/secure.gravatar.com\/avatar\/6db9662033591ec1c413c76e78a9eb7e?s=96&d=mm&r=g\",\"contentUrl\":\"https:\/\/secure.gravatar.com\/avatar\/6db9662033591ec1c413c76e78a9eb7e?s=96&d=mm&r=g\",\"caption\":\"Bruno\"},\"sameAs\":[\"https:\/\/twitter.com\/brunonichols\"],\"url\":\"https:\/\/comunicacaoeleitoral.ufpr.br\/index.php\/author\/bruno\/\"}]}<\/script>\n<!-- \/ Yoast SEO plugin. -->","yoast_head_json":{"title":"Eleitor pode propor not\u00edcia de inelegibilidade contra candidaturas irregulares - Comunica\u00e7\u00e3o Eleitoral","description":"Grupo de pesquisa ligado \u00e0 linha de Comunica\u00e7\u00e3o, Pol\u00edtica e Atores Coletivos do Programa de P\u00f3s-gradua\u00e7\u00e3o em Comunica\u00e7\u00e3o da Universidade Federal do Paran\u00e1 (UFPR)","robots":{"index":"index","follow":"follow","max-snippet":"max-snippet:-1","max-image-preview":"max-image-preview:large","max-video-preview":"max-video-preview:-1"},"canonical":"https:\/\/comunicacaoeleitoral.ufpr.br\/index.php\/2016\/08\/10\/eleitor-pode-propor-noticia-de-inelegibilidade-contra-candidaturas-irregulares\/","og_locale":"pt_BR","og_type":"article","og_title":"Eleitor pode propor not\u00edcia de inelegibilidade contra candidaturas irregulares - Comunica\u00e7\u00e3o Eleitoral","og_description":"Grupo de pesquisa ligado \u00e0 linha de Comunica\u00e7\u00e3o, Pol\u00edtica e Atores Coletivos do Programa de P\u00f3s-gradua\u00e7\u00e3o em Comunica\u00e7\u00e3o da Universidade Federal do Paran\u00e1 (UFPR)","og_url":"https:\/\/comunicacaoeleitoral.ufpr.br\/index.php\/2016\/08\/10\/eleitor-pode-propor-noticia-de-inelegibilidade-contra-candidaturas-irregulares\/","og_site_name":"Comunica\u00e7\u00e3o Eleitoral","article_publisher":"https:\/\/www.facebook.com\/Comunica%c3%a7%c3%a3o-Eleitoral-564214587069724\/","article_published_time":"2016-08-10T13:56:54+00:00","og_image":[{"url":"https:\/\/comunicacaoeleitoral.ufpr.br\/wp-content\/uploads\/2016\/08\/cc05e7d0-dbd8-4783-bcb9-00129fff57d0.jpeg"}],"author":"Bruno","twitter_card":"summary_large_image","twitter_creator":"@brunonichols","twitter_misc":{"Escrito por":"Bruno","Est. tempo de leitura":"2 minutos"},"schema":{"@context":"https:\/\/schema.org","@graph":[{"@type":"Article","@id":"https:\/\/comunicacaoeleitoral.ufpr.br\/index.php\/2016\/08\/10\/eleitor-pode-propor-noticia-de-inelegibilidade-contra-candidaturas-irregulares\/#article","isPartOf":{"@id":"https:\/\/comunicacaoeleitoral.ufpr.br\/index.php\/2016\/08\/10\/eleitor-pode-propor-noticia-de-inelegibilidade-contra-candidaturas-irregulares\/"},"author":{"name":"Bruno","@id":"https:\/\/comunicacaoeleitoral.ufpr.br\/#\/schema\/person\/01c9821415d77ed29d6e5f18970d6818"},"headline":"Eleitor pode propor not\u00edcia de inelegibilidade contra candidaturas irregulares","datePublished":"2016-08-10T13:56:54+00:00","dateModified":"2016-08-10T13:56:54+00:00","mainEntityOfPage":{"@id":"https:\/\/comunicacaoeleitoral.ufpr.br\/index.php\/2016\/08\/10\/eleitor-pode-propor-noticia-de-inelegibilidade-contra-candidaturas-irregulares\/"},"wordCount":427,"publisher":{"@id":"https:\/\/comunicacaoeleitoral.ufpr.br\/#organization"},"image":{"@id":"https:\/\/comunicacaoeleitoral.ufpr.br\/index.php\/2016\/08\/10\/eleitor-pode-propor-noticia-de-inelegibilidade-contra-candidaturas-irregulares\/#primaryimage"},"thumbnailUrl":"https:\/\/comunicacaoeleitoral.ufpr.br\/wp-content\/uploads\/2016\/08\/cc05e7d0-dbd8-4783-bcb9-00129fff57d0.jpeg","keywords":["campanhas","candidaturas","tse"],"articleSection":["Not\u00edcias"],"inLanguage":"pt-BR"},{"@type":"WebPage","@id":"https:\/\/comunicacaoeleitoral.ufpr.br\/index.php\/2016\/08\/10\/eleitor-pode-propor-noticia-de-inelegibilidade-contra-candidaturas-irregulares\/","url":"https:\/\/comunicacaoeleitoral.ufpr.br\/index.php\/2016\/08\/10\/eleitor-pode-propor-noticia-de-inelegibilidade-contra-candidaturas-irregulares\/","name":"Eleitor pode propor not\u00edcia de inelegibilidade contra candidaturas irregulares - Comunica\u00e7\u00e3o Eleitoral","isPartOf":{"@id":"https:\/\/comunicacaoeleitoral.ufpr.br\/#website"},"primaryImageOfPage":{"@id":"https:\/\/comunicacaoeleitoral.ufpr.br\/index.php\/2016\/08\/10\/eleitor-pode-propor-noticia-de-inelegibilidade-contra-candidaturas-irregulares\/#primaryimage"},"image":{"@id":"https:\/\/comunicacaoeleitoral.ufpr.br\/index.php\/2016\/08\/10\/eleitor-pode-propor-noticia-de-inelegibilidade-contra-candidaturas-irregulares\/#primaryimage"},"thumbnailUrl":"https:\/\/comunicacaoeleitoral.ufpr.br\/wp-content\/uploads\/2016\/08\/cc05e7d0-dbd8-4783-bcb9-00129fff57d0.jpeg","datePublished":"2016-08-10T13:56:54+00:00","dateModified":"2016-08-10T13:56:54+00:00","description":"Grupo de pesquisa ligado \u00e0 linha de Comunica\u00e7\u00e3o, Pol\u00edtica e Atores Coletivos do Programa de P\u00f3s-gradua\u00e7\u00e3o em Comunica\u00e7\u00e3o da Universidade Federal do Paran\u00e1 (UFPR)","breadcrumb":{"@id":"https:\/\/comunicacaoeleitoral.ufpr.br\/index.php\/2016\/08\/10\/eleitor-pode-propor-noticia-de-inelegibilidade-contra-candidaturas-irregulares\/#breadcrumb"},"inLanguage":"pt-BR","potentialAction":[{"@type":"ReadAction","target":["https:\/\/comunicacaoeleitoral.ufpr.br\/index.php\/2016\/08\/10\/eleitor-pode-propor-noticia-de-inelegibilidade-contra-candidaturas-irregulares\/"]}]},{"@type":"ImageObject","inLanguage":"pt-BR","@id":"https:\/\/comunicacaoeleitoral.ufpr.br\/index.php\/2016\/08\/10\/eleitor-pode-propor-noticia-de-inelegibilidade-contra-candidaturas-irregulares\/#primaryimage","url":"https:\/\/comunicacaoeleitoral.ufpr.br\/wp-content\/uploads\/2016\/08\/cc05e7d0-dbd8-4783-bcb9-00129fff57d0.jpeg","contentUrl":"https:\/\/comunicacaoeleitoral.ufpr.br\/wp-content\/uploads\/2016\/08\/cc05e7d0-dbd8-4783-bcb9-00129fff57d0.jpeg","width":543,"height":263,"caption":"Foto: TSE"},{"@type":"BreadcrumbList","@id":"https:\/\/comunicacaoeleitoral.ufpr.br\/index.php\/2016\/08\/10\/eleitor-pode-propor-noticia-de-inelegibilidade-contra-candidaturas-irregulares\/#breadcrumb","itemListElement":[{"@type":"ListItem","position":1,"name":"In\u00edcio","item":"https:\/\/comunicacaoeleitoral.ufpr.br\/"},{"@type":"ListItem","position":2,"name":"Eleitor pode propor not\u00edcia de inelegibilidade contra candidaturas irregulares"}]},{"@type":"WebSite","@id":"https:\/\/comunicacaoeleitoral.ufpr.br\/#website","url":"https:\/\/comunicacaoeleitoral.ufpr.br\/","name":"Comunica\u00e7\u00e3o Eleitoral","description":"Grupo de pesquisa ligado \u00e0 linha de Comunica\u00e7\u00e3o e Pol\u00edtica do Programa de P\u00f3s-gradua\u00e7\u00e3o em Comunica\u00e7\u00e3o da Universidade Federal do Paran\u00e1.","publisher":{"@id":"https:\/\/comunicacaoeleitoral.ufpr.br\/#organization"},"potentialAction":[{"@type":"SearchAction","target":{"@type":"EntryPoint","urlTemplate":"https:\/\/comunicacaoeleitoral.ufpr.br\/?s={search_term_string}"},"query-input":"required name=search_term_string"}],"inLanguage":"pt-BR"},{"@type":"Organization","@id":"https:\/\/comunicacaoeleitoral.ufpr.br\/#organization","name":"Comunica\u00e7\u00e3o Eleitoral","url":"https:\/\/comunicacaoeleitoral.ufpr.br\/","logo":{"@type":"ImageObject","inLanguage":"pt-BR","@id":"https:\/\/comunicacaoeleitoral.ufpr.br\/#\/schema\/logo\/image\/","url":"https:\/\/comunicacaoeleitoral.ufpr.br\/wp-content\/uploads\/2015\/05\/header2c_celtalks.png","contentUrl":"https:\/\/comunicacaoeleitoral.ufpr.br\/wp-content\/uploads\/2015\/05\/header2c_celtalks.png","width":1800,"height":674,"caption":"Comunica\u00e7\u00e3o Eleitoral"},"image":{"@id":"https:\/\/comunicacaoeleitoral.ufpr.br\/#\/schema\/logo\/image\/"},"sameAs":["https:\/\/www.facebook.com\/Comunica\u00e7\u00e3o-Eleitoral-564214587069724\/","https:\/\/www.instagram.com\/comunicacaoeleitoral\/","https:\/\/www.youtube.com\/ocanalpanke"]},{"@type":"Person","@id":"https:\/\/comunicacaoeleitoral.ufpr.br\/#\/schema\/person\/01c9821415d77ed29d6e5f18970d6818","name":"Bruno","image":{"@type":"ImageObject","inLanguage":"pt-BR","@id":"https:\/\/comunicacaoeleitoral.ufpr.br\/#\/schema\/person\/image\/","url":"https:\/\/secure.gravatar.com\/avatar\/6db9662033591ec1c413c76e78a9eb7e?s=96&d=mm&r=g","contentUrl":"https:\/\/secure.gravatar.com\/avatar\/6db9662033591ec1c413c76e78a9eb7e?s=96&d=mm&r=g","caption":"Bruno"},"sameAs":["https:\/\/twitter.com\/brunonichols"],"url":"https:\/\/comunicacaoeleitoral.ufpr.br\/index.php\/author\/bruno\/"}]}},"_links":{"self":[{"href":"https:\/\/comunicacaoeleitoral.ufpr.br\/index.php\/wp-json\/wp\/v2\/posts\/1425"}],"collection":[{"href":"https:\/\/comunicacaoeleitoral.ufpr.br\/index.php\/wp-json\/wp\/v2\/posts"}],"about":[{"href":"https:\/\/comunicacaoeleitoral.ufpr.br\/index.php\/wp-json\/wp\/v2\/types\/post"}],"author":[{"embeddable":true,"href":"https:\/\/comunicacaoeleitoral.ufpr.br\/index.php\/wp-json\/wp\/v2\/users\/14"}],"replies":[{"embeddable":true,"href":"https:\/\/comunicacaoeleitoral.ufpr.br\/index.php\/wp-json\/wp\/v2\/comments?post=1425"}],"version-history":[{"count":1,"href":"https:\/\/comunicacaoeleitoral.ufpr.br\/index.php\/wp-json\/wp\/v2\/posts\/1425\/revisions"}],"predecessor-version":[{"id":1427,"href":"https:\/\/comunicacaoeleitoral.ufpr.br\/index.php\/wp-json\/wp\/v2\/posts\/1425\/revisions\/1427"}],"wp:attachment":[{"href":"https:\/\/comunicacaoeleitoral.ufpr.br\/index.php\/wp-json\/wp\/v2\/media?parent=1425"}],"wp:term":[{"taxonomy":"category","embeddable":true,"href":"https:\/\/comunicacaoeleitoral.ufpr.br\/index.php\/wp-json\/wp\/v2\/categories?post=1425"},{"taxonomy":"post_tag","embeddable":true,"href":"https:\/\/comunicacaoeleitoral.ufpr.br\/index.php\/wp-json\/wp\/v2\/tags?post=1425"}],"curies":[{"name":"wp","href":"https:\/\/api.w.org\/{rel}","templated":true}]}}