{"id":1312,"date":"2016-07-12T12:36:31","date_gmt":"2016-07-12T12:36:31","guid":{"rendered":"https:\/\/comunicacaoeleitoral.ufpr.br\/?p=1312"},"modified":"2017-04-25T12:53:45","modified_gmt":"2017-04-25T12:53:45","slug":"justica-eleitoral-revela-queda-na-quantidade-de-registros-de-pesquisas-para-as-eleicoes","status":"publish","type":"post","link":"https:\/\/comunicacaoeleitoral.ufpr.br\/index.php\/2016\/07\/12\/justica-eleitoral-revela-queda-na-quantidade-de-registros-de-pesquisas-para-as-eleicoes\/","title":{"rendered":"Justi\u00e7a Eleitoral revela queda na quantidade de registros de pesquisas para as elei\u00e7\u00f5es"},"content":{"rendered":"<p style=\"text-align: justify;\"><a href=\"https:\/\/comunicacaoeleitoral.ufpr.br\/wp-content\/uploads\/2016\/07\/pesquisas.jpeg\"><img loading=\"lazy\" decoding=\"async\" class=\" wp-image-1313 size-full aligncenter\" src=\"https:\/\/comunicacaoeleitoral.ufpr.br\/wp-content\/uploads\/2016\/07\/pesquisas.jpeg\" alt=\"pesquisas\" width=\"400\" height=\"204\" srcset=\"https:\/\/comunicacaoeleitoral.ufpr.br\/wp-content\/uploads\/2016\/07\/pesquisas.jpeg 400w, https:\/\/comunicacaoeleitoral.ufpr.br\/wp-content\/uploads\/2016\/07\/pesquisas-300x153.jpeg 300w\" sizes=\"(max-width: 400px) 100vw, 400px\" \/><\/a>A cada pleito, as entidades e empresas interessadas em realizar pesquisas eleitorais de opini\u00e3o p\u00fablica relativas \u00e0s elei\u00e7\u00f5es ou aos candidatos s\u00e3o obrigadas a efetuar o registro na Justi\u00e7a Eleitoral, a partir de 1\u00b0 de janeiro, e com no m\u00ednimo cinco dias de anteced\u00eancia da divulga\u00e7\u00e3o. Este ano, a Justi\u00e7a Eleitoral recebeu, at\u00e9 o momento, 795 registros de pesquisas eleitorais. Houve uma queda de 21,5% na compara\u00e7\u00e3o com o mesmo per\u00edodo das elei\u00e7\u00f5es municipais de 2012, quando os Tribunais Regionais Eleitorais (TREs) receberam 1.013 registros.<\/p>\n<p style=\"text-align: justify;\">De acordo com a <a href=\"http:\/\/www.tse.jus.br\/legislacao-tse\/res\/2015\/RES234532015.htm\">Resolu\u00e7\u00e3o n\u00b0 23.453<\/a>, que disp\u00f5e sobre pesquisas eleitorais para o pleito de 2016, o registro de pesquisa deve ser realizado, obrigatoriamente, pela internet, a qualquer tempo, por meio do Sistema de Registro de Pesquisas Eleitorais (PesqEle), dispon\u00edvel nas p\u00e1ginas dos respectivos regionais. Na hip\u00f3tese de a pesquisa envolver mais de um munic\u00edpio, dever\u00e1 ser efetuado um registro para cada munic\u00edpio abrangido.<\/p>\n<p style=\"text-align: justify;\">Para a utiliza\u00e7\u00e3o do sistema, as entidades e empresas devem cadastrar-se eletronicamente na Justi\u00e7a Eleitoral e informar, no ato do registro da pesquisa, al\u00e9m dos seus dados cadastrais, a origem dos recursos despendidos no trabalho, al\u00e9m da metodologia e per\u00edodo de realiza\u00e7\u00e3o da pesquisa, o plano amostral e pondera\u00e7\u00e3o quanto a sexo, idade, grau de instru\u00e7\u00e3o, n\u00edvel econ\u00f4mico do entrevistado e \u00e1rea f\u00edsica de realiza\u00e7\u00e3o do trabalho a ser executado, n\u00edvel de confian\u00e7a e margem de erro, com a indica\u00e7\u00e3o da fonte p\u00fablica dos dados utilizados.<\/p>\n<p style=\"text-align: justify;\">Devem ser informados ainda o sistema interno de controle e verifica\u00e7\u00e3o, confer\u00eancia e fiscaliza\u00e7\u00e3o da coleta de dados e do trabalho de campo; o question\u00e1rio completo aplicado ou a ser aplicado; quem pagou pela realiza\u00e7\u00e3o do trabalho e seu n\u00famero de inscri\u00e7\u00e3o no CPF ou no CNPJ; a c\u00f3pia da respectiva nota fiscal; o nome do estat\u00edstico respons\u00e1vel pela pesquisa e o n\u00famero de seu registro no Conselho Regional de Estat\u00edstica competente; a indica\u00e7\u00e3o do munic\u00edpio abrangido pela pesquisa, bem como dos cargos aos quais se refere.<\/p>\n<p style=\"text-align: justify;\">Efetivado ou alterado o registro, ser\u00e1 emitido recibo eletr\u00f4nico, que conter\u00e1 um resumo das informa\u00e7\u00f5es e o n\u00famero de identifica\u00e7\u00e3o da pesquisa que dever\u00e1 constar na divulga\u00e7\u00e3o e na publica\u00e7\u00e3o dos resultados da pesquisa. A divulga\u00e7\u00e3o de pesquisa sem o pr\u00e9vio registro pode ensejar em multa aos respons\u00e1veis no valor de R$ 53.205,00 a R$ 106.410,00.<\/p>\n<p style=\"text-align: justify;\"><b>Divulga\u00e7\u00e3o de resultados<\/b><\/p>\n<p style=\"text-align: justify;\">As pesquisas realizadas em data anterior ao dia das elei\u00e7\u00f5es poder\u00e3o ser divulgadas a qualquer momento, inclusive no dia das elei\u00e7\u00f5es. No caso da divulga\u00e7\u00e3o da pesquisa ser realizada no hor\u00e1rio eleitoral gratuito, n\u00e3o \u00e9 obrigat\u00f3ria a men\u00e7\u00e3o aos concorrentes, desde que o modo de apresenta\u00e7\u00e3o dos resultados n\u00e3o induza o eleitor a erro quanto ao desempenho do candidato em rela\u00e7\u00e3o aos demais.<\/p>\n<p style=\"text-align: justify;\">J\u00e1 a divulga\u00e7\u00e3o de levantamento de inten\u00e7\u00e3o de voto efetivado no dia das elei\u00e7\u00f5es, somente poder\u00e1 ocorrer ap\u00f3s encerradas as vota\u00e7\u00f5es na respectiva unidade da Federa\u00e7\u00e3o.<\/p>\n<p style=\"text-align: justify;\">S\u00e3o informa\u00e7\u00f5es obrigat\u00f3rias na divulga\u00e7\u00e3o da pesquisa: o per\u00edodo de realiza\u00e7\u00e3o da coleta de dados, a margem de erro, o n\u00edvel de confian\u00e7a, o n\u00famero de entrevistas, o nome da entidade ou da empresa que a realizou e, se for o caso, de quem a contratou, e ainda o n\u00famero de registro da pesquisa.<\/p>\n<p style=\"text-align: justify;\"><b>Impugna\u00e7\u00e3o<\/b><\/p>\n<p style=\"text-align: justify;\">O Minist\u00e9rio P\u00fablico Eleitoral, os candidatos, os partidos pol\u00edticos e as coliga\u00e7\u00f5es podem impugnar o registro e\/ou a divulga\u00e7\u00e3o de pesquisas eleitorais no Ju\u00edzo Eleitoral competente, quando n\u00e3o atendidas as exig\u00eancias constantes na legisla\u00e7\u00e3o eleitoral.<\/p>\n<p style=\"text-align: justify;\">Havendo impugna\u00e7\u00e3o, o pedido de registro ser\u00e1 autuado e o Cart\u00f3rio Eleitoral providenciar\u00e1 a notifica\u00e7\u00e3o imediata e o representado dever\u00e1 apresentar defesa em 48 horas. O Juiz Eleitoral poder\u00e1, caso julgue pertiente, determinar a suspens\u00e3o da divulga\u00e7\u00e3o dos resultados da pesquisa impugnada ou a inclus\u00e3o de esclarecimento na divulga\u00e7\u00e3o de seus resultados.<\/p>\n<p style=\"text-align: justify;\"><b>Acesso \u00e0s pesquisas<\/b><\/p>\n<p style=\"text-align: justify;\">Os interessados em acessar as pesquisas podem consultar o site do TSE na op\u00e7\u00e3o Elei\u00e7\u00f5es 2016 \u2013 <a title=\"\" href=\"http:\/\/www.tse.jus.br\/eleicoes\/eleicoes-2016\/pesquisas-eleitorais\/consulta-as-pesquisas-registradas\" target=\"_blank\">Pesquisas Eleitorais<\/a>. Nesse link est\u00e3o dispon\u00edveis as informa\u00e7\u00f5es de cada pesquisa de acordo com o munic\u00edpio registrado. \u00c9 poss\u00edvel fazer a busca pelo nome da cidade.<\/p>\n<p style=\"text-align: justify;\">FP\/RC<\/p>\n<p style=\"text-align: justify;\">Fonte: <a href=\"http:\/\/www.tse.jus.br\/\" target=\"_blank\">Tribunal Superior Eleitoral<\/a><\/p>\n<p style=\"text-align: justify;\">Entenda o papel das pesquisas no processo eleitoral com os artigos de autoria dos pesquisadores do CEL, Ricardo Tesseroli e S\u00e9rgio Trein. Links abaixo:<\/p>\n<p style=\"text-align: justify;\">\u2013 <a href=\"http:\/\/www.agendapolitica.ufscar.br\/index.php\/agendapolitica\/article\/view\/50\/47\">Quando a voz do eleitor \u00e9 pouco ouvida: pesquisa eleitoral e estrat\u00e9gias de comunica\u00e7\u00e3o na Campanha para prefeito de Curitiba em 2012. Agenda Pol\u00edtica<\/a>\u00a0\u2013\u00a0Ricardo Tesseroli.<\/p>\n<p style=\"text-align: justify;\">\u2013\u00a0<a href=\"http:\/\/www.portcom.intercom.org.br\/pdfs\/33036607867526658841998748901354663358.pdf\">O duplo papel das pesquisas eleitorais: eleitora de quem est\u00e1 na frente, advers\u00e1ria de quem est\u00e1 atr\u00e1s <\/a>\u2013 S\u00e9rgio Trein.<\/p>\n","protected":false},"excerpt":{"rendered":"<p>A cada pleito, as entidades e empresas interessadas em realizar pesquisas eleitorais de opini\u00e3o p\u00fablica relativas \u00e0s elei\u00e7\u00f5es ou aos candidatos s\u00e3o obrigadas a efetuar o registro na Justi\u00e7a Eleitoral, a partir de 1\u00b0 de janeiro, e com no m\u00ednimo cinco dias de anteced\u00eancia da divulga\u00e7\u00e3o. Este ano, a Justi\u00e7a Eleitoral recebeu, at\u00e9 o momento, [&hellip;]<\/p>\n","protected":false},"author":28,"featured_media":0,"comment_status":"closed","ping_status":"closed","sticky":false,"template":"","format":"standard","meta":{"_monsterinsights_skip_tracking":false,"_monsterinsights_sitenote_active":false,"_monsterinsights_sitenote_note":"","_monsterinsights_sitenote_category":0,"footnotes":""},"categories":[12],"tags":[],"yoast_head":"<!-- This site is optimized with the Yoast SEO plugin v22.2 - https:\/\/yoast.com\/wordpress\/plugins\/seo\/ -->\n<title>Diminuem os registros para pesquisas nas pr\u00f3ximas elei\u00e7\u00f5es<\/title>\n<meta name=\"description\" content=\"Justi\u00e7a Eleitoral revela queda na quantidade de registros de pesquisas para as elei\u00e7\u00f5es municipais de 2016\" \/>\n<meta name=\"robots\" content=\"index, follow, max-snippet:-1, max-image-preview:large, max-video-preview:-1\" \/>\n<link rel=\"canonical\" href=\"https:\/\/comunicacaoeleitoral.ufpr.br\/index.php\/2016\/07\/12\/justica-eleitoral-revela-queda-na-quantidade-de-registros-de-pesquisas-para-as-eleicoes\/\" \/>\n<meta property=\"og:locale\" content=\"pt_BR\" \/>\n<meta property=\"og:type\" content=\"article\" \/>\n<meta property=\"og:title\" content=\"Diminuem os registros para pesquisas nas pr\u00f3ximas elei\u00e7\u00f5es\" \/>\n<meta property=\"og:description\" content=\"Justi\u00e7a Eleitoral revela queda na quantidade de registros de pesquisas para as elei\u00e7\u00f5es municipais de 2016\" \/>\n<meta property=\"og:url\" content=\"https:\/\/comunicacaoeleitoral.ufpr.br\/index.php\/2016\/07\/12\/justica-eleitoral-revela-queda-na-quantidade-de-registros-de-pesquisas-para-as-eleicoes\/\" \/>\n<meta property=\"og:site_name\" content=\"Comunica\u00e7\u00e3o Eleitoral\" \/>\n<meta property=\"article:publisher\" content=\"https:\/\/www.facebook.com\/Comunica%c3%a7%c3%a3o-Eleitoral-564214587069724\/\" \/>\n<meta property=\"article:published_time\" content=\"2016-07-12T12:36:31+00:00\" \/>\n<meta property=\"article:modified_time\" content=\"2017-04-25T12:53:45+00:00\" \/>\n<meta property=\"og:image\" content=\"https:\/\/comunicacaoeleitoral.ufpr.br\/wp-content\/uploads\/2016\/07\/pesquisas.jpeg\" \/>\n<meta name=\"author\" content=\"Vivian Lemos\" \/>\n<meta name=\"twitter:card\" content=\"summary_large_image\" \/>\n<meta name=\"twitter:label1\" content=\"Escrito por\" \/>\n\t<meta name=\"twitter:data1\" content=\"Vivian Lemos\" \/>\n\t<meta name=\"twitter:label2\" content=\"Est. tempo de leitura\" \/>\n\t<meta name=\"twitter:data2\" content=\"4 minutos\" \/>\n<script type=\"application\/ld+json\" class=\"yoast-schema-graph\">{\"@context\":\"https:\/\/schema.org\",\"@graph\":[{\"@type\":\"Article\",\"@id\":\"https:\/\/comunicacaoeleitoral.ufpr.br\/index.php\/2016\/07\/12\/justica-eleitoral-revela-queda-na-quantidade-de-registros-de-pesquisas-para-as-eleicoes\/#article\",\"isPartOf\":{\"@id\":\"https:\/\/comunicacaoeleitoral.ufpr.br\/index.php\/2016\/07\/12\/justica-eleitoral-revela-queda-na-quantidade-de-registros-de-pesquisas-para-as-eleicoes\/\"},\"author\":{\"name\":\"Vivian Lemos\",\"@id\":\"https:\/\/comunicacaoeleitoral.ufpr.br\/#\/schema\/person\/877ba45697f2179310c85ad2f43514af\"},\"headline\":\"Justi\u00e7a Eleitoral revela queda na quantidade de registros de pesquisas para as elei\u00e7\u00f5es\",\"datePublished\":\"2016-07-12T12:36:31+00:00\",\"dateModified\":\"2017-04-25T12:53:45+00:00\",\"mainEntityOfPage\":{\"@id\":\"https:\/\/comunicacaoeleitoral.ufpr.br\/index.php\/2016\/07\/12\/justica-eleitoral-revela-queda-na-quantidade-de-registros-de-pesquisas-para-as-eleicoes\/\"},\"wordCount\":851,\"publisher\":{\"@id\":\"https:\/\/comunicacaoeleitoral.ufpr.br\/#organization\"},\"image\":{\"@id\":\"https:\/\/comunicacaoeleitoral.ufpr.br\/index.php\/2016\/07\/12\/justica-eleitoral-revela-queda-na-quantidade-de-registros-de-pesquisas-para-as-eleicoes\/#primaryimage\"},\"thumbnailUrl\":\"https:\/\/comunicacaoeleitoral.ufpr.br\/wp-content\/uploads\/2016\/07\/pesquisas.jpeg\",\"articleSection\":[\"Pol\u00edtica em foco\"],\"inLanguage\":\"pt-BR\"},{\"@type\":\"WebPage\",\"@id\":\"https:\/\/comunicacaoeleitoral.ufpr.br\/index.php\/2016\/07\/12\/justica-eleitoral-revela-queda-na-quantidade-de-registros-de-pesquisas-para-as-eleicoes\/\",\"url\":\"https:\/\/comunicacaoeleitoral.ufpr.br\/index.php\/2016\/07\/12\/justica-eleitoral-revela-queda-na-quantidade-de-registros-de-pesquisas-para-as-eleicoes\/\",\"name\":\"Diminuem os registros para pesquisas nas pr\u00f3ximas elei\u00e7\u00f5es\",\"isPartOf\":{\"@id\":\"https:\/\/comunicacaoeleitoral.ufpr.br\/#website\"},\"primaryImageOfPage\":{\"@id\":\"https:\/\/comunicacaoeleitoral.ufpr.br\/index.php\/2016\/07\/12\/justica-eleitoral-revela-queda-na-quantidade-de-registros-de-pesquisas-para-as-eleicoes\/#primaryimage\"},\"image\":{\"@id\":\"https:\/\/comunicacaoeleitoral.ufpr.br\/index.php\/2016\/07\/12\/justica-eleitoral-revela-queda-na-quantidade-de-registros-de-pesquisas-para-as-eleicoes\/#primaryimage\"},\"thumbnailUrl\":\"https:\/\/comunicacaoeleitoral.ufpr.br\/wp-content\/uploads\/2016\/07\/pesquisas.jpeg\",\"datePublished\":\"2016-07-12T12:36:31+00:00\",\"dateModified\":\"2017-04-25T12:53:45+00:00\",\"description\":\"Justi\u00e7a Eleitoral revela queda na quantidade de registros de pesquisas para as elei\u00e7\u00f5es municipais de 2016\",\"breadcrumb\":{\"@id\":\"https:\/\/comunicacaoeleitoral.ufpr.br\/index.php\/2016\/07\/12\/justica-eleitoral-revela-queda-na-quantidade-de-registros-de-pesquisas-para-as-eleicoes\/#breadcrumb\"},\"inLanguage\":\"pt-BR\",\"potentialAction\":[{\"@type\":\"ReadAction\",\"target\":[\"https:\/\/comunicacaoeleitoral.ufpr.br\/index.php\/2016\/07\/12\/justica-eleitoral-revela-queda-na-quantidade-de-registros-de-pesquisas-para-as-eleicoes\/\"]}]},{\"@type\":\"ImageObject\",\"inLanguage\":\"pt-BR\",\"@id\":\"https:\/\/comunicacaoeleitoral.ufpr.br\/index.php\/2016\/07\/12\/justica-eleitoral-revela-queda-na-quantidade-de-registros-de-pesquisas-para-as-eleicoes\/#primaryimage\",\"url\":\"https:\/\/comunicacaoeleitoral.ufpr.br\/wp-content\/uploads\/2016\/07\/pesquisas.jpeg\",\"contentUrl\":\"https:\/\/comunicacaoeleitoral.ufpr.br\/wp-content\/uploads\/2016\/07\/pesquisas.jpeg\",\"width\":400,\"height\":204},{\"@type\":\"BreadcrumbList\",\"@id\":\"https:\/\/comunicacaoeleitoral.ufpr.br\/index.php\/2016\/07\/12\/justica-eleitoral-revela-queda-na-quantidade-de-registros-de-pesquisas-para-as-eleicoes\/#breadcrumb\",\"itemListElement\":[{\"@type\":\"ListItem\",\"position\":1,\"name\":\"In\u00edcio\",\"item\":\"https:\/\/comunicacaoeleitoral.ufpr.br\/\"},{\"@type\":\"ListItem\",\"position\":2,\"name\":\"Justi\u00e7a Eleitoral revela queda na quantidade de registros de pesquisas para as elei\u00e7\u00f5es\"}]},{\"@type\":\"WebSite\",\"@id\":\"https:\/\/comunicacaoeleitoral.ufpr.br\/#website\",\"url\":\"https:\/\/comunicacaoeleitoral.ufpr.br\/\",\"name\":\"Comunica\u00e7\u00e3o Eleitoral\",\"description\":\"Grupo de pesquisa ligado \u00e0 linha de Comunica\u00e7\u00e3o e Pol\u00edtica do Programa de P\u00f3s-gradua\u00e7\u00e3o em Comunica\u00e7\u00e3o da Universidade Federal do Paran\u00e1.\",\"publisher\":{\"@id\":\"https:\/\/comunicacaoeleitoral.ufpr.br\/#organization\"},\"potentialAction\":[{\"@type\":\"SearchAction\",\"target\":{\"@type\":\"EntryPoint\",\"urlTemplate\":\"https:\/\/comunicacaoeleitoral.ufpr.br\/?s={search_term_string}\"},\"query-input\":\"required name=search_term_string\"}],\"inLanguage\":\"pt-BR\"},{\"@type\":\"Organization\",\"@id\":\"https:\/\/comunicacaoeleitoral.ufpr.br\/#organization\",\"name\":\"Comunica\u00e7\u00e3o Eleitoral\",\"url\":\"https:\/\/comunicacaoeleitoral.ufpr.br\/\",\"logo\":{\"@type\":\"ImageObject\",\"inLanguage\":\"pt-BR\",\"@id\":\"https:\/\/comunicacaoeleitoral.ufpr.br\/#\/schema\/logo\/image\/\",\"url\":\"https:\/\/comunicacaoeleitoral.ufpr.br\/wp-content\/uploads\/2015\/05\/header2c_celtalks.png\",\"contentUrl\":\"https:\/\/comunicacaoeleitoral.ufpr.br\/wp-content\/uploads\/2015\/05\/header2c_celtalks.png\",\"width\":1800,\"height\":674,\"caption\":\"Comunica\u00e7\u00e3o Eleitoral\"},\"image\":{\"@id\":\"https:\/\/comunicacaoeleitoral.ufpr.br\/#\/schema\/logo\/image\/\"},\"sameAs\":[\"https:\/\/www.facebook.com\/Comunica\u00e7\u00e3o-Eleitoral-564214587069724\/\",\"https:\/\/www.instagram.com\/comunicacaoeleitoral\/\",\"https:\/\/www.youtube.com\/ocanalpanke\"]},{\"@type\":\"Person\",\"@id\":\"https:\/\/comunicacaoeleitoral.ufpr.br\/#\/schema\/person\/877ba45697f2179310c85ad2f43514af\",\"name\":\"Vivian Lemos\",\"image\":{\"@type\":\"ImageObject\",\"inLanguage\":\"pt-BR\",\"@id\":\"https:\/\/comunicacaoeleitoral.ufpr.br\/#\/schema\/person\/image\/\",\"url\":\"https:\/\/secure.gravatar.com\/avatar\/b2a4a041bee382da046e85d3060b128c?s=96&d=mm&r=g\",\"contentUrl\":\"https:\/\/secure.gravatar.com\/avatar\/b2a4a041bee382da046e85d3060b128c?s=96&d=mm&r=g\",\"caption\":\"Vivian Lemos\"},\"url\":\"https:\/\/comunicacaoeleitoral.ufpr.br\/index.php\/author\/vivian-lemos\/\"}]}<\/script>\n<!-- \/ Yoast SEO plugin. -->","yoast_head_json":{"title":"Diminuem os registros para pesquisas nas pr\u00f3ximas elei\u00e7\u00f5es","description":"Justi\u00e7a Eleitoral revela queda na quantidade de registros de pesquisas para as elei\u00e7\u00f5es municipais de 2016","robots":{"index":"index","follow":"follow","max-snippet":"max-snippet:-1","max-image-preview":"max-image-preview:large","max-video-preview":"max-video-preview:-1"},"canonical":"https:\/\/comunicacaoeleitoral.ufpr.br\/index.php\/2016\/07\/12\/justica-eleitoral-revela-queda-na-quantidade-de-registros-de-pesquisas-para-as-eleicoes\/","og_locale":"pt_BR","og_type":"article","og_title":"Diminuem os registros para pesquisas nas pr\u00f3ximas elei\u00e7\u00f5es","og_description":"Justi\u00e7a Eleitoral revela queda na quantidade de registros de pesquisas para as elei\u00e7\u00f5es municipais de 2016","og_url":"https:\/\/comunicacaoeleitoral.ufpr.br\/index.php\/2016\/07\/12\/justica-eleitoral-revela-queda-na-quantidade-de-registros-de-pesquisas-para-as-eleicoes\/","og_site_name":"Comunica\u00e7\u00e3o Eleitoral","article_publisher":"https:\/\/www.facebook.com\/Comunica%c3%a7%c3%a3o-Eleitoral-564214587069724\/","article_published_time":"2016-07-12T12:36:31+00:00","article_modified_time":"2017-04-25T12:53:45+00:00","og_image":[{"url":"https:\/\/comunicacaoeleitoral.ufpr.br\/wp-content\/uploads\/2016\/07\/pesquisas.jpeg"}],"author":"Vivian Lemos","twitter_card":"summary_large_image","twitter_misc":{"Escrito por":"Vivian Lemos","Est. tempo de leitura":"4 minutos"},"schema":{"@context":"https:\/\/schema.org","@graph":[{"@type":"Article","@id":"https:\/\/comunicacaoeleitoral.ufpr.br\/index.php\/2016\/07\/12\/justica-eleitoral-revela-queda-na-quantidade-de-registros-de-pesquisas-para-as-eleicoes\/#article","isPartOf":{"@id":"https:\/\/comunicacaoeleitoral.ufpr.br\/index.php\/2016\/07\/12\/justica-eleitoral-revela-queda-na-quantidade-de-registros-de-pesquisas-para-as-eleicoes\/"},"author":{"name":"Vivian Lemos","@id":"https:\/\/comunicacaoeleitoral.ufpr.br\/#\/schema\/person\/877ba45697f2179310c85ad2f43514af"},"headline":"Justi\u00e7a Eleitoral revela queda na quantidade de registros de pesquisas para as elei\u00e7\u00f5es","datePublished":"2016-07-12T12:36:31+00:00","dateModified":"2017-04-25T12:53:45+00:00","mainEntityOfPage":{"@id":"https:\/\/comunicacaoeleitoral.ufpr.br\/index.php\/2016\/07\/12\/justica-eleitoral-revela-queda-na-quantidade-de-registros-de-pesquisas-para-as-eleicoes\/"},"wordCount":851,"publisher":{"@id":"https:\/\/comunicacaoeleitoral.ufpr.br\/#organization"},"image":{"@id":"https:\/\/comunicacaoeleitoral.ufpr.br\/index.php\/2016\/07\/12\/justica-eleitoral-revela-queda-na-quantidade-de-registros-de-pesquisas-para-as-eleicoes\/#primaryimage"},"thumbnailUrl":"https:\/\/comunicacaoeleitoral.ufpr.br\/wp-content\/uploads\/2016\/07\/pesquisas.jpeg","articleSection":["Pol\u00edtica em foco"],"inLanguage":"pt-BR"},{"@type":"WebPage","@id":"https:\/\/comunicacaoeleitoral.ufpr.br\/index.php\/2016\/07\/12\/justica-eleitoral-revela-queda-na-quantidade-de-registros-de-pesquisas-para-as-eleicoes\/","url":"https:\/\/comunicacaoeleitoral.ufpr.br\/index.php\/2016\/07\/12\/justica-eleitoral-revela-queda-na-quantidade-de-registros-de-pesquisas-para-as-eleicoes\/","name":"Diminuem os registros para pesquisas nas pr\u00f3ximas elei\u00e7\u00f5es","isPartOf":{"@id":"https:\/\/comunicacaoeleitoral.ufpr.br\/#website"},"primaryImageOfPage":{"@id":"https:\/\/comunicacaoeleitoral.ufpr.br\/index.php\/2016\/07\/12\/justica-eleitoral-revela-queda-na-quantidade-de-registros-de-pesquisas-para-as-eleicoes\/#primaryimage"},"image":{"@id":"https:\/\/comunicacaoeleitoral.ufpr.br\/index.php\/2016\/07\/12\/justica-eleitoral-revela-queda-na-quantidade-de-registros-de-pesquisas-para-as-eleicoes\/#primaryimage"},"thumbnailUrl":"https:\/\/comunicacaoeleitoral.ufpr.br\/wp-content\/uploads\/2016\/07\/pesquisas.jpeg","datePublished":"2016-07-12T12:36:31+00:00","dateModified":"2017-04-25T12:53:45+00:00","description":"Justi\u00e7a Eleitoral revela queda na quantidade de registros de pesquisas para as elei\u00e7\u00f5es municipais de 2016","breadcrumb":{"@id":"https:\/\/comunicacaoeleitoral.ufpr.br\/index.php\/2016\/07\/12\/justica-eleitoral-revela-queda-na-quantidade-de-registros-de-pesquisas-para-as-eleicoes\/#breadcrumb"},"inLanguage":"pt-BR","potentialAction":[{"@type":"ReadAction","target":["https:\/\/comunicacaoeleitoral.ufpr.br\/index.php\/2016\/07\/12\/justica-eleitoral-revela-queda-na-quantidade-de-registros-de-pesquisas-para-as-eleicoes\/"]}]},{"@type":"ImageObject","inLanguage":"pt-BR","@id":"https:\/\/comunicacaoeleitoral.ufpr.br\/index.php\/2016\/07\/12\/justica-eleitoral-revela-queda-na-quantidade-de-registros-de-pesquisas-para-as-eleicoes\/#primaryimage","url":"https:\/\/comunicacaoeleitoral.ufpr.br\/wp-content\/uploads\/2016\/07\/pesquisas.jpeg","contentUrl":"https:\/\/comunicacaoeleitoral.ufpr.br\/wp-content\/uploads\/2016\/07\/pesquisas.jpeg","width":400,"height":204},{"@type":"BreadcrumbList","@id":"https:\/\/comunicacaoeleitoral.ufpr.br\/index.php\/2016\/07\/12\/justica-eleitoral-revela-queda-na-quantidade-de-registros-de-pesquisas-para-as-eleicoes\/#breadcrumb","itemListElement":[{"@type":"ListItem","position":1,"name":"In\u00edcio","item":"https:\/\/comunicacaoeleitoral.ufpr.br\/"},{"@type":"ListItem","position":2,"name":"Justi\u00e7a Eleitoral revela queda na quantidade de registros de pesquisas para as elei\u00e7\u00f5es"}]},{"@type":"WebSite","@id":"https:\/\/comunicacaoeleitoral.ufpr.br\/#website","url":"https:\/\/comunicacaoeleitoral.ufpr.br\/","name":"Comunica\u00e7\u00e3o Eleitoral","description":"Grupo de pesquisa ligado \u00e0 linha de Comunica\u00e7\u00e3o e Pol\u00edtica do Programa de P\u00f3s-gradua\u00e7\u00e3o em Comunica\u00e7\u00e3o da Universidade Federal do Paran\u00e1.","publisher":{"@id":"https:\/\/comunicacaoeleitoral.ufpr.br\/#organization"},"potentialAction":[{"@type":"SearchAction","target":{"@type":"EntryPoint","urlTemplate":"https:\/\/comunicacaoeleitoral.ufpr.br\/?s={search_term_string}"},"query-input":"required name=search_term_string"}],"inLanguage":"pt-BR"},{"@type":"Organization","@id":"https:\/\/comunicacaoeleitoral.ufpr.br\/#organization","name":"Comunica\u00e7\u00e3o Eleitoral","url":"https:\/\/comunicacaoeleitoral.ufpr.br\/","logo":{"@type":"ImageObject","inLanguage":"pt-BR","@id":"https:\/\/comunicacaoeleitoral.ufpr.br\/#\/schema\/logo\/image\/","url":"https:\/\/comunicacaoeleitoral.ufpr.br\/wp-content\/uploads\/2015\/05\/header2c_celtalks.png","contentUrl":"https:\/\/comunicacaoeleitoral.ufpr.br\/wp-content\/uploads\/2015\/05\/header2c_celtalks.png","width":1800,"height":674,"caption":"Comunica\u00e7\u00e3o Eleitoral"},"image":{"@id":"https:\/\/comunicacaoeleitoral.ufpr.br\/#\/schema\/logo\/image\/"},"sameAs":["https:\/\/www.facebook.com\/Comunica\u00e7\u00e3o-Eleitoral-564214587069724\/","https:\/\/www.instagram.com\/comunicacaoeleitoral\/","https:\/\/www.youtube.com\/ocanalpanke"]},{"@type":"Person","@id":"https:\/\/comunicacaoeleitoral.ufpr.br\/#\/schema\/person\/877ba45697f2179310c85ad2f43514af","name":"Vivian Lemos","image":{"@type":"ImageObject","inLanguage":"pt-BR","@id":"https:\/\/comunicacaoeleitoral.ufpr.br\/#\/schema\/person\/image\/","url":"https:\/\/secure.gravatar.com\/avatar\/b2a4a041bee382da046e85d3060b128c?s=96&d=mm&r=g","contentUrl":"https:\/\/secure.gravatar.com\/avatar\/b2a4a041bee382da046e85d3060b128c?s=96&d=mm&r=g","caption":"Vivian Lemos"},"url":"https:\/\/comunicacaoeleitoral.ufpr.br\/index.php\/author\/vivian-lemos\/"}]}},"_links":{"self":[{"href":"https:\/\/comunicacaoeleitoral.ufpr.br\/index.php\/wp-json\/wp\/v2\/posts\/1312"}],"collection":[{"href":"https:\/\/comunicacaoeleitoral.ufpr.br\/index.php\/wp-json\/wp\/v2\/posts"}],"about":[{"href":"https:\/\/comunicacaoeleitoral.ufpr.br\/index.php\/wp-json\/wp\/v2\/types\/post"}],"author":[{"embeddable":true,"href":"https:\/\/comunicacaoeleitoral.ufpr.br\/index.php\/wp-json\/wp\/v2\/users\/28"}],"replies":[{"embeddable":true,"href":"https:\/\/comunicacaoeleitoral.ufpr.br\/index.php\/wp-json\/wp\/v2\/comments?post=1312"}],"version-history":[{"count":2,"href":"https:\/\/comunicacaoeleitoral.ufpr.br\/index.php\/wp-json\/wp\/v2\/posts\/1312\/revisions"}],"predecessor-version":[{"id":1315,"href":"https:\/\/comunicacaoeleitoral.ufpr.br\/index.php\/wp-json\/wp\/v2\/posts\/1312\/revisions\/1315"}],"wp:attachment":[{"href":"https:\/\/comunicacaoeleitoral.ufpr.br\/index.php\/wp-json\/wp\/v2\/media?parent=1312"}],"wp:term":[{"taxonomy":"category","embeddable":true,"href":"https:\/\/comunicacaoeleitoral.ufpr.br\/index.php\/wp-json\/wp\/v2\/categories?post=1312"},{"taxonomy":"post_tag","embeddable":true,"href":"https:\/\/comunicacaoeleitoral.ufpr.br\/index.php\/wp-json\/wp\/v2\/tags?post=1312"}],"curies":[{"name":"wp","href":"https:\/\/api.w.org\/{rel}","templated":true}]}}