{"id":1304,"date":"2016-07-11T01:52:48","date_gmt":"2016-07-11T01:52:48","guid":{"rendered":"https:\/\/comunicacaoeleitoral.ufpr.br\/?p=1304"},"modified":"2016-07-11T01:52:48","modified_gmt":"2016-07-11T01:52:48","slug":"oea-y-gobierno-americano-instan-resolver-crisis-politica-en-venezuela","status":"publish","type":"post","link":"https:\/\/comunicacaoeleitoral.ufpr.br\/index.php\/2016\/07\/11\/oea-y-gobierno-americano-instan-resolver-crisis-politica-en-venezuela\/","title":{"rendered":"OEA y gobierno americano instan resolver crisis pol\u00edtica en Venezuela"},"content":{"rendered":"<p style=\"text-align: justify;\"><a href=\"https:\/\/comunicacaoeleitoral.ufpr.br\/wp-content\/uploads\/2016\/07\/logo-12.jpg\"><img loading=\"lazy\" decoding=\"async\" class=\"alignnone size-medium wp-image-1305\" src=\"https:\/\/comunicacaoeleitoral.ufpr.br\/wp-content\/uploads\/2016\/07\/logo-12-300x124.jpg\" alt=\"logo-12\" width=\"300\" height=\"124\" srcset=\"https:\/\/comunicacaoeleitoral.ufpr.br\/wp-content\/uploads\/2016\/07\/logo-12-300x124.jpg 300w, https:\/\/comunicacaoeleitoral.ufpr.br\/wp-content\/uploads\/2016\/07\/logo-12.jpg 750w\" sizes=\"(max-width: 300px) 100vw, 300px\" \/><\/a><\/p>\n<p style=\"text-align: justify;\">La Mesa de la Unidad Democr\u00e1tica (MUD), coalici\u00f3n de partidos de oposici\u00f3n venezolana, se reunir\u00e1 esta semana con los expresidentes Jos\u00e9 Luis Rodr\u00edguez Zapatero (Espa\u00f1a), Mart\u00edn Torrijos (Panam\u00e1) y Leonel Fern\u00e1ndez (Rep\u00fablica Dominicana) para discutir la crisis pol\u00edtica que afronta Venezuela, luego de que el CNE (Consejo Nacional Electoral) aprob\u00f3 el inicio de la convocatoria del referendo revocatorio del actual gobierno.<\/p>\n<p style=\"text-align: justify;\">\nEl proceso para realizar el refer\u00e9ndum presidencial se inici\u00f3 formalmente el 26 de abril y con \u00e9ste se decidir\u00e1 la permanencia de Nicol\u00e1s Maduro como mandatario. La MUD impuls\u00f3 este planteamiento, despu\u00e9s de varios intentos por destituir al gobierno de Maduro (sucesor del chavismo, l\u00ednea pol\u00edtica que gobierna desde 1998); por lo que se recogieron 2,500,000 firmas para activar el proceso revocatorio.<\/p>\n<p style=\"text-align: justify;\">\nLa oposici\u00f3n ha conseguido el apoyo internacional de importantes sectores para promover el referendo. La OEA (Organizaci\u00f3n de los Estados Americaos) invoc\u00f3 el mes pasado la Carta Democr\u00e1tica para Venezuela, lo que podr\u00eda llevar a la suspensi\u00f3n de este pa\u00eds de la organizaci\u00f3n. El objetivo de la Carta es promover la institucionalidad democr\u00e1tica de los pa\u00edses miembros y que otros poderes act\u00faen si el poder Ejecutivo viola el proceso democr\u00e1tico.<\/p>\n<p style=\"text-align: justify;\">\nEn caso de activarse la Carta Democr\u00e1tica, la OEA podr\u00eda enviar una misi\u00f3n de buenos oficios a Venezuela para buscar una soluci\u00f3n a la crisis pol\u00edtica.<br \/>\nPor su parte, el presidente de los Estados Unidos, Barack Obama, en una entrevista para el diario espa\u00f1ol El Pa\u00eds, pidi\u00f3 al gobierno venezolano que entable un di\u00e1logo sustancial para lograr una salida a la crisis e inst\u00f3 al presidente Nicol\u00e1s Maduro a acatar el Estado de Derecho.<\/p>\n<p style=\"text-align: justify;\">\nDurante las \u00faltimas semanas, los Estados Unidos se han convertido en un actor fundamental para el futuro de la crisis venezolana, pues el gobierno de Obama anunci\u00f3 que iniciar\u00e1 di\u00e1logos con la administraci\u00f3n de Maduro, a trav\u00e9s del diplom\u00e1tico americano Thomas Shannon.<\/p>\n","protected":false},"excerpt":{"rendered":"<p>La Mesa de la Unidad Democr\u00e1tica (MUD), coalici\u00f3n de partidos de oposici\u00f3n venezolana, se reunir\u00e1 esta semana con los expresidentes Jos\u00e9 Luis Rodr\u00edguez Zapatero (Espa\u00f1a), Mart\u00edn Torrijos (Panam\u00e1) y Leonel Fern\u00e1ndez (Rep\u00fablica Dominicana) para discutir la crisis pol\u00edtica que afronta Venezuela, luego de que el CNE (Consejo Nacional Electoral) aprob\u00f3 el inicio de la convocatoria [&hellip;]<\/p>\n","protected":false},"author":29,"featured_media":0,"comment_status":"closed","ping_status":"closed","sticky":false,"template":"","format":"standard","meta":{"_monsterinsights_skip_tracking":false,"_monsterinsights_sitenote_active":false,"_monsterinsights_sitenote_note":"","_monsterinsights_sitenote_category":0,"footnotes":""},"categories":[68,12],"tags":[],"yoast_head":"<!-- This site is optimized with the Yoast SEO plugin v22.2 - https:\/\/yoast.com\/wordpress\/plugins\/seo\/ -->\n<title>OEA y gobierno americano instan resolver crisis pol\u00edtica en Venezuela - Comunica\u00e7\u00e3o Eleitoral<\/title>\n<meta name=\"description\" content=\"Grupo de pesquisa ligado \u00e0 linha de Comunica\u00e7\u00e3o, Pol\u00edtica e Atores Coletivos do Programa de P\u00f3s-gradua\u00e7\u00e3o em Comunica\u00e7\u00e3o da Universidade Federal do Paran\u00e1 (UFPR)\" \/>\n<meta name=\"robots\" content=\"index, follow, max-snippet:-1, max-image-preview:large, max-video-preview:-1\" \/>\n<link rel=\"canonical\" href=\"https:\/\/comunicacaoeleitoral.ufpr.br\/index.php\/2016\/07\/11\/oea-y-gobierno-americano-instan-resolver-crisis-politica-en-venezuela\/\" \/>\n<meta property=\"og:locale\" content=\"pt_BR\" \/>\n<meta property=\"og:type\" content=\"article\" \/>\n<meta property=\"og:title\" content=\"OEA y gobierno americano instan resolver crisis pol\u00edtica en Venezuela - Comunica\u00e7\u00e3o Eleitoral\" \/>\n<meta property=\"og:description\" content=\"Grupo de pesquisa ligado \u00e0 linha de Comunica\u00e7\u00e3o, Pol\u00edtica e Atores Coletivos do Programa de P\u00f3s-gradua\u00e7\u00e3o em Comunica\u00e7\u00e3o da Universidade Federal do Paran\u00e1 (UFPR)\" \/>\n<meta property=\"og:url\" content=\"https:\/\/comunicacaoeleitoral.ufpr.br\/index.php\/2016\/07\/11\/oea-y-gobierno-americano-instan-resolver-crisis-politica-en-venezuela\/\" \/>\n<meta property=\"og:site_name\" content=\"Comunica\u00e7\u00e3o Eleitoral\" \/>\n<meta property=\"article:publisher\" content=\"https:\/\/www.facebook.com\/Comunica%c3%a7%c3%a3o-Eleitoral-564214587069724\/\" \/>\n<meta property=\"article:published_time\" content=\"2016-07-11T01:52:48+00:00\" \/>\n<meta property=\"og:image\" content=\"https:\/\/comunicacaoeleitoral.ufpr.br\/wp-content\/uploads\/2016\/07\/logo-12-300x124.jpg\" \/>\n<meta name=\"author\" content=\"CEL UFPR\" \/>\n<meta name=\"twitter:card\" content=\"summary_large_image\" \/>\n<meta name=\"twitter:label1\" content=\"Escrito por\" \/>\n\t<meta name=\"twitter:data1\" content=\"CEL UFPR\" \/>\n\t<meta name=\"twitter:label2\" content=\"Est. tempo de leitura\" \/>\n\t<meta name=\"twitter:data2\" content=\"2 minutos\" \/>\n<script type=\"application\/ld+json\" class=\"yoast-schema-graph\">{\"@context\":\"https:\/\/schema.org\",\"@graph\":[{\"@type\":\"Article\",\"@id\":\"https:\/\/comunicacaoeleitoral.ufpr.br\/index.php\/2016\/07\/11\/oea-y-gobierno-americano-instan-resolver-crisis-politica-en-venezuela\/#article\",\"isPartOf\":{\"@id\":\"https:\/\/comunicacaoeleitoral.ufpr.br\/index.php\/2016\/07\/11\/oea-y-gobierno-americano-instan-resolver-crisis-politica-en-venezuela\/\"},\"author\":{\"name\":\"CEL UFPR\",\"@id\":\"https:\/\/comunicacaoeleitoral.ufpr.br\/#\/schema\/person\/1f1b0fa714b592dcfee89e9824953d93\"},\"headline\":\"OEA y gobierno americano instan resolver crisis pol\u00edtica en Venezuela\",\"datePublished\":\"2016-07-11T01:52:48+00:00\",\"dateModified\":\"2016-07-11T01:52:48+00:00\",\"mainEntityOfPage\":{\"@id\":\"https:\/\/comunicacaoeleitoral.ufpr.br\/index.php\/2016\/07\/11\/oea-y-gobierno-americano-instan-resolver-crisis-politica-en-venezuela\/\"},\"wordCount\":355,\"publisher\":{\"@id\":\"https:\/\/comunicacaoeleitoral.ufpr.br\/#organization\"},\"image\":{\"@id\":\"https:\/\/comunicacaoeleitoral.ufpr.br\/index.php\/2016\/07\/11\/oea-y-gobierno-americano-instan-resolver-crisis-politica-en-venezuela\/#primaryimage\"},\"thumbnailUrl\":\"https:\/\/comunicacaoeleitoral.ufpr.br\/wp-content\/uploads\/2016\/07\/logo-12-300x124.jpg\",\"articleSection\":[\"Not\u00edcias\",\"Pol\u00edtica em foco\"],\"inLanguage\":\"pt-BR\"},{\"@type\":\"WebPage\",\"@id\":\"https:\/\/comunicacaoeleitoral.ufpr.br\/index.php\/2016\/07\/11\/oea-y-gobierno-americano-instan-resolver-crisis-politica-en-venezuela\/\",\"url\":\"https:\/\/comunicacaoeleitoral.ufpr.br\/index.php\/2016\/07\/11\/oea-y-gobierno-americano-instan-resolver-crisis-politica-en-venezuela\/\",\"name\":\"OEA y gobierno americano instan resolver crisis pol\u00edtica en Venezuela - Comunica\u00e7\u00e3o Eleitoral\",\"isPartOf\":{\"@id\":\"https:\/\/comunicacaoeleitoral.ufpr.br\/#website\"},\"primaryImageOfPage\":{\"@id\":\"https:\/\/comunicacaoeleitoral.ufpr.br\/index.php\/2016\/07\/11\/oea-y-gobierno-americano-instan-resolver-crisis-politica-en-venezuela\/#primaryimage\"},\"image\":{\"@id\":\"https:\/\/comunicacaoeleitoral.ufpr.br\/index.php\/2016\/07\/11\/oea-y-gobierno-americano-instan-resolver-crisis-politica-en-venezuela\/#primaryimage\"},\"thumbnailUrl\":\"https:\/\/comunicacaoeleitoral.ufpr.br\/wp-content\/uploads\/2016\/07\/logo-12-300x124.jpg\",\"datePublished\":\"2016-07-11T01:52:48+00:00\",\"dateModified\":\"2016-07-11T01:52:48+00:00\",\"description\":\"Grupo de pesquisa ligado \u00e0 linha de Comunica\u00e7\u00e3o, Pol\u00edtica e Atores Coletivos do Programa de P\u00f3s-gradua\u00e7\u00e3o em Comunica\u00e7\u00e3o da Universidade Federal do Paran\u00e1 (UFPR)\",\"breadcrumb\":{\"@id\":\"https:\/\/comunicacaoeleitoral.ufpr.br\/index.php\/2016\/07\/11\/oea-y-gobierno-americano-instan-resolver-crisis-politica-en-venezuela\/#breadcrumb\"},\"inLanguage\":\"pt-BR\",\"potentialAction\":[{\"@type\":\"ReadAction\",\"target\":[\"https:\/\/comunicacaoeleitoral.ufpr.br\/index.php\/2016\/07\/11\/oea-y-gobierno-americano-instan-resolver-crisis-politica-en-venezuela\/\"]}]},{\"@type\":\"ImageObject\",\"inLanguage\":\"pt-BR\",\"@id\":\"https:\/\/comunicacaoeleitoral.ufpr.br\/index.php\/2016\/07\/11\/oea-y-gobierno-americano-instan-resolver-crisis-politica-en-venezuela\/#primaryimage\",\"url\":\"https:\/\/comunicacaoeleitoral.ufpr.br\/wp-content\/uploads\/2016\/07\/logo-12.jpg\",\"contentUrl\":\"https:\/\/comunicacaoeleitoral.ufpr.br\/wp-content\/uploads\/2016\/07\/logo-12.jpg\",\"width\":750,\"height\":310},{\"@type\":\"BreadcrumbList\",\"@id\":\"https:\/\/comunicacaoeleitoral.ufpr.br\/index.php\/2016\/07\/11\/oea-y-gobierno-americano-instan-resolver-crisis-politica-en-venezuela\/#breadcrumb\",\"itemListElement\":[{\"@type\":\"ListItem\",\"position\":1,\"name\":\"In\u00edcio\",\"item\":\"https:\/\/comunicacaoeleitoral.ufpr.br\/\"},{\"@type\":\"ListItem\",\"position\":2,\"name\":\"OEA y gobierno americano instan resolver crisis pol\u00edtica en Venezuela\"}]},{\"@type\":\"WebSite\",\"@id\":\"https:\/\/comunicacaoeleitoral.ufpr.br\/#website\",\"url\":\"https:\/\/comunicacaoeleitoral.ufpr.br\/\",\"name\":\"Comunica\u00e7\u00e3o Eleitoral\",\"description\":\"Grupo de pesquisa ligado \u00e0 linha de Comunica\u00e7\u00e3o e Pol\u00edtica do Programa de P\u00f3s-gradua\u00e7\u00e3o em Comunica\u00e7\u00e3o da Universidade Federal do Paran\u00e1.\",\"publisher\":{\"@id\":\"https:\/\/comunicacaoeleitoral.ufpr.br\/#organization\"},\"potentialAction\":[{\"@type\":\"SearchAction\",\"target\":{\"@type\":\"EntryPoint\",\"urlTemplate\":\"https:\/\/comunicacaoeleitoral.ufpr.br\/?s={search_term_string}\"},\"query-input\":\"required name=search_term_string\"}],\"inLanguage\":\"pt-BR\"},{\"@type\":\"Organization\",\"@id\":\"https:\/\/comunicacaoeleitoral.ufpr.br\/#organization\",\"name\":\"Comunica\u00e7\u00e3o Eleitoral\",\"url\":\"https:\/\/comunicacaoeleitoral.ufpr.br\/\",\"logo\":{\"@type\":\"ImageObject\",\"inLanguage\":\"pt-BR\",\"@id\":\"https:\/\/comunicacaoeleitoral.ufpr.br\/#\/schema\/logo\/image\/\",\"url\":\"https:\/\/comunicacaoeleitoral.ufpr.br\/wp-content\/uploads\/2015\/05\/header2c_celtalks.png\",\"contentUrl\":\"https:\/\/comunicacaoeleitoral.ufpr.br\/wp-content\/uploads\/2015\/05\/header2c_celtalks.png\",\"width\":1800,\"height\":674,\"caption\":\"Comunica\u00e7\u00e3o Eleitoral\"},\"image\":{\"@id\":\"https:\/\/comunicacaoeleitoral.ufpr.br\/#\/schema\/logo\/image\/\"},\"sameAs\":[\"https:\/\/www.facebook.com\/Comunica\u00e7\u00e3o-Eleitoral-564214587069724\/\",\"https:\/\/www.instagram.com\/comunicacaoeleitoral\/\",\"https:\/\/www.youtube.com\/ocanalpanke\"]},{\"@type\":\"Person\",\"@id\":\"https:\/\/comunicacaoeleitoral.ufpr.br\/#\/schema\/person\/1f1b0fa714b592dcfee89e9824953d93\",\"name\":\"CEL UFPR\",\"image\":{\"@type\":\"ImageObject\",\"inLanguage\":\"pt-BR\",\"@id\":\"https:\/\/comunicacaoeleitoral.ufpr.br\/#\/schema\/person\/image\/\",\"url\":\"https:\/\/secure.gravatar.com\/avatar\/e73476db3cc561f956c8814cbc15a40e?s=96&d=mm&r=g\",\"contentUrl\":\"https:\/\/secure.gravatar.com\/avatar\/e73476db3cc561f956c8814cbc15a40e?s=96&d=mm&r=g\",\"caption\":\"CEL UFPR\"},\"url\":\"https:\/\/comunicacaoeleitoral.ufpr.br\/index.php\/author\/cel-ufpr\/\"}]}<\/script>\n<!-- \/ Yoast SEO plugin. -->","yoast_head_json":{"title":"OEA y gobierno americano instan resolver crisis pol\u00edtica en Venezuela - Comunica\u00e7\u00e3o Eleitoral","description":"Grupo de pesquisa ligado \u00e0 linha de Comunica\u00e7\u00e3o, Pol\u00edtica e Atores Coletivos do Programa de P\u00f3s-gradua\u00e7\u00e3o em Comunica\u00e7\u00e3o da Universidade Federal do Paran\u00e1 (UFPR)","robots":{"index":"index","follow":"follow","max-snippet":"max-snippet:-1","max-image-preview":"max-image-preview:large","max-video-preview":"max-video-preview:-1"},"canonical":"https:\/\/comunicacaoeleitoral.ufpr.br\/index.php\/2016\/07\/11\/oea-y-gobierno-americano-instan-resolver-crisis-politica-en-venezuela\/","og_locale":"pt_BR","og_type":"article","og_title":"OEA y gobierno americano instan resolver crisis pol\u00edtica en Venezuela - Comunica\u00e7\u00e3o Eleitoral","og_description":"Grupo de pesquisa ligado \u00e0 linha de Comunica\u00e7\u00e3o, Pol\u00edtica e Atores Coletivos do Programa de P\u00f3s-gradua\u00e7\u00e3o em Comunica\u00e7\u00e3o da Universidade Federal do Paran\u00e1 (UFPR)","og_url":"https:\/\/comunicacaoeleitoral.ufpr.br\/index.php\/2016\/07\/11\/oea-y-gobierno-americano-instan-resolver-crisis-politica-en-venezuela\/","og_site_name":"Comunica\u00e7\u00e3o Eleitoral","article_publisher":"https:\/\/www.facebook.com\/Comunica%c3%a7%c3%a3o-Eleitoral-564214587069724\/","article_published_time":"2016-07-11T01:52:48+00:00","og_image":[{"url":"https:\/\/comunicacaoeleitoral.ufpr.br\/wp-content\/uploads\/2016\/07\/logo-12-300x124.jpg"}],"author":"CEL UFPR","twitter_card":"summary_large_image","twitter_misc":{"Escrito por":"CEL UFPR","Est. tempo de leitura":"2 minutos"},"schema":{"@context":"https:\/\/schema.org","@graph":[{"@type":"Article","@id":"https:\/\/comunicacaoeleitoral.ufpr.br\/index.php\/2016\/07\/11\/oea-y-gobierno-americano-instan-resolver-crisis-politica-en-venezuela\/#article","isPartOf":{"@id":"https:\/\/comunicacaoeleitoral.ufpr.br\/index.php\/2016\/07\/11\/oea-y-gobierno-americano-instan-resolver-crisis-politica-en-venezuela\/"},"author":{"name":"CEL UFPR","@id":"https:\/\/comunicacaoeleitoral.ufpr.br\/#\/schema\/person\/1f1b0fa714b592dcfee89e9824953d93"},"headline":"OEA y gobierno americano instan resolver crisis pol\u00edtica en Venezuela","datePublished":"2016-07-11T01:52:48+00:00","dateModified":"2016-07-11T01:52:48+00:00","mainEntityOfPage":{"@id":"https:\/\/comunicacaoeleitoral.ufpr.br\/index.php\/2016\/07\/11\/oea-y-gobierno-americano-instan-resolver-crisis-politica-en-venezuela\/"},"wordCount":355,"publisher":{"@id":"https:\/\/comunicacaoeleitoral.ufpr.br\/#organization"},"image":{"@id":"https:\/\/comunicacaoeleitoral.ufpr.br\/index.php\/2016\/07\/11\/oea-y-gobierno-americano-instan-resolver-crisis-politica-en-venezuela\/#primaryimage"},"thumbnailUrl":"https:\/\/comunicacaoeleitoral.ufpr.br\/wp-content\/uploads\/2016\/07\/logo-12-300x124.jpg","articleSection":["Not\u00edcias","Pol\u00edtica em foco"],"inLanguage":"pt-BR"},{"@type":"WebPage","@id":"https:\/\/comunicacaoeleitoral.ufpr.br\/index.php\/2016\/07\/11\/oea-y-gobierno-americano-instan-resolver-crisis-politica-en-venezuela\/","url":"https:\/\/comunicacaoeleitoral.ufpr.br\/index.php\/2016\/07\/11\/oea-y-gobierno-americano-instan-resolver-crisis-politica-en-venezuela\/","name":"OEA y gobierno americano instan resolver crisis pol\u00edtica en Venezuela - Comunica\u00e7\u00e3o Eleitoral","isPartOf":{"@id":"https:\/\/comunicacaoeleitoral.ufpr.br\/#website"},"primaryImageOfPage":{"@id":"https:\/\/comunicacaoeleitoral.ufpr.br\/index.php\/2016\/07\/11\/oea-y-gobierno-americano-instan-resolver-crisis-politica-en-venezuela\/#primaryimage"},"image":{"@id":"https:\/\/comunicacaoeleitoral.ufpr.br\/index.php\/2016\/07\/11\/oea-y-gobierno-americano-instan-resolver-crisis-politica-en-venezuela\/#primaryimage"},"thumbnailUrl":"https:\/\/comunicacaoeleitoral.ufpr.br\/wp-content\/uploads\/2016\/07\/logo-12-300x124.jpg","datePublished":"2016-07-11T01:52:48+00:00","dateModified":"2016-07-11T01:52:48+00:00","description":"Grupo de pesquisa ligado \u00e0 linha de Comunica\u00e7\u00e3o, Pol\u00edtica e Atores Coletivos do Programa de P\u00f3s-gradua\u00e7\u00e3o em Comunica\u00e7\u00e3o da Universidade Federal do Paran\u00e1 (UFPR)","breadcrumb":{"@id":"https:\/\/comunicacaoeleitoral.ufpr.br\/index.php\/2016\/07\/11\/oea-y-gobierno-americano-instan-resolver-crisis-politica-en-venezuela\/#breadcrumb"},"inLanguage":"pt-BR","potentialAction":[{"@type":"ReadAction","target":["https:\/\/comunicacaoeleitoral.ufpr.br\/index.php\/2016\/07\/11\/oea-y-gobierno-americano-instan-resolver-crisis-politica-en-venezuela\/"]}]},{"@type":"ImageObject","inLanguage":"pt-BR","@id":"https:\/\/comunicacaoeleitoral.ufpr.br\/index.php\/2016\/07\/11\/oea-y-gobierno-americano-instan-resolver-crisis-politica-en-venezuela\/#primaryimage","url":"https:\/\/comunicacaoeleitoral.ufpr.br\/wp-content\/uploads\/2016\/07\/logo-12.jpg","contentUrl":"https:\/\/comunicacaoeleitoral.ufpr.br\/wp-content\/uploads\/2016\/07\/logo-12.jpg","width":750,"height":310},{"@type":"BreadcrumbList","@id":"https:\/\/comunicacaoeleitoral.ufpr.br\/index.php\/2016\/07\/11\/oea-y-gobierno-americano-instan-resolver-crisis-politica-en-venezuela\/#breadcrumb","itemListElement":[{"@type":"ListItem","position":1,"name":"In\u00edcio","item":"https:\/\/comunicacaoeleitoral.ufpr.br\/"},{"@type":"ListItem","position":2,"name":"OEA y gobierno americano instan resolver crisis pol\u00edtica en Venezuela"}]},{"@type":"WebSite","@id":"https:\/\/comunicacaoeleitoral.ufpr.br\/#website","url":"https:\/\/comunicacaoeleitoral.ufpr.br\/","name":"Comunica\u00e7\u00e3o Eleitoral","description":"Grupo de pesquisa ligado \u00e0 linha de Comunica\u00e7\u00e3o e Pol\u00edtica do Programa de P\u00f3s-gradua\u00e7\u00e3o em Comunica\u00e7\u00e3o da Universidade Federal do Paran\u00e1.","publisher":{"@id":"https:\/\/comunicacaoeleitoral.ufpr.br\/#organization"},"potentialAction":[{"@type":"SearchAction","target":{"@type":"EntryPoint","urlTemplate":"https:\/\/comunicacaoeleitoral.ufpr.br\/?s={search_term_string}"},"query-input":"required name=search_term_string"}],"inLanguage":"pt-BR"},{"@type":"Organization","@id":"https:\/\/comunicacaoeleitoral.ufpr.br\/#organization","name":"Comunica\u00e7\u00e3o Eleitoral","url":"https:\/\/comunicacaoeleitoral.ufpr.br\/","logo":{"@type":"ImageObject","inLanguage":"pt-BR","@id":"https:\/\/comunicacaoeleitoral.ufpr.br\/#\/schema\/logo\/image\/","url":"https:\/\/comunicacaoeleitoral.ufpr.br\/wp-content\/uploads\/2015\/05\/header2c_celtalks.png","contentUrl":"https:\/\/comunicacaoeleitoral.ufpr.br\/wp-content\/uploads\/2015\/05\/header2c_celtalks.png","width":1800,"height":674,"caption":"Comunica\u00e7\u00e3o Eleitoral"},"image":{"@id":"https:\/\/comunicacaoeleitoral.ufpr.br\/#\/schema\/logo\/image\/"},"sameAs":["https:\/\/www.facebook.com\/Comunica\u00e7\u00e3o-Eleitoral-564214587069724\/","https:\/\/www.instagram.com\/comunicacaoeleitoral\/","https:\/\/www.youtube.com\/ocanalpanke"]},{"@type":"Person","@id":"https:\/\/comunicacaoeleitoral.ufpr.br\/#\/schema\/person\/1f1b0fa714b592dcfee89e9824953d93","name":"CEL UFPR","image":{"@type":"ImageObject","inLanguage":"pt-BR","@id":"https:\/\/comunicacaoeleitoral.ufpr.br\/#\/schema\/person\/image\/","url":"https:\/\/secure.gravatar.com\/avatar\/e73476db3cc561f956c8814cbc15a40e?s=96&d=mm&r=g","contentUrl":"https:\/\/secure.gravatar.com\/avatar\/e73476db3cc561f956c8814cbc15a40e?s=96&d=mm&r=g","caption":"CEL UFPR"},"url":"https:\/\/comunicacaoeleitoral.ufpr.br\/index.php\/author\/cel-ufpr\/"}]}},"_links":{"self":[{"href":"https:\/\/comunicacaoeleitoral.ufpr.br\/index.php\/wp-json\/wp\/v2\/posts\/1304"}],"collection":[{"href":"https:\/\/comunicacaoeleitoral.ufpr.br\/index.php\/wp-json\/wp\/v2\/posts"}],"about":[{"href":"https:\/\/comunicacaoeleitoral.ufpr.br\/index.php\/wp-json\/wp\/v2\/types\/post"}],"author":[{"embeddable":true,"href":"https:\/\/comunicacaoeleitoral.ufpr.br\/index.php\/wp-json\/wp\/v2\/users\/29"}],"replies":[{"embeddable":true,"href":"https:\/\/comunicacaoeleitoral.ufpr.br\/index.php\/wp-json\/wp\/v2\/comments?post=1304"}],"version-history":[{"count":1,"href":"https:\/\/comunicacaoeleitoral.ufpr.br\/index.php\/wp-json\/wp\/v2\/posts\/1304\/revisions"}],"predecessor-version":[{"id":1306,"href":"https:\/\/comunicacaoeleitoral.ufpr.br\/index.php\/wp-json\/wp\/v2\/posts\/1304\/revisions\/1306"}],"wp:attachment":[{"href":"https:\/\/comunicacaoeleitoral.ufpr.br\/index.php\/wp-json\/wp\/v2\/media?parent=1304"}],"wp:term":[{"taxonomy":"category","embeddable":true,"href":"https:\/\/comunicacaoeleitoral.ufpr.br\/index.php\/wp-json\/wp\/v2\/categories?post=1304"},{"taxonomy":"post_tag","embeddable":true,"href":"https:\/\/comunicacaoeleitoral.ufpr.br\/index.php\/wp-json\/wp\/v2\/tags?post=1304"}],"curies":[{"name":"wp","href":"https:\/\/api.w.org\/{rel}","templated":true}]}}