{"id":1016,"date":"2016-06-02T13:49:32","date_gmt":"2016-06-02T13:49:32","guid":{"rendered":"https:\/\/comunicacaoeleitoral.ufpr.br\/?p=1016"},"modified":"2016-06-02T13:58:47","modified_gmt":"2016-06-02T13:58:47","slug":"projetos-de-lei-propostos-em-2016","status":"publish","type":"post","link":"https:\/\/comunicacaoeleitoral.ufpr.br\/index.php\/2016\/06\/02\/projetos-de-lei-propostos-em-2016\/","title":{"rendered":"Projetos de lei propostos em 2016"},"content":{"rendered":"<p style=\"text-align: justify;\">J\u00e1 tramitam na C\u00e2mara dos Deputados e no Senado Federal, 1.421 projetos de lei propostos em 2016. S\u00e3o 1.195 proposi\u00e7\u00f5es de deputados federais e 216 propostas de senadores. N\u00fameros que aumentam se forem consideradas as propostas de lei complementar e de emenda constitucional.<\/p>\n<p style=\"text-align: justify;\">Essa quantidade de projetos de lei n\u00e3o tem sido mencionada pelos portais de not\u00edcias e ve\u00edculos de comunica\u00e7\u00e3o de massa, que d\u00e3o \u00eanfase discursiva para outros assuntos, assim como o tumultuado cen\u00e1rio pol\u00edtico que vivemos. Ocorre que as m\u00eddias\u00a0acabam centralizando e pautando as informa\u00e7\u00f5es, em grande maioria, sobre o desenrolar dos fatos de alguns contextos espec\u00edficos. O poder midi\u00e1tico ent\u00e3o \u00e9 percebido n\u00e3o apenas por selecionar os temas que ser\u00e3o parte de uma pauta de not\u00edcias, mas tamb\u00e9m por excluir do conte\u00fado noticiado certos assuntos. Uma vez que determinadas quest\u00f5es n\u00e3o comp\u00f5e as manchetes, \u00e9 como se elas n\u00e3o existissem para a popula\u00e7\u00e3o, pois esta nem sempre tem o interesse, tempo e a iniciativa de consumir outro tipo de m\u00eddia que n\u00e3o seja de massa.<\/p>\n<p style=\"text-align: justify;\">O resultado \u00e9 uma homogeneiza\u00e7\u00e3o nos conte\u00fados, o que pode tornar a leitura sobre quest\u00f5es pol\u00edticas no Brasil cansativa. Nos tornamos\u00a0ref\u00e9ns de poucos assuntos, que muitas vezes t\u00eam enorme peso e import\u00e2ncia para a sociedade brasileira, mas que n\u00e3o representam em sua totalidade, todos os assuntos que o debate pol\u00edtico deve conter.<\/p>\n<p style=\"text-align: justify;\">O car\u00e1ter emancipat\u00f3rio dos ve\u00edculos de comunica\u00e7\u00e3o de massa, que consistia em levar \u00e0 p\u00fablico conte\u00fados de interesse da popula\u00e7\u00e3o ou quest\u00f5es que tenham maior incid\u00eancia direta sobre a vida das pessoas, se perde em meio \u00e0 urg\u00eancia econ\u00f4mica pela quantidade de not\u00edcias que devem ser veiculadas diariamente. O resultado \u00e9 uma abund\u00e2ncia de informa\u00e7\u00f5es que n\u00e3o significa uma pluralidade nos temas noticiados e consequentemente tamb\u00e9m n\u00e3o contribui para um enriquecimento do debate pela sociedade. Com essa homogeneiza\u00e7\u00e3o as m\u00eddias tamb\u00e9m acabam n\u00e3o exercendo o seu papel social de for\u00e7ar o desenvolvimento e o progresso de assuntos como os projetos de lei por exemplo, que tamb\u00e9m merecem\u00a0aten\u00e7\u00e3o e devem ser publicizados.<\/p>\n<p style=\"text-align: justify;\">Por isso separamos alguns desses Projetos de Lei &#8211; PL e Projetos de Emenda Constitucional &#8211; PEC, para serem pauta do post de hoje.<\/p>\n<h2 style=\"text-align: justify;\">Alguns projetos de Lei propostos em 2016<\/h2>\n<h3 style=\"text-align: justify;\"><strong>Pol\u00edtica<\/strong><\/h3>\n<p style=\"text-align: justify;\"><span style=\"text-decoration: underline;\"><strong><span class=\"nomeProposicao\">PEC 194\/2016<\/span><\/strong><\/span><\/p>\n<div class=\"grid\" style=\"text-align: justify;\">\n<div class=\"grid-line\">\n<div class=\"grid-cell colunaAEsquerdaMaior\">\n<p id=\"colunaPrimeiroAutor\"><strong>Autor:\u00a0<\/strong>Iraj\u00e1 Abreu &#8211; PSD\/TO<br \/>\n<strong>Ementa:\u00a0<\/strong><span class=\"textoJustificado\">Estabelece a exig\u00eancia de conclus\u00e3o de curso de gradua\u00e7\u00e3o de n\u00edvel superior em qualquer \u00e1rea como condi\u00e7\u00e3o elegibilidade para os cargos de Senador, Deputado Federal, Estadual ou Distrital, Presidente, Vice-Presidente, Governador, Vice-Governador, Prefeito, Vice-Prefeito e Vereador.<\/span><\/p>\n<\/div>\n<\/div>\n<\/div>\n<h3 style=\"text-align: justify;\"><strong>Educa\u00e7\u00e3o<\/strong><\/h3>\n<p style=\"text-align: justify;\"><span style=\"text-decoration: underline;\"><strong>PL5332\/2016<\/strong><\/span><\/p>\n<p style=\"text-align: justify;\">Autor: Cabo Daciolo &#8211; PTdoB\/RJ<\/p>\n<p style=\"text-align: justify;\"><strong>Ementa: <\/strong>Determina a obrigatoriedade de os agentes pol\u00edticos eleitos matricularem seus filhos e dependentes em escolas p\u00fablicas durante o mandato eletivo.<\/p>\n<p style=\"text-align: justify;\"><span style=\"text-decoration: underline;\"><strong>PL 4701\/2016<\/strong><\/span><\/p>\n<p style=\"text-align: justify;\"><strong>Autor: <\/strong>Luiz Carlos Ramos &#8211; PTN\/RJ<\/p>\n<p style=\"text-align: justify;\"><strong>Ementa: <\/strong>Altera-se a reda\u00e7\u00e3o do \u00a7 1\u00ba do Art. 10 da lei n\u00ba 9.795 de 27 de abril de 1999, para implantar a Educa\u00e7\u00e3o Ambiental como disciplina obrigat\u00f3ria no curr\u00edculo de Ensino P\u00fablico e Privado da Educa\u00e7\u00e3o B\u00e1sica.<\/p>\n<p style=\"text-align: justify;\"><span style=\"text-decoration: underline;\"><strong>PL 4915\/2016<\/strong><\/span><\/p>\n<p style=\"text-align: justify;\"><strong>Autor: <\/strong>Leandre &#8211; PV\/PR<\/p>\n<p style=\"text-align: justify;\"><strong>Ementa: <\/strong>Acrescenta o \u00a7 10 ao art. 26 da Lei n\u00ba 9.394, de 20 de dezembro de 1996, que estabelece as diretrizes e bases da educa\u00e7\u00e3o nacional, para incluir consumo e educa\u00e7\u00e3o financeira como temas integradores dos componentes curriculares nos diversos n\u00edveis da educa\u00e7\u00e3o b\u00e1sica.<\/p>\n<p style=\"text-align: justify;\"><span style=\"text-decoration: underline;\"><strong>PL 4551\/2016<\/strong><\/span><\/p>\n<p style=\"text-align: justify;\"><strong>Autor: <\/strong>F\u00e1bio Mitidieri &#8211; PSD\/SE<\/p>\n<p style=\"text-align: justify;\"><strong>Ementa: <\/strong>Acrescenta o inciso V ao art. 36 da Lei n.\u00ba 9.394, de 20 de dezembro de 1996, Lei de Diretrizes e Bases da Educa\u00e7\u00e3o, para incluir &#8220;\u00c9tica e Cidadania&#8221; como disciplinas obrigat\u00f3rias no curr\u00edculo do ensino m\u00e9dio do Brasil e d\u00e1 outras provid\u00eancias.<\/p>\n<p style=\"text-align: justify;\"><span style=\"text-decoration: underline;\"><strong>PL5272\/2016<\/strong><\/span><\/p>\n<p style=\"text-align: justify;\"><strong>Autor: <\/strong>Poder Executivo<\/p>\n<p style=\"text-align: justify;\"><strong>Ementa: <\/strong>Cria a Universidade Federal do Delta do Parna\u00edba, por desmembramento da Universidade Federal do Piau\u00ed.<\/p>\n<p style=\"text-align: justify;\"><span style=\"text-decoration: underline;\"><strong>PL 5273\/2016<\/strong><\/span><\/p>\n<p style=\"text-align: justify;\"><strong>Autor: <\/strong>Poder Executivo<\/p>\n<p style=\"text-align: justify;\"><strong>Ementa: <\/strong>Cria a Universidade Federal do Rondon\u00f3polis, por desmembramento de campus da Universidade Federal de Mato Grosso.<\/p>\n<p style=\"text-align: justify;\"><span style=\"text-decoration: underline;\"><strong>PL 5100\/2016<\/strong><\/span><\/p>\n<p style=\"text-align: justify;\"><strong>Autor: <\/strong>Luiz Carlos Hauly &#8211; PSDB\/PR<\/p>\n<p style=\"text-align: justify;\"><strong>Ementa: <\/strong>Disp\u00f5e sobre a oferta de vagas de acesso \u00e0 educa\u00e7\u00e3o superior em institui\u00e7\u00f5es p\u00fablicas federais.<\/p>\n<h3 style=\"text-align: justify;\"><strong>Internet<\/strong><\/h3>\n<p style=\"text-align: justify;\"><span style=\"text-decoration: underline;\"><strong>PLS 174\/2016<\/strong><\/span><\/p>\n<p style=\"text-align: justify;\">Autor: Senador Ricardo Ferra\u00e7o &#8211; PSDB\/ES<\/p>\n<p style=\"text-align: justify;\"><strong>Ementa:<\/strong><br \/>\nInsere o inciso XIV no art. 7\u00ba da Lei 12.965, de 23 de abril de 2014, para vedar a implementa\u00e7\u00e3o de franquia limitada de consumo nos planos de internet banda larga fixa.<\/p>\n<h3 style=\"text-align: justify;\"><strong>Meio ambiente<\/strong><\/h3>\n<p style=\"text-align: justify;\"><span style=\"text-decoration: underline;\"><strong>PL 4718\/2016<\/strong><\/span><\/p>\n<p style=\"text-align: justify;\"><strong>Autor: <\/strong>Afonso Motta &#8211; PDT\/RS<\/p>\n<p style=\"text-align: justify;\"><strong>Ementa: <\/strong>Institui o Programa Ciclismo Sustent\u00e1vel. <strong>Explica\u00e7\u00e3o: <\/strong>Altera a Lei n\u00ba 9.503, de 1997.<\/p>\n<p style=\"text-align: justify;\"><span style=\"text-decoration: underline;\"><strong>PL 4508\/2016<\/strong><\/span><\/p>\n<p style=\"text-align: justify;\"><strong>Autor: <\/strong>Tereza Cristina &#8211; PSB\/MS<\/p>\n<p style=\"text-align: justify;\"><strong>Ementa: <\/strong>Altera a Lei n\u00ba 12.651, de 25 de maio de 2012, que disp\u00f5e sobre o novo C\u00f3digo Florestal brasileiro, para autorizar o apascentamento de animais em \u00e1rea de Reserva Legal.<\/p>\n<p style=\"text-align: justify;\"><span style=\"text-decoration: underline;\"><strong>PL 4743\/2016<\/strong><\/span><\/p>\n<p style=\"text-align: justify;\"><strong>Autor: <\/strong>Iracema Portella &#8211; PP\/PI<\/p>\n<p style=\"text-align: justify;\"><strong>Ementa: <\/strong>Isenta as bicicletas, suas partes, pe\u00e7as e acess\u00f3rios, do pagamento do Imposto sobre Produtos Industrializados &#8211; IPI. <strong>Explica\u00e7\u00e3o: <\/strong>Altera a Lei n\u00ba 4.502, de 1964.<\/p>\n<p>Foto:\u00a0Lula Marques\/Ag\u00eancia PT<\/p>\n<p>Fontes:\u00a0<a href=\"http:\/\/www.camara.leg.br\/buscaProposicoesWeb\/pesquisaSimplificada\" target=\"_blank\">C\u00e2mara dos Deputados<\/a>\u00a0e <a href=\"http:\/\/www25.senado.leg.br\/web\/atividade\/materias\" target=\"_blank\">Senado Federal<\/a><\/p>\n","protected":false},"excerpt":{"rendered":"<p>J\u00e1 tramitam na C\u00e2mara dos Deputados e no Senado Federal, 1.421 projetos de lei propostos em 2016. S\u00e3o 1.195 proposi\u00e7\u00f5es de deputados federais e 216 propostas de senadores. N\u00fameros que aumentam se forem consideradas as propostas de lei complementar e de emenda constitucional. Essa quantidade de projetos de lei n\u00e3o tem sido mencionada pelos portais [&hellip;]<\/p>\n","protected":false},"author":29,"featured_media":1023,"comment_status":"closed","ping_status":"closed","sticky":false,"template":"","format":"standard","meta":{"_monsterinsights_skip_tracking":false,"_monsterinsights_sitenote_active":false,"_monsterinsights_sitenote_note":"","_monsterinsights_sitenote_category":0,"footnotes":""},"categories":[68],"tags":[157],"yoast_head":"<!-- This site is optimized with the Yoast SEO plugin v22.2 - https:\/\/yoast.com\/wordpress\/plugins\/seo\/ -->\n<title>Projetos de lei propostos em 2016<\/title>\n<meta name=\"description\" content=\"Conhe\u00e7a os principais projetos de lei propostos em 2016 pela c\u00e2mara dos deputados e pelo senado federal.\" \/>\n<meta name=\"robots\" content=\"index, follow, max-snippet:-1, max-image-preview:large, max-video-preview:-1\" \/>\n<link rel=\"canonical\" href=\"https:\/\/comunicacaoeleitoral.ufpr.br\/index.php\/2016\/06\/02\/projetos-de-lei-propostos-em-2016\/\" \/>\n<meta property=\"og:locale\" content=\"pt_BR\" \/>\n<meta property=\"og:type\" content=\"article\" \/>\n<meta property=\"og:title\" content=\"Principais projetos de leis propostos em 2016\" \/>\n<meta property=\"og:description\" content=\"Conhe\u00e7a os principais projetos de lei propostos em 2016 pela c\u00e2mara dos deputados e pelo senado federal.\" \/>\n<meta property=\"og:url\" content=\"https:\/\/comunicacaoeleitoral.ufpr.br\/index.php\/2016\/06\/02\/projetos-de-lei-propostos-em-2016\/\" \/>\n<meta property=\"og:site_name\" content=\"Comunica\u00e7\u00e3o Eleitoral\" \/>\n<meta property=\"article:publisher\" content=\"https:\/\/www.facebook.com\/Comunica%c3%a7%c3%a3o-Eleitoral-564214587069724\/\" \/>\n<meta property=\"article:published_time\" content=\"2016-06-02T13:49:32+00:00\" \/>\n<meta property=\"article:modified_time\" content=\"2016-06-02T13:58:47+00:00\" \/>\n<meta property=\"og:image\" content=\"https:\/\/comunicacaoeleitoral.ufpr.br\/wp-content\/uploads\/2016\/05\/Projetos-de-lei-propostos-em-2016.jpg\" \/>\n<meta name=\"author\" content=\"CEL UFPR\" \/>\n<meta name=\"twitter:card\" content=\"summary_large_image\" \/>\n<meta name=\"twitter:title\" content=\"Principais projetos de leis propostos em 2016\" \/>\n<meta name=\"twitter:description\" content=\"Conhe\u00e7a os principais projetos de lei propostos em 2016 pela c\u00e2mara dos deputados e pelo senado federal.\" \/>\n<meta name=\"twitter:image\" content=\"https:\/\/comunicacaoeleitoral.ufpr.br\/wp-content\/uploads\/2016\/05\/Projetos-de-lei-propostos-em-2016.jpg\" \/>\n<meta name=\"twitter:label1\" content=\"Escrito por\" \/>\n\t<meta name=\"twitter:data1\" content=\"CEL UFPR\" \/>\n\t<meta name=\"twitter:label2\" content=\"Est. tempo de leitura\" \/>\n\t<meta name=\"twitter:data2\" content=\"4 minutos\" \/>\n<script type=\"application\/ld+json\" class=\"yoast-schema-graph\">{\"@context\":\"https:\/\/schema.org\",\"@graph\":[{\"@type\":\"Article\",\"@id\":\"https:\/\/comunicacaoeleitoral.ufpr.br\/index.php\/2016\/06\/02\/projetos-de-lei-propostos-em-2016\/#article\",\"isPartOf\":{\"@id\":\"https:\/\/comunicacaoeleitoral.ufpr.br\/index.php\/2016\/06\/02\/projetos-de-lei-propostos-em-2016\/\"},\"author\":{\"name\":\"CEL UFPR\",\"@id\":\"https:\/\/comunicacaoeleitoral.ufpr.br\/#\/schema\/person\/1f1b0fa714b592dcfee89e9824953d93\"},\"headline\":\"Projetos de lei propostos em 2016\",\"datePublished\":\"2016-06-02T13:49:32+00:00\",\"dateModified\":\"2016-06-02T13:58:47+00:00\",\"mainEntityOfPage\":{\"@id\":\"https:\/\/comunicacaoeleitoral.ufpr.br\/index.php\/2016\/06\/02\/projetos-de-lei-propostos-em-2016\/\"},\"wordCount\":871,\"publisher\":{\"@id\":\"https:\/\/comunicacaoeleitoral.ufpr.br\/#organization\"},\"image\":{\"@id\":\"https:\/\/comunicacaoeleitoral.ufpr.br\/index.php\/2016\/06\/02\/projetos-de-lei-propostos-em-2016\/#primaryimage\"},\"thumbnailUrl\":\"https:\/\/comunicacaoeleitoral.ufpr.br\/wp-content\/uploads\/2016\/05\/Projetos-de-lei-propostos-em-2016.jpg\",\"keywords\":[\"projetos de lei propostos em 2016\"],\"articleSection\":[\"Not\u00edcias\"],\"inLanguage\":\"pt-BR\"},{\"@type\":\"WebPage\",\"@id\":\"https:\/\/comunicacaoeleitoral.ufpr.br\/index.php\/2016\/06\/02\/projetos-de-lei-propostos-em-2016\/\",\"url\":\"https:\/\/comunicacaoeleitoral.ufpr.br\/index.php\/2016\/06\/02\/projetos-de-lei-propostos-em-2016\/\",\"name\":\"Projetos de lei propostos em 2016\",\"isPartOf\":{\"@id\":\"https:\/\/comunicacaoeleitoral.ufpr.br\/#website\"},\"primaryImageOfPage\":{\"@id\":\"https:\/\/comunicacaoeleitoral.ufpr.br\/index.php\/2016\/06\/02\/projetos-de-lei-propostos-em-2016\/#primaryimage\"},\"image\":{\"@id\":\"https:\/\/comunicacaoeleitoral.ufpr.br\/index.php\/2016\/06\/02\/projetos-de-lei-propostos-em-2016\/#primaryimage\"},\"thumbnailUrl\":\"https:\/\/comunicacaoeleitoral.ufpr.br\/wp-content\/uploads\/2016\/05\/Projetos-de-lei-propostos-em-2016.jpg\",\"datePublished\":\"2016-06-02T13:49:32+00:00\",\"dateModified\":\"2016-06-02T13:58:47+00:00\",\"description\":\"Conhe\u00e7a os principais projetos de lei propostos em 2016 pela c\u00e2mara dos deputados e pelo senado federal.\",\"breadcrumb\":{\"@id\":\"https:\/\/comunicacaoeleitoral.ufpr.br\/index.php\/2016\/06\/02\/projetos-de-lei-propostos-em-2016\/#breadcrumb\"},\"inLanguage\":\"pt-BR\",\"potentialAction\":[{\"@type\":\"ReadAction\",\"target\":[\"https:\/\/comunicacaoeleitoral.ufpr.br\/index.php\/2016\/06\/02\/projetos-de-lei-propostos-em-2016\/\"]}]},{\"@type\":\"ImageObject\",\"inLanguage\":\"pt-BR\",\"@id\":\"https:\/\/comunicacaoeleitoral.ufpr.br\/index.php\/2016\/06\/02\/projetos-de-lei-propostos-em-2016\/#primaryimage\",\"url\":\"https:\/\/comunicacaoeleitoral.ufpr.br\/wp-content\/uploads\/2016\/05\/Projetos-de-lei-propostos-em-2016.jpg\",\"contentUrl\":\"https:\/\/comunicacaoeleitoral.ufpr.br\/wp-content\/uploads\/2016\/05\/Projetos-de-lei-propostos-em-2016.jpg\",\"width\":4500,\"height\":2162,\"caption\":\"Foto Lula Marques\/Ag\u00eancia PT\"},{\"@type\":\"BreadcrumbList\",\"@id\":\"https:\/\/comunicacaoeleitoral.ufpr.br\/index.php\/2016\/06\/02\/projetos-de-lei-propostos-em-2016\/#breadcrumb\",\"itemListElement\":[{\"@type\":\"ListItem\",\"position\":1,\"name\":\"In\u00edcio\",\"item\":\"https:\/\/comunicacaoeleitoral.ufpr.br\/\"},{\"@type\":\"ListItem\",\"position\":2,\"name\":\"Projetos de lei propostos em 2016\"}]},{\"@type\":\"WebSite\",\"@id\":\"https:\/\/comunicacaoeleitoral.ufpr.br\/#website\",\"url\":\"https:\/\/comunicacaoeleitoral.ufpr.br\/\",\"name\":\"Comunica\u00e7\u00e3o Eleitoral\",\"description\":\"Grupo de pesquisa ligado \u00e0 linha de Comunica\u00e7\u00e3o e Pol\u00edtica do Programa de P\u00f3s-gradua\u00e7\u00e3o em Comunica\u00e7\u00e3o da Universidade Federal do Paran\u00e1.\",\"publisher\":{\"@id\":\"https:\/\/comunicacaoeleitoral.ufpr.br\/#organization\"},\"potentialAction\":[{\"@type\":\"SearchAction\",\"target\":{\"@type\":\"EntryPoint\",\"urlTemplate\":\"https:\/\/comunicacaoeleitoral.ufpr.br\/?s={search_term_string}\"},\"query-input\":\"required name=search_term_string\"}],\"inLanguage\":\"pt-BR\"},{\"@type\":\"Organization\",\"@id\":\"https:\/\/comunicacaoeleitoral.ufpr.br\/#organization\",\"name\":\"Comunica\u00e7\u00e3o Eleitoral\",\"url\":\"https:\/\/comunicacaoeleitoral.ufpr.br\/\",\"logo\":{\"@type\":\"ImageObject\",\"inLanguage\":\"pt-BR\",\"@id\":\"https:\/\/comunicacaoeleitoral.ufpr.br\/#\/schema\/logo\/image\/\",\"url\":\"https:\/\/comunicacaoeleitoral.ufpr.br\/wp-content\/uploads\/2015\/05\/header2c_celtalks.png\",\"contentUrl\":\"https:\/\/comunicacaoeleitoral.ufpr.br\/wp-content\/uploads\/2015\/05\/header2c_celtalks.png\",\"width\":1800,\"height\":674,\"caption\":\"Comunica\u00e7\u00e3o Eleitoral\"},\"image\":{\"@id\":\"https:\/\/comunicacaoeleitoral.ufpr.br\/#\/schema\/logo\/image\/\"},\"sameAs\":[\"https:\/\/www.facebook.com\/Comunica\u00e7\u00e3o-Eleitoral-564214587069724\/\",\"https:\/\/www.instagram.com\/comunicacaoeleitoral\/\",\"https:\/\/www.youtube.com\/ocanalpanke\"]},{\"@type\":\"Person\",\"@id\":\"https:\/\/comunicacaoeleitoral.ufpr.br\/#\/schema\/person\/1f1b0fa714b592dcfee89e9824953d93\",\"name\":\"CEL UFPR\",\"image\":{\"@type\":\"ImageObject\",\"inLanguage\":\"pt-BR\",\"@id\":\"https:\/\/comunicacaoeleitoral.ufpr.br\/#\/schema\/person\/image\/\",\"url\":\"https:\/\/secure.gravatar.com\/avatar\/e73476db3cc561f956c8814cbc15a40e?s=96&d=mm&r=g\",\"contentUrl\":\"https:\/\/secure.gravatar.com\/avatar\/e73476db3cc561f956c8814cbc15a40e?s=96&d=mm&r=g\",\"caption\":\"CEL UFPR\"},\"url\":\"https:\/\/comunicacaoeleitoral.ufpr.br\/index.php\/author\/cel-ufpr\/\"}]}<\/script>\n<!-- \/ Yoast SEO plugin. -->","yoast_head_json":{"title":"Projetos de lei propostos em 2016","description":"Conhe\u00e7a os principais projetos de lei propostos em 2016 pela c\u00e2mara dos deputados e pelo senado federal.","robots":{"index":"index","follow":"follow","max-snippet":"max-snippet:-1","max-image-preview":"max-image-preview:large","max-video-preview":"max-video-preview:-1"},"canonical":"https:\/\/comunicacaoeleitoral.ufpr.br\/index.php\/2016\/06\/02\/projetos-de-lei-propostos-em-2016\/","og_locale":"pt_BR","og_type":"article","og_title":"Principais projetos de leis propostos em 2016","og_description":"Conhe\u00e7a os principais projetos de lei propostos em 2016 pela c\u00e2mara dos deputados e pelo senado federal.","og_url":"https:\/\/comunicacaoeleitoral.ufpr.br\/index.php\/2016\/06\/02\/projetos-de-lei-propostos-em-2016\/","og_site_name":"Comunica\u00e7\u00e3o Eleitoral","article_publisher":"https:\/\/www.facebook.com\/Comunica%c3%a7%c3%a3o-Eleitoral-564214587069724\/","article_published_time":"2016-06-02T13:49:32+00:00","article_modified_time":"2016-06-02T13:58:47+00:00","og_image":[{"url":"https:\/\/comunicacaoeleitoral.ufpr.br\/wp-content\/uploads\/2016\/05\/Projetos-de-lei-propostos-em-2016.jpg"}],"author":"CEL UFPR","twitter_card":"summary_large_image","twitter_title":"Principais projetos de leis propostos em 2016","twitter_description":"Conhe\u00e7a os principais projetos de lei propostos em 2016 pela c\u00e2mara dos deputados e pelo senado federal.","twitter_image":"https:\/\/comunicacaoeleitoral.ufpr.br\/wp-content\/uploads\/2016\/05\/Projetos-de-lei-propostos-em-2016.jpg","twitter_misc":{"Escrito por":"CEL UFPR","Est. tempo de leitura":"4 minutos"},"schema":{"@context":"https:\/\/schema.org","@graph":[{"@type":"Article","@id":"https:\/\/comunicacaoeleitoral.ufpr.br\/index.php\/2016\/06\/02\/projetos-de-lei-propostos-em-2016\/#article","isPartOf":{"@id":"https:\/\/comunicacaoeleitoral.ufpr.br\/index.php\/2016\/06\/02\/projetos-de-lei-propostos-em-2016\/"},"author":{"name":"CEL UFPR","@id":"https:\/\/comunicacaoeleitoral.ufpr.br\/#\/schema\/person\/1f1b0fa714b592dcfee89e9824953d93"},"headline":"Projetos de lei propostos em 2016","datePublished":"2016-06-02T13:49:32+00:00","dateModified":"2016-06-02T13:58:47+00:00","mainEntityOfPage":{"@id":"https:\/\/comunicacaoeleitoral.ufpr.br\/index.php\/2016\/06\/02\/projetos-de-lei-propostos-em-2016\/"},"wordCount":871,"publisher":{"@id":"https:\/\/comunicacaoeleitoral.ufpr.br\/#organization"},"image":{"@id":"https:\/\/comunicacaoeleitoral.ufpr.br\/index.php\/2016\/06\/02\/projetos-de-lei-propostos-em-2016\/#primaryimage"},"thumbnailUrl":"https:\/\/comunicacaoeleitoral.ufpr.br\/wp-content\/uploads\/2016\/05\/Projetos-de-lei-propostos-em-2016.jpg","keywords":["projetos de lei propostos em 2016"],"articleSection":["Not\u00edcias"],"inLanguage":"pt-BR"},{"@type":"WebPage","@id":"https:\/\/comunicacaoeleitoral.ufpr.br\/index.php\/2016\/06\/02\/projetos-de-lei-propostos-em-2016\/","url":"https:\/\/comunicacaoeleitoral.ufpr.br\/index.php\/2016\/06\/02\/projetos-de-lei-propostos-em-2016\/","name":"Projetos de lei propostos em 2016","isPartOf":{"@id":"https:\/\/comunicacaoeleitoral.ufpr.br\/#website"},"primaryImageOfPage":{"@id":"https:\/\/comunicacaoeleitoral.ufpr.br\/index.php\/2016\/06\/02\/projetos-de-lei-propostos-em-2016\/#primaryimage"},"image":{"@id":"https:\/\/comunicacaoeleitoral.ufpr.br\/index.php\/2016\/06\/02\/projetos-de-lei-propostos-em-2016\/#primaryimage"},"thumbnailUrl":"https:\/\/comunicacaoeleitoral.ufpr.br\/wp-content\/uploads\/2016\/05\/Projetos-de-lei-propostos-em-2016.jpg","datePublished":"2016-06-02T13:49:32+00:00","dateModified":"2016-06-02T13:58:47+00:00","description":"Conhe\u00e7a os principais projetos de lei propostos em 2016 pela c\u00e2mara dos deputados e pelo senado federal.","breadcrumb":{"@id":"https:\/\/comunicacaoeleitoral.ufpr.br\/index.php\/2016\/06\/02\/projetos-de-lei-propostos-em-2016\/#breadcrumb"},"inLanguage":"pt-BR","potentialAction":[{"@type":"ReadAction","target":["https:\/\/comunicacaoeleitoral.ufpr.br\/index.php\/2016\/06\/02\/projetos-de-lei-propostos-em-2016\/"]}]},{"@type":"ImageObject","inLanguage":"pt-BR","@id":"https:\/\/comunicacaoeleitoral.ufpr.br\/index.php\/2016\/06\/02\/projetos-de-lei-propostos-em-2016\/#primaryimage","url":"https:\/\/comunicacaoeleitoral.ufpr.br\/wp-content\/uploads\/2016\/05\/Projetos-de-lei-propostos-em-2016.jpg","contentUrl":"https:\/\/comunicacaoeleitoral.ufpr.br\/wp-content\/uploads\/2016\/05\/Projetos-de-lei-propostos-em-2016.jpg","width":4500,"height":2162,"caption":"Foto Lula Marques\/Ag\u00eancia PT"},{"@type":"BreadcrumbList","@id":"https:\/\/comunicacaoeleitoral.ufpr.br\/index.php\/2016\/06\/02\/projetos-de-lei-propostos-em-2016\/#breadcrumb","itemListElement":[{"@type":"ListItem","position":1,"name":"In\u00edcio","item":"https:\/\/comunicacaoeleitoral.ufpr.br\/"},{"@type":"ListItem","position":2,"name":"Projetos de lei propostos em 2016"}]},{"@type":"WebSite","@id":"https:\/\/comunicacaoeleitoral.ufpr.br\/#website","url":"https:\/\/comunicacaoeleitoral.ufpr.br\/","name":"Comunica\u00e7\u00e3o Eleitoral","description":"Grupo de pesquisa ligado \u00e0 linha de Comunica\u00e7\u00e3o e Pol\u00edtica do Programa de P\u00f3s-gradua\u00e7\u00e3o em Comunica\u00e7\u00e3o da Universidade Federal do Paran\u00e1.","publisher":{"@id":"https:\/\/comunicacaoeleitoral.ufpr.br\/#organization"},"potentialAction":[{"@type":"SearchAction","target":{"@type":"EntryPoint","urlTemplate":"https:\/\/comunicacaoeleitoral.ufpr.br\/?s={search_term_string}"},"query-input":"required name=search_term_string"}],"inLanguage":"pt-BR"},{"@type":"Organization","@id":"https:\/\/comunicacaoeleitoral.ufpr.br\/#organization","name":"Comunica\u00e7\u00e3o Eleitoral","url":"https:\/\/comunicacaoeleitoral.ufpr.br\/","logo":{"@type":"ImageObject","inLanguage":"pt-BR","@id":"https:\/\/comunicacaoeleitoral.ufpr.br\/#\/schema\/logo\/image\/","url":"https:\/\/comunicacaoeleitoral.ufpr.br\/wp-content\/uploads\/2015\/05\/header2c_celtalks.png","contentUrl":"https:\/\/comunicacaoeleitoral.ufpr.br\/wp-content\/uploads\/2015\/05\/header2c_celtalks.png","width":1800,"height":674,"caption":"Comunica\u00e7\u00e3o Eleitoral"},"image":{"@id":"https:\/\/comunicacaoeleitoral.ufpr.br\/#\/schema\/logo\/image\/"},"sameAs":["https:\/\/www.facebook.com\/Comunica\u00e7\u00e3o-Eleitoral-564214587069724\/","https:\/\/www.instagram.com\/comunicacaoeleitoral\/","https:\/\/www.youtube.com\/ocanalpanke"]},{"@type":"Person","@id":"https:\/\/comunicacaoeleitoral.ufpr.br\/#\/schema\/person\/1f1b0fa714b592dcfee89e9824953d93","name":"CEL UFPR","image":{"@type":"ImageObject","inLanguage":"pt-BR","@id":"https:\/\/comunicacaoeleitoral.ufpr.br\/#\/schema\/person\/image\/","url":"https:\/\/secure.gravatar.com\/avatar\/e73476db3cc561f956c8814cbc15a40e?s=96&d=mm&r=g","contentUrl":"https:\/\/secure.gravatar.com\/avatar\/e73476db3cc561f956c8814cbc15a40e?s=96&d=mm&r=g","caption":"CEL UFPR"},"url":"https:\/\/comunicacaoeleitoral.ufpr.br\/index.php\/author\/cel-ufpr\/"}]}},"_links":{"self":[{"href":"https:\/\/comunicacaoeleitoral.ufpr.br\/index.php\/wp-json\/wp\/v2\/posts\/1016"}],"collection":[{"href":"https:\/\/comunicacaoeleitoral.ufpr.br\/index.php\/wp-json\/wp\/v2\/posts"}],"about":[{"href":"https:\/\/comunicacaoeleitoral.ufpr.br\/index.php\/wp-json\/wp\/v2\/types\/post"}],"author":[{"embeddable":true,"href":"https:\/\/comunicacaoeleitoral.ufpr.br\/index.php\/wp-json\/wp\/v2\/users\/29"}],"replies":[{"embeddable":true,"href":"https:\/\/comunicacaoeleitoral.ufpr.br\/index.php\/wp-json\/wp\/v2\/comments?post=1016"}],"version-history":[{"count":23,"href":"https:\/\/comunicacaoeleitoral.ufpr.br\/index.php\/wp-json\/wp\/v2\/posts\/1016\/revisions"}],"predecessor-version":[{"id":1090,"href":"https:\/\/comunicacaoeleitoral.ufpr.br\/index.php\/wp-json\/wp\/v2\/posts\/1016\/revisions\/1090"}],"wp:featuredmedia":[{"embeddable":true,"href":"https:\/\/comunicacaoeleitoral.ufpr.br\/index.php\/wp-json\/wp\/v2\/media\/1023"}],"wp:attachment":[{"href":"https:\/\/comunicacaoeleitoral.ufpr.br\/index.php\/wp-json\/wp\/v2\/media?parent=1016"}],"wp:term":[{"taxonomy":"category","embeddable":true,"href":"https:\/\/comunicacaoeleitoral.ufpr.br\/index.php\/wp-json\/wp\/v2\/categories?post=1016"},{"taxonomy":"post_tag","embeddable":true,"href":"https:\/\/comunicacaoeleitoral.ufpr.br\/index.php\/wp-json\/wp\/v2\/tags?post=1016"}],"curies":[{"name":"wp","href":"https:\/\/api.w.org\/{rel}","templated":true}]}}