{"id":1008,"date":"2016-05-18T12:25:27","date_gmt":"2016-05-18T12:25:27","guid":{"rendered":"https:\/\/comunicacaoeleitoral.ufpr.br\/?p=1008"},"modified":"2016-05-18T12:25:27","modified_gmt":"2016-05-18T12:25:27","slug":"desenvolvimento-dos-sistemas-da-urna-pode-ser-acompanhado-por-partidos-e-instituicoes","status":"publish","type":"post","link":"https:\/\/comunicacaoeleitoral.ufpr.br\/index.php\/2016\/05\/18\/desenvolvimento-dos-sistemas-da-urna-pode-ser-acompanhado-por-partidos-e-instituicoes\/","title":{"rendered":"Desenvolvimento dos sistemas da urna pode ser acompanhado por partidos e institui\u00e7\u00f5es"},"content":{"rendered":"<p style=\"text-align: justify;\"><a href=\"https:\/\/comunicacaoeleitoral.ufpr.br\/wp-content\/uploads\/2016\/05\/urna.jpeg\"><img loading=\"lazy\" decoding=\"async\" class=\" size-medium wp-image-1009 aligncenter\" src=\"https:\/\/comunicacaoeleitoral.ufpr.br\/wp-content\/uploads\/2016\/05\/urna-300x145.jpeg\" alt=\"urna\" width=\"300\" height=\"145\" srcset=\"https:\/\/comunicacaoeleitoral.ufpr.br\/wp-content\/uploads\/2016\/05\/urna-300x145.jpeg 300w, https:\/\/comunicacaoeleitoral.ufpr.br\/wp-content\/uploads\/2016\/05\/urna.jpeg 543w\" sizes=\"(max-width: 300px) 100vw, 300px\" \/><\/a>A Justi\u00e7a Eleitoral disponibiliza aos partidos pol\u00edticos e diversas institui\u00e7\u00f5es um prazo, que se iniciou no dia 2 abril e segue at\u00e9 a primeira semana de setembro, para acompanhar de perto as fases de especifica\u00e7\u00e3o e de desenvolvimento dos programas de computador que ser\u00e3o utilizados nas Elei\u00e7\u00f5es Municipais de 2016.<\/p>\n<p style=\"text-align: justify;\">Podem participar, com base na Lei n\u00ba 9.504\/1997 (Lei das Elei\u00e7\u00f5es) e na Resolu\u00e7\u00e3o do TSE n\u00ba 23.458\/2015, representantes dos 35 partidos pol\u00edticos, de eventuais coliga\u00e7\u00f5es, da Ordem dos Advogados do Brasil (OAB), do Minist\u00e9rio P\u00fablico, do Congresso Nacional, do Supremo Tribunal Federal (STF), da Controladoria-Geral da Uni\u00e3o (CGU), do Departamento de Pol\u00edcia Federal (DPF), da Sociedade Brasileira de Computa\u00e7\u00e3o e do Conselho Federal de Engenharia e Agronomia.<\/p>\n<p style=\"text-align: justify;\">As universidades tamb\u00e9m poder\u00e3o inspecionar os c\u00f3digos-fonte dos sistemas eleitorais, indicando at\u00e9 dois representantes da comunidade acad\u00eamica ou cient\u00edfica de not\u00f3rio saber na \u00e1rea de Seguran\u00e7a da Informa\u00e7\u00e3o. As indica\u00e7\u00f5es dever\u00e3o ser feitas por meio de of\u00edcio dirigido \u00e0 Presid\u00eancia do TSE. O documento dever\u00e1 ser apresentado no Protocolo Administrativo do edif\u00edcio-sede do Tribunal.<\/p>\n<p style=\"text-align: justify;\">Os participantes devem assinar termo de sigilo e confidencialidade, que ser\u00e1 a eles apresentado pela Secretaria de Tecnologia da Informa\u00e7\u00e3o (STI) do TSE na oportunidade do primeiro acesso ao ambiente controlado de inspe\u00e7\u00e3o dos c\u00f3digos-fonte.<\/p>\n<p style=\"text-align: justify;\">A inspe\u00e7\u00e3o dos c\u00f3digos-fonte que comp\u00f5em o sistema eletr\u00f4nico de vota\u00e7\u00e3o pode ser feita de segunda a sexta-feira, das 13h \u00e0s 19h, na Sala de Lacra\u00e7\u00e3o, no subsolo do edif\u00edcio-sede do Tribunal Superior Eleitoral, em Bras\u00edlia.<\/p>\n<p style=\"text-align: justify;\"><b>Programas<\/b><\/p>\n<p style=\"text-align: justify;\"><b><\/b>Todos os programas de computador das Elei\u00e7\u00f5es 2016 poder\u00e3o ser fiscalizados, auditados, assinados digitalmente, lacrados e verificados pelos partidos e demais entidades. S\u00e3o eles: Gerenciador de Dados, Aplicativos e Interface com a Urna Eletr\u00f4nica; Prepara\u00e7\u00e3o; Gerenciamento; Transporte de Arquivos da Urna Eletr\u00f4nica; JE-Connect; Receptor de Arquivos de Urna; Vota\u00e7\u00e3o, Justificativa Eleitoral, Apura\u00e7\u00e3o, utilit\u00e1rios, operacionais das urnas, de seguran\u00e7a; bibliotecas-padr\u00e3o e especiais; softwares de criptografia, inseridos nos programas utilizados nos sistemas de coleta, totaliza\u00e7\u00e3o e transmiss\u00e3o dos votos; e programas utilizados para compila\u00e7\u00e3o dos c\u00f3digos-fontes de todos aqueles desenvolvidos e utilizados no processo eleitoral.<\/p>\n<p style=\"text-align: justify;\"><b>Cerim\u00f4nia de Assinatura Digital e Lacra\u00e7\u00e3o<\/b><\/p>\n<p style=\"text-align: justify;\"><b><\/b>Ap\u00f3s o encerramento das fases de especifica\u00e7\u00e3o e de desenvolvimento, os programas ser\u00e3o apresentados, compilados, testados e assinados digitalmente pelo TSE em Cerim\u00f4nia de Assinatura Digital e Lacra\u00e7\u00e3o dos Sistemas, que ter\u00e1 a dura\u00e7\u00e3o m\u00ednima de tr\u00eas dias.<\/p>\n<p style=\"text-align: justify;\">As mesmas institui\u00e7\u00f5es que acompanharem as primeiras etapas ser\u00e3o convidadas a participar da cerim\u00f4nia. Se desejarem, poder\u00e3o assinar digitalmente os programas.<\/p>\n<p style=\"text-align: justify;\">Com os procedimentos de compila\u00e7\u00e3o, assinatura digital e testes, ser\u00e3o gerados resumos digitais (<i>hash<\/i>) de todos os programas-fonte, programas-execut\u00e1veis, arquivos fixos dos sistemas, arquivos de assinatura digital e chaves p\u00fablicas. Os<i>hashes<\/i> ser\u00e3o assinados pelo presidente do TSE, pelo secret\u00e1rio de Tecnologia de Elei\u00e7\u00f5es do Tribunal e pelos presentes que manifestarem interesse.<\/p>\n<p style=\"text-align: justify;\">Os representantes dos partidos, das coliga\u00e7\u00f5es e de todas as institui\u00e7\u00f5es convidadas presentes na ocasi\u00e3o receber\u00e3o c\u00f3pia dos resumos digitais. Os mesmos ser\u00e3o publicados no Portal do TSE.<\/p>\n<p style=\"text-align: justify;\">Todos os programas assinados digitalmente na cerim\u00f4nia ser\u00e3o gravados em m\u00eddias n\u00e3o regrav\u00e1veis, lacrados e armazenados em cofre controlado pelo TSE. Depois, os sistemas ser\u00e3o encaminhados a todos os Tribunais Regionais Eleitorais (TREs) e s\u00f3 funcionar\u00e3o nos computadores da Justi\u00e7a Eleitoral ap\u00f3s ativa\u00e7\u00e3o por senhas geradas pela Corte Eleitoral.<\/p>\n<p style=\"text-align: justify;\">RC\/JP<\/p>\n<p style=\"text-align: justify;\">Fonte: <a href=\"http:\/\/www.tse.jus.br\/\" target=\"_blank\">Tribunal Superior Eleitoral<\/a><\/p>\n","protected":false},"excerpt":{"rendered":"<p>A Justi\u00e7a Eleitoral disponibiliza aos partidos pol\u00edticos e diversas institui\u00e7\u00f5es um prazo, que se iniciou no dia 2 abril e segue at\u00e9 a primeira semana de setembro, para acompanhar de perto as fases de especifica\u00e7\u00e3o e de desenvolvimento dos programas de computador que ser\u00e3o utilizados nas Elei\u00e7\u00f5es Municipais de 2016. Podem participar, com base na [&hellip;]<\/p>\n","protected":false},"author":28,"featured_media":0,"comment_status":"closed","ping_status":"closed","sticky":false,"template":"","format":"standard","meta":{"_monsterinsights_skip_tracking":false,"_monsterinsights_sitenote_active":false,"_monsterinsights_sitenote_note":"","_monsterinsights_sitenote_category":0,"footnotes":""},"categories":[68],"tags":[33,154,36,155],"yoast_head":"<!-- This site is optimized with the Yoast SEO plugin v22.2 - https:\/\/yoast.com\/wordpress\/plugins\/seo\/ -->\n<title>\u00c9 poss\u00edvel acompanhar desenvolvimento de sistemas de urnas<\/title>\n<meta name=\"description\" content=\"A Justi\u00e7a Eleitoral permite o acompanhamento das fases de especifica\u00e7\u00e3o e de desenvolvimento dos softwares utilizados nas Elei\u00e7\u00f5es Municipais de 2016.\" \/>\n<meta name=\"robots\" content=\"index, follow, max-snippet:-1, max-image-preview:large, max-video-preview:-1\" \/>\n<link rel=\"canonical\" href=\"https:\/\/comunicacaoeleitoral.ufpr.br\/index.php\/2016\/05\/18\/desenvolvimento-dos-sistemas-da-urna-pode-ser-acompanhado-por-partidos-e-instituicoes\/\" \/>\n<meta property=\"og:locale\" content=\"pt_BR\" \/>\n<meta property=\"og:type\" content=\"article\" \/>\n<meta property=\"og:title\" content=\"\u00c9 poss\u00edvel acompanhar desenvolvimento de sistemas de urnas\" \/>\n<meta property=\"og:description\" content=\"A Justi\u00e7a Eleitoral permite o acompanhamento das fases de especifica\u00e7\u00e3o e de desenvolvimento dos softwares utilizados nas Elei\u00e7\u00f5es Municipais de 2016.\" \/>\n<meta property=\"og:url\" content=\"https:\/\/comunicacaoeleitoral.ufpr.br\/index.php\/2016\/05\/18\/desenvolvimento-dos-sistemas-da-urna-pode-ser-acompanhado-por-partidos-e-instituicoes\/\" \/>\n<meta property=\"og:site_name\" content=\"Comunica\u00e7\u00e3o Eleitoral\" \/>\n<meta property=\"article:publisher\" content=\"https:\/\/www.facebook.com\/Comunica%c3%a7%c3%a3o-Eleitoral-564214587069724\/\" \/>\n<meta property=\"article:published_time\" content=\"2016-05-18T12:25:27+00:00\" \/>\n<meta property=\"og:image\" content=\"https:\/\/comunicacaoeleitoral.ufpr.br\/wp-content\/uploads\/2016\/05\/urna-300x145.jpeg\" \/>\n<meta name=\"author\" content=\"Vivian Lemos\" \/>\n<meta name=\"twitter:card\" content=\"summary_large_image\" \/>\n<meta name=\"twitter:label1\" content=\"Escrito por\" \/>\n\t<meta name=\"twitter:data1\" content=\"Vivian Lemos\" \/>\n\t<meta name=\"twitter:label2\" content=\"Est. tempo de leitura\" \/>\n\t<meta name=\"twitter:data2\" content=\"3 minutos\" \/>\n<script type=\"application\/ld+json\" class=\"yoast-schema-graph\">{\"@context\":\"https:\/\/schema.org\",\"@graph\":[{\"@type\":\"Article\",\"@id\":\"https:\/\/comunicacaoeleitoral.ufpr.br\/index.php\/2016\/05\/18\/desenvolvimento-dos-sistemas-da-urna-pode-ser-acompanhado-por-partidos-e-instituicoes\/#article\",\"isPartOf\":{\"@id\":\"https:\/\/comunicacaoeleitoral.ufpr.br\/index.php\/2016\/05\/18\/desenvolvimento-dos-sistemas-da-urna-pode-ser-acompanhado-por-partidos-e-instituicoes\/\"},\"author\":{\"name\":\"Vivian Lemos\",\"@id\":\"https:\/\/comunicacaoeleitoral.ufpr.br\/#\/schema\/person\/877ba45697f2179310c85ad2f43514af\"},\"headline\":\"Desenvolvimento dos sistemas da urna pode ser acompanhado por partidos e institui\u00e7\u00f5es\",\"datePublished\":\"2016-05-18T12:25:27+00:00\",\"dateModified\":\"2016-05-18T12:25:27+00:00\",\"mainEntityOfPage\":{\"@id\":\"https:\/\/comunicacaoeleitoral.ufpr.br\/index.php\/2016\/05\/18\/desenvolvimento-dos-sistemas-da-urna-pode-ser-acompanhado-por-partidos-e-instituicoes\/\"},\"wordCount\":633,\"publisher\":{\"@id\":\"https:\/\/comunicacaoeleitoral.ufpr.br\/#organization\"},\"image\":{\"@id\":\"https:\/\/comunicacaoeleitoral.ufpr.br\/index.php\/2016\/05\/18\/desenvolvimento-dos-sistemas-da-urna-pode-ser-acompanhado-por-partidos-e-instituicoes\/#primaryimage\"},\"thumbnailUrl\":\"https:\/\/comunicacaoeleitoral.ufpr.br\/wp-content\/uploads\/2016\/05\/urna-300x145.jpeg\",\"keywords\":[\"elei\u00e7\u00f5es\",\"sistema eleitoral\",\"tse\",\"urnas\"],\"articleSection\":[\"Not\u00edcias\"],\"inLanguage\":\"pt-BR\"},{\"@type\":\"WebPage\",\"@id\":\"https:\/\/comunicacaoeleitoral.ufpr.br\/index.php\/2016\/05\/18\/desenvolvimento-dos-sistemas-da-urna-pode-ser-acompanhado-por-partidos-e-instituicoes\/\",\"url\":\"https:\/\/comunicacaoeleitoral.ufpr.br\/index.php\/2016\/05\/18\/desenvolvimento-dos-sistemas-da-urna-pode-ser-acompanhado-por-partidos-e-instituicoes\/\",\"name\":\"\u00c9 poss\u00edvel acompanhar desenvolvimento de sistemas de urnas\",\"isPartOf\":{\"@id\":\"https:\/\/comunicacaoeleitoral.ufpr.br\/#website\"},\"primaryImageOfPage\":{\"@id\":\"https:\/\/comunicacaoeleitoral.ufpr.br\/index.php\/2016\/05\/18\/desenvolvimento-dos-sistemas-da-urna-pode-ser-acompanhado-por-partidos-e-instituicoes\/#primaryimage\"},\"image\":{\"@id\":\"https:\/\/comunicacaoeleitoral.ufpr.br\/index.php\/2016\/05\/18\/desenvolvimento-dos-sistemas-da-urna-pode-ser-acompanhado-por-partidos-e-instituicoes\/#primaryimage\"},\"thumbnailUrl\":\"https:\/\/comunicacaoeleitoral.ufpr.br\/wp-content\/uploads\/2016\/05\/urna-300x145.jpeg\",\"datePublished\":\"2016-05-18T12:25:27+00:00\",\"dateModified\":\"2016-05-18T12:25:27+00:00\",\"description\":\"A Justi\u00e7a Eleitoral permite o acompanhamento das fases de especifica\u00e7\u00e3o e de desenvolvimento dos softwares utilizados nas Elei\u00e7\u00f5es Municipais de 2016.\",\"breadcrumb\":{\"@id\":\"https:\/\/comunicacaoeleitoral.ufpr.br\/index.php\/2016\/05\/18\/desenvolvimento-dos-sistemas-da-urna-pode-ser-acompanhado-por-partidos-e-instituicoes\/#breadcrumb\"},\"inLanguage\":\"pt-BR\",\"potentialAction\":[{\"@type\":\"ReadAction\",\"target\":[\"https:\/\/comunicacaoeleitoral.ufpr.br\/index.php\/2016\/05\/18\/desenvolvimento-dos-sistemas-da-urna-pode-ser-acompanhado-por-partidos-e-instituicoes\/\"]}]},{\"@type\":\"ImageObject\",\"inLanguage\":\"pt-BR\",\"@id\":\"https:\/\/comunicacaoeleitoral.ufpr.br\/index.php\/2016\/05\/18\/desenvolvimento-dos-sistemas-da-urna-pode-ser-acompanhado-por-partidos-e-instituicoes\/#primaryimage\",\"url\":\"https:\/\/comunicacaoeleitoral.ufpr.br\/wp-content\/uploads\/2016\/05\/urna.jpeg\",\"contentUrl\":\"https:\/\/comunicacaoeleitoral.ufpr.br\/wp-content\/uploads\/2016\/05\/urna.jpeg\",\"width\":543,\"height\":263},{\"@type\":\"BreadcrumbList\",\"@id\":\"https:\/\/comunicacaoeleitoral.ufpr.br\/index.php\/2016\/05\/18\/desenvolvimento-dos-sistemas-da-urna-pode-ser-acompanhado-por-partidos-e-instituicoes\/#breadcrumb\",\"itemListElement\":[{\"@type\":\"ListItem\",\"position\":1,\"name\":\"In\u00edcio\",\"item\":\"https:\/\/comunicacaoeleitoral.ufpr.br\/\"},{\"@type\":\"ListItem\",\"position\":2,\"name\":\"Desenvolvimento dos sistemas da urna pode ser acompanhado por partidos e institui\u00e7\u00f5es\"}]},{\"@type\":\"WebSite\",\"@id\":\"https:\/\/comunicacaoeleitoral.ufpr.br\/#website\",\"url\":\"https:\/\/comunicacaoeleitoral.ufpr.br\/\",\"name\":\"Comunica\u00e7\u00e3o Eleitoral\",\"description\":\"Grupo de pesquisa ligado \u00e0 linha de Comunica\u00e7\u00e3o e Pol\u00edtica do Programa de P\u00f3s-gradua\u00e7\u00e3o em Comunica\u00e7\u00e3o da Universidade Federal do Paran\u00e1.\",\"publisher\":{\"@id\":\"https:\/\/comunicacaoeleitoral.ufpr.br\/#organization\"},\"potentialAction\":[{\"@type\":\"SearchAction\",\"target\":{\"@type\":\"EntryPoint\",\"urlTemplate\":\"https:\/\/comunicacaoeleitoral.ufpr.br\/?s={search_term_string}\"},\"query-input\":\"required name=search_term_string\"}],\"inLanguage\":\"pt-BR\"},{\"@type\":\"Organization\",\"@id\":\"https:\/\/comunicacaoeleitoral.ufpr.br\/#organization\",\"name\":\"Comunica\u00e7\u00e3o Eleitoral\",\"url\":\"https:\/\/comunicacaoeleitoral.ufpr.br\/\",\"logo\":{\"@type\":\"ImageObject\",\"inLanguage\":\"pt-BR\",\"@id\":\"https:\/\/comunicacaoeleitoral.ufpr.br\/#\/schema\/logo\/image\/\",\"url\":\"https:\/\/comunicacaoeleitoral.ufpr.br\/wp-content\/uploads\/2015\/05\/header2c_celtalks.png\",\"contentUrl\":\"https:\/\/comunicacaoeleitoral.ufpr.br\/wp-content\/uploads\/2015\/05\/header2c_celtalks.png\",\"width\":1800,\"height\":674,\"caption\":\"Comunica\u00e7\u00e3o Eleitoral\"},\"image\":{\"@id\":\"https:\/\/comunicacaoeleitoral.ufpr.br\/#\/schema\/logo\/image\/\"},\"sameAs\":[\"https:\/\/www.facebook.com\/Comunica\u00e7\u00e3o-Eleitoral-564214587069724\/\",\"https:\/\/www.instagram.com\/comunicacaoeleitoral\/\",\"https:\/\/www.youtube.com\/ocanalpanke\"]},{\"@type\":\"Person\",\"@id\":\"https:\/\/comunicacaoeleitoral.ufpr.br\/#\/schema\/person\/877ba45697f2179310c85ad2f43514af\",\"name\":\"Vivian Lemos\",\"image\":{\"@type\":\"ImageObject\",\"inLanguage\":\"pt-BR\",\"@id\":\"https:\/\/comunicacaoeleitoral.ufpr.br\/#\/schema\/person\/image\/\",\"url\":\"https:\/\/secure.gravatar.com\/avatar\/b2a4a041bee382da046e85d3060b128c?s=96&d=mm&r=g\",\"contentUrl\":\"https:\/\/secure.gravatar.com\/avatar\/b2a4a041bee382da046e85d3060b128c?s=96&d=mm&r=g\",\"caption\":\"Vivian Lemos\"},\"url\":\"https:\/\/comunicacaoeleitoral.ufpr.br\/index.php\/author\/vivian-lemos\/\"}]}<\/script>\n<!-- \/ Yoast SEO plugin. -->","yoast_head_json":{"title":"\u00c9 poss\u00edvel acompanhar desenvolvimento de sistemas de urnas","description":"A Justi\u00e7a Eleitoral permite o acompanhamento das fases de especifica\u00e7\u00e3o e de desenvolvimento dos softwares utilizados nas Elei\u00e7\u00f5es Municipais de 2016.","robots":{"index":"index","follow":"follow","max-snippet":"max-snippet:-1","max-image-preview":"max-image-preview:large","max-video-preview":"max-video-preview:-1"},"canonical":"https:\/\/comunicacaoeleitoral.ufpr.br\/index.php\/2016\/05\/18\/desenvolvimento-dos-sistemas-da-urna-pode-ser-acompanhado-por-partidos-e-instituicoes\/","og_locale":"pt_BR","og_type":"article","og_title":"\u00c9 poss\u00edvel acompanhar desenvolvimento de sistemas de urnas","og_description":"A Justi\u00e7a Eleitoral permite o acompanhamento das fases de especifica\u00e7\u00e3o e de desenvolvimento dos softwares utilizados nas Elei\u00e7\u00f5es Municipais de 2016.","og_url":"https:\/\/comunicacaoeleitoral.ufpr.br\/index.php\/2016\/05\/18\/desenvolvimento-dos-sistemas-da-urna-pode-ser-acompanhado-por-partidos-e-instituicoes\/","og_site_name":"Comunica\u00e7\u00e3o Eleitoral","article_publisher":"https:\/\/www.facebook.com\/Comunica%c3%a7%c3%a3o-Eleitoral-564214587069724\/","article_published_time":"2016-05-18T12:25:27+00:00","og_image":[{"url":"https:\/\/comunicacaoeleitoral.ufpr.br\/wp-content\/uploads\/2016\/05\/urna-300x145.jpeg"}],"author":"Vivian Lemos","twitter_card":"summary_large_image","twitter_misc":{"Escrito por":"Vivian Lemos","Est. tempo de leitura":"3 minutos"},"schema":{"@context":"https:\/\/schema.org","@graph":[{"@type":"Article","@id":"https:\/\/comunicacaoeleitoral.ufpr.br\/index.php\/2016\/05\/18\/desenvolvimento-dos-sistemas-da-urna-pode-ser-acompanhado-por-partidos-e-instituicoes\/#article","isPartOf":{"@id":"https:\/\/comunicacaoeleitoral.ufpr.br\/index.php\/2016\/05\/18\/desenvolvimento-dos-sistemas-da-urna-pode-ser-acompanhado-por-partidos-e-instituicoes\/"},"author":{"name":"Vivian Lemos","@id":"https:\/\/comunicacaoeleitoral.ufpr.br\/#\/schema\/person\/877ba45697f2179310c85ad2f43514af"},"headline":"Desenvolvimento dos sistemas da urna pode ser acompanhado por partidos e institui\u00e7\u00f5es","datePublished":"2016-05-18T12:25:27+00:00","dateModified":"2016-05-18T12:25:27+00:00","mainEntityOfPage":{"@id":"https:\/\/comunicacaoeleitoral.ufpr.br\/index.php\/2016\/05\/18\/desenvolvimento-dos-sistemas-da-urna-pode-ser-acompanhado-por-partidos-e-instituicoes\/"},"wordCount":633,"publisher":{"@id":"https:\/\/comunicacaoeleitoral.ufpr.br\/#organization"},"image":{"@id":"https:\/\/comunicacaoeleitoral.ufpr.br\/index.php\/2016\/05\/18\/desenvolvimento-dos-sistemas-da-urna-pode-ser-acompanhado-por-partidos-e-instituicoes\/#primaryimage"},"thumbnailUrl":"https:\/\/comunicacaoeleitoral.ufpr.br\/wp-content\/uploads\/2016\/05\/urna-300x145.jpeg","keywords":["elei\u00e7\u00f5es","sistema eleitoral","tse","urnas"],"articleSection":["Not\u00edcias"],"inLanguage":"pt-BR"},{"@type":"WebPage","@id":"https:\/\/comunicacaoeleitoral.ufpr.br\/index.php\/2016\/05\/18\/desenvolvimento-dos-sistemas-da-urna-pode-ser-acompanhado-por-partidos-e-instituicoes\/","url":"https:\/\/comunicacaoeleitoral.ufpr.br\/index.php\/2016\/05\/18\/desenvolvimento-dos-sistemas-da-urna-pode-ser-acompanhado-por-partidos-e-instituicoes\/","name":"\u00c9 poss\u00edvel acompanhar desenvolvimento de sistemas de urnas","isPartOf":{"@id":"https:\/\/comunicacaoeleitoral.ufpr.br\/#website"},"primaryImageOfPage":{"@id":"https:\/\/comunicacaoeleitoral.ufpr.br\/index.php\/2016\/05\/18\/desenvolvimento-dos-sistemas-da-urna-pode-ser-acompanhado-por-partidos-e-instituicoes\/#primaryimage"},"image":{"@id":"https:\/\/comunicacaoeleitoral.ufpr.br\/index.php\/2016\/05\/18\/desenvolvimento-dos-sistemas-da-urna-pode-ser-acompanhado-por-partidos-e-instituicoes\/#primaryimage"},"thumbnailUrl":"https:\/\/comunicacaoeleitoral.ufpr.br\/wp-content\/uploads\/2016\/05\/urna-300x145.jpeg","datePublished":"2016-05-18T12:25:27+00:00","dateModified":"2016-05-18T12:25:27+00:00","description":"A Justi\u00e7a Eleitoral permite o acompanhamento das fases de especifica\u00e7\u00e3o e de desenvolvimento dos softwares utilizados nas Elei\u00e7\u00f5es Municipais de 2016.","breadcrumb":{"@id":"https:\/\/comunicacaoeleitoral.ufpr.br\/index.php\/2016\/05\/18\/desenvolvimento-dos-sistemas-da-urna-pode-ser-acompanhado-por-partidos-e-instituicoes\/#breadcrumb"},"inLanguage":"pt-BR","potentialAction":[{"@type":"ReadAction","target":["https:\/\/comunicacaoeleitoral.ufpr.br\/index.php\/2016\/05\/18\/desenvolvimento-dos-sistemas-da-urna-pode-ser-acompanhado-por-partidos-e-instituicoes\/"]}]},{"@type":"ImageObject","inLanguage":"pt-BR","@id":"https:\/\/comunicacaoeleitoral.ufpr.br\/index.php\/2016\/05\/18\/desenvolvimento-dos-sistemas-da-urna-pode-ser-acompanhado-por-partidos-e-instituicoes\/#primaryimage","url":"https:\/\/comunicacaoeleitoral.ufpr.br\/wp-content\/uploads\/2016\/05\/urna.jpeg","contentUrl":"https:\/\/comunicacaoeleitoral.ufpr.br\/wp-content\/uploads\/2016\/05\/urna.jpeg","width":543,"height":263},{"@type":"BreadcrumbList","@id":"https:\/\/comunicacaoeleitoral.ufpr.br\/index.php\/2016\/05\/18\/desenvolvimento-dos-sistemas-da-urna-pode-ser-acompanhado-por-partidos-e-instituicoes\/#breadcrumb","itemListElement":[{"@type":"ListItem","position":1,"name":"In\u00edcio","item":"https:\/\/comunicacaoeleitoral.ufpr.br\/"},{"@type":"ListItem","position":2,"name":"Desenvolvimento dos sistemas da urna pode ser acompanhado por partidos e institui\u00e7\u00f5es"}]},{"@type":"WebSite","@id":"https:\/\/comunicacaoeleitoral.ufpr.br\/#website","url":"https:\/\/comunicacaoeleitoral.ufpr.br\/","name":"Comunica\u00e7\u00e3o Eleitoral","description":"Grupo de pesquisa ligado \u00e0 linha de Comunica\u00e7\u00e3o e Pol\u00edtica do Programa de P\u00f3s-gradua\u00e7\u00e3o em Comunica\u00e7\u00e3o da Universidade Federal do Paran\u00e1.","publisher":{"@id":"https:\/\/comunicacaoeleitoral.ufpr.br\/#organization"},"potentialAction":[{"@type":"SearchAction","target":{"@type":"EntryPoint","urlTemplate":"https:\/\/comunicacaoeleitoral.ufpr.br\/?s={search_term_string}"},"query-input":"required name=search_term_string"}],"inLanguage":"pt-BR"},{"@type":"Organization","@id":"https:\/\/comunicacaoeleitoral.ufpr.br\/#organization","name":"Comunica\u00e7\u00e3o Eleitoral","url":"https:\/\/comunicacaoeleitoral.ufpr.br\/","logo":{"@type":"ImageObject","inLanguage":"pt-BR","@id":"https:\/\/comunicacaoeleitoral.ufpr.br\/#\/schema\/logo\/image\/","url":"https:\/\/comunicacaoeleitoral.ufpr.br\/wp-content\/uploads\/2015\/05\/header2c_celtalks.png","contentUrl":"https:\/\/comunicacaoeleitoral.ufpr.br\/wp-content\/uploads\/2015\/05\/header2c_celtalks.png","width":1800,"height":674,"caption":"Comunica\u00e7\u00e3o Eleitoral"},"image":{"@id":"https:\/\/comunicacaoeleitoral.ufpr.br\/#\/schema\/logo\/image\/"},"sameAs":["https:\/\/www.facebook.com\/Comunica\u00e7\u00e3o-Eleitoral-564214587069724\/","https:\/\/www.instagram.com\/comunicacaoeleitoral\/","https:\/\/www.youtube.com\/ocanalpanke"]},{"@type":"Person","@id":"https:\/\/comunicacaoeleitoral.ufpr.br\/#\/schema\/person\/877ba45697f2179310c85ad2f43514af","name":"Vivian Lemos","image":{"@type":"ImageObject","inLanguage":"pt-BR","@id":"https:\/\/comunicacaoeleitoral.ufpr.br\/#\/schema\/person\/image\/","url":"https:\/\/secure.gravatar.com\/avatar\/b2a4a041bee382da046e85d3060b128c?s=96&d=mm&r=g","contentUrl":"https:\/\/secure.gravatar.com\/avatar\/b2a4a041bee382da046e85d3060b128c?s=96&d=mm&r=g","caption":"Vivian Lemos"},"url":"https:\/\/comunicacaoeleitoral.ufpr.br\/index.php\/author\/vivian-lemos\/"}]}},"_links":{"self":[{"href":"https:\/\/comunicacaoeleitoral.ufpr.br\/index.php\/wp-json\/wp\/v2\/posts\/1008"}],"collection":[{"href":"https:\/\/comunicacaoeleitoral.ufpr.br\/index.php\/wp-json\/wp\/v2\/posts"}],"about":[{"href":"https:\/\/comunicacaoeleitoral.ufpr.br\/index.php\/wp-json\/wp\/v2\/types\/post"}],"author":[{"embeddable":true,"href":"https:\/\/comunicacaoeleitoral.ufpr.br\/index.php\/wp-json\/wp\/v2\/users\/28"}],"replies":[{"embeddable":true,"href":"https:\/\/comunicacaoeleitoral.ufpr.br\/index.php\/wp-json\/wp\/v2\/comments?post=1008"}],"version-history":[{"count":1,"href":"https:\/\/comunicacaoeleitoral.ufpr.br\/index.php\/wp-json\/wp\/v2\/posts\/1008\/revisions"}],"predecessor-version":[{"id":1010,"href":"https:\/\/comunicacaoeleitoral.ufpr.br\/index.php\/wp-json\/wp\/v2\/posts\/1008\/revisions\/1010"}],"wp:attachment":[{"href":"https:\/\/comunicacaoeleitoral.ufpr.br\/index.php\/wp-json\/wp\/v2\/media?parent=1008"}],"wp:term":[{"taxonomy":"category","embeddable":true,"href":"https:\/\/comunicacaoeleitoral.ufpr.br\/index.php\/wp-json\/wp\/v2\/categories?post=1008"},{"taxonomy":"post_tag","embeddable":true,"href":"https:\/\/comunicacaoeleitoral.ufpr.br\/index.php\/wp-json\/wp\/v2\/tags?post=1008"}],"curies":[{"name":"wp","href":"https:\/\/api.w.org\/{rel}","templated":true}]}}